{"id":10518,"date":"2024-12-24T09:04:19","date_gmt":"2024-12-24T09:04:19","guid":{"rendered":"https:\/\/www.citycharge.eu\/zaltbommel-kommune\/"},"modified":"2024-12-24T09:05:24","modified_gmt":"2024-12-24T09:05:24","slug":"zaltbommel-kommune","status":"publish","type":"post","link":"https:\/\/www.citycharge.eu\/da\/zaltbommel-kommune\/","title":{"rendered":"Zaltbommel kommune"},"content":{"rendered":"\t\t<div data-elementor-type=\"wp-post\" data-elementor-id=\"10518\" class=\"elementor elementor-10518 elementor-10465\" data-elementor-post-type=\"post\">\n\t\t\t\t<div class=\"elementor-element elementor-element-8960bec e-flex e-con-boxed e-con e-parent\" data-id=\"8960bec\" data-element_type=\"container\" data-e-type=\"container\" data-settings=\"{&quot;background_background&quot;:&quot;classic&quot;}\">\n\t\t\t\t\t<div class=\"e-con-inner\">\n\t\t\t\t<div class=\"elementor-element elementor-element-1b1513c elementor-widget elementor-widget-heading\" data-id=\"1b1513c\" data-element_type=\"widget\" data-e-type=\"widget\" data-widget_type=\"heading.default\">\n\t\t\t\t<div class=\"elementor-widget-container\">\n\t\t\t\t\t<h1 class=\"elementor-heading-title elementor-size-default\">Zaltbommel kommune<\/h1>\t\t\t\t<\/div>\n\t\t\t\t<\/div>\n\t\t\t\t\t<\/div>\n\t\t\t\t<\/div>\n\t\t<div class=\"elementor-element elementor-element-c33ced8 e-flex e-con-boxed e-con e-parent\" data-id=\"c33ced8\" data-element_type=\"container\" data-e-type=\"container\" data-settings=\"{&quot;background_background&quot;:&quot;classic&quot;}\">\n\t\t\t\t\t<div class=\"e-con-inner\">\n\t\t<div class=\"elementor-element elementor-element-d9493f3 e-con-full e-flex e-con e-child\" data-id=\"d9493f3\" data-element_type=\"container\" data-e-type=\"container\">\n\t\t\t\t<div class=\"elementor-element elementor-element-5ee4e88 elementor-widget elementor-widget-image\" data-id=\"5ee4e88\" data-element_type=\"widget\" data-e-type=\"widget\" data-widget_type=\"image.default\">\n\t\t\t\t<div class=\"elementor-widget-container\">\n\t\t\t\t\t\t\t\t\t\t\t\t\t\t\t<img fetchpriority=\"high\" decoding=\"async\" width=\"800\" height=\"534\" src=\"https:\/\/www.citycharge.eu\/wp-content\/uploads\/2024\/12\/gemeente-zaltbommel-laadlantaarnen-1024x683.jpg\" class=\"attachment-large size-large wp-image-10482\" alt=\"\" srcset=\"https:\/\/www.citycharge.eu\/wp-content\/uploads\/2024\/12\/gemeente-zaltbommel-laadlantaarnen-1024x683.jpg 1024w, https:\/\/www.citycharge.eu\/wp-content\/uploads\/2024\/12\/gemeente-zaltbommel-laadlantaarnen-300x200.jpg 300w, https:\/\/www.citycharge.eu\/wp-content\/uploads\/2024\/12\/gemeente-zaltbommel-laadlantaarnen-768x512.jpg 768w, https:\/\/www.citycharge.eu\/wp-content\/uploads\/2024\/12\/gemeente-zaltbommel-laadlantaarnen.jpg 1350w\" sizes=\"(max-width: 800px) 100vw, 800px\" \/>\t\t\t\t\t\t\t\t\t\t\t\t\t\t\t<\/div>\n\t\t\t\t<\/div>\n\t\t\t\t<\/div>\n\t\t<div class=\"elementor-element elementor-element-cc7c529 e-con-full e-flex e-con e-child\" data-id=\"cc7c529\" data-element_type=\"container\" data-e-type=\"container\">\n\t\t\t\t<div class=\"elementor-element elementor-element-db12909 elementor-widget elementor-widget-heading\" data-id=\"db12909\" data-element_type=\"widget\" data-e-type=\"widget\" data-widget_type=\"heading.default\">\n\t\t\t\t<div class=\"elementor-widget-container\">\n\t\t\t\t\t<h2 class=\"elementor-heading-title elementor-size-default\">Zaltbommel kommune<\/h2>\t\t\t\t<\/div>\n\t\t\t\t<\/div>\n\t\t\t\t<div class=\"elementor-element elementor-element-44afbd9 elementor-widget elementor-widget-text-editor\" data-id=\"44afbd9\" data-element_type=\"widget\" data-e-type=\"widget\" data-widget_type=\"text-editor.default\">\n\t\t\t\t<div class=\"elementor-widget-container\">\n\t\t\t\t\t\t\t\t\t<p>I \u00e5r var Zaltbommel igen en af \u200b\u200bmere end 100 kommuner i Holland, der deltager i den nationalt igangsatte Nationale Klimauge. Det er vi stolte af! Og vi stoppede ikke ved kun en uge. Sammen med tolv organisationer inspirerede Zaltbommel beboerne gennem arrangementer, aktiviteter og omtale til at arbejde sammen for et bedre klima og viste, hvordan de selv kan deltage. Derudover har Zaltbommel besluttet at udvide antallet af ladestandere i kommunen yderligere, hvor innovative ladepunkter integreret i lygtep\u00e6le p\u00e5 Fiep Westendorplaan er de f\u00f8rste.    <\/p>\n<p>Fire lygtep\u00e6le er udpeget til at oplade i alt 8 elbiler p\u00e5 samme tid. P\u00e6nt skjult i lygtep\u00e6len og med en betydelig 58% CO2-besparelse, fordi der kun er 1 genstand p\u00e5 gaden og ikke en anden separat ladestation ved siden af \u200b\u200bp\u00e5 gaden. Zaltbommel bek\u00e6mper ogs\u00e5 overbelastning af nettet, fordi det smarte eldistributionssystem udnytter den tilg\u00e6ngelige el-opladningskapacitet meget mere effektivt.  <\/p>\n\t\t\t\t\t\t\t\t<\/div>\n\t\t\t\t<\/div>\n\t\t\t\t<div class=\"elementor-element elementor-element-f5f6dfc elementor-align-left animated-fast elementor-invisible elementor-widget elementor-widget-button\" data-id=\"f5f6dfc\" data-element_type=\"widget\" data-e-type=\"widget\" data-settings=\"{&quot;_animation&quot;:&quot;zoomIn&quot;}\" data-widget_type=\"button.default\">\n\t\t\t\t<div class=\"elementor-widget-container\">\n\t\t\t\t\t\t\t\t\t<div class=\"elementor-button-wrapper\">\n\t\t\t\t\t<a class=\"elementor-button elementor-button-link elementor-size-sm\" href=\"https:\/\/www.citycharge.eu\/da\/kontakte\/\">\n\t\t\t\t\t\t<span class=\"elementor-button-content-wrapper\">\n\t\t\t\t\t\t\t\t\t<span class=\"elementor-button-text\">Anmod om en konsultation<\/span>\n\t\t\t\t\t<\/span>\n\t\t\t\t\t<\/a>\n\t\t\t\t<\/div>\n\t\t\t\t\t\t\t\t<\/div>\n\t\t\t\t<\/div>\n\t\t\t\t<\/div>\n\t\t\t\t\t<\/div>\n\t\t\t\t<\/div>\n\t\t<div class=\"elementor-element elementor-element-7b9b78c e-flex e-con-boxed e-con e-parent\" data-id=\"7b9b78c\" data-element_type=\"container\" data-e-type=\"container\" data-settings=\"{&quot;background_background&quot;:&quot;classic&quot;}\">\n\t\t\t\t\t<div class=\"e-con-inner\">\n\t\t<div class=\"elementor-element elementor-element-a7032f7 e-con-full e-flex e-con e-child\" data-id=\"a7032f7\" data-element_type=\"container\" data-e-type=\"container\" data-settings=\"{&quot;background_background&quot;:&quot;classic&quot;}\">\n\t\t<div class=\"elementor-element elementor-element-1ddb098 e-flex e-con-boxed e-con e-child\" data-id=\"1ddb098\" data-element_type=\"container\" data-e-type=\"container\">\n\t\t\t\t\t<div class=\"e-con-inner\">\n\t\t<div class=\"elementor-element elementor-element-e51556b e-flex e-con-boxed e-con e-child\" data-id=\"e51556b\" data-element_type=\"container\" data-e-type=\"container\">\n\t\t\t\t\t<div class=\"e-con-inner\">\n\t\t\t\t<div class=\"elementor-element elementor-element-f7d38c1 elementor-widget elementor-widget-heading\" data-id=\"f7d38c1\" data-element_type=\"widget\" data-e-type=\"widget\" data-widget_type=\"heading.default\">\n\t\t\t\t<div class=\"elementor-widget-container\">\n\t\t\t\t\t<p class=\"elementor-heading-title elementor-size-default\">\u201cMed CityCharge er opladningen ubesv\u00e6ret og problemfri. S\u00e5dan skal det v\u00e6re.\u201d<\/p>\t\t\t\t<\/div>\n\t\t\t\t<\/div>\n\t\t\t\t\t<\/div>\n\t\t\t\t<\/div>\n\t\t\t\t\t<\/div>\n\t\t\t\t<\/div>\n\t\t\t\t<\/div>\n\t\t<div class=\"elementor-element elementor-element-e04f1fe e-con-full e-flex e-con e-child\" data-id=\"e04f1fe\" data-element_type=\"container\" data-e-type=\"container\">\n\t\t\t\t<div class=\"elementor-element elementor-element-f238dbc elementor-widget elementor-widget-heading\" data-id=\"f238dbc\" data-element_type=\"widget\" data-e-type=\"widget\" data-widget_type=\"heading.default\">\n\t\t\t\t<div class=\"elementor-widget-container\">\n\t\t\t\t\t<h2 class=\"elementor-heading-title elementor-size-default\">Vil du ogs\u00e5 gerne oplade uden bekymringer?<\/h2>\t\t\t\t<\/div>\n\t\t\t\t<\/div>\n\t\t\t\t<div class=\"elementor-element elementor-element-f22513c elementor-widget elementor-widget-text-editor\" data-id=\"f22513c\" data-element_type=\"widget\" data-e-type=\"widget\" data-widget_type=\"text-editor.default\">\n\t\t\t\t<div class=\"elementor-widget-container\">\n\t\t\t\t\t\t\t\t\t<p>Er du nysgerrig p\u00e5, hvad CityCharge kan g\u00f8re for din kommune eller dit projekt? Vi fort\u00e6ller gerne om mulighederne.   <\/p>\n\t\t\t\t\t\t\t\t<\/div>\n\t\t\t\t<\/div>\n\t\t\t\t<div class=\"elementor-element elementor-element-870f390 elementor-widget elementor-widget-text-editor\" data-id=\"870f390\" data-element_type=\"widget\" data-e-type=\"widget\" data-widget_type=\"text-editor.default\">\n\t\t\t\t<div class=\"elementor-widget-container\">\n\t\t\t\t\t\t\t\t\t<p><strong>Kontakt en af \u200b\u200bvores r\u00e5dgivere.<\/strong><\/p>\n\t\t\t\t\t\t\t\t<\/div>\n\t\t\t\t<\/div>\n\t\t\t\t<div class=\"elementor-element elementor-element-7e81c61 elementor-mobile-align-left elementor-widget elementor-widget-button\" data-id=\"7e81c61\" data-element_type=\"widget\" data-e-type=\"widget\" data-widget_type=\"button.default\">\n\t\t\t\t<div class=\"elementor-widget-container\">\n\t\t\t\t\t\t\t\t\t<div class=\"elementor-button-wrapper\">\n\t\t\t\t\t<a class=\"elementor-button elementor-button-link elementor-size-sm\" href=\"#\">\n\t\t\t\t\t\t<span class=\"elementor-button-content-wrapper\">\n\t\t\t\t\t\t<span class=\"elementor-button-icon\">\n\t\t\t\t<svg aria-hidden=\"true\" class=\"e-font-icon-svg e-fas-phone-alt\" viewBox=\"0 0 512 512\" xmlns=\"http:\/\/www.w3.org\/2000\/svg\"><path d=\"M497.39 361.8l-112-48a24 24 0 0 0-28 6.9l-49.6 60.6A370.66 370.66 0 0 1 130.6 204.11l60.6-49.6a23.94 23.94 0 0 0 6.9-28l-48-112A24.16 24.16 0 0 0 122.6.61l-104 24A24 24 0 0 0 0 48c0 256.5 207.9 464 464 464a24 24 0 0 0 23.4-18.6l24-104a24.29 24.29 0 0 0-14.01-27.6z\"><\/path><\/svg>\t\t\t<\/span>\n\t\t\t\t\t\t\t\t\t<span class=\"elementor-button-text\">085-0716620<\/span>\n\t\t\t\t\t<\/span>\n\t\t\t\t\t<\/a>\n\t\t\t\t<\/div>\n\t\t\t\t\t\t\t\t<\/div>\n\t\t\t\t<\/div>\n\t\t\t\t<div class=\"elementor-element elementor-element-e7152c3 elementor-align-left animated-fast elementor-invisible elementor-widget elementor-widget-button\" data-id=\"e7152c3\" data-element_type=\"widget\" data-e-type=\"widget\" data-settings=\"{&quot;_animation&quot;:&quot;zoomIn&quot;}\" data-widget_type=\"button.default\">\n\t\t\t\t<div class=\"elementor-widget-container\">\n\t\t\t\t\t\t\t\t\t<div class=\"elementor-button-wrapper\">\n\t\t\t\t\t<a class=\"elementor-button elementor-button-link elementor-size-sm\" href=\"https:\/\/www.citycharge.eu\/da\/kontakte\/\">\n\t\t\t\t\t\t<span class=\"elementor-button-content-wrapper\">\n\t\t\t\t\t\t\t\t\t<span class=\"elementor-button-text\">Kontakte<\/span>\n\t\t\t\t\t<\/span>\n\t\t\t\t\t<\/a>\n\t\t\t\t<\/div>\n\t\t\t\t\t\t\t\t<\/div>\n\t\t\t\t<\/div>\n\t\t\t\t<\/div>\n\t\t\t\t\t<\/div>\n\t\t\t\t<\/div>\n\t\t\t\t<\/div>\n\t\t","protected":false},"excerpt":{"rendered":"<p>Zaltbommel kommune Zaltbommel kommune I \u00e5r var Zaltbommel igen en af \u200b\u200bmere end 100 kommuner i Holland, der deltager i den nationalt igangsatte Nationale Klimauge. Det er vi stolte af! Og vi stoppede ikke ved kun en uge. Sammen med tolv organisationer inspirerede Zaltbommel beboerne gennem arrangementer, aktiviteter og omtale til at arbejde sammen for [&hellip;]<\/p>\n","protected":false},"author":1,"featured_media":10468,"comment_status":"closed","ping_status":"open","sticky":false,"template":"elementor_header_footer","format":"standard","meta":{"_acf_changed":false,"footnotes":""},"categories":[77],"tags":[],"class_list":["post-10518","post","type-post","status-publish","format-standard","has-post-thumbnail","hentry","category-sager"],"acf":[],"yoast_head":"<!-- This site is optimized with the Yoast SEO plugin v27.4 - https:\/\/yoast.com\/product\/yoast-seo-wordpress\/ -->\n<title>Zaltbommel kommune - CityCharge<\/title>\n<meta name=\"robots\" content=\"index, follow, max-snippet:-1, max-image-preview:large, max-video-preview:-1\" \/>\n<link rel=\"canonical\" href=\"https:\/\/www.citycharge.eu\/da\/zaltbommel-kommune\/\" \/>\n<meta property=\"og:locale\" content=\"da_DK\" \/>\n<meta property=\"og:type\" content=\"article\" \/>\n<meta property=\"og:title\" content=\"Zaltbommel kommune - CityCharge\" \/>\n<meta property=\"og:description\" content=\"Zaltbommel kommune Zaltbommel kommune I \u00e5r var Zaltbommel igen en af \u200b\u200bmere end 100 kommuner i Holland, der deltager i den nationalt igangsatte Nationale Klimauge. Det er vi stolte af! Og vi stoppede ikke ved kun en uge. Sammen med tolv organisationer inspirerede Zaltbommel beboerne gennem arrangementer, aktiviteter og omtale til at arbejde sammen for [&hellip;]\" \/>\n<meta property=\"og:url\" content=\"https:\/\/www.citycharge.eu\/da\/zaltbommel-kommune\/\" \/>\n<meta property=\"og:site_name\" content=\"CityCharge\" \/>\n<meta property=\"article:published_time\" content=\"2024-12-24T09:04:19+00:00\" \/>\n<meta property=\"article:modified_time\" content=\"2024-12-24T09:05:24+00:00\" \/>\n<meta property=\"og:image\" content=\"https:\/\/www.citycharge.eu\/wp-content\/uploads\/2024\/12\/gmeente-zaltbommel-logo.jpg\" \/>\n\t<meta property=\"og:image:width\" content=\"740\" \/>\n\t<meta property=\"og:image:height\" content=\"453\" \/>\n\t<meta property=\"og:image:type\" content=\"image\/jpeg\" \/>\n<meta name=\"author\" content=\"admin\" \/>\n<meta name=\"twitter:card\" content=\"summary_large_image\" \/>\n<meta name=\"twitter:label1\" content=\"Skrevet af\" \/>\n\t<meta name=\"twitter:data1\" content=\"admin\" \/>\n\t<meta name=\"twitter:label2\" content=\"Estimeret l\u00e6setid\" \/>\n\t<meta name=\"twitter:data2\" content=\"1 minut\" \/>\n<script type=\"application\/ld+json\" class=\"yoast-schema-graph\">{\"@context\":\"https:\\\/\\\/schema.org\",\"@graph\":[{\"@type\":\"Article\",\"@id\":\"https:\\\/\\\/www.citycharge.eu\\\/da\\\/zaltbommel-kommune\\\/#article\",\"isPartOf\":{\"@id\":\"https:\\\/\\\/www.citycharge.eu\\\/da\\\/zaltbommel-kommune\\\/\"},\"author\":{\"name\":\"admin\",\"@id\":\"https:\\\/\\\/www.citycharge.eu\\\/da\\\/#\\\/schema\\\/person\\\/0a798ff10afa77f3d0c65789b5d62f17\"},\"headline\":\"Zaltbommel kommune\",\"datePublished\":\"2024-12-24T09:04:19+00:00\",\"dateModified\":\"2024-12-24T09:05:24+00:00\",\"mainEntityOfPage\":{\"@id\":\"https:\\\/\\\/www.citycharge.eu\\\/da\\\/zaltbommel-kommune\\\/\"},\"wordCount\":209,\"publisher\":{\"@id\":\"https:\\\/\\\/www.citycharge.eu\\\/da\\\/#organization\"},\"image\":{\"@id\":\"https:\\\/\\\/www.citycharge.eu\\\/da\\\/zaltbommel-kommune\\\/#primaryimage\"},\"thumbnailUrl\":\"https:\\\/\\\/www.citycharge.eu\\\/wp-content\\\/uploads\\\/2024\\\/12\\\/gmeente-zaltbommel-logo.jpg\",\"articleSection\":[\"Sager\"],\"inLanguage\":\"da-DK\"},{\"@type\":\"WebPage\",\"@id\":\"https:\\\/\\\/www.citycharge.eu\\\/da\\\/zaltbommel-kommune\\\/\",\"url\":\"https:\\\/\\\/www.citycharge.eu\\\/da\\\/zaltbommel-kommune\\\/\",\"name\":\"Zaltbommel kommune - CityCharge\",\"isPartOf\":{\"@id\":\"https:\\\/\\\/www.citycharge.eu\\\/da\\\/#website\"},\"primaryImageOfPage\":{\"@id\":\"https:\\\/\\\/www.citycharge.eu\\\/da\\\/zaltbommel-kommune\\\/#primaryimage\"},\"image\":{\"@id\":\"https:\\\/\\\/www.citycharge.eu\\\/da\\\/zaltbommel-kommune\\\/#primaryimage\"},\"thumbnailUrl\":\"https:\\\/\\\/www.citycharge.eu\\\/wp-content\\\/uploads\\\/2024\\\/12\\\/gmeente-zaltbommel-logo.jpg\",\"datePublished\":\"2024-12-24T09:04:19+00:00\",\"dateModified\":\"2024-12-24T09:05:24+00:00\",\"breadcrumb\":{\"@id\":\"https:\\\/\\\/www.citycharge.eu\\\/da\\\/zaltbommel-kommune\\\/#breadcrumb\"},\"inLanguage\":\"da-DK\",\"potentialAction\":[{\"@type\":\"ReadAction\",\"target\":[\"https:\\\/\\\/www.citycharge.eu\\\/da\\\/zaltbommel-kommune\\\/\"]}]},{\"@type\":\"ImageObject\",\"inLanguage\":\"da-DK\",\"@id\":\"https:\\\/\\\/www.citycharge.eu\\\/da\\\/zaltbommel-kommune\\\/#primaryimage\",\"url\":\"https:\\\/\\\/www.citycharge.eu\\\/wp-content\\\/uploads\\\/2024\\\/12\\\/gmeente-zaltbommel-logo.jpg\",\"contentUrl\":\"https:\\\/\\\/www.citycharge.eu\\\/wp-content\\\/uploads\\\/2024\\\/12\\\/gmeente-zaltbommel-logo.jpg\",\"width\":740,\"height\":453},{\"@type\":\"BreadcrumbList\",\"@id\":\"https:\\\/\\\/www.citycharge.eu\\\/da\\\/zaltbommel-kommune\\\/#breadcrumb\",\"itemListElement\":[{\"@type\":\"ListItem\",\"position\":1,\"name\":\"Home\",\"item\":\"https:\\\/\\\/www.citycharge.eu\\\/da\\\/\"},{\"@type\":\"ListItem\",\"position\":2,\"name\":\"Zaltbommel kommune\"}]},{\"@type\":\"WebSite\",\"@id\":\"https:\\\/\\\/www.citycharge.eu\\\/da\\\/#website\",\"url\":\"https:\\\/\\\/www.citycharge.eu\\\/da\\\/\",\"name\":\"CityCharge\",\"description\":\"Nieuw licht op laden\",\"publisher\":{\"@id\":\"https:\\\/\\\/www.citycharge.eu\\\/da\\\/#organization\"},\"potentialAction\":[{\"@type\":\"SearchAction\",\"target\":{\"@type\":\"EntryPoint\",\"urlTemplate\":\"https:\\\/\\\/www.citycharge.eu\\\/da\\\/?s={search_term_string}\"},\"query-input\":{\"@type\":\"PropertyValueSpecification\",\"valueRequired\":true,\"valueName\":\"search_term_string\"}}],\"inLanguage\":\"da-DK\"},{\"@type\":\"Organization\",\"@id\":\"https:\\\/\\\/www.citycharge.eu\\\/da\\\/#organization\",\"name\":\"CityCharge\",\"url\":\"https:\\\/\\\/www.citycharge.eu\\\/da\\\/\",\"logo\":{\"@type\":\"ImageObject\",\"inLanguage\":\"da-DK\",\"@id\":\"https:\\\/\\\/www.citycharge.eu\\\/da\\\/#\\\/schema\\\/logo\\\/image\\\/\",\"url\":\"https:\\\/\\\/www.citycharge.eu\\\/wp-content\\\/uploads\\\/2024\\\/07\\\/Citycharge_payofff_white.svg\",\"contentUrl\":\"https:\\\/\\\/www.citycharge.eu\\\/wp-content\\\/uploads\\\/2024\\\/07\\\/Citycharge_payofff_white.svg\",\"width\":1920,\"height\":530,\"caption\":\"CityCharge\"},\"image\":{\"@id\":\"https:\\\/\\\/www.citycharge.eu\\\/da\\\/#\\\/schema\\\/logo\\\/image\\\/\"}},{\"@type\":\"Person\",\"@id\":\"https:\\\/\\\/www.citycharge.eu\\\/da\\\/#\\\/schema\\\/person\\\/0a798ff10afa77f3d0c65789b5d62f17\",\"name\":\"admin\",\"image\":{\"@type\":\"ImageObject\",\"inLanguage\":\"da-DK\",\"@id\":\"https:\\\/\\\/secure.gravatar.com\\\/avatar\\\/b382f2b0baf85cf8d841621555daa4ae2420c7929b964e5ca4e287310b061056?s=96&d=mm&r=g\",\"url\":\"https:\\\/\\\/secure.gravatar.com\\\/avatar\\\/b382f2b0baf85cf8d841621555daa4ae2420c7929b964e5ca4e287310b061056?s=96&d=mm&r=g\",\"contentUrl\":\"https:\\\/\\\/secure.gravatar.com\\\/avatar\\\/b382f2b0baf85cf8d841621555daa4ae2420c7929b964e5ca4e287310b061056?s=96&d=mm&r=g\",\"caption\":\"admin\"},\"sameAs\":[\"http:\\\/\\\/www.citycharge.eu\"],\"url\":\"https:\\\/\\\/www.citycharge.eu\\\/da\\\/author\\\/admin\\\/\"}]}<\/script>\n<!-- \/ Yoast SEO plugin. -->","yoast_head_json":{"title":"Zaltbommel kommune - CityCharge","robots":{"index":"index","follow":"follow","max-snippet":"max-snippet:-1","max-image-preview":"max-image-preview:large","max-video-preview":"max-video-preview:-1"},"canonical":"https:\/\/www.citycharge.eu\/da\/zaltbommel-kommune\/","og_locale":"da_DK","og_type":"article","og_title":"Zaltbommel kommune - CityCharge","og_description":"Zaltbommel kommune Zaltbommel kommune I \u00e5r var Zaltbommel igen en af \u200b\u200bmere end 100 kommuner i Holland, der deltager i den nationalt igangsatte Nationale Klimauge. Det er vi stolte af! Og vi stoppede ikke ved kun en uge. Sammen med tolv organisationer inspirerede Zaltbommel beboerne gennem arrangementer, aktiviteter og omtale til at arbejde sammen for [&hellip;]","og_url":"https:\/\/www.citycharge.eu\/da\/zaltbommel-kommune\/","og_site_name":"CityCharge","article_published_time":"2024-12-24T09:04:19+00:00","article_modified_time":"2024-12-24T09:05:24+00:00","og_image":[{"width":740,"height":453,"url":"https:\/\/www.citycharge.eu\/wp-content\/uploads\/2024\/12\/gmeente-zaltbommel-logo.jpg","type":"image\/jpeg"}],"author":"admin","twitter_card":"summary_large_image","twitter_misc":{"Skrevet af":"admin","Estimeret l\u00e6setid":"1 minut"},"schema":{"@context":"https:\/\/schema.org","@graph":[{"@type":"Article","@id":"https:\/\/www.citycharge.eu\/da\/zaltbommel-kommune\/#article","isPartOf":{"@id":"https:\/\/www.citycharge.eu\/da\/zaltbommel-kommune\/"},"author":{"name":"admin","@id":"https:\/\/www.citycharge.eu\/da\/#\/schema\/person\/0a798ff10afa77f3d0c65789b5d62f17"},"headline":"Zaltbommel kommune","datePublished":"2024-12-24T09:04:19+00:00","dateModified":"2024-12-24T09:05:24+00:00","mainEntityOfPage":{"@id":"https:\/\/www.citycharge.eu\/da\/zaltbommel-kommune\/"},"wordCount":209,"publisher":{"@id":"https:\/\/www.citycharge.eu\/da\/#organization"},"image":{"@id":"https:\/\/www.citycharge.eu\/da\/zaltbommel-kommune\/#primaryimage"},"thumbnailUrl":"https:\/\/www.citycharge.eu\/wp-content\/uploads\/2024\/12\/gmeente-zaltbommel-logo.jpg","articleSection":["Sager"],"inLanguage":"da-DK"},{"@type":"WebPage","@id":"https:\/\/www.citycharge.eu\/da\/zaltbommel-kommune\/","url":"https:\/\/www.citycharge.eu\/da\/zaltbommel-kommune\/","name":"Zaltbommel kommune - CityCharge","isPartOf":{"@id":"https:\/\/www.citycharge.eu\/da\/#website"},"primaryImageOfPage":{"@id":"https:\/\/www.citycharge.eu\/da\/zaltbommel-kommune\/#primaryimage"},"image":{"@id":"https:\/\/www.citycharge.eu\/da\/zaltbommel-kommune\/#primaryimage"},"thumbnailUrl":"https:\/\/www.citycharge.eu\/wp-content\/uploads\/2024\/12\/gmeente-zaltbommel-logo.jpg","datePublished":"2024-12-24T09:04:19+00:00","dateModified":"2024-12-24T09:05:24+00:00","breadcrumb":{"@id":"https:\/\/www.citycharge.eu\/da\/zaltbommel-kommune\/#breadcrumb"},"inLanguage":"da-DK","potentialAction":[{"@type":"ReadAction","target":["https:\/\/www.citycharge.eu\/da\/zaltbommel-kommune\/"]}]},{"@type":"ImageObject","inLanguage":"da-DK","@id":"https:\/\/www.citycharge.eu\/da\/zaltbommel-kommune\/#primaryimage","url":"https:\/\/www.citycharge.eu\/wp-content\/uploads\/2024\/12\/gmeente-zaltbommel-logo.jpg","contentUrl":"https:\/\/www.citycharge.eu\/wp-content\/uploads\/2024\/12\/gmeente-zaltbommel-logo.jpg","width":740,"height":453},{"@type":"BreadcrumbList","@id":"https:\/\/www.citycharge.eu\/da\/zaltbommel-kommune\/#breadcrumb","itemListElement":[{"@type":"ListItem","position":1,"name":"Home","item":"https:\/\/www.citycharge.eu\/da\/"},{"@type":"ListItem","position":2,"name":"Zaltbommel kommune"}]},{"@type":"WebSite","@id":"https:\/\/www.citycharge.eu\/da\/#website","url":"https:\/\/www.citycharge.eu\/da\/","name":"CityCharge","description":"Nieuw licht op laden","publisher":{"@id":"https:\/\/www.citycharge.eu\/da\/#organization"},"potentialAction":[{"@type":"SearchAction","target":{"@type":"EntryPoint","urlTemplate":"https:\/\/www.citycharge.eu\/da\/?s={search_term_string}"},"query-input":{"@type":"PropertyValueSpecification","valueRequired":true,"valueName":"search_term_string"}}],"inLanguage":"da-DK"},{"@type":"Organization","@id":"https:\/\/www.citycharge.eu\/da\/#organization","name":"CityCharge","url":"https:\/\/www.citycharge.eu\/da\/","logo":{"@type":"ImageObject","inLanguage":"da-DK","@id":"https:\/\/www.citycharge.eu\/da\/#\/schema\/logo\/image\/","url":"https:\/\/www.citycharge.eu\/wp-content\/uploads\/2024\/07\/Citycharge_payofff_white.svg","contentUrl":"https:\/\/www.citycharge.eu\/wp-content\/uploads\/2024\/07\/Citycharge_payofff_white.svg","width":1920,"height":530,"caption":"CityCharge"},"image":{"@id":"https:\/\/www.citycharge.eu\/da\/#\/schema\/logo\/image\/"}},{"@type":"Person","@id":"https:\/\/www.citycharge.eu\/da\/#\/schema\/person\/0a798ff10afa77f3d0c65789b5d62f17","name":"admin","image":{"@type":"ImageObject","inLanguage":"da-DK","@id":"https:\/\/secure.gravatar.com\/avatar\/b382f2b0baf85cf8d841621555daa4ae2420c7929b964e5ca4e287310b061056?s=96&d=mm&r=g","url":"https:\/\/secure.gravatar.com\/avatar\/b382f2b0baf85cf8d841621555daa4ae2420c7929b964e5ca4e287310b061056?s=96&d=mm&r=g","contentUrl":"https:\/\/secure.gravatar.com\/avatar\/b382f2b0baf85cf8d841621555daa4ae2420c7929b964e5ca4e287310b061056?s=96&d=mm&r=g","caption":"admin"},"sameAs":["http:\/\/www.citycharge.eu"],"url":"https:\/\/www.citycharge.eu\/da\/author\/admin\/"}]}},"_links":{"self":[{"href":"https:\/\/www.citycharge.eu\/da\/wp-json\/wp\/v2\/posts\/10518","targetHints":{"allow":["GET"]}}],"collection":[{"href":"https:\/\/www.citycharge.eu\/da\/wp-json\/wp\/v2\/posts"}],"about":[{"href":"https:\/\/www.citycharge.eu\/da\/wp-json\/wp\/v2\/types\/post"}],"author":[{"embeddable":true,"href":"https:\/\/www.citycharge.eu\/da\/wp-json\/wp\/v2\/users\/1"}],"replies":[{"embeddable":true,"href":"https:\/\/www.citycharge.eu\/da\/wp-json\/wp\/v2\/comments?post=10518"}],"version-history":[{"count":2,"href":"https:\/\/www.citycharge.eu\/da\/wp-json\/wp\/v2\/posts\/10518\/revisions"}],"predecessor-version":[{"id":10521,"href":"https:\/\/www.citycharge.eu\/da\/wp-json\/wp\/v2\/posts\/10518\/revisions\/10521"}],"wp:featuredmedia":[{"embeddable":true,"href":"https:\/\/www.citycharge.eu\/da\/wp-json\/wp\/v2\/media\/10468"}],"wp:attachment":[{"href":"https:\/\/www.citycharge.eu\/da\/wp-json\/wp\/v2\/media?parent=10518"}],"wp:term":[{"taxonomy":"category","embeddable":true,"href":"https:\/\/www.citycharge.eu\/da\/wp-json\/wp\/v2\/categories?post=10518"},{"taxonomy":"post_tag","embeddable":true,"href":"https:\/\/www.citycharge.eu\/da\/wp-json\/wp\/v2\/tags?post=10518"}],"curies":[{"name":"wp","href":"https:\/\/api.w.org\/{rel}","templated":true}]}}