{"id":9354,"date":"2023-01-03T08:26:36","date_gmt":"2023-01-03T08:26:36","guid":{"rendered":"https:\/\/www.citycharge.eu\/en-foerste-for-eindhoven-og-anden-i-holland-lygtepael-med-stikkontakt-til-opladning-af-elbiler\/"},"modified":"2023-01-03T08:26:36","modified_gmt":"2023-01-03T08:26:36","slug":"en-foerste-for-eindhoven-og-anden-i-holland-lygtepael-med-stikkontakt-til-opladning-af-elbiler","status":"publish","type":"post","link":"https:\/\/www.citycharge.eu\/da\/en-foerste-for-eindhoven-og-anden-i-holland-lygtepael-med-stikkontakt-til-opladning-af-elbiler\/","title":{"rendered":"En f\u00f8rste for Eindhoven (og anden i Holland): lygtep\u00e6l med stikkontakt til opladning af elbiler"},"content":{"rendered":"<p><img fetchpriority=\"high\" decoding=\"async\" class=\"wp-image-5800 size-large aligncenter\" src=\"http:\/\/www.citycharge.eu\/wp-content\/uploads\/2023\/01\/Wethouder-Rik-Thijs-1024x683.jpeg\" alt=\"\" width=\"1024\" height=\"683\" srcset=\"https:\/\/www.citycharge.eu\/wp-content\/uploads\/2023\/01\/Wethouder-Rik-Thijs-1024x683.jpeg 1024w, https:\/\/www.citycharge.eu\/wp-content\/uploads\/2023\/01\/Wethouder-Rik-Thijs-300x200.jpeg 300w, https:\/\/www.citycharge.eu\/wp-content\/uploads\/2023\/01\/Wethouder-Rik-Thijs-768x512.jpeg 768w, https:\/\/www.citycharge.eu\/wp-content\/uploads\/2023\/01\/Wethouder-Rik-Thijs.jpeg 1350w\" sizes=\"(max-width: 1024px) 100vw, 1024px\" \/><\/p>\n<p>EINDHOVEN &#8211; En central ladestation som distributionssted for syv og snart fjorten elbiler. Buurtschap Te Veld i Woensel har scoopet for Eindhoven. Den nyopf\u00f8rte parkeringsplads ved Kwartier i landsbyen Te Veld har syv lygtep\u00e6le. De fungerer ogs\u00e5 som ladestation til elbiler. Til dette modtager de str\u00f8m fra \u00e9n central ladestation. Det er den f\u00f8rste placering i Eindhoven, hvor denne facilitet er blevet installeret, og den anden i Holland efter Renkum, if\u00f8lge Michel Versteeg fra installationsfirmaet Dutch Charge. I g\u00e5r var den officielle pr\u00e6sentation, i overv\u00e6relse af r\u00e5dmand Rik Thijs (energi). <\/p>\n<h2>Mod &#8216;rod&#8217; i gadebilledet<\/h2>\n<p>If\u00f8lge Dutch Charge og Eindhoven kommune er der flere fordele ved denne konstruktion. De tilh\u00f8rende parkeringspladser kan ogs\u00e5 bruges til br\u00e6ndstofdrevne biler, hvilket kan \u00f8ge opbakningen blandt beboerne. Derudover forhindrer brugen af \u200b\u200blygtep\u00e6le &#8216;rod&#8217; i gadebilledet. Desuden er installationen billigere end traditionelle ladestationer. Versteeg er ogs\u00e5 stolt af det, han kalder &#8216;smart control&#8217;. \u201dN\u00e5r parkeringspladsen fyldes op mellem klokken fem og seks om eftermiddagen, og lyset t\u00e6ndes overalt i husene, er eftersp\u00f8rgslen efter str\u00f8m stor. Denne ladestander leverer s\u00e5 i et langsommere tempo, fordi de fleste biler f\u00f8rst bliver brugt igen senere p\u00e5 aftenen eller endda n\u00e6ste morgen.\u201d      <\/p>\n<p><iframe title=\"Eerste &#039;laadlantaarns&#039; in Eindhoven in gebruik genomen\" width=\"800\" height=\"450\" src=\"https:\/\/www.youtube.com\/embed\/-I2thSu_Lzo?feature=oembed\" frameborder=\"0\" allow=\"accelerometer; autoplay; clipboard-write; encrypted-media; gyroscope; picture-in-picture; web-share\" referrerpolicy=\"strict-origin-when-cross-origin\" allowfullscreen><\/iframe><\/p>\n<h2>Bankkort eller telefon<\/h2>\n<p>De syv ladepunkter er allerede i drift, men der vil ske yderligere forbedringer i den n\u00e6rmeste fremtid. Det giver dem en ekstra forbindelse, s\u00e5 der kan kobles to biler ad gangen ligesom med andre ladestandere. Der vil ogs\u00e5 v\u00e6re en kortl\u00e6ser, s\u00e5 brugerne kan betale med deres bankkort eller telefon. Thijs er glad for denne innovation og meddelte, at der bliver forsket i, om eksisterende lygtep\u00e6le kan omdannes til et ladepunkt. Og n\u00e5r gader nydesignes, har nye gadelamper ogs\u00e5 en dobbelt funktion, siger Linda van de Ven, projektleder i Eindhovens kommune. Hun n\u00e6vner Boschdijk inde i Ringen som et eksempel. En logisk udvikling if\u00f8lge Versteeg. &#8220;Fordi vi skal have 1,7 millioner ladepunkter i hele Holland.&#8221; Van de Ven fort\u00e6ller, at beboerne i Te Veld-kvarteret ikke var involveret i valget om at installere ladepunkterne. Fordi parkeringspladserne ikke er forbeholdt elbiler, vil alle nok blive glade for det. Thijs ved, at andre kommuner kigger p\u00e5 forslag fra beboerne til at g\u00f8re opladningen nemmere, s\u00e5som at montere kabelkanaler i fortovet. \u00bbDet kommer vi ikke til at g\u00f8re forel\u00f8big. Vi v\u00e6lger denne l\u00f8sning, ogs\u00e5 p\u00e5 grund af gadebilledet.\u201d Kilde: <a href=\"https:\/\/www.ed.nl\/eindhoven\/primeur-voor-eindhoven-en-tweede-in-nederland-lantaarnpaal-met-stopcontact-om-elektrische-auto-op-te-laden~ab3d0ce2\/\" target=\"_blank\" rel=\"noopener\">Eindhovens Dagblad<\/a>       <\/p>\n","protected":false},"excerpt":{"rendered":"<p>EINDHOVEN &#8211; En central ladestation som distributionssted for syv og snart fjorten elbiler. Buurtschap Te Veld i Woensel har scoopet for Eindhoven. Den nyopf\u00f8rte parkeringsplads ved Kwartier i landsbyen Te Veld har syv lygtep\u00e6le. De fungerer ogs\u00e5 som ladestation til elbiler. Til dette modtager de str\u00f8m fra \u00e9n central ladestation. Det er den f\u00f8rste placering [&hellip;]<\/p>\n","protected":false},"author":1,"featured_media":8330,"comment_status":"closed","ping_status":"closed","sticky":false,"template":"","format":"standard","meta":{"_acf_changed":false,"footnotes":""},"categories":[64],"tags":[],"class_list":["post-9354","post","type-post","status-publish","format-standard","has-post-thumbnail","hentry","category-nyheder"],"acf":[],"yoast_head":"<!-- This site is optimized with the Yoast SEO plugin v27.4 - https:\/\/yoast.com\/product\/yoast-seo-wordpress\/ -->\n<title>En f\u00f8rste for Eindhoven (og anden i Holland): lygtep\u00e6l med stikkontakt til opladning af elbiler - CityCharge<\/title>\n<meta name=\"description\" content=\"En f\u00f8rste for Eindhoven (og anden i Holland): lygtep\u00e6l med stikkontakt til opladning af elbiler\" \/>\n<meta name=\"robots\" content=\"index, follow, max-snippet:-1, max-image-preview:large, max-video-preview:-1\" \/>\n<link rel=\"canonical\" href=\"https:\/\/www.citycharge.eu\/da\/en-foerste-for-eindhoven-og-anden-i-holland-lygtepael-med-stikkontakt-til-opladning-af-elbiler\/\" \/>\n<meta property=\"og:locale\" content=\"da_DK\" \/>\n<meta property=\"og:type\" content=\"article\" \/>\n<meta property=\"og:title\" content=\"En f\u00f8rste for Eindhoven (og anden i Holland): lygtep\u00e6l med stikkontakt til opladning af elbiler - CityCharge\" \/>\n<meta property=\"og:description\" content=\"En f\u00f8rste for Eindhoven (og anden i Holland): lygtep\u00e6l med stikkontakt til opladning af elbiler\" \/>\n<meta property=\"og:url\" content=\"https:\/\/www.citycharge.eu\/da\/en-foerste-for-eindhoven-og-anden-i-holland-lygtepael-med-stikkontakt-til-opladning-af-elbiler\/\" \/>\n<meta property=\"og:site_name\" content=\"CityCharge\" \/>\n<meta property=\"article:published_time\" content=\"2023-01-03T08:26:36+00:00\" \/>\n<meta property=\"og:image\" content=\"https:\/\/www.citycharge.eu\/wp-content\/uploads\/2023\/01\/Wethouder-Rik-Thijs.jpeg\" \/>\n\t<meta property=\"og:image:width\" content=\"1350\" \/>\n\t<meta property=\"og:image:height\" content=\"900\" \/>\n\t<meta property=\"og:image:type\" content=\"image\/jpeg\" \/>\n<meta name=\"author\" content=\"admin\" \/>\n<meta name=\"twitter:card\" content=\"summary_large_image\" \/>\n<meta name=\"twitter:label1\" content=\"Skrevet af\" \/>\n\t<meta name=\"twitter:data1\" content=\"admin\" \/>\n\t<meta name=\"twitter:label2\" content=\"Estimeret l\u00e6setid\" \/>\n\t<meta name=\"twitter:data2\" content=\"2 minutter\" \/>\n<script type=\"application\/ld+json\" class=\"yoast-schema-graph\">{\"@context\":\"https:\\\/\\\/schema.org\",\"@graph\":[{\"@type\":\"Article\",\"@id\":\"https:\\\/\\\/www.citycharge.eu\\\/da\\\/en-foerste-for-eindhoven-og-anden-i-holland-lygtepael-med-stikkontakt-til-opladning-af-elbiler\\\/#article\",\"isPartOf\":{\"@id\":\"https:\\\/\\\/www.citycharge.eu\\\/da\\\/en-foerste-for-eindhoven-og-anden-i-holland-lygtepael-med-stikkontakt-til-opladning-af-elbiler\\\/\"},\"author\":{\"name\":\"admin\",\"@id\":\"https:\\\/\\\/www.citycharge.eu\\\/da\\\/#\\\/schema\\\/person\\\/0a798ff10afa77f3d0c65789b5d62f17\"},\"headline\":\"En f\u00f8rste for Eindhoven (og anden i Holland): lygtep\u00e6l med stikkontakt til opladning af elbiler\",\"datePublished\":\"2023-01-03T08:26:36+00:00\",\"mainEntityOfPage\":{\"@id\":\"https:\\\/\\\/www.citycharge.eu\\\/da\\\/en-foerste-for-eindhoven-og-anden-i-holland-lygtepael-med-stikkontakt-til-opladning-af-elbiler\\\/\"},\"wordCount\":442,\"publisher\":{\"@id\":\"https:\\\/\\\/www.citycharge.eu\\\/da\\\/#organization\"},\"image\":{\"@id\":\"https:\\\/\\\/www.citycharge.eu\\\/da\\\/en-foerste-for-eindhoven-og-anden-i-holland-lygtepael-med-stikkontakt-til-opladning-af-elbiler\\\/#primaryimage\"},\"thumbnailUrl\":\"https:\\\/\\\/www.citycharge.eu\\\/wp-content\\\/uploads\\\/2023\\\/01\\\/Wethouder-Rik-Thijs.jpeg\",\"articleSection\":[\"Nyheder\"],\"inLanguage\":\"da-DK\"},{\"@type\":\"WebPage\",\"@id\":\"https:\\\/\\\/www.citycharge.eu\\\/da\\\/en-foerste-for-eindhoven-og-anden-i-holland-lygtepael-med-stikkontakt-til-opladning-af-elbiler\\\/\",\"url\":\"https:\\\/\\\/www.citycharge.eu\\\/da\\\/en-foerste-for-eindhoven-og-anden-i-holland-lygtepael-med-stikkontakt-til-opladning-af-elbiler\\\/\",\"name\":\"En f\u00f8rste for Eindhoven (og anden i Holland): lygtep\u00e6l med stikkontakt til opladning af elbiler - CityCharge\",\"isPartOf\":{\"@id\":\"https:\\\/\\\/www.citycharge.eu\\\/da\\\/#website\"},\"primaryImageOfPage\":{\"@id\":\"https:\\\/\\\/www.citycharge.eu\\\/da\\\/en-foerste-for-eindhoven-og-anden-i-holland-lygtepael-med-stikkontakt-til-opladning-af-elbiler\\\/#primaryimage\"},\"image\":{\"@id\":\"https:\\\/\\\/www.citycharge.eu\\\/da\\\/en-foerste-for-eindhoven-og-anden-i-holland-lygtepael-med-stikkontakt-til-opladning-af-elbiler\\\/#primaryimage\"},\"thumbnailUrl\":\"https:\\\/\\\/www.citycharge.eu\\\/wp-content\\\/uploads\\\/2023\\\/01\\\/Wethouder-Rik-Thijs.jpeg\",\"datePublished\":\"2023-01-03T08:26:36+00:00\",\"description\":\"En f\u00f8rste for Eindhoven (og anden i Holland): lygtep\u00e6l med stikkontakt til opladning af elbiler\",\"breadcrumb\":{\"@id\":\"https:\\\/\\\/www.citycharge.eu\\\/da\\\/en-foerste-for-eindhoven-og-anden-i-holland-lygtepael-med-stikkontakt-til-opladning-af-elbiler\\\/#breadcrumb\"},\"inLanguage\":\"da-DK\",\"potentialAction\":[{\"@type\":\"ReadAction\",\"target\":[\"https:\\\/\\\/www.citycharge.eu\\\/da\\\/en-foerste-for-eindhoven-og-anden-i-holland-lygtepael-med-stikkontakt-til-opladning-af-elbiler\\\/\"]}]},{\"@type\":\"ImageObject\",\"inLanguage\":\"da-DK\",\"@id\":\"https:\\\/\\\/www.citycharge.eu\\\/da\\\/en-foerste-for-eindhoven-og-anden-i-holland-lygtepael-med-stikkontakt-til-opladning-af-elbiler\\\/#primaryimage\",\"url\":\"https:\\\/\\\/www.citycharge.eu\\\/wp-content\\\/uploads\\\/2023\\\/01\\\/Wethouder-Rik-Thijs.jpeg\",\"contentUrl\":\"https:\\\/\\\/www.citycharge.eu\\\/wp-content\\\/uploads\\\/2023\\\/01\\\/Wethouder-Rik-Thijs.jpeg\",\"width\":1350,\"height\":900},{\"@type\":\"BreadcrumbList\",\"@id\":\"https:\\\/\\\/www.citycharge.eu\\\/da\\\/en-foerste-for-eindhoven-og-anden-i-holland-lygtepael-med-stikkontakt-til-opladning-af-elbiler\\\/#breadcrumb\",\"itemListElement\":[{\"@type\":\"ListItem\",\"position\":1,\"name\":\"Home\",\"item\":\"https:\\\/\\\/www.citycharge.eu\\\/da\\\/\"},{\"@type\":\"ListItem\",\"position\":2,\"name\":\"En f\u00f8rste for Eindhoven (og anden i Holland): lygtep\u00e6l med stikkontakt til opladning af elbiler\"}]},{\"@type\":\"WebSite\",\"@id\":\"https:\\\/\\\/www.citycharge.eu\\\/da\\\/#website\",\"url\":\"https:\\\/\\\/www.citycharge.eu\\\/da\\\/\",\"name\":\"CityCharge\",\"description\":\"Nieuw licht op laden\",\"publisher\":{\"@id\":\"https:\\\/\\\/www.citycharge.eu\\\/da\\\/#organization\"},\"potentialAction\":[{\"@type\":\"SearchAction\",\"target\":{\"@type\":\"EntryPoint\",\"urlTemplate\":\"https:\\\/\\\/www.citycharge.eu\\\/da\\\/?s={search_term_string}\"},\"query-input\":{\"@type\":\"PropertyValueSpecification\",\"valueRequired\":true,\"valueName\":\"search_term_string\"}}],\"inLanguage\":\"da-DK\"},{\"@type\":\"Organization\",\"@id\":\"https:\\\/\\\/www.citycharge.eu\\\/da\\\/#organization\",\"name\":\"CityCharge\",\"url\":\"https:\\\/\\\/www.citycharge.eu\\\/da\\\/\",\"logo\":{\"@type\":\"ImageObject\",\"inLanguage\":\"da-DK\",\"@id\":\"https:\\\/\\\/www.citycharge.eu\\\/da\\\/#\\\/schema\\\/logo\\\/image\\\/\",\"url\":\"https:\\\/\\\/www.citycharge.eu\\\/wp-content\\\/uploads\\\/2024\\\/07\\\/Citycharge_payofff_white.svg\",\"contentUrl\":\"https:\\\/\\\/www.citycharge.eu\\\/wp-content\\\/uploads\\\/2024\\\/07\\\/Citycharge_payofff_white.svg\",\"width\":1920,\"height\":530,\"caption\":\"CityCharge\"},\"image\":{\"@id\":\"https:\\\/\\\/www.citycharge.eu\\\/da\\\/#\\\/schema\\\/logo\\\/image\\\/\"}},{\"@type\":\"Person\",\"@id\":\"https:\\\/\\\/www.citycharge.eu\\\/da\\\/#\\\/schema\\\/person\\\/0a798ff10afa77f3d0c65789b5d62f17\",\"name\":\"admin\",\"image\":{\"@type\":\"ImageObject\",\"inLanguage\":\"da-DK\",\"@id\":\"https:\\\/\\\/secure.gravatar.com\\\/avatar\\\/b382f2b0baf85cf8d841621555daa4ae2420c7929b964e5ca4e287310b061056?s=96&d=mm&r=g\",\"url\":\"https:\\\/\\\/secure.gravatar.com\\\/avatar\\\/b382f2b0baf85cf8d841621555daa4ae2420c7929b964e5ca4e287310b061056?s=96&d=mm&r=g\",\"contentUrl\":\"https:\\\/\\\/secure.gravatar.com\\\/avatar\\\/b382f2b0baf85cf8d841621555daa4ae2420c7929b964e5ca4e287310b061056?s=96&d=mm&r=g\",\"caption\":\"admin\"},\"sameAs\":[\"http:\\\/\\\/www.citycharge.eu\"],\"url\":\"https:\\\/\\\/www.citycharge.eu\\\/da\\\/author\\\/admin\\\/\"}]}<\/script>\n<!-- \/ Yoast SEO plugin. -->","yoast_head_json":{"title":"En f\u00f8rste for Eindhoven (og anden i Holland): lygtep\u00e6l med stikkontakt til opladning af elbiler - CityCharge","description":"En f\u00f8rste for Eindhoven (og anden i Holland): lygtep\u00e6l med stikkontakt til opladning af elbiler","robots":{"index":"index","follow":"follow","max-snippet":"max-snippet:-1","max-image-preview":"max-image-preview:large","max-video-preview":"max-video-preview:-1"},"canonical":"https:\/\/www.citycharge.eu\/da\/en-foerste-for-eindhoven-og-anden-i-holland-lygtepael-med-stikkontakt-til-opladning-af-elbiler\/","og_locale":"da_DK","og_type":"article","og_title":"En f\u00f8rste for Eindhoven (og anden i Holland): lygtep\u00e6l med stikkontakt til opladning af elbiler - CityCharge","og_description":"En f\u00f8rste for Eindhoven (og anden i Holland): lygtep\u00e6l med stikkontakt til opladning af elbiler","og_url":"https:\/\/www.citycharge.eu\/da\/en-foerste-for-eindhoven-og-anden-i-holland-lygtepael-med-stikkontakt-til-opladning-af-elbiler\/","og_site_name":"CityCharge","article_published_time":"2023-01-03T08:26:36+00:00","og_image":[{"width":1350,"height":900,"url":"https:\/\/www.citycharge.eu\/wp-content\/uploads\/2023\/01\/Wethouder-Rik-Thijs.jpeg","type":"image\/jpeg"}],"author":"admin","twitter_card":"summary_large_image","twitter_misc":{"Skrevet af":"admin","Estimeret l\u00e6setid":"2 minutter"},"schema":{"@context":"https:\/\/schema.org","@graph":[{"@type":"Article","@id":"https:\/\/www.citycharge.eu\/da\/en-foerste-for-eindhoven-og-anden-i-holland-lygtepael-med-stikkontakt-til-opladning-af-elbiler\/#article","isPartOf":{"@id":"https:\/\/www.citycharge.eu\/da\/en-foerste-for-eindhoven-og-anden-i-holland-lygtepael-med-stikkontakt-til-opladning-af-elbiler\/"},"author":{"name":"admin","@id":"https:\/\/www.citycharge.eu\/da\/#\/schema\/person\/0a798ff10afa77f3d0c65789b5d62f17"},"headline":"En f\u00f8rste for Eindhoven (og anden i Holland): lygtep\u00e6l med stikkontakt til opladning af elbiler","datePublished":"2023-01-03T08:26:36+00:00","mainEntityOfPage":{"@id":"https:\/\/www.citycharge.eu\/da\/en-foerste-for-eindhoven-og-anden-i-holland-lygtepael-med-stikkontakt-til-opladning-af-elbiler\/"},"wordCount":442,"publisher":{"@id":"https:\/\/www.citycharge.eu\/da\/#organization"},"image":{"@id":"https:\/\/www.citycharge.eu\/da\/en-foerste-for-eindhoven-og-anden-i-holland-lygtepael-med-stikkontakt-til-opladning-af-elbiler\/#primaryimage"},"thumbnailUrl":"https:\/\/www.citycharge.eu\/wp-content\/uploads\/2023\/01\/Wethouder-Rik-Thijs.jpeg","articleSection":["Nyheder"],"inLanguage":"da-DK"},{"@type":"WebPage","@id":"https:\/\/www.citycharge.eu\/da\/en-foerste-for-eindhoven-og-anden-i-holland-lygtepael-med-stikkontakt-til-opladning-af-elbiler\/","url":"https:\/\/www.citycharge.eu\/da\/en-foerste-for-eindhoven-og-anden-i-holland-lygtepael-med-stikkontakt-til-opladning-af-elbiler\/","name":"En f\u00f8rste for Eindhoven (og anden i Holland): lygtep\u00e6l med stikkontakt til opladning af elbiler - CityCharge","isPartOf":{"@id":"https:\/\/www.citycharge.eu\/da\/#website"},"primaryImageOfPage":{"@id":"https:\/\/www.citycharge.eu\/da\/en-foerste-for-eindhoven-og-anden-i-holland-lygtepael-med-stikkontakt-til-opladning-af-elbiler\/#primaryimage"},"image":{"@id":"https:\/\/www.citycharge.eu\/da\/en-foerste-for-eindhoven-og-anden-i-holland-lygtepael-med-stikkontakt-til-opladning-af-elbiler\/#primaryimage"},"thumbnailUrl":"https:\/\/www.citycharge.eu\/wp-content\/uploads\/2023\/01\/Wethouder-Rik-Thijs.jpeg","datePublished":"2023-01-03T08:26:36+00:00","description":"En f\u00f8rste for Eindhoven (og anden i Holland): lygtep\u00e6l med stikkontakt til opladning af elbiler","breadcrumb":{"@id":"https:\/\/www.citycharge.eu\/da\/en-foerste-for-eindhoven-og-anden-i-holland-lygtepael-med-stikkontakt-til-opladning-af-elbiler\/#breadcrumb"},"inLanguage":"da-DK","potentialAction":[{"@type":"ReadAction","target":["https:\/\/www.citycharge.eu\/da\/en-foerste-for-eindhoven-og-anden-i-holland-lygtepael-med-stikkontakt-til-opladning-af-elbiler\/"]}]},{"@type":"ImageObject","inLanguage":"da-DK","@id":"https:\/\/www.citycharge.eu\/da\/en-foerste-for-eindhoven-og-anden-i-holland-lygtepael-med-stikkontakt-til-opladning-af-elbiler\/#primaryimage","url":"https:\/\/www.citycharge.eu\/wp-content\/uploads\/2023\/01\/Wethouder-Rik-Thijs.jpeg","contentUrl":"https:\/\/www.citycharge.eu\/wp-content\/uploads\/2023\/01\/Wethouder-Rik-Thijs.jpeg","width":1350,"height":900},{"@type":"BreadcrumbList","@id":"https:\/\/www.citycharge.eu\/da\/en-foerste-for-eindhoven-og-anden-i-holland-lygtepael-med-stikkontakt-til-opladning-af-elbiler\/#breadcrumb","itemListElement":[{"@type":"ListItem","position":1,"name":"Home","item":"https:\/\/www.citycharge.eu\/da\/"},{"@type":"ListItem","position":2,"name":"En f\u00f8rste for Eindhoven (og anden i Holland): lygtep\u00e6l med stikkontakt til opladning af elbiler"}]},{"@type":"WebSite","@id":"https:\/\/www.citycharge.eu\/da\/#website","url":"https:\/\/www.citycharge.eu\/da\/","name":"CityCharge","description":"Nieuw licht op laden","publisher":{"@id":"https:\/\/www.citycharge.eu\/da\/#organization"},"potentialAction":[{"@type":"SearchAction","target":{"@type":"EntryPoint","urlTemplate":"https:\/\/www.citycharge.eu\/da\/?s={search_term_string}"},"query-input":{"@type":"PropertyValueSpecification","valueRequired":true,"valueName":"search_term_string"}}],"inLanguage":"da-DK"},{"@type":"Organization","@id":"https:\/\/www.citycharge.eu\/da\/#organization","name":"CityCharge","url":"https:\/\/www.citycharge.eu\/da\/","logo":{"@type":"ImageObject","inLanguage":"da-DK","@id":"https:\/\/www.citycharge.eu\/da\/#\/schema\/logo\/image\/","url":"https:\/\/www.citycharge.eu\/wp-content\/uploads\/2024\/07\/Citycharge_payofff_white.svg","contentUrl":"https:\/\/www.citycharge.eu\/wp-content\/uploads\/2024\/07\/Citycharge_payofff_white.svg","width":1920,"height":530,"caption":"CityCharge"},"image":{"@id":"https:\/\/www.citycharge.eu\/da\/#\/schema\/logo\/image\/"}},{"@type":"Person","@id":"https:\/\/www.citycharge.eu\/da\/#\/schema\/person\/0a798ff10afa77f3d0c65789b5d62f17","name":"admin","image":{"@type":"ImageObject","inLanguage":"da-DK","@id":"https:\/\/secure.gravatar.com\/avatar\/b382f2b0baf85cf8d841621555daa4ae2420c7929b964e5ca4e287310b061056?s=96&d=mm&r=g","url":"https:\/\/secure.gravatar.com\/avatar\/b382f2b0baf85cf8d841621555daa4ae2420c7929b964e5ca4e287310b061056?s=96&d=mm&r=g","contentUrl":"https:\/\/secure.gravatar.com\/avatar\/b382f2b0baf85cf8d841621555daa4ae2420c7929b964e5ca4e287310b061056?s=96&d=mm&r=g","caption":"admin"},"sameAs":["http:\/\/www.citycharge.eu"],"url":"https:\/\/www.citycharge.eu\/da\/author\/admin\/"}]}},"_links":{"self":[{"href":"https:\/\/www.citycharge.eu\/da\/wp-json\/wp\/v2\/posts\/9354","targetHints":{"allow":["GET"]}}],"collection":[{"href":"https:\/\/www.citycharge.eu\/da\/wp-json\/wp\/v2\/posts"}],"about":[{"href":"https:\/\/www.citycharge.eu\/da\/wp-json\/wp\/v2\/types\/post"}],"author":[{"embeddable":true,"href":"https:\/\/www.citycharge.eu\/da\/wp-json\/wp\/v2\/users\/1"}],"replies":[{"embeddable":true,"href":"https:\/\/www.citycharge.eu\/da\/wp-json\/wp\/v2\/comments?post=9354"}],"version-history":[{"count":0,"href":"https:\/\/www.citycharge.eu\/da\/wp-json\/wp\/v2\/posts\/9354\/revisions"}],"wp:featuredmedia":[{"embeddable":true,"href":"https:\/\/www.citycharge.eu\/da\/wp-json\/wp\/v2\/media\/8330"}],"wp:attachment":[{"href":"https:\/\/www.citycharge.eu\/da\/wp-json\/wp\/v2\/media?parent=9354"}],"wp:term":[{"taxonomy":"category","embeddable":true,"href":"https:\/\/www.citycharge.eu\/da\/wp-json\/wp\/v2\/categories?post=9354"},{"taxonomy":"post_tag","embeddable":true,"href":"https:\/\/www.citycharge.eu\/da\/wp-json\/wp\/v2\/tags?post=9354"}],"curies":[{"name":"wp","href":"https:\/\/api.w.org\/{rel}","templated":true}]}}