{"id":9374,"date":"2022-12-20T07:16:43","date_gmt":"2022-12-20T07:16:43","guid":{"rendered":"https:\/\/www.citycharge.eu\/nye-ladelygtepaele-i-arnhem\/"},"modified":"2024-12-30T07:42:00","modified_gmt":"2024-12-30T07:42:00","slug":"nye-ladelygtepaele-i-arnhem","status":"publish","type":"post","link":"https:\/\/www.citycharge.eu\/da\/nye-ladelygtepaele-i-arnhem\/","title":{"rendered":"Nye ladelygtep\u00e6le i Arnhem"},"content":{"rendered":"\t\t<div data-elementor-type=\"wp-post\" data-elementor-id=\"9374\" class=\"elementor elementor-9374 elementor-5740\" data-elementor-post-type=\"post\">\n\t\t\t\t<div class=\"elementor-element elementor-element-346e3dda e-flex e-con-boxed e-con e-parent\" data-id=\"346e3dda\" data-element_type=\"container\" data-e-type=\"container\">\n\t\t\t\t\t<div class=\"e-con-inner\">\n\t\t\t\t<div class=\"elementor-element elementor-element-3104f54 elementor-widget elementor-widget-text-editor\" data-id=\"3104f54\" data-element_type=\"widget\" data-e-type=\"widget\" data-widget_type=\"text-editor.default\">\n\t\t\t\t<div class=\"elementor-widget-container\">\n\t\t\t\t\t\t\t\t\t<div class=\"page\" title=\"Side 1\">\n<div class=\"section\">\n<div class=\"layoutArea\">\n<div class=\"column\">\n<p>Arnhem vil modtage cirka 150 ekstra opladningslygtep\u00e6le fra 2023. De nye kvarterer i Arnhem; Schuytgraaf, Stadhouderskwartier og Blauwe Golven f\u00e5r standard ladepunkter til elbiler, som er integreret i en lygtep\u00e6l. Udbuddet p\u00e5 byggeriet af cirka 150 ladelygtep\u00e6le er muliggjort af et konsortium af Dutch Charge, nemlig Heijmans Emobility og Primevest Capital Partners.  <\/p>\n<\/div>\n<\/div>\n<h3>Ren str\u00f8m til ren trafik<\/h3>\n<p>R\u00e5dmand for b\u00e6redygtig mobilitet Nermina Kundi\u0107 siger f\u00f8lgende om dette store skridt for en renere fremtid: &#8216;Dette skridt passer perfekt til vores ambition om mere ren og stille transport i Arnhem. Flere og flere beboere v\u00e6lger emissionsfri transport. Det er op til os at sikre, at de kan oplade deres elbil tilstr\u00e6kkeligt mange steder. Kombinationen af \u200b\u200bladepunkt og gadelampe giver ogs\u00e5 f\u00e6rre gadem\u00f8bler. Desuden er elektriciteten til ladestanderne &#8216;m\u00f8rkegr\u00f8n&#8217;: den kommer fra solcelleparken langs Pley-ruten.&#8217;<\/p>\n<h3>1 ud af 5 er elektrisk<\/h3>\n<p>Antallet af elbiler er steget kraftigt de seneste \u00e5r. I f\u00f8rste halv\u00e5r af 2022 var 1 ud af fem solgte nye biler elektriske. Det er det dobbelte i forhold til et \u00e5r tidligere. Det resulterer i en stigende eftersp\u00f8rgsel efter ladestandere. For nogle \u00e5r siden var 22 af ladelygtep\u00e6lene allerede installeret i De Kiem Ecowijk. Der voksede brugen fra 160 til 1.660 om \u00e5ret p\u00e5 et \u00e5r. Arnhem kommune har valgt at inddrage ladestandere i udformningen af \u200b\u200bnye boligomr\u00e5der. Som f\u00f8lge heraf er integration i elnettet allerede inkluderet i designet. Dette sikrer, at der ikke opst\u00e5r problemer i elnettet, og at der ikke er gener for offentlige rum.        <\/p>\n<h3><img fetchpriority=\"high\" decoding=\"async\" class=\"alignnone wp-image-10547 size-full\" src=\"https:\/\/www.citycharge.eu\/wp-content\/uploads\/2024\/12\/Arnhem-schuytgraaf.jpg\" alt=\"\" width=\"783\" height=\"402\" srcset=\"https:\/\/www.citycharge.eu\/wp-content\/uploads\/2024\/12\/Arnhem-schuytgraaf.jpg 783w, https:\/\/www.citycharge.eu\/wp-content\/uploads\/2024\/12\/Arnhem-schuytgraaf-300x154.jpg 300w, https:\/\/www.citycharge.eu\/wp-content\/uploads\/2024\/12\/Arnhem-schuytgraaf-768x394.jpg 768w\" sizes=\"(max-width: 783px) 100vw, 783px\" \/><\/h3>\n<h3>600 ladepunkter i Arnhem<\/h3>\n<p>P-pladserne ved ladestederne er ikke forbeholdt elbiler, fordi der altid er en ledig p-plads i n\u00e6rheden af \u200b\u200bet ladested. Dette sikrer mindre irritation over de ledige parkeringspladser. Udbuddet omfatter 150 lygtep\u00e6le med 300 ladepunkter. Der skal bygges yderligere 1.200 boliger i de kommende \u00e5r. S\u00e5dan et nyt kvarter er s\u00e5 forberedt p\u00e5 stigningen i elbiler. Flere lygtep\u00e6le med ladepunkter f\u00f8lger senere i de nybyggede kvarterer, men ogs\u00e5 i eksisterende kvarterer.     <\/p>\n<h3>&#8216;Dette er fremtiden&#8217;<\/h3>\n<p>&#8220;Disse typer af multifunktionelle opladningsl\u00f8sninger er fremtiden,&#8221; siger Michel Versteeg, CEO for Dutch Charge, p\u00e5 vegne af konsortiet. &#8216;Denne kombination af lygtep\u00e6l og ladepunkt sikrer optimal udnyttelse af det offentlige rum uden at skabe rod. Vi leverer b\u00e5de den kombinerede lygtep\u00e6l med ladepunkt og selve ladeservicen de n\u00e6ste 10 \u00e5r.&#8217; <\/p>\n<p>(Kilde: <a href=\"https:\/\/www.arnhem.nl\/actueel\/Persberichten\/Nederlands_consortium_wint_aanbesteding_voor_aanleg_en_exploitatie_gecombineerde_laadinfra\" target=\"_blank\" rel=\"noopener\">Arnhem kommune<\/a> )<\/p>\n<h3>Nye Arnhem-distrikter vil nu have standard opladningslygtep\u00e6le<\/h3>\n<p><img decoding=\"async\" class=\"alignnone wp-image-6608 size-full\" src=\"http:\/\/www.citycharge.eu\/wp-content\/uploads\/2024\/07\/fb5d5afe-453c-415e-a29a-d41d1d6d2cff.jpeg\" alt=\"\" width=\"480\" height=\"640\" srcset=\"https:\/\/www.citycharge.eu\/wp-content\/uploads\/2024\/07\/fb5d5afe-453c-415e-a29a-d41d1d6d2cff.jpeg 480w, https:\/\/www.citycharge.eu\/wp-content\/uploads\/2024\/07\/fb5d5afe-453c-415e-a29a-d41d1d6d2cff-225x300.jpeg 225w\" sizes=\"(max-width: 480px) 100vw, 480px\" \/><\/p>\n<p>L\u00e6s ogs\u00e5: <a href=\"https:\/\/www.arnhemsekoerier.nl\/nieuws\/algemeen\/154022\/arnhem-krijgt-er-150-laadlantaarnpalen-bij#:~:text=ARNHEM%20%2D%20Arnhem%20krijgt%20er%20vanaf,in%20een%20lantaarnpaal%20ge%C3%AFntegreerd%20zijn.\" target=\"_blank\" rel=\"noopener\">Arnhem f\u00e5r 150 ekstra ladelygtep\u00e6le<\/a> .<\/p>\n<\/div>\n<\/div>\n\t\t\t\t\t\t\t\t<\/div>\n\t\t\t\t<\/div>\n\t\t\t\t\t<\/div>\n\t\t\t\t<\/div>\n\t\t\t\t<\/div>\n\t\t","protected":false},"excerpt":{"rendered":"<p>Arnhem vil modtage cirka 150 ekstra opladningslygtep\u00e6le fra 2023. De nye kvarterer i Arnhem; Schuytgraaf, Stadhouderskwartier og Blauwe Golven f\u00e5r standard ladepunkter til elbiler, som er integreret i en lygtep\u00e6l. Udbuddet p\u00e5 byggeriet af cirka 150 ladelygtep\u00e6le er muliggjort af et konsortium af Dutch Charge, nemlig Heijmans Emobility og Primevest Capital Partners. Ren str\u00f8m til [&hellip;]<\/p>\n","protected":false},"author":1,"featured_media":8847,"comment_status":"closed","ping_status":"closed","sticky":false,"template":"","format":"standard","meta":{"_acf_changed":false,"footnotes":""},"categories":[64],"tags":[],"class_list":["post-9374","post","type-post","status-publish","format-standard","has-post-thumbnail","hentry","category-nyheder"],"acf":[],"yoast_head":"<!-- This site is optimized with the Yoast SEO plugin v27.5 - https:\/\/yoast.com\/product\/yoast-seo-wordpress\/ -->\n<title>Nye ladelygtep\u00e6le i Arnhem - CityCharge<\/title>\n<meta name=\"robots\" content=\"index, follow, max-snippet:-1, max-image-preview:large, max-video-preview:-1\" \/>\n<link rel=\"canonical\" href=\"https:\/\/www.citycharge.eu\/da\/nye-ladelygtepaele-i-arnhem\/\" \/>\n<meta property=\"og:locale\" content=\"da_DK\" \/>\n<meta property=\"og:type\" content=\"article\" \/>\n<meta property=\"og:title\" content=\"Nye ladelygtep\u00e6le i Arnhem - CityCharge\" \/>\n<meta property=\"og:description\" content=\"Arnhem vil modtage cirka 150 ekstra opladningslygtep\u00e6le fra 2023. De nye kvarterer i Arnhem; Schuytgraaf, Stadhouderskwartier og Blauwe Golven f\u00e5r standard ladepunkter til elbiler, som er integreret i en lygtep\u00e6l. Udbuddet p\u00e5 byggeriet af cirka 150 ladelygtep\u00e6le er muliggjort af et konsortium af Dutch Charge, nemlig Heijmans Emobility og Primevest Capital Partners. Ren str\u00f8m til [&hellip;]\" \/>\n<meta property=\"og:url\" content=\"https:\/\/www.citycharge.eu\/da\/nye-ladelygtepaele-i-arnhem\/\" \/>\n<meta property=\"og:site_name\" content=\"CityCharge\" \/>\n<meta property=\"article:published_time\" content=\"2022-12-20T07:16:43+00:00\" \/>\n<meta property=\"article:modified_time\" content=\"2024-12-30T07:42:00+00:00\" \/>\n<meta property=\"og:image\" content=\"https:\/\/www.citycharge.eu\/wp-content\/uploads\/2022\/12\/ev-electric-car-pluged-charging-at-a-recharge-stat-2023-11-27-04-50-33-utc-scaled.jpg\" \/>\n\t<meta property=\"og:image:width\" content=\"2560\" \/>\n\t<meta property=\"og:image:height\" content=\"1707\" \/>\n\t<meta property=\"og:image:type\" content=\"image\/jpeg\" \/>\n<meta name=\"author\" content=\"admin\" \/>\n<meta name=\"twitter:card\" content=\"summary_large_image\" \/>\n<meta name=\"twitter:label1\" content=\"Skrevet af\" \/>\n\t<meta name=\"twitter:data1\" content=\"admin\" \/>\n\t<meta name=\"twitter:label2\" content=\"Estimeret l\u00e6setid\" \/>\n\t<meta name=\"twitter:data2\" content=\"2 minutter\" \/>\n<script type=\"application\/ld+json\" class=\"yoast-schema-graph\">{\"@context\":\"https:\\\/\\\/schema.org\",\"@graph\":[{\"@type\":\"Article\",\"@id\":\"https:\\\/\\\/www.citycharge.eu\\\/da\\\/nye-ladelygtepaele-i-arnhem\\\/#article\",\"isPartOf\":{\"@id\":\"https:\\\/\\\/www.citycharge.eu\\\/da\\\/nye-ladelygtepaele-i-arnhem\\\/\"},\"author\":{\"name\":\"admin\",\"@id\":\"https:\\\/\\\/www.citycharge.eu\\\/da\\\/#\\\/schema\\\/person\\\/0a798ff10afa77f3d0c65789b5d62f17\"},\"headline\":\"Nye ladelygtep\u00e6le i Arnhem\",\"datePublished\":\"2022-12-20T07:16:43+00:00\",\"dateModified\":\"2024-12-30T07:42:00+00:00\",\"mainEntityOfPage\":{\"@id\":\"https:\\\/\\\/www.citycharge.eu\\\/da\\\/nye-ladelygtepaele-i-arnhem\\\/\"},\"wordCount\":414,\"publisher\":{\"@id\":\"https:\\\/\\\/www.citycharge.eu\\\/da\\\/#organization\"},\"image\":{\"@id\":\"https:\\\/\\\/www.citycharge.eu\\\/da\\\/nye-ladelygtepaele-i-arnhem\\\/#primaryimage\"},\"thumbnailUrl\":\"https:\\\/\\\/www.citycharge.eu\\\/wp-content\\\/uploads\\\/2022\\\/12\\\/ev-electric-car-pluged-charging-at-a-recharge-stat-2023-11-27-04-50-33-utc-scaled.jpg\",\"articleSection\":[\"Nyheder\"],\"inLanguage\":\"da-DK\"},{\"@type\":\"WebPage\",\"@id\":\"https:\\\/\\\/www.citycharge.eu\\\/da\\\/nye-ladelygtepaele-i-arnhem\\\/\",\"url\":\"https:\\\/\\\/www.citycharge.eu\\\/da\\\/nye-ladelygtepaele-i-arnhem\\\/\",\"name\":\"Nye ladelygtep\u00e6le i Arnhem - CityCharge\",\"isPartOf\":{\"@id\":\"https:\\\/\\\/www.citycharge.eu\\\/da\\\/#website\"},\"primaryImageOfPage\":{\"@id\":\"https:\\\/\\\/www.citycharge.eu\\\/da\\\/nye-ladelygtepaele-i-arnhem\\\/#primaryimage\"},\"image\":{\"@id\":\"https:\\\/\\\/www.citycharge.eu\\\/da\\\/nye-ladelygtepaele-i-arnhem\\\/#primaryimage\"},\"thumbnailUrl\":\"https:\\\/\\\/www.citycharge.eu\\\/wp-content\\\/uploads\\\/2022\\\/12\\\/ev-electric-car-pluged-charging-at-a-recharge-stat-2023-11-27-04-50-33-utc-scaled.jpg\",\"datePublished\":\"2022-12-20T07:16:43+00:00\",\"dateModified\":\"2024-12-30T07:42:00+00:00\",\"breadcrumb\":{\"@id\":\"https:\\\/\\\/www.citycharge.eu\\\/da\\\/nye-ladelygtepaele-i-arnhem\\\/#breadcrumb\"},\"inLanguage\":\"da-DK\",\"potentialAction\":[{\"@type\":\"ReadAction\",\"target\":[\"https:\\\/\\\/www.citycharge.eu\\\/da\\\/nye-ladelygtepaele-i-arnhem\\\/\"]}]},{\"@type\":\"ImageObject\",\"inLanguage\":\"da-DK\",\"@id\":\"https:\\\/\\\/www.citycharge.eu\\\/da\\\/nye-ladelygtepaele-i-arnhem\\\/#primaryimage\",\"url\":\"https:\\\/\\\/www.citycharge.eu\\\/wp-content\\\/uploads\\\/2022\\\/12\\\/ev-electric-car-pluged-charging-at-a-recharge-stat-2023-11-27-04-50-33-utc-scaled.jpg\",\"contentUrl\":\"https:\\\/\\\/www.citycharge.eu\\\/wp-content\\\/uploads\\\/2022\\\/12\\\/ev-electric-car-pluged-charging-at-a-recharge-stat-2023-11-27-04-50-33-utc-scaled.jpg\",\"width\":2560,\"height\":1707,\"caption\":\"EV electric car pluged charging at a recharge station in the city\"},{\"@type\":\"BreadcrumbList\",\"@id\":\"https:\\\/\\\/www.citycharge.eu\\\/da\\\/nye-ladelygtepaele-i-arnhem\\\/#breadcrumb\",\"itemListElement\":[{\"@type\":\"ListItem\",\"position\":1,\"name\":\"Home\",\"item\":\"https:\\\/\\\/www.citycharge.eu\\\/da\\\/\"},{\"@type\":\"ListItem\",\"position\":2,\"name\":\"Nye ladelygtep\u00e6le i Arnhem\"}]},{\"@type\":\"WebSite\",\"@id\":\"https:\\\/\\\/www.citycharge.eu\\\/da\\\/#website\",\"url\":\"https:\\\/\\\/www.citycharge.eu\\\/da\\\/\",\"name\":\"CityCharge\",\"description\":\"Nieuw licht op laden\",\"publisher\":{\"@id\":\"https:\\\/\\\/www.citycharge.eu\\\/da\\\/#organization\"},\"potentialAction\":[{\"@type\":\"SearchAction\",\"target\":{\"@type\":\"EntryPoint\",\"urlTemplate\":\"https:\\\/\\\/www.citycharge.eu\\\/da\\\/?s={search_term_string}\"},\"query-input\":{\"@type\":\"PropertyValueSpecification\",\"valueRequired\":true,\"valueName\":\"search_term_string\"}}],\"inLanguage\":\"da-DK\"},{\"@type\":\"Organization\",\"@id\":\"https:\\\/\\\/www.citycharge.eu\\\/da\\\/#organization\",\"name\":\"CityCharge\",\"url\":\"https:\\\/\\\/www.citycharge.eu\\\/da\\\/\",\"logo\":{\"@type\":\"ImageObject\",\"inLanguage\":\"da-DK\",\"@id\":\"https:\\\/\\\/www.citycharge.eu\\\/da\\\/#\\\/schema\\\/logo\\\/image\\\/\",\"url\":\"https:\\\/\\\/www.citycharge.eu\\\/wp-content\\\/uploads\\\/2024\\\/07\\\/Citycharge_payofff_white.svg\",\"contentUrl\":\"https:\\\/\\\/www.citycharge.eu\\\/wp-content\\\/uploads\\\/2024\\\/07\\\/Citycharge_payofff_white.svg\",\"width\":1920,\"height\":530,\"caption\":\"CityCharge\"},\"image\":{\"@id\":\"https:\\\/\\\/www.citycharge.eu\\\/da\\\/#\\\/schema\\\/logo\\\/image\\\/\"}},{\"@type\":\"Person\",\"@id\":\"https:\\\/\\\/www.citycharge.eu\\\/da\\\/#\\\/schema\\\/person\\\/0a798ff10afa77f3d0c65789b5d62f17\",\"name\":\"admin\",\"image\":{\"@type\":\"ImageObject\",\"inLanguage\":\"da-DK\",\"@id\":\"https:\\\/\\\/secure.gravatar.com\\\/avatar\\\/b382f2b0baf85cf8d841621555daa4ae2420c7929b964e5ca4e287310b061056?s=96&d=mm&r=g\",\"url\":\"https:\\\/\\\/secure.gravatar.com\\\/avatar\\\/b382f2b0baf85cf8d841621555daa4ae2420c7929b964e5ca4e287310b061056?s=96&d=mm&r=g\",\"contentUrl\":\"https:\\\/\\\/secure.gravatar.com\\\/avatar\\\/b382f2b0baf85cf8d841621555daa4ae2420c7929b964e5ca4e287310b061056?s=96&d=mm&r=g\",\"caption\":\"admin\"},\"sameAs\":[\"http:\\\/\\\/www.citycharge.eu\"],\"url\":\"https:\\\/\\\/www.citycharge.eu\\\/da\\\/author\\\/admin\\\/\"}]}<\/script>\n<!-- \/ Yoast SEO plugin. -->","yoast_head_json":{"title":"Nye ladelygtep\u00e6le i Arnhem - CityCharge","robots":{"index":"index","follow":"follow","max-snippet":"max-snippet:-1","max-image-preview":"max-image-preview:large","max-video-preview":"max-video-preview:-1"},"canonical":"https:\/\/www.citycharge.eu\/da\/nye-ladelygtepaele-i-arnhem\/","og_locale":"da_DK","og_type":"article","og_title":"Nye ladelygtep\u00e6le i Arnhem - CityCharge","og_description":"Arnhem vil modtage cirka 150 ekstra opladningslygtep\u00e6le fra 2023. De nye kvarterer i Arnhem; Schuytgraaf, Stadhouderskwartier og Blauwe Golven f\u00e5r standard ladepunkter til elbiler, som er integreret i en lygtep\u00e6l. Udbuddet p\u00e5 byggeriet af cirka 150 ladelygtep\u00e6le er muliggjort af et konsortium af Dutch Charge, nemlig Heijmans Emobility og Primevest Capital Partners. Ren str\u00f8m til [&hellip;]","og_url":"https:\/\/www.citycharge.eu\/da\/nye-ladelygtepaele-i-arnhem\/","og_site_name":"CityCharge","article_published_time":"2022-12-20T07:16:43+00:00","article_modified_time":"2024-12-30T07:42:00+00:00","og_image":[{"width":2560,"height":1707,"url":"https:\/\/www.citycharge.eu\/wp-content\/uploads\/2022\/12\/ev-electric-car-pluged-charging-at-a-recharge-stat-2023-11-27-04-50-33-utc-scaled.jpg","type":"image\/jpeg"}],"author":"admin","twitter_card":"summary_large_image","twitter_misc":{"Skrevet af":"admin","Estimeret l\u00e6setid":"2 minutter"},"schema":{"@context":"https:\/\/schema.org","@graph":[{"@type":"Article","@id":"https:\/\/www.citycharge.eu\/da\/nye-ladelygtepaele-i-arnhem\/#article","isPartOf":{"@id":"https:\/\/www.citycharge.eu\/da\/nye-ladelygtepaele-i-arnhem\/"},"author":{"name":"admin","@id":"https:\/\/www.citycharge.eu\/da\/#\/schema\/person\/0a798ff10afa77f3d0c65789b5d62f17"},"headline":"Nye ladelygtep\u00e6le i Arnhem","datePublished":"2022-12-20T07:16:43+00:00","dateModified":"2024-12-30T07:42:00+00:00","mainEntityOfPage":{"@id":"https:\/\/www.citycharge.eu\/da\/nye-ladelygtepaele-i-arnhem\/"},"wordCount":414,"publisher":{"@id":"https:\/\/www.citycharge.eu\/da\/#organization"},"image":{"@id":"https:\/\/www.citycharge.eu\/da\/nye-ladelygtepaele-i-arnhem\/#primaryimage"},"thumbnailUrl":"https:\/\/www.citycharge.eu\/wp-content\/uploads\/2022\/12\/ev-electric-car-pluged-charging-at-a-recharge-stat-2023-11-27-04-50-33-utc-scaled.jpg","articleSection":["Nyheder"],"inLanguage":"da-DK"},{"@type":"WebPage","@id":"https:\/\/www.citycharge.eu\/da\/nye-ladelygtepaele-i-arnhem\/","url":"https:\/\/www.citycharge.eu\/da\/nye-ladelygtepaele-i-arnhem\/","name":"Nye ladelygtep\u00e6le i Arnhem - CityCharge","isPartOf":{"@id":"https:\/\/www.citycharge.eu\/da\/#website"},"primaryImageOfPage":{"@id":"https:\/\/www.citycharge.eu\/da\/nye-ladelygtepaele-i-arnhem\/#primaryimage"},"image":{"@id":"https:\/\/www.citycharge.eu\/da\/nye-ladelygtepaele-i-arnhem\/#primaryimage"},"thumbnailUrl":"https:\/\/www.citycharge.eu\/wp-content\/uploads\/2022\/12\/ev-electric-car-pluged-charging-at-a-recharge-stat-2023-11-27-04-50-33-utc-scaled.jpg","datePublished":"2022-12-20T07:16:43+00:00","dateModified":"2024-12-30T07:42:00+00:00","breadcrumb":{"@id":"https:\/\/www.citycharge.eu\/da\/nye-ladelygtepaele-i-arnhem\/#breadcrumb"},"inLanguage":"da-DK","potentialAction":[{"@type":"ReadAction","target":["https:\/\/www.citycharge.eu\/da\/nye-ladelygtepaele-i-arnhem\/"]}]},{"@type":"ImageObject","inLanguage":"da-DK","@id":"https:\/\/www.citycharge.eu\/da\/nye-ladelygtepaele-i-arnhem\/#primaryimage","url":"https:\/\/www.citycharge.eu\/wp-content\/uploads\/2022\/12\/ev-electric-car-pluged-charging-at-a-recharge-stat-2023-11-27-04-50-33-utc-scaled.jpg","contentUrl":"https:\/\/www.citycharge.eu\/wp-content\/uploads\/2022\/12\/ev-electric-car-pluged-charging-at-a-recharge-stat-2023-11-27-04-50-33-utc-scaled.jpg","width":2560,"height":1707,"caption":"EV electric car pluged charging at a recharge station in the city"},{"@type":"BreadcrumbList","@id":"https:\/\/www.citycharge.eu\/da\/nye-ladelygtepaele-i-arnhem\/#breadcrumb","itemListElement":[{"@type":"ListItem","position":1,"name":"Home","item":"https:\/\/www.citycharge.eu\/da\/"},{"@type":"ListItem","position":2,"name":"Nye ladelygtep\u00e6le i Arnhem"}]},{"@type":"WebSite","@id":"https:\/\/www.citycharge.eu\/da\/#website","url":"https:\/\/www.citycharge.eu\/da\/","name":"CityCharge","description":"Nieuw licht op laden","publisher":{"@id":"https:\/\/www.citycharge.eu\/da\/#organization"},"potentialAction":[{"@type":"SearchAction","target":{"@type":"EntryPoint","urlTemplate":"https:\/\/www.citycharge.eu\/da\/?s={search_term_string}"},"query-input":{"@type":"PropertyValueSpecification","valueRequired":true,"valueName":"search_term_string"}}],"inLanguage":"da-DK"},{"@type":"Organization","@id":"https:\/\/www.citycharge.eu\/da\/#organization","name":"CityCharge","url":"https:\/\/www.citycharge.eu\/da\/","logo":{"@type":"ImageObject","inLanguage":"da-DK","@id":"https:\/\/www.citycharge.eu\/da\/#\/schema\/logo\/image\/","url":"https:\/\/www.citycharge.eu\/wp-content\/uploads\/2024\/07\/Citycharge_payofff_white.svg","contentUrl":"https:\/\/www.citycharge.eu\/wp-content\/uploads\/2024\/07\/Citycharge_payofff_white.svg","width":1920,"height":530,"caption":"CityCharge"},"image":{"@id":"https:\/\/www.citycharge.eu\/da\/#\/schema\/logo\/image\/"}},{"@type":"Person","@id":"https:\/\/www.citycharge.eu\/da\/#\/schema\/person\/0a798ff10afa77f3d0c65789b5d62f17","name":"admin","image":{"@type":"ImageObject","inLanguage":"da-DK","@id":"https:\/\/secure.gravatar.com\/avatar\/b382f2b0baf85cf8d841621555daa4ae2420c7929b964e5ca4e287310b061056?s=96&d=mm&r=g","url":"https:\/\/secure.gravatar.com\/avatar\/b382f2b0baf85cf8d841621555daa4ae2420c7929b964e5ca4e287310b061056?s=96&d=mm&r=g","contentUrl":"https:\/\/secure.gravatar.com\/avatar\/b382f2b0baf85cf8d841621555daa4ae2420c7929b964e5ca4e287310b061056?s=96&d=mm&r=g","caption":"admin"},"sameAs":["http:\/\/www.citycharge.eu"],"url":"https:\/\/www.citycharge.eu\/da\/author\/admin\/"}]}},"_links":{"self":[{"href":"https:\/\/www.citycharge.eu\/da\/wp-json\/wp\/v2\/posts\/9374","targetHints":{"allow":["GET"]}}],"collection":[{"href":"https:\/\/www.citycharge.eu\/da\/wp-json\/wp\/v2\/posts"}],"about":[{"href":"https:\/\/www.citycharge.eu\/da\/wp-json\/wp\/v2\/types\/post"}],"author":[{"embeddable":true,"href":"https:\/\/www.citycharge.eu\/da\/wp-json\/wp\/v2\/users\/1"}],"replies":[{"embeddable":true,"href":"https:\/\/www.citycharge.eu\/da\/wp-json\/wp\/v2\/comments?post=9374"}],"version-history":[{"count":2,"href":"https:\/\/www.citycharge.eu\/da\/wp-json\/wp\/v2\/posts\/9374\/revisions"}],"predecessor-version":[{"id":10562,"href":"https:\/\/www.citycharge.eu\/da\/wp-json\/wp\/v2\/posts\/9374\/revisions\/10562"}],"wp:featuredmedia":[{"embeddable":true,"href":"https:\/\/www.citycharge.eu\/da\/wp-json\/wp\/v2\/media\/8847"}],"wp:attachment":[{"href":"https:\/\/www.citycharge.eu\/da\/wp-json\/wp\/v2\/media?parent=9374"}],"wp:term":[{"taxonomy":"category","embeddable":true,"href":"https:\/\/www.citycharge.eu\/da\/wp-json\/wp\/v2\/categories?post=9374"},{"taxonomy":"post_tag","embeddable":true,"href":"https:\/\/www.citycharge.eu\/da\/wp-json\/wp\/v2\/tags?post=9374"}],"curies":[{"name":"wp","href":"https:\/\/api.w.org\/{rel}","templated":true}]}}