{"id":9403,"date":"2021-09-30T15:43:43","date_gmt":"2021-09-30T15:43:43","guid":{"rendered":"https:\/\/www.citycharge.eu\/primevest-forvandler-lygtepaelen-til-smart-ladepunkt-for-at-lette-eksplosiv-vaekst-af-elbiler\/"},"modified":"2021-09-30T15:43:43","modified_gmt":"2021-09-30T15:43:43","slug":"primevest-forvandler-lygtepaelen-til-smart-ladepunkt-for-at-lette-eksplosiv-vaekst-af-elbiler","status":"publish","type":"post","link":"https:\/\/www.citycharge.eu\/da\/primevest-forvandler-lygtepaelen-til-smart-ladepunkt-for-at-lette-eksplosiv-vaekst-af-elbiler\/","title":{"rendered":"Primevest forvandler lygtep\u00e6len til smart ladepunkt for at lette eksplosiv v\u00e6kst af elbiler"},"content":{"rendered":"<div class=\"halfpage-ad-nodepage sticky-container\" data-sticky-container=\"\">\n<div class=\"sticky is-anchored is-at-top\" data-sticky=\"\" data-anchor=\"sticky-parent\" data-margin-top=\"7\" data-resize=\"i78ge7-sticky\" data-mutate=\"i78ge7-sticky\" data-i=\"536yve-i\" data-events=\"resize\">\n<div id=\"dfp-halfpage1\" data-google-query-id=\"CMuj1JP6-PECFZC43godwRcBbA\">\n<div id=\"google_ads_iframe_\/21730500021\/rtl-nieuws\/web\/detail_4__container__\">\n<p><strong>Verdens \u00e6ldste gadeteknologi, lygtep\u00e6len, omdannes af Primevest Capital Partners og dets partnere Dutch Charge, Nedal og CityTec til et multifunktionelt, digitalt ladepunkt, der skal afhj\u00e6lpe den enorme mangel p\u00e5 ladepunkter til elbiler i hele Europa. Den hollandske kommune Renkum n\u00e6r Arnhem blev for nylig det f\u00f8rste &#8216;smarte&#8217; distrikt i Europa efter at have installeret denne b\u00e6redygtige og tilpasningsdygtige form for gadebelysning. Andre kommuner og byer andre steder i Holland og udover forventes at f\u00f8lge trop p\u00e5 grund af den enorme og voksende mangel p\u00e5 elektriske ladepunkter.  <\/strong><\/p>\n<p>Mindst en million elektriske k\u00f8ret\u00f8jer s\u00e6lges over hele Europa p\u00e5 \u00e5rsbasis, og dette antal forventes at n\u00e5 op p\u00e5 over 30 millioner i de n\u00e6ste 10 \u00e5r, if\u00f8lge data fra Det Internationale Energiagentur (IEA).<\/p>\n<p><strong>Peter Helfrich, Managing Partner hos Primevest Capital Partners, sagde:<\/strong>  &#8220;Potentialet p\u00e5 dette marked er enormt, is\u00e6r p\u00e5 vores hjemmemarkeder Holland og Tyskland, men ogs\u00e5 i Storbritannien, Frankrig og Skandinavien. Alene i Holland ser vi en eksponentiel v\u00e6kst i eftersp\u00f8rgslen efter ladestandere til elbiler, og der vil v\u00e6re brug for over 1,7 millioner ladepunkter i 2030. Der installeres kun 45 ladepunkter om dagen i \u00f8jeblikket, hvilket skal gange mere end tidoblet til 600 dagligt for at m\u00e5le den aktuelle eftersp\u00f8rgsel. Vores partnere Dutch Charge, CityTec og Nedal har sluttet sig til os for at reagere p\u00e5 denne udvikling og leverer omfattende Citycharge lygtep\u00e6le, hvor moduler til elektrisk opladning og i fremtiden ogs\u00e5 Internet of Things, kameraoverv\u00e5gning og 5G kan integreres.\u201d<\/p>\n<figure id=\"attachment_7171\" aria-describedby=\"caption-attachment-7171\" style=\"width: 311px\" class=\"wp-caption alignright\"><img fetchpriority=\"high\" decoding=\"async\" class=\"wp-image-7171\" src=\"https:\/\/www.dutchcharge.nl\/wp-content\/uploads\/2021\/09\/Gemeente-Renkum-Persmoment-2-200x300.jpeg\" alt=\"\" width=\"311\" height=\"466\"><figcaption id=\"caption-attachment-7171\" class=\"wp-caption-text\">Joa Maouche<\/figcaption><\/figure>\n<p><strong>Joa Maouche, r\u00e5dmand for klima og b\u00e6redygtighed i Renkum kommune, tilf\u00f8jede:<\/strong>  \u201cRenkum kommune har udskiftet n\u00e6sten alle sine 6.300 lygtep\u00e6le med de smarte, b\u00e6redygtige versioner leveret af Primevest CP og dets partnere. Disse lygtep\u00e6le bliver nu udstyret med nye funktioner, s\u00e5som kameraoverv\u00e5gning, og senere p\u00e5 efter\u00e5ret tilf\u00f8jes de f\u00f8rste Citycharge ladestandere certificeret af den hollandske E-Charging Foundation. Ved at tilf\u00f8je disse nye funktioner skaber vi en ny form for gadebelysning, der virkelig er &#8216;smart&#8217;. Vi er glade for, at vores kommune har bidraget til denne udvikling, der kan hj\u00e6lpe flere kommuner med at n\u00e5 deres b\u00e6redygtighedsm\u00e5l og bek\u00e6mpe det voksende rod i vores offentlige rum p\u00e5 grund af tilf\u00f8jelsen af \u200b\u200bnye typer faciliteter.\u201d Antallet af elbiler i brug globalt forventes at eksplodere i l\u00f8bet af de n\u00e6ste 10 \u00e5r fra 11 millioner i 2020 til 145 millioner i 2030, if\u00f8lge IEAs sk\u00f8n. I Europa er Norge (18,1%), Island (5,5%) og Sverige (3,7%) f\u00f8rende med hensyn til elbilers markedsandel i forhold til det samlede lager. Storbritannien sigter mod at \u00f8ge antallet fra 450.000 i 2020 til otte millioner i 2030. Tyskland er i \u00f8jeblikket det st\u00f8rste marked i Europa for elbiler: i 2020 var 14 % af alle solgte nye biler elektriske, og det samlede antal er nu p\u00e5 over 700.000 . Ladepunkter til elbiler er blot en af \u200b\u200bde nye typer gadem\u00f8bler, der kommer til i det offentlige rum. I Holland skal mobilteleudbydere have adgang til 5G-master i henhold til krav fastsat af det hollandske \u00f8konomiministerium for deltagelse i auktionen for nationale 5G-frekvenser. Hollandske kommuner skal ogs\u00e5 reducere deres energiforbrug med 55 % inden 2030 (EU passer til 55) og deres CO2-emissioner med en tilsvarende procentdel for at overholde den hollandske klimaaftale. Smarte multifunktionelle lygtep\u00e6le udstyret med LED-belysning kan yde et stort bidrag til at n\u00e5 dette m\u00e5l.<\/p>\n<p><strong>Heimen Visser, Fund Manager Communication Infrastructure &amp; Smart Cities hos Primevest CP, konkluderede:<\/strong>  \u201cRenkum kommune er en pioner i Holland og m\u00e5ske verden med installationen af \u200b\u200bdenne smarte infrastruktur. Vi forventer, at andre kommuner i Holland, men ogs\u00e5 andre steder i Europa, snart vil f\u00f8lge Renkums eksempel og rulle vores multifunktionelle lygtep\u00e6le ud. Vores Smart City Holland-model, som vi har udviklet i samarbejde med den hollandske kommuners bank BNG Bank, kan nemt skaleres op. Og takket v\u00e6re dens multifunktionelle karakter er vores smarte master ogs\u00e5 meget mere b\u00e6redygtige og billigere at k\u00f8be og vedligeholde end den traditionelle lygtep\u00e6l.\u201d<\/p>\n<p><img decoding=\"async\" class=\"alignnone wp-image-7186 size-full\" src=\"https:\/\/www.dutchcharge.nl\/wp-content\/uploads\/2021\/09\/Gemeente-Renkum-persmoment-1.jpeg\" alt=\"\" width=\"1920\" height=\"1280\"><\/p>\n<p><strong>Om Primevest Capital Partners<\/strong><br \/>\n Primevest Capital Partners er en paneurop\u00e6isk investeringsbutik, der er specialiseret i innovative ejendoms- og ejendomsinvesteringer. Hos Primevest Capital Partners er vores vision at fremtidssikre vores byer ved at levere bedre byliv, forbindelse og mobilitet, mens vi investerer i hele Europa i moderne boliger til overkommelige priser, kommunikationsinfrastruktur og parkeringspladser. Vores investeringsfilosofi og vision er inspireret af den nuv\u00e6rende urbaniseringstrend og evnen til at opfylde de moderne behov i storbysamfund, samtidig med at kvaliteten og b\u00e6redygtigheden af \u200b\u200bmenneskers liv forbedres. Fra vores kontorer i Utrecht og Berlin administrerer et team p\u00e5 40 fagfolk aktiver p\u00e5 \u20ac1,8 milliarder p\u00e5 tv\u00e6rs af seks sektorfokuserede fonde og to individuelle institutionelle mandater. <strong>For mere information, kontakt venligst:<\/strong><br \/>\n Primevest Capital Partners<br \/>\n Lisette van der Ham<br \/>\n Head of Marketing &amp; Corporate Communications<br \/>\n T: +31 6 832 005 61   <\/p>\n<p><a href=\"mailto:lisette.vanderham@primevestcp.com\">lisette.vanderham@primevestcp.com<\/a><br \/>\n<a href=\"http:\/\/www.primevestcp.com\/\" target=\"_blank\" rel=\"noopener\">www.primevestcp.com<\/a><\/p>\n<\/div>\n<\/div>\n<\/div>\n<\/div>\n","protected":false},"excerpt":{"rendered":"<p>Verdens \u00e6ldste gadeteknologi, lygtep\u00e6len, omdannes af Primevest Capital Partners og dets partnere Dutch Charge, Nedal og CityTec til et multifunktionelt, digitalt ladepunkt, der skal afhj\u00e6lpe den enorme mangel p\u00e5 ladepunkter til elbiler i hele Europa. Den hollandske kommune Renkum n\u00e6r Arnhem blev for nylig det f\u00f8rste &#8216;smarte&#8217; distrikt i Europa efter at have installeret denne [&hellip;]<\/p>\n","protected":false},"author":1,"featured_media":8836,"comment_status":"closed","ping_status":"closed","sticky":false,"template":"","format":"standard","meta":{"_acf_changed":false,"footnotes":""},"categories":[64],"tags":[],"class_list":["post-9403","post","type-post","status-publish","format-standard","has-post-thumbnail","hentry","category-nyheder"],"acf":[],"yoast_head":"<!-- This site is optimized with the Yoast SEO plugin v27.5 - https:\/\/yoast.com\/product\/yoast-seo-wordpress\/ -->\n<title>Primevest forvandler lygtep\u00e6len til smart ladepunkt for at lette eksplosiv v\u00e6kst af elbiler - CityCharge<\/title>\n<meta name=\"robots\" content=\"index, follow, max-snippet:-1, max-image-preview:large, max-video-preview:-1\" \/>\n<link rel=\"canonical\" href=\"https:\/\/www.citycharge.eu\/da\/primevest-forvandler-lygtepaelen-til-smart-ladepunkt-for-at-lette-eksplosiv-vaekst-af-elbiler\/\" \/>\n<meta property=\"og:locale\" content=\"da_DK\" \/>\n<meta property=\"og:type\" content=\"article\" \/>\n<meta property=\"og:title\" content=\"Primevest forvandler lygtep\u00e6len til smart ladepunkt for at lette eksplosiv v\u00e6kst af elbiler - CityCharge\" \/>\n<meta property=\"og:description\" content=\"Verdens \u00e6ldste gadeteknologi, lygtep\u00e6len, omdannes af Primevest Capital Partners og dets partnere Dutch Charge, Nedal og CityTec til et multifunktionelt, digitalt ladepunkt, der skal afhj\u00e6lpe den enorme mangel p\u00e5 ladepunkter til elbiler i hele Europa. Den hollandske kommune Renkum n\u00e6r Arnhem blev for nylig det f\u00f8rste &#8216;smarte&#8217; distrikt i Europa efter at have installeret denne [&hellip;]\" \/>\n<meta property=\"og:url\" content=\"https:\/\/www.citycharge.eu\/da\/primevest-forvandler-lygtepaelen-til-smart-ladepunkt-for-at-lette-eksplosiv-vaekst-af-elbiler\/\" \/>\n<meta property=\"og:site_name\" content=\"CityCharge\" \/>\n<meta property=\"article:published_time\" content=\"2021-09-30T15:43:43+00:00\" \/>\n<meta property=\"og:image\" content=\"https:\/\/www.citycharge.eu\/wp-content\/uploads\/2022\/12\/african-american-girl-charging-electro-car-at-the-2023-11-27-05-13-45-utc-scaled.jpg\" \/>\n\t<meta property=\"og:image:width\" content=\"2560\" \/>\n\t<meta property=\"og:image:height\" content=\"1707\" \/>\n\t<meta property=\"og:image:type\" content=\"image\/jpeg\" \/>\n<meta name=\"author\" content=\"admin\" \/>\n<meta name=\"twitter:card\" content=\"summary_large_image\" \/>\n<meta name=\"twitter:label1\" content=\"Skrevet af\" \/>\n\t<meta name=\"twitter:data1\" content=\"admin\" \/>\n\t<meta name=\"twitter:label2\" content=\"Estimeret l\u00e6setid\" \/>\n\t<meta name=\"twitter:data2\" content=\"4 minutter\" \/>\n<script type=\"application\/ld+json\" class=\"yoast-schema-graph\">{\"@context\":\"https:\\\/\\\/schema.org\",\"@graph\":[{\"@type\":\"Article\",\"@id\":\"https:\\\/\\\/www.citycharge.eu\\\/da\\\/primevest-forvandler-lygtepaelen-til-smart-ladepunkt-for-at-lette-eksplosiv-vaekst-af-elbiler\\\/#article\",\"isPartOf\":{\"@id\":\"https:\\\/\\\/www.citycharge.eu\\\/da\\\/primevest-forvandler-lygtepaelen-til-smart-ladepunkt-for-at-lette-eksplosiv-vaekst-af-elbiler\\\/\"},\"author\":{\"name\":\"admin\",\"@id\":\"https:\\\/\\\/www.citycharge.eu\\\/da\\\/#\\\/schema\\\/person\\\/0a798ff10afa77f3d0c65789b5d62f17\"},\"headline\":\"Primevest forvandler lygtep\u00e6len til smart ladepunkt for at lette eksplosiv v\u00e6kst af elbiler\",\"datePublished\":\"2021-09-30T15:43:43+00:00\",\"mainEntityOfPage\":{\"@id\":\"https:\\\/\\\/www.citycharge.eu\\\/da\\\/primevest-forvandler-lygtepaelen-til-smart-ladepunkt-for-at-lette-eksplosiv-vaekst-af-elbiler\\\/\"},\"wordCount\":825,\"publisher\":{\"@id\":\"https:\\\/\\\/www.citycharge.eu\\\/da\\\/#organization\"},\"image\":{\"@id\":\"https:\\\/\\\/www.citycharge.eu\\\/da\\\/primevest-forvandler-lygtepaelen-til-smart-ladepunkt-for-at-lette-eksplosiv-vaekst-af-elbiler\\\/#primaryimage\"},\"thumbnailUrl\":\"https:\\\/\\\/www.citycharge.eu\\\/wp-content\\\/uploads\\\/2022\\\/12\\\/african-american-girl-charging-electro-car-at-the-2023-11-27-05-13-45-utc-scaled.jpg\",\"articleSection\":[\"Nyheder\"],\"inLanguage\":\"da-DK\"},{\"@type\":\"WebPage\",\"@id\":\"https:\\\/\\\/www.citycharge.eu\\\/da\\\/primevest-forvandler-lygtepaelen-til-smart-ladepunkt-for-at-lette-eksplosiv-vaekst-af-elbiler\\\/\",\"url\":\"https:\\\/\\\/www.citycharge.eu\\\/da\\\/primevest-forvandler-lygtepaelen-til-smart-ladepunkt-for-at-lette-eksplosiv-vaekst-af-elbiler\\\/\",\"name\":\"Primevest forvandler lygtep\u00e6len til smart ladepunkt for at lette eksplosiv v\u00e6kst af elbiler - CityCharge\",\"isPartOf\":{\"@id\":\"https:\\\/\\\/www.citycharge.eu\\\/da\\\/#website\"},\"primaryImageOfPage\":{\"@id\":\"https:\\\/\\\/www.citycharge.eu\\\/da\\\/primevest-forvandler-lygtepaelen-til-smart-ladepunkt-for-at-lette-eksplosiv-vaekst-af-elbiler\\\/#primaryimage\"},\"image\":{\"@id\":\"https:\\\/\\\/www.citycharge.eu\\\/da\\\/primevest-forvandler-lygtepaelen-til-smart-ladepunkt-for-at-lette-eksplosiv-vaekst-af-elbiler\\\/#primaryimage\"},\"thumbnailUrl\":\"https:\\\/\\\/www.citycharge.eu\\\/wp-content\\\/uploads\\\/2022\\\/12\\\/african-american-girl-charging-electro-car-at-the-2023-11-27-05-13-45-utc-scaled.jpg\",\"datePublished\":\"2021-09-30T15:43:43+00:00\",\"breadcrumb\":{\"@id\":\"https:\\\/\\\/www.citycharge.eu\\\/da\\\/primevest-forvandler-lygtepaelen-til-smart-ladepunkt-for-at-lette-eksplosiv-vaekst-af-elbiler\\\/#breadcrumb\"},\"inLanguage\":\"da-DK\",\"potentialAction\":[{\"@type\":\"ReadAction\",\"target\":[\"https:\\\/\\\/www.citycharge.eu\\\/da\\\/primevest-forvandler-lygtepaelen-til-smart-ladepunkt-for-at-lette-eksplosiv-vaekst-af-elbiler\\\/\"]}]},{\"@type\":\"ImageObject\",\"inLanguage\":\"da-DK\",\"@id\":\"https:\\\/\\\/www.citycharge.eu\\\/da\\\/primevest-forvandler-lygtepaelen-til-smart-ladepunkt-for-at-lette-eksplosiv-vaekst-af-elbiler\\\/#primaryimage\",\"url\":\"https:\\\/\\\/www.citycharge.eu\\\/wp-content\\\/uploads\\\/2022\\\/12\\\/african-american-girl-charging-electro-car-at-the-2023-11-27-05-13-45-utc-scaled.jpg\",\"contentUrl\":\"https:\\\/\\\/www.citycharge.eu\\\/wp-content\\\/uploads\\\/2022\\\/12\\\/african-american-girl-charging-electro-car-at-the-2023-11-27-05-13-45-utc-scaled.jpg\",\"width\":2560,\"height\":1707,\"caption\":\"Islam black girl charging electro car. Eco car.\"},{\"@type\":\"BreadcrumbList\",\"@id\":\"https:\\\/\\\/www.citycharge.eu\\\/da\\\/primevest-forvandler-lygtepaelen-til-smart-ladepunkt-for-at-lette-eksplosiv-vaekst-af-elbiler\\\/#breadcrumb\",\"itemListElement\":[{\"@type\":\"ListItem\",\"position\":1,\"name\":\"Home\",\"item\":\"https:\\\/\\\/www.citycharge.eu\\\/da\\\/\"},{\"@type\":\"ListItem\",\"position\":2,\"name\":\"Primevest forvandler lygtep\u00e6len til smart ladepunkt for at lette eksplosiv v\u00e6kst af elbiler\"}]},{\"@type\":\"WebSite\",\"@id\":\"https:\\\/\\\/www.citycharge.eu\\\/da\\\/#website\",\"url\":\"https:\\\/\\\/www.citycharge.eu\\\/da\\\/\",\"name\":\"CityCharge\",\"description\":\"Nieuw licht op laden\",\"publisher\":{\"@id\":\"https:\\\/\\\/www.citycharge.eu\\\/da\\\/#organization\"},\"potentialAction\":[{\"@type\":\"SearchAction\",\"target\":{\"@type\":\"EntryPoint\",\"urlTemplate\":\"https:\\\/\\\/www.citycharge.eu\\\/da\\\/?s={search_term_string}\"},\"query-input\":{\"@type\":\"PropertyValueSpecification\",\"valueRequired\":true,\"valueName\":\"search_term_string\"}}],\"inLanguage\":\"da-DK\"},{\"@type\":\"Organization\",\"@id\":\"https:\\\/\\\/www.citycharge.eu\\\/da\\\/#organization\",\"name\":\"CityCharge\",\"url\":\"https:\\\/\\\/www.citycharge.eu\\\/da\\\/\",\"logo\":{\"@type\":\"ImageObject\",\"inLanguage\":\"da-DK\",\"@id\":\"https:\\\/\\\/www.citycharge.eu\\\/da\\\/#\\\/schema\\\/logo\\\/image\\\/\",\"url\":\"https:\\\/\\\/www.citycharge.eu\\\/wp-content\\\/uploads\\\/2024\\\/07\\\/Citycharge_payofff_white.svg\",\"contentUrl\":\"https:\\\/\\\/www.citycharge.eu\\\/wp-content\\\/uploads\\\/2024\\\/07\\\/Citycharge_payofff_white.svg\",\"width\":1920,\"height\":530,\"caption\":\"CityCharge\"},\"image\":{\"@id\":\"https:\\\/\\\/www.citycharge.eu\\\/da\\\/#\\\/schema\\\/logo\\\/image\\\/\"}},{\"@type\":\"Person\",\"@id\":\"https:\\\/\\\/www.citycharge.eu\\\/da\\\/#\\\/schema\\\/person\\\/0a798ff10afa77f3d0c65789b5d62f17\",\"name\":\"admin\",\"image\":{\"@type\":\"ImageObject\",\"inLanguage\":\"da-DK\",\"@id\":\"https:\\\/\\\/secure.gravatar.com\\\/avatar\\\/b382f2b0baf85cf8d841621555daa4ae2420c7929b964e5ca4e287310b061056?s=96&d=mm&r=g\",\"url\":\"https:\\\/\\\/secure.gravatar.com\\\/avatar\\\/b382f2b0baf85cf8d841621555daa4ae2420c7929b964e5ca4e287310b061056?s=96&d=mm&r=g\",\"contentUrl\":\"https:\\\/\\\/secure.gravatar.com\\\/avatar\\\/b382f2b0baf85cf8d841621555daa4ae2420c7929b964e5ca4e287310b061056?s=96&d=mm&r=g\",\"caption\":\"admin\"},\"sameAs\":[\"http:\\\/\\\/www.citycharge.eu\"],\"url\":\"https:\\\/\\\/www.citycharge.eu\\\/da\\\/author\\\/admin\\\/\"}]}<\/script>\n<!-- \/ Yoast SEO plugin. -->","yoast_head_json":{"title":"Primevest forvandler lygtep\u00e6len til smart ladepunkt for at lette eksplosiv v\u00e6kst af elbiler - CityCharge","robots":{"index":"index","follow":"follow","max-snippet":"max-snippet:-1","max-image-preview":"max-image-preview:large","max-video-preview":"max-video-preview:-1"},"canonical":"https:\/\/www.citycharge.eu\/da\/primevest-forvandler-lygtepaelen-til-smart-ladepunkt-for-at-lette-eksplosiv-vaekst-af-elbiler\/","og_locale":"da_DK","og_type":"article","og_title":"Primevest forvandler lygtep\u00e6len til smart ladepunkt for at lette eksplosiv v\u00e6kst af elbiler - CityCharge","og_description":"Verdens \u00e6ldste gadeteknologi, lygtep\u00e6len, omdannes af Primevest Capital Partners og dets partnere Dutch Charge, Nedal og CityTec til et multifunktionelt, digitalt ladepunkt, der skal afhj\u00e6lpe den enorme mangel p\u00e5 ladepunkter til elbiler i hele Europa. Den hollandske kommune Renkum n\u00e6r Arnhem blev for nylig det f\u00f8rste &#8216;smarte&#8217; distrikt i Europa efter at have installeret denne [&hellip;]","og_url":"https:\/\/www.citycharge.eu\/da\/primevest-forvandler-lygtepaelen-til-smart-ladepunkt-for-at-lette-eksplosiv-vaekst-af-elbiler\/","og_site_name":"CityCharge","article_published_time":"2021-09-30T15:43:43+00:00","og_image":[{"width":2560,"height":1707,"url":"https:\/\/www.citycharge.eu\/wp-content\/uploads\/2022\/12\/african-american-girl-charging-electro-car-at-the-2023-11-27-05-13-45-utc-scaled.jpg","type":"image\/jpeg"}],"author":"admin","twitter_card":"summary_large_image","twitter_misc":{"Skrevet af":"admin","Estimeret l\u00e6setid":"4 minutter"},"schema":{"@context":"https:\/\/schema.org","@graph":[{"@type":"Article","@id":"https:\/\/www.citycharge.eu\/da\/primevest-forvandler-lygtepaelen-til-smart-ladepunkt-for-at-lette-eksplosiv-vaekst-af-elbiler\/#article","isPartOf":{"@id":"https:\/\/www.citycharge.eu\/da\/primevest-forvandler-lygtepaelen-til-smart-ladepunkt-for-at-lette-eksplosiv-vaekst-af-elbiler\/"},"author":{"name":"admin","@id":"https:\/\/www.citycharge.eu\/da\/#\/schema\/person\/0a798ff10afa77f3d0c65789b5d62f17"},"headline":"Primevest forvandler lygtep\u00e6len til smart ladepunkt for at lette eksplosiv v\u00e6kst af elbiler","datePublished":"2021-09-30T15:43:43+00:00","mainEntityOfPage":{"@id":"https:\/\/www.citycharge.eu\/da\/primevest-forvandler-lygtepaelen-til-smart-ladepunkt-for-at-lette-eksplosiv-vaekst-af-elbiler\/"},"wordCount":825,"publisher":{"@id":"https:\/\/www.citycharge.eu\/da\/#organization"},"image":{"@id":"https:\/\/www.citycharge.eu\/da\/primevest-forvandler-lygtepaelen-til-smart-ladepunkt-for-at-lette-eksplosiv-vaekst-af-elbiler\/#primaryimage"},"thumbnailUrl":"https:\/\/www.citycharge.eu\/wp-content\/uploads\/2022\/12\/african-american-girl-charging-electro-car-at-the-2023-11-27-05-13-45-utc-scaled.jpg","articleSection":["Nyheder"],"inLanguage":"da-DK"},{"@type":"WebPage","@id":"https:\/\/www.citycharge.eu\/da\/primevest-forvandler-lygtepaelen-til-smart-ladepunkt-for-at-lette-eksplosiv-vaekst-af-elbiler\/","url":"https:\/\/www.citycharge.eu\/da\/primevest-forvandler-lygtepaelen-til-smart-ladepunkt-for-at-lette-eksplosiv-vaekst-af-elbiler\/","name":"Primevest forvandler lygtep\u00e6len til smart ladepunkt for at lette eksplosiv v\u00e6kst af elbiler - CityCharge","isPartOf":{"@id":"https:\/\/www.citycharge.eu\/da\/#website"},"primaryImageOfPage":{"@id":"https:\/\/www.citycharge.eu\/da\/primevest-forvandler-lygtepaelen-til-smart-ladepunkt-for-at-lette-eksplosiv-vaekst-af-elbiler\/#primaryimage"},"image":{"@id":"https:\/\/www.citycharge.eu\/da\/primevest-forvandler-lygtepaelen-til-smart-ladepunkt-for-at-lette-eksplosiv-vaekst-af-elbiler\/#primaryimage"},"thumbnailUrl":"https:\/\/www.citycharge.eu\/wp-content\/uploads\/2022\/12\/african-american-girl-charging-electro-car-at-the-2023-11-27-05-13-45-utc-scaled.jpg","datePublished":"2021-09-30T15:43:43+00:00","breadcrumb":{"@id":"https:\/\/www.citycharge.eu\/da\/primevest-forvandler-lygtepaelen-til-smart-ladepunkt-for-at-lette-eksplosiv-vaekst-af-elbiler\/#breadcrumb"},"inLanguage":"da-DK","potentialAction":[{"@type":"ReadAction","target":["https:\/\/www.citycharge.eu\/da\/primevest-forvandler-lygtepaelen-til-smart-ladepunkt-for-at-lette-eksplosiv-vaekst-af-elbiler\/"]}]},{"@type":"ImageObject","inLanguage":"da-DK","@id":"https:\/\/www.citycharge.eu\/da\/primevest-forvandler-lygtepaelen-til-smart-ladepunkt-for-at-lette-eksplosiv-vaekst-af-elbiler\/#primaryimage","url":"https:\/\/www.citycharge.eu\/wp-content\/uploads\/2022\/12\/african-american-girl-charging-electro-car-at-the-2023-11-27-05-13-45-utc-scaled.jpg","contentUrl":"https:\/\/www.citycharge.eu\/wp-content\/uploads\/2022\/12\/african-american-girl-charging-electro-car-at-the-2023-11-27-05-13-45-utc-scaled.jpg","width":2560,"height":1707,"caption":"Islam black girl charging electro car. Eco car."},{"@type":"BreadcrumbList","@id":"https:\/\/www.citycharge.eu\/da\/primevest-forvandler-lygtepaelen-til-smart-ladepunkt-for-at-lette-eksplosiv-vaekst-af-elbiler\/#breadcrumb","itemListElement":[{"@type":"ListItem","position":1,"name":"Home","item":"https:\/\/www.citycharge.eu\/da\/"},{"@type":"ListItem","position":2,"name":"Primevest forvandler lygtep\u00e6len til smart ladepunkt for at lette eksplosiv v\u00e6kst af elbiler"}]},{"@type":"WebSite","@id":"https:\/\/www.citycharge.eu\/da\/#website","url":"https:\/\/www.citycharge.eu\/da\/","name":"CityCharge","description":"Nieuw licht op laden","publisher":{"@id":"https:\/\/www.citycharge.eu\/da\/#organization"},"potentialAction":[{"@type":"SearchAction","target":{"@type":"EntryPoint","urlTemplate":"https:\/\/www.citycharge.eu\/da\/?s={search_term_string}"},"query-input":{"@type":"PropertyValueSpecification","valueRequired":true,"valueName":"search_term_string"}}],"inLanguage":"da-DK"},{"@type":"Organization","@id":"https:\/\/www.citycharge.eu\/da\/#organization","name":"CityCharge","url":"https:\/\/www.citycharge.eu\/da\/","logo":{"@type":"ImageObject","inLanguage":"da-DK","@id":"https:\/\/www.citycharge.eu\/da\/#\/schema\/logo\/image\/","url":"https:\/\/www.citycharge.eu\/wp-content\/uploads\/2024\/07\/Citycharge_payofff_white.svg","contentUrl":"https:\/\/www.citycharge.eu\/wp-content\/uploads\/2024\/07\/Citycharge_payofff_white.svg","width":1920,"height":530,"caption":"CityCharge"},"image":{"@id":"https:\/\/www.citycharge.eu\/da\/#\/schema\/logo\/image\/"}},{"@type":"Person","@id":"https:\/\/www.citycharge.eu\/da\/#\/schema\/person\/0a798ff10afa77f3d0c65789b5d62f17","name":"admin","image":{"@type":"ImageObject","inLanguage":"da-DK","@id":"https:\/\/secure.gravatar.com\/avatar\/b382f2b0baf85cf8d841621555daa4ae2420c7929b964e5ca4e287310b061056?s=96&d=mm&r=g","url":"https:\/\/secure.gravatar.com\/avatar\/b382f2b0baf85cf8d841621555daa4ae2420c7929b964e5ca4e287310b061056?s=96&d=mm&r=g","contentUrl":"https:\/\/secure.gravatar.com\/avatar\/b382f2b0baf85cf8d841621555daa4ae2420c7929b964e5ca4e287310b061056?s=96&d=mm&r=g","caption":"admin"},"sameAs":["http:\/\/www.citycharge.eu"],"url":"https:\/\/www.citycharge.eu\/da\/author\/admin\/"}]}},"_links":{"self":[{"href":"https:\/\/www.citycharge.eu\/da\/wp-json\/wp\/v2\/posts\/9403","targetHints":{"allow":["GET"]}}],"collection":[{"href":"https:\/\/www.citycharge.eu\/da\/wp-json\/wp\/v2\/posts"}],"about":[{"href":"https:\/\/www.citycharge.eu\/da\/wp-json\/wp\/v2\/types\/post"}],"author":[{"embeddable":true,"href":"https:\/\/www.citycharge.eu\/da\/wp-json\/wp\/v2\/users\/1"}],"replies":[{"embeddable":true,"href":"https:\/\/www.citycharge.eu\/da\/wp-json\/wp\/v2\/comments?post=9403"}],"version-history":[{"count":0,"href":"https:\/\/www.citycharge.eu\/da\/wp-json\/wp\/v2\/posts\/9403\/revisions"}],"wp:featuredmedia":[{"embeddable":true,"href":"https:\/\/www.citycharge.eu\/da\/wp-json\/wp\/v2\/media\/8836"}],"wp:attachment":[{"href":"https:\/\/www.citycharge.eu\/da\/wp-json\/wp\/v2\/media?parent=9403"}],"wp:term":[{"taxonomy":"category","embeddable":true,"href":"https:\/\/www.citycharge.eu\/da\/wp-json\/wp\/v2\/categories?post=9403"},{"taxonomy":"post_tag","embeddable":true,"href":"https:\/\/www.citycharge.eu\/da\/wp-json\/wp\/v2\/tags?post=9403"}],"curies":[{"name":"wp","href":"https:\/\/api.w.org\/{rel}","templated":true}]}}