{"id":9370,"date":"2022-12-20T07:16:43","date_gmt":"2022-12-20T07:16:43","guid":{"rendered":"https:\/\/www.citycharge.eu\/neue-ladelaternen-in-arnheim\/"},"modified":"2024-12-30T07:42:01","modified_gmt":"2024-12-30T07:42:01","slug":"neue-ladelaternen-in-arnheim","status":"publish","type":"post","link":"https:\/\/www.citycharge.eu\/de\/neue-ladelaternen-in-arnheim\/","title":{"rendered":"Neue Ladelaternen in Arnheim"},"content":{"rendered":"\t\t<div data-elementor-type=\"wp-post\" data-elementor-id=\"9370\" class=\"elementor elementor-9370 elementor-5740\" data-elementor-post-type=\"post\">\n\t\t\t\t<div class=\"elementor-element elementor-element-346e3dda e-flex e-con-boxed e-con e-parent\" data-id=\"346e3dda\" data-element_type=\"container\" data-e-type=\"container\">\n\t\t\t\t\t<div class=\"e-con-inner\">\n\t\t\t\t<div class=\"elementor-element elementor-element-3104f54 elementor-widget elementor-widget-text-editor\" data-id=\"3104f54\" data-element_type=\"widget\" data-e-type=\"widget\" data-widget_type=\"text-editor.default\">\n\t\t\t\t<div class=\"elementor-widget-container\">\n\t\t\t\t\t\t\t\t\t<div class=\"page\" title=\"Seite 1\">\n<div class=\"section\">\n<div class=\"layoutArea\">\n<div class=\"column\">\n<p>Arnheim wird ab 2023 etwa 150 zus\u00e4tzliche Ladelaternenmasten erhalten. Die neuen Viertel von Arnheim; Schuytgraaf, das Stadhouderskwartier und das Blauwe Golven werden \u00fcber Standard-Ladestationen f\u00fcr Elektroautos verf\u00fcgen, die in einen Laternenpfahl integriert sind. Die Ausschreibung f\u00fcr den Bau von rund 150 Ladelaternen wird durch ein Konsortium von Dutch Charge, n\u00e4mlich Heijmans Emobility und Primevest Capital Partners, erm\u00f6glicht.  <\/p>\n<\/div>\n<\/div>\n<h3>Sauberer Strom f\u00fcr sauberen Verkehr<\/h3>\n<p>Nermina Kundi\u0107, Stadtr\u00e4tin f\u00fcr nachhaltige Mobilit\u00e4t, sagt zu diesem gro\u00dfen Schritt f\u00fcr eine sauberere Zukunft: \u201eDieser Schritt passt perfekt zu unserem Ziel f\u00fcr einen saubereren und leiseren Transport in Arnheim.\u201c Immer mehr Einwohner entscheiden sich f\u00fcr einen emissionsfreien Transport. Es liegt an uns, daf\u00fcr zu sorgen, dass sie ihr Elektroauto an ausreichend Orten laden k\u00f6nnen. Die Kombination aus Lades\u00e4ule und Stra\u00dfenlaterne f\u00fchrt auch zu weniger Stra\u00dfenmobiliar. Dar\u00fcber hinaus ist der Strom f\u00fcr die Ladestationen \u201edunkelgr\u00fcn\u201c: Er kommt aus dem Solarpark entlang der Pley Route.\u201c<\/p>\n<h3>Jeder F\u00fcnfte ist elektrisch<\/h3>\n<p>Die Zahl der Elektroautos ist in den letzten Jahren stark gestiegen. Im ersten Halbjahr 2022 war jedes f\u00fcnfte verkaufte Neuauto elektrisch. Das ist eine Verdoppelung im Vergleich zum Vorjahr. Dies f\u00fchrt zu einem steigenden Bedarf an Ladepunkten. Vor einigen Jahren waren bereits 22 der Ladelaternen im De Kiem Ecowijk installiert. Dort wuchs die Nutzung innerhalb eines Jahres von 160 auf 1.660 pro Jahr. Die Gemeinde Arnheim hat sich daf\u00fcr entschieden, Ladestationen in die Gestaltung neuer Wohngebiete einzubeziehen. Daher wurde die Integration in das Stromnetz bereits in die Planung einbezogen. Dadurch wird sichergestellt, dass es zu keinen Problemen im Stromnetz kommt und es zu keiner Bel\u00e4stigung \u00f6ffentlicher R\u00e4ume kommt.        <\/p>\n<h3><img fetchpriority=\"high\" decoding=\"async\" class=\"alignnone wp-image-10547 size-full\" src=\"https:\/\/www.citycharge.eu\/wp-content\/uploads\/2024\/12\/Arnhem-schuytgraaf.jpg\" alt=\"\" width=\"783\" height=\"402\" srcset=\"https:\/\/www.citycharge.eu\/wp-content\/uploads\/2024\/12\/Arnhem-schuytgraaf.jpg 783w, https:\/\/www.citycharge.eu\/wp-content\/uploads\/2024\/12\/Arnhem-schuytgraaf-300x154.jpg 300w, https:\/\/www.citycharge.eu\/wp-content\/uploads\/2024\/12\/Arnhem-schuytgraaf-768x394.jpg 768w\" sizes=\"(max-width: 783px) 100vw, 783px\" \/><\/h3>\n<h3>600 Ladepunkte in Arnheim<\/h3>\n<p>Die Parkpl\u00e4tze an den Lades\u00e4ulen sind nicht f\u00fcr Elektroautos reserviert, da es in der N\u00e4he einer Lades\u00e4ule immer einen freien Parkplatz gibt. Dies sorgt f\u00fcr weniger \u00c4rger \u00fcber die verf\u00fcgbaren Parkpl\u00e4tze. Die Ausschreibung umfasst 150 Laternenmasten mit 300 Ladepunkten. In den kommenden Jahren werden weitere 1.200 Wohnungen gebaut. Ein solches neues Viertel ist dann auf den Zuwachs an Elektroautos vorbereitet. Weitere Laternenpf\u00e4hle mit Ladepunkten werden sp\u00e4ter in den Neubauquartieren, aber auch in bestehenden Quartieren folgen.     <\/p>\n<h3>\u201eDas ist die Zukunft\u201c<\/h3>\n<p>\u201eSolche multifunktionalen Ladel\u00f6sungen sind die Zukunft\u201c, sagt Michel Versteeg, CEO von Dutch Charge, im Namen des Konsortiums. \u201eDiese Kombination aus Laternenpfahl und Ladestation sorgt f\u00fcr eine optimale Nutzung des \u00f6ffentlichen Raums, ohne dass es zu Unordnung kommt.\u201c \u201eWir liefern sowohl den kombinierten Laternenmast mit Ladepunkt als auch den Ladeservice selbst f\u00fcr die n\u00e4chsten 10 Jahre.\u201c <\/p>\n<p>(Quelle: <a href=\"https:\/\/www.arnhem.nl\/actueel\/Persberichten\/Nederlands_consortium_wint_aanbesteding_voor_aanleg_en_exploitatie_gecombineerde_laadinfra\" target=\"_blank\" rel=\"noopener\">Gemeinde Arnheim<\/a> )<\/p>\n<h3>In den neuen Bezirken von Arnheim gibt es nun standardm\u00e4\u00dfige Ladelaternen<\/h3>\n<p><img decoding=\"async\" class=\"alignnone wp-image-6608 size-full\" src=\"http:\/\/www.citycharge.eu\/wp-content\/uploads\/2024\/07\/fb5d5afe-453c-415e-a29a-d41d1d6d2cff.jpeg\" alt=\"\" width=\"480\" height=\"640\" srcset=\"https:\/\/www.citycharge.eu\/wp-content\/uploads\/2024\/07\/fb5d5afe-453c-415e-a29a-d41d1d6d2cff.jpeg 480w, https:\/\/www.citycharge.eu\/wp-content\/uploads\/2024\/07\/fb5d5afe-453c-415e-a29a-d41d1d6d2cff-225x300.jpeg 225w\" sizes=\"(max-width: 480px) 100vw, 480px\" \/><\/p>\n<p>Lesen Sie auch: <a href=\"https:\/\/www.arnhemsekoerier.nl\/nieuws\/algemeen\/154022\/arnhem-krijgt-er-150-laadlantaarnpalen-bij#:~:text=ARNHEM%20%2D%20Arnhem%20krijgt%20er%20vanaf,in%20een%20lantaarnpaal%20ge%C3%AFntegreerd%20zijn.\" target=\"_blank\" rel=\"noopener\">Arnheim erh\u00e4lt 150 zus\u00e4tzliche Ladelaternen<\/a> .<\/p>\n<\/div>\n<\/div>\n\t\t\t\t\t\t\t\t<\/div>\n\t\t\t\t<\/div>\n\t\t\t\t\t<\/div>\n\t\t\t\t<\/div>\n\t\t\t\t<\/div>\n\t\t","protected":false},"excerpt":{"rendered":"<p>Arnheim wird ab 2023 etwa 150 zus\u00e4tzliche Ladelaternenmasten erhalten. Die neuen Viertel von Arnheim; Schuytgraaf, das Stadhouderskwartier und das Blauwe Golven werden \u00fcber Standard-Ladestationen f\u00fcr Elektroautos verf\u00fcgen, die in einen Laternenpfahl integriert sind. Die Ausschreibung f\u00fcr den Bau von rund 150 Ladelaternen wird durch ein Konsortium von Dutch Charge, n\u00e4mlich Heijmans Emobility und Primevest Capital [&hellip;]<\/p>\n","protected":false},"author":1,"featured_media":8851,"comment_status":"closed","ping_status":"closed","sticky":false,"template":"","format":"standard","meta":{"_acf_changed":false,"footnotes":""},"categories":[63],"tags":[],"class_list":["post-9370","post","type-post","status-publish","format-standard","has-post-thumbnail","hentry","category-nachricht"],"acf":[],"yoast_head":"<!-- This site is optimized with the Yoast SEO plugin v27.5 - https:\/\/yoast.com\/product\/yoast-seo-wordpress\/ -->\n<title>Neue Ladelaternen in Arnheim - CityCharge<\/title>\n<meta name=\"robots\" content=\"index, follow, max-snippet:-1, max-image-preview:large, max-video-preview:-1\" \/>\n<link rel=\"canonical\" href=\"https:\/\/www.citycharge.eu\/de\/neue-ladelaternen-in-arnheim\/\" \/>\n<meta property=\"og:locale\" content=\"de_DE\" \/>\n<meta property=\"og:type\" content=\"article\" \/>\n<meta property=\"og:title\" content=\"Neue Ladelaternen in Arnheim - CityCharge\" \/>\n<meta property=\"og:description\" content=\"Arnheim wird ab 2023 etwa 150 zus\u00e4tzliche Ladelaternenmasten erhalten. Die neuen Viertel von Arnheim; Schuytgraaf, das Stadhouderskwartier und das Blauwe Golven werden \u00fcber Standard-Ladestationen f\u00fcr Elektroautos verf\u00fcgen, die in einen Laternenpfahl integriert sind. Die Ausschreibung f\u00fcr den Bau von rund 150 Ladelaternen wird durch ein Konsortium von Dutch Charge, n\u00e4mlich Heijmans Emobility und Primevest Capital [&hellip;]\" \/>\n<meta property=\"og:url\" content=\"https:\/\/www.citycharge.eu\/de\/neue-ladelaternen-in-arnheim\/\" \/>\n<meta property=\"og:site_name\" content=\"CityCharge\" \/>\n<meta property=\"article:published_time\" content=\"2022-12-20T07:16:43+00:00\" \/>\n<meta property=\"article:modified_time\" content=\"2024-12-30T07:42:01+00:00\" \/>\n<meta property=\"og:image\" content=\"https:\/\/www.citycharge.eu\/wp-content\/uploads\/2022\/12\/ev-electric-car-pluged-charging-at-a-recharge-stat-2023-11-27-04-50-33-utc-scaled.jpg\" \/>\n\t<meta property=\"og:image:width\" content=\"2560\" \/>\n\t<meta property=\"og:image:height\" content=\"1707\" \/>\n\t<meta property=\"og:image:type\" content=\"image\/jpeg\" \/>\n<meta name=\"author\" content=\"admin\" \/>\n<meta name=\"twitter:card\" content=\"summary_large_image\" \/>\n<meta name=\"twitter:label1\" content=\"Verfasst von\" \/>\n\t<meta name=\"twitter:data1\" content=\"admin\" \/>\n\t<meta name=\"twitter:label2\" content=\"Gesch\u00e4tzte Lesezeit\" \/>\n\t<meta name=\"twitter:data2\" content=\"2\u00a0Minuten\" \/>\n<script type=\"application\/ld+json\" class=\"yoast-schema-graph\">{\"@context\":\"https:\\\/\\\/schema.org\",\"@graph\":[{\"@type\":\"Article\",\"@id\":\"https:\\\/\\\/www.citycharge.eu\\\/de\\\/neue-ladelaternen-in-arnheim\\\/#article\",\"isPartOf\":{\"@id\":\"https:\\\/\\\/www.citycharge.eu\\\/de\\\/neue-ladelaternen-in-arnheim\\\/\"},\"author\":{\"name\":\"admin\",\"@id\":\"https:\\\/\\\/www.citycharge.eu\\\/de\\\/#\\\/schema\\\/person\\\/0a798ff10afa77f3d0c65789b5d62f17\"},\"headline\":\"Neue Ladelaternen in Arnheim\",\"datePublished\":\"2022-12-20T07:16:43+00:00\",\"dateModified\":\"2024-12-30T07:42:01+00:00\",\"mainEntityOfPage\":{\"@id\":\"https:\\\/\\\/www.citycharge.eu\\\/de\\\/neue-ladelaternen-in-arnheim\\\/\"},\"wordCount\":455,\"publisher\":{\"@id\":\"https:\\\/\\\/www.citycharge.eu\\\/de\\\/#organization\"},\"image\":{\"@id\":\"https:\\\/\\\/www.citycharge.eu\\\/de\\\/neue-ladelaternen-in-arnheim\\\/#primaryimage\"},\"thumbnailUrl\":\"https:\\\/\\\/www.citycharge.eu\\\/wp-content\\\/uploads\\\/2022\\\/12\\\/ev-electric-car-pluged-charging-at-a-recharge-stat-2023-11-27-04-50-33-utc-scaled.jpg\",\"articleSection\":[\"Nachricht\"],\"inLanguage\":\"de\"},{\"@type\":\"WebPage\",\"@id\":\"https:\\\/\\\/www.citycharge.eu\\\/de\\\/neue-ladelaternen-in-arnheim\\\/\",\"url\":\"https:\\\/\\\/www.citycharge.eu\\\/de\\\/neue-ladelaternen-in-arnheim\\\/\",\"name\":\"Neue Ladelaternen in Arnheim - CityCharge\",\"isPartOf\":{\"@id\":\"https:\\\/\\\/www.citycharge.eu\\\/de\\\/#website\"},\"primaryImageOfPage\":{\"@id\":\"https:\\\/\\\/www.citycharge.eu\\\/de\\\/neue-ladelaternen-in-arnheim\\\/#primaryimage\"},\"image\":{\"@id\":\"https:\\\/\\\/www.citycharge.eu\\\/de\\\/neue-ladelaternen-in-arnheim\\\/#primaryimage\"},\"thumbnailUrl\":\"https:\\\/\\\/www.citycharge.eu\\\/wp-content\\\/uploads\\\/2022\\\/12\\\/ev-electric-car-pluged-charging-at-a-recharge-stat-2023-11-27-04-50-33-utc-scaled.jpg\",\"datePublished\":\"2022-12-20T07:16:43+00:00\",\"dateModified\":\"2024-12-30T07:42:01+00:00\",\"breadcrumb\":{\"@id\":\"https:\\\/\\\/www.citycharge.eu\\\/de\\\/neue-ladelaternen-in-arnheim\\\/#breadcrumb\"},\"inLanguage\":\"de\",\"potentialAction\":[{\"@type\":\"ReadAction\",\"target\":[\"https:\\\/\\\/www.citycharge.eu\\\/de\\\/neue-ladelaternen-in-arnheim\\\/\"]}]},{\"@type\":\"ImageObject\",\"inLanguage\":\"de\",\"@id\":\"https:\\\/\\\/www.citycharge.eu\\\/de\\\/neue-ladelaternen-in-arnheim\\\/#primaryimage\",\"url\":\"https:\\\/\\\/www.citycharge.eu\\\/wp-content\\\/uploads\\\/2022\\\/12\\\/ev-electric-car-pluged-charging-at-a-recharge-stat-2023-11-27-04-50-33-utc-scaled.jpg\",\"contentUrl\":\"https:\\\/\\\/www.citycharge.eu\\\/wp-content\\\/uploads\\\/2022\\\/12\\\/ev-electric-car-pluged-charging-at-a-recharge-stat-2023-11-27-04-50-33-utc-scaled.jpg\",\"width\":2560,\"height\":1707,\"caption\":\"EV electric car pluged charging at a recharge station in the city\"},{\"@type\":\"BreadcrumbList\",\"@id\":\"https:\\\/\\\/www.citycharge.eu\\\/de\\\/neue-ladelaternen-in-arnheim\\\/#breadcrumb\",\"itemListElement\":[{\"@type\":\"ListItem\",\"position\":1,\"name\":\"Home\",\"item\":\"https:\\\/\\\/www.citycharge.eu\\\/de\\\/\"},{\"@type\":\"ListItem\",\"position\":2,\"name\":\"Neue Ladelaternen in Arnheim\"}]},{\"@type\":\"WebSite\",\"@id\":\"https:\\\/\\\/www.citycharge.eu\\\/de\\\/#website\",\"url\":\"https:\\\/\\\/www.citycharge.eu\\\/de\\\/\",\"name\":\"CityCharge\",\"description\":\"Nieuw licht op laden\",\"publisher\":{\"@id\":\"https:\\\/\\\/www.citycharge.eu\\\/de\\\/#organization\"},\"potentialAction\":[{\"@type\":\"SearchAction\",\"target\":{\"@type\":\"EntryPoint\",\"urlTemplate\":\"https:\\\/\\\/www.citycharge.eu\\\/de\\\/?s={search_term_string}\"},\"query-input\":{\"@type\":\"PropertyValueSpecification\",\"valueRequired\":true,\"valueName\":\"search_term_string\"}}],\"inLanguage\":\"de\"},{\"@type\":\"Organization\",\"@id\":\"https:\\\/\\\/www.citycharge.eu\\\/de\\\/#organization\",\"name\":\"CityCharge\",\"url\":\"https:\\\/\\\/www.citycharge.eu\\\/de\\\/\",\"logo\":{\"@type\":\"ImageObject\",\"inLanguage\":\"de\",\"@id\":\"https:\\\/\\\/www.citycharge.eu\\\/de\\\/#\\\/schema\\\/logo\\\/image\\\/\",\"url\":\"https:\\\/\\\/www.citycharge.eu\\\/wp-content\\\/uploads\\\/2024\\\/07\\\/Citycharge_payofff_white.svg\",\"contentUrl\":\"https:\\\/\\\/www.citycharge.eu\\\/wp-content\\\/uploads\\\/2024\\\/07\\\/Citycharge_payofff_white.svg\",\"width\":1920,\"height\":530,\"caption\":\"CityCharge\"},\"image\":{\"@id\":\"https:\\\/\\\/www.citycharge.eu\\\/de\\\/#\\\/schema\\\/logo\\\/image\\\/\"}},{\"@type\":\"Person\",\"@id\":\"https:\\\/\\\/www.citycharge.eu\\\/de\\\/#\\\/schema\\\/person\\\/0a798ff10afa77f3d0c65789b5d62f17\",\"name\":\"admin\",\"image\":{\"@type\":\"ImageObject\",\"inLanguage\":\"de\",\"@id\":\"https:\\\/\\\/secure.gravatar.com\\\/avatar\\\/b382f2b0baf85cf8d841621555daa4ae2420c7929b964e5ca4e287310b061056?s=96&d=mm&r=g\",\"url\":\"https:\\\/\\\/secure.gravatar.com\\\/avatar\\\/b382f2b0baf85cf8d841621555daa4ae2420c7929b964e5ca4e287310b061056?s=96&d=mm&r=g\",\"contentUrl\":\"https:\\\/\\\/secure.gravatar.com\\\/avatar\\\/b382f2b0baf85cf8d841621555daa4ae2420c7929b964e5ca4e287310b061056?s=96&d=mm&r=g\",\"caption\":\"admin\"},\"sameAs\":[\"http:\\\/\\\/www.citycharge.eu\"],\"url\":\"https:\\\/\\\/www.citycharge.eu\\\/de\\\/author\\\/admin\\\/\"}]}<\/script>\n<!-- \/ Yoast SEO plugin. -->","yoast_head_json":{"title":"Neue Ladelaternen in Arnheim - CityCharge","robots":{"index":"index","follow":"follow","max-snippet":"max-snippet:-1","max-image-preview":"max-image-preview:large","max-video-preview":"max-video-preview:-1"},"canonical":"https:\/\/www.citycharge.eu\/de\/neue-ladelaternen-in-arnheim\/","og_locale":"de_DE","og_type":"article","og_title":"Neue Ladelaternen in Arnheim - CityCharge","og_description":"Arnheim wird ab 2023 etwa 150 zus\u00e4tzliche Ladelaternenmasten erhalten. Die neuen Viertel von Arnheim; Schuytgraaf, das Stadhouderskwartier und das Blauwe Golven werden \u00fcber Standard-Ladestationen f\u00fcr Elektroautos verf\u00fcgen, die in einen Laternenpfahl integriert sind. Die Ausschreibung f\u00fcr den Bau von rund 150 Ladelaternen wird durch ein Konsortium von Dutch Charge, n\u00e4mlich Heijmans Emobility und Primevest Capital [&hellip;]","og_url":"https:\/\/www.citycharge.eu\/de\/neue-ladelaternen-in-arnheim\/","og_site_name":"CityCharge","article_published_time":"2022-12-20T07:16:43+00:00","article_modified_time":"2024-12-30T07:42:01+00:00","og_image":[{"width":2560,"height":1707,"url":"https:\/\/www.citycharge.eu\/wp-content\/uploads\/2022\/12\/ev-electric-car-pluged-charging-at-a-recharge-stat-2023-11-27-04-50-33-utc-scaled.jpg","type":"image\/jpeg"}],"author":"admin","twitter_card":"summary_large_image","twitter_misc":{"Verfasst von":"admin","Gesch\u00e4tzte Lesezeit":"2\u00a0Minuten"},"schema":{"@context":"https:\/\/schema.org","@graph":[{"@type":"Article","@id":"https:\/\/www.citycharge.eu\/de\/neue-ladelaternen-in-arnheim\/#article","isPartOf":{"@id":"https:\/\/www.citycharge.eu\/de\/neue-ladelaternen-in-arnheim\/"},"author":{"name":"admin","@id":"https:\/\/www.citycharge.eu\/de\/#\/schema\/person\/0a798ff10afa77f3d0c65789b5d62f17"},"headline":"Neue Ladelaternen in Arnheim","datePublished":"2022-12-20T07:16:43+00:00","dateModified":"2024-12-30T07:42:01+00:00","mainEntityOfPage":{"@id":"https:\/\/www.citycharge.eu\/de\/neue-ladelaternen-in-arnheim\/"},"wordCount":455,"publisher":{"@id":"https:\/\/www.citycharge.eu\/de\/#organization"},"image":{"@id":"https:\/\/www.citycharge.eu\/de\/neue-ladelaternen-in-arnheim\/#primaryimage"},"thumbnailUrl":"https:\/\/www.citycharge.eu\/wp-content\/uploads\/2022\/12\/ev-electric-car-pluged-charging-at-a-recharge-stat-2023-11-27-04-50-33-utc-scaled.jpg","articleSection":["Nachricht"],"inLanguage":"de"},{"@type":"WebPage","@id":"https:\/\/www.citycharge.eu\/de\/neue-ladelaternen-in-arnheim\/","url":"https:\/\/www.citycharge.eu\/de\/neue-ladelaternen-in-arnheim\/","name":"Neue Ladelaternen in Arnheim - CityCharge","isPartOf":{"@id":"https:\/\/www.citycharge.eu\/de\/#website"},"primaryImageOfPage":{"@id":"https:\/\/www.citycharge.eu\/de\/neue-ladelaternen-in-arnheim\/#primaryimage"},"image":{"@id":"https:\/\/www.citycharge.eu\/de\/neue-ladelaternen-in-arnheim\/#primaryimage"},"thumbnailUrl":"https:\/\/www.citycharge.eu\/wp-content\/uploads\/2022\/12\/ev-electric-car-pluged-charging-at-a-recharge-stat-2023-11-27-04-50-33-utc-scaled.jpg","datePublished":"2022-12-20T07:16:43+00:00","dateModified":"2024-12-30T07:42:01+00:00","breadcrumb":{"@id":"https:\/\/www.citycharge.eu\/de\/neue-ladelaternen-in-arnheim\/#breadcrumb"},"inLanguage":"de","potentialAction":[{"@type":"ReadAction","target":["https:\/\/www.citycharge.eu\/de\/neue-ladelaternen-in-arnheim\/"]}]},{"@type":"ImageObject","inLanguage":"de","@id":"https:\/\/www.citycharge.eu\/de\/neue-ladelaternen-in-arnheim\/#primaryimage","url":"https:\/\/www.citycharge.eu\/wp-content\/uploads\/2022\/12\/ev-electric-car-pluged-charging-at-a-recharge-stat-2023-11-27-04-50-33-utc-scaled.jpg","contentUrl":"https:\/\/www.citycharge.eu\/wp-content\/uploads\/2022\/12\/ev-electric-car-pluged-charging-at-a-recharge-stat-2023-11-27-04-50-33-utc-scaled.jpg","width":2560,"height":1707,"caption":"EV electric car pluged charging at a recharge station in the city"},{"@type":"BreadcrumbList","@id":"https:\/\/www.citycharge.eu\/de\/neue-ladelaternen-in-arnheim\/#breadcrumb","itemListElement":[{"@type":"ListItem","position":1,"name":"Home","item":"https:\/\/www.citycharge.eu\/de\/"},{"@type":"ListItem","position":2,"name":"Neue Ladelaternen in Arnheim"}]},{"@type":"WebSite","@id":"https:\/\/www.citycharge.eu\/de\/#website","url":"https:\/\/www.citycharge.eu\/de\/","name":"CityCharge","description":"Nieuw licht op laden","publisher":{"@id":"https:\/\/www.citycharge.eu\/de\/#organization"},"potentialAction":[{"@type":"SearchAction","target":{"@type":"EntryPoint","urlTemplate":"https:\/\/www.citycharge.eu\/de\/?s={search_term_string}"},"query-input":{"@type":"PropertyValueSpecification","valueRequired":true,"valueName":"search_term_string"}}],"inLanguage":"de"},{"@type":"Organization","@id":"https:\/\/www.citycharge.eu\/de\/#organization","name":"CityCharge","url":"https:\/\/www.citycharge.eu\/de\/","logo":{"@type":"ImageObject","inLanguage":"de","@id":"https:\/\/www.citycharge.eu\/de\/#\/schema\/logo\/image\/","url":"https:\/\/www.citycharge.eu\/wp-content\/uploads\/2024\/07\/Citycharge_payofff_white.svg","contentUrl":"https:\/\/www.citycharge.eu\/wp-content\/uploads\/2024\/07\/Citycharge_payofff_white.svg","width":1920,"height":530,"caption":"CityCharge"},"image":{"@id":"https:\/\/www.citycharge.eu\/de\/#\/schema\/logo\/image\/"}},{"@type":"Person","@id":"https:\/\/www.citycharge.eu\/de\/#\/schema\/person\/0a798ff10afa77f3d0c65789b5d62f17","name":"admin","image":{"@type":"ImageObject","inLanguage":"de","@id":"https:\/\/secure.gravatar.com\/avatar\/b382f2b0baf85cf8d841621555daa4ae2420c7929b964e5ca4e287310b061056?s=96&d=mm&r=g","url":"https:\/\/secure.gravatar.com\/avatar\/b382f2b0baf85cf8d841621555daa4ae2420c7929b964e5ca4e287310b061056?s=96&d=mm&r=g","contentUrl":"https:\/\/secure.gravatar.com\/avatar\/b382f2b0baf85cf8d841621555daa4ae2420c7929b964e5ca4e287310b061056?s=96&d=mm&r=g","caption":"admin"},"sameAs":["http:\/\/www.citycharge.eu"],"url":"https:\/\/www.citycharge.eu\/de\/author\/admin\/"}]}},"_links":{"self":[{"href":"https:\/\/www.citycharge.eu\/de\/wp-json\/wp\/v2\/posts\/9370","targetHints":{"allow":["GET"]}}],"collection":[{"href":"https:\/\/www.citycharge.eu\/de\/wp-json\/wp\/v2\/posts"}],"about":[{"href":"https:\/\/www.citycharge.eu\/de\/wp-json\/wp\/v2\/types\/post"}],"author":[{"embeddable":true,"href":"https:\/\/www.citycharge.eu\/de\/wp-json\/wp\/v2\/users\/1"}],"replies":[{"embeddable":true,"href":"https:\/\/www.citycharge.eu\/de\/wp-json\/wp\/v2\/comments?post=9370"}],"version-history":[{"count":2,"href":"https:\/\/www.citycharge.eu\/de\/wp-json\/wp\/v2\/posts\/9370\/revisions"}],"predecessor-version":[{"id":10566,"href":"https:\/\/www.citycharge.eu\/de\/wp-json\/wp\/v2\/posts\/9370\/revisions\/10566"}],"wp:featuredmedia":[{"embeddable":true,"href":"https:\/\/www.citycharge.eu\/de\/wp-json\/wp\/v2\/media\/8851"}],"wp:attachment":[{"href":"https:\/\/www.citycharge.eu\/de\/wp-json\/wp\/v2\/media?parent=9370"}],"wp:term":[{"taxonomy":"category","embeddable":true,"href":"https:\/\/www.citycharge.eu\/de\/wp-json\/wp\/v2\/categories?post=9370"},{"taxonomy":"post_tag","embeddable":true,"href":"https:\/\/www.citycharge.eu\/de\/wp-json\/wp\/v2\/tags?post=9370"}],"curies":[{"name":"wp","href":"https:\/\/api.w.org\/{rel}","templated":true}]}}