{"id":9401,"date":"2021-09-30T15:43:43","date_gmt":"2021-09-30T15:43:43","guid":{"rendered":"https:\/\/www.citycharge.eu\/primevest-verwandelt-den-laternenpfahl-in-einen-intelligenten-ladepunkt-um-das-explosionsartige-wachstum-von-elektroautos-zu-ermoeglichen\/"},"modified":"2021-09-30T15:43:43","modified_gmt":"2021-09-30T15:43:43","slug":"primevest-verwandelt-den-laternenpfahl-in-einen-intelligenten-ladepunkt-um-das-explosionsartige-wachstum-von-elektroautos-zu-ermoeglichen","status":"publish","type":"post","link":"https:\/\/www.citycharge.eu\/de\/primevest-verwandelt-den-laternenpfahl-in-einen-intelligenten-ladepunkt-um-das-explosionsartige-wachstum-von-elektroautos-zu-ermoeglichen\/","title":{"rendered":"Primevest verwandelt den Laternenpfahl in einen intelligenten Ladepunkt, um das explosionsartige Wachstum von Elektroautos zu erm\u00f6glichen"},"content":{"rendered":"<div class=\"halfpage-ad-nodepage sticky-container\" data-sticky-container=\"\">\n<div class=\"sticky is-anchored is-at-top\" data-sticky=\"\" data-anchor=\"sticky-parent\" data-margin-top=\"7\" data-resize=\"i78ge7-sticky\" data-mutate=\"i78ge7-sticky\" data-i=\"536yve-i\" data-events=\"resize\">\n<div id=\"dfp-halfpage1\" data-google-query-id=\"CMuj1JP6-PECFZC43godwRcBbA\">\n<div id=\"google_ads_iframe_\/21730500021\/rtl-nieuws\/web\/detail_4__container__\">\n<p><strong>Die \u00e4lteste Stra\u00dfentechnologie der Welt, der Laternenpfahl, wird von Primevest Capital Partners und seinen Partnern Dutch Charge, Nedal und CityTec in eine multifunktionale, digitale Ladestation umgewandelt, um dem enormen Mangel an Ladestationen f\u00fcr Elektroautos in ganz Europa zu begegnen. Die niederl\u00e4ndische Gemeinde Renkum in der N\u00e4he von Arnheim wurde k\u00fcrzlich durch die Installation dieser nachhaltigen und anpassungsf\u00e4higen Form der Stra\u00dfenbeleuchtung zum ersten \u201eintelligenten\u201c Bezirk in Europa. Es wird erwartet, dass andere Kommunen und St\u00e4dte in anderen Teilen der Niederlande und dar\u00fcber hinaus aufgrund des enormen und zunehmenden Mangels an Elektroladestationen diesem Beispiel folgen.  <\/strong><\/p>\n<p>Nach Angaben der Internationalen Energieagentur (IEA) werden in ganz Europa j\u00e4hrlich mindestens eine Million Elektrofahrzeuge verkauft, und diese Zahl wird in den n\u00e4chsten zehn Jahren voraussichtlich auf \u00fcber 30 Millionen ansteigen.<\/p>\n<p><strong>Peter Helfrich, gesch\u00e4ftsf\u00fchrender Gesellschafter bei Primevest Capital Partners, sagte:<\/strong>  \u201eDas Potenzial dieses Marktes ist enorm, insbesondere in unseren Heimatm\u00e4rkten Niederlande und Deutschland, aber auch in Gro\u00dfbritannien, Frankreich und Skandinavien. Allein in den Niederlanden verzeichnen wir ein exponentielles Wachstum der Nachfrage nach Ladestationen f\u00fcr Elektrofahrzeuge und bis 2030 werden \u00fcber 1,7 Millionen Ladepunkte ben\u00f6tigt. Derzeit werden nur 45 Ladepunkte pro Tag installiert, was einer Verzehnfachung auf 600 entspricht t\u00e4glich, um den aktuellen Bedarf zu messen. Unsere Partner Dutch Charge, CityTec und Nedal haben gemeinsam mit uns auf diese Entwicklungen reagiert und liefern umfassende Citycharge-Laternenmasten, in die Module f\u00fcr elektrisches Laden und k\u00fcnftig auch Internet of Things, Kamera\u00fcberwachung und 5G integriert werden k\u00f6nnen.\u201c<\/p>\n<figure id=\"attachment_7171\" aria-describedby=\"caption-attachment-7171\" style=\"width: 311px\" class=\"wp-caption alignright\"><img fetchpriority=\"high\" decoding=\"async\" class=\"wp-image-7171\" src=\"https:\/\/www.dutchcharge.nl\/wp-content\/uploads\/2021\/09\/Gemeente-Renkum-Persmoment-2-200x300.jpeg\" alt=\"\" width=\"311\" height=\"466\"><figcaption id=\"caption-attachment-7171\" class=\"wp-caption-text\">Joa Maouche<\/figcaption><\/figure>\n<p><strong>Joa Maouche, Stadtrat f\u00fcr Klima und Nachhaltigkeit der Gemeinde Renkum, f\u00fcgte hinzu:<\/strong>  \u201eDie Gemeinde Renkum hat fast alle ihrer 6.300 Laternenpf\u00e4hle durch die intelligenten, nachhaltigen Versionen von Primevest CP und seinen Partnern ersetzt. Diese Laternenpf\u00e4hle werden nun mit neuen Funktionen wie Kamera\u00fcberwachung ausgestattet, und noch in diesem Herbst werden die ersten von der niederl\u00e4ndischen E-Charging-Stiftung zertifizierten Citycharge-Ladestationen hinzukommen. Durch das Hinzuf\u00fcgen dieser neuen Funktionen schaffen wir eine neue Form der Stra\u00dfenbeleuchtung, die wirklich \u201eintelligent\u201c ist. Wir freuen uns, dass unsere Gemeinde zu dieser Entwicklung beigetragen hat, die mehr Gemeinden dabei helfen kann, ihre Nachhaltigkeitsziele zu erreichen und der zunehmenden Unordnung in unseren \u00f6ffentlichen R\u00e4umen durch die Hinzuf\u00fcgung neuer Arten von Annehmlichkeiten entgegenzuwirken.\u201c Sch\u00e4tzungen der IEA zufolge wird die Zahl der weltweit genutzten Elektroautos in den n\u00e4chsten zehn Jahren von 11 Millionen im Jahr 2020 auf 145 Millionen im Jahr 2030 explodieren. In Europa sind Norwegen (18,1 %), Island (5,5 %) und Schweden (3,7 %) f\u00fchrend, wenn es um den Marktanteil von Elektroautos im Vergleich zum Gesamtbestand geht. Gro\u00dfbritannien will die Zahl von 450.000 im Jahr 2020 auf acht Millionen bis 2030 steigern. Deutschland ist derzeit der gr\u00f6\u00dfte Markt f\u00fcr Elektroautos in Europa: Bis 2020 waren 14 % aller verkauften Neuwagen elektrisch, die Gesamtzahl liegt mittlerweile bei \u00fcber 700.000 . Ladestationen f\u00fcr Elektroautos sind nur eine der neuen Arten von Stadtm\u00f6beln, die den \u00f6ffentlichen Raum erweitern. In den Niederlanden m\u00fcssen Mobilfunkanbieter gem\u00e4\u00df den vom niederl\u00e4ndischen Wirtschaftsministerium festgelegten Anforderungen Zugang zu 5G-Masten haben, um an der Auktion f\u00fcr nationale 5G-Frequenzen teilnehmen zu k\u00f6nnen. Niederl\u00e4ndische Kommunen sind au\u00dferdem verpflichtet, ihren Energieverbrauch bis 2030 um 55 % (EU fit for 55) und ihre CO2-Emissionen um einen \u00e4hnlichen Prozentsatz zu reduzieren, um das niederl\u00e4ndische Klimaabkommen einzuhalten. Intelligente Multifunktions-Laternenmasten mit LED-Beleuchtung k\u00f6nnen einen gro\u00dfen Beitrag zur Erreichung dieses Ziels leisten.<\/p>\n<p><strong>Heimen Visser, Fondsmanager Kommunikationsinfrastruktur und Smart Cities bei Primevest CP, kam zu dem Schluss:<\/strong>  \u201eDie Gemeinde Renkum ist mit der Installation dieser intelligenten Infrastruktur ein Vorreiter in den Niederlanden und vielleicht auch weltweit. Wir gehen davon aus, dass andere Gemeinden in den Niederlanden, aber auch anderswo in Europa, bald dem Beispiel von Renkum folgen und unsere multifunktionalen Laternenpf\u00e4hle einf\u00fchren werden. Unser Smart City Niederlande-Modell, das wir in Zusammenarbeit mit der niederl\u00e4ndischen Kommunalbank BNG Bank entwickelt haben, l\u00e4sst sich problemlos skalieren. Und dank ihres multifunktionalen Charakters sind unsere intelligenten Masten auch viel nachhaltiger und g\u00fcnstiger in der Anschaffung und Wartung als herk\u00f6mmliche Laternenpf\u00e4hle.\u201c<\/p>\n<p><img decoding=\"async\" class=\"alignnone wp-image-7186 size-full\" src=\"https:\/\/www.dutchcharge.nl\/wp-content\/uploads\/2021\/09\/Gemeente-Renkum-persmoment-1.jpeg\" alt=\"\" width=\"1920\" height=\"1280\"><\/p>\n<p><strong>\u00dcber Primevest Capital Partners<\/strong><br \/>\n Primevest Capital Partners ist eine paneurop\u00e4ische Investmentboutique, die sich auf innovative Immobilien und Immobilieninvestitionen spezialisiert hat. Unsere Vision bei Primevest Capital Partners ist es, unsere St\u00e4dte zukunftssicher zu machen, indem wir f\u00fcr besseres st\u00e4dtisches Leben, Konnektivit\u00e4t und Mobilit\u00e4t sorgen, indem wir europaweit in moderne, erschwingliche H\u00e4user, Kommunikationsinfrastruktur und Parkpl\u00e4tze investieren. Unsere Investitionsphilosophie und -vision basieren auf dem aktuellen Trend der Urbanisierung und der F\u00e4higkeit, die modernen Bed\u00fcrfnisse von Gro\u00dfst\u00e4dten zu erf\u00fcllen und gleichzeitig die Qualit\u00e4t und Nachhaltigkeit des Lebens der Menschen zu verbessern. Von unseren B\u00fcros in Utrecht und Berlin aus verwaltet ein Team von 40 Fachleuten ein Verm\u00f6gen von 1,8 Milliarden Euro in sechs sektororientierten Fonds und zwei individuellen institutionellen Mandaten. <strong>F\u00fcr weitere Informationen wenden Sie sich bitte an:<\/strong><br \/>\n Primevest Capital Partners<br \/>\n Lisette van der Ham<br \/>\n Leiter Marketing &amp; Unternehmenskommunikation<br \/>\n T: +31 6 832 005 61   <\/p>\n<p><a href=\"mailto:lisette.vanderham@primevestcp.com\">lisette.vanderham@primevestcp.com<\/a><br \/>\n<a href=\"http:\/\/www.primevestcp.com\/\" target=\"_blank\" rel=\"noopener\">www.primevestcp.com<\/a><\/p>\n<\/div>\n<\/div>\n<\/div>\n<\/div>\n","protected":false},"excerpt":{"rendered":"<p>Die \u00e4lteste Stra\u00dfentechnologie der Welt, der Laternenpfahl, wird von Primevest Capital Partners und seinen Partnern Dutch Charge, Nedal und CityTec in eine multifunktionale, digitale Ladestation umgewandelt, um dem enormen Mangel an Ladestationen f\u00fcr Elektroautos in ganz Europa zu begegnen. Die niederl\u00e4ndische Gemeinde Renkum in der N\u00e4he von Arnheim wurde k\u00fcrzlich durch die Installation dieser nachhaltigen [&hellip;]<\/p>\n","protected":false},"author":1,"featured_media":8840,"comment_status":"closed","ping_status":"closed","sticky":false,"template":"","format":"standard","meta":{"_acf_changed":false,"footnotes":""},"categories":[63],"tags":[],"class_list":["post-9401","post","type-post","status-publish","format-standard","has-post-thumbnail","hentry","category-nachricht"],"acf":[],"yoast_head":"<!-- This site is optimized with the Yoast SEO plugin v27.5 - https:\/\/yoast.com\/product\/yoast-seo-wordpress\/ -->\n<title>Primevest verwandelt den Laternenpfahl in einen intelligenten Ladepunkt, um das explosionsartige Wachstum von Elektroautos zu erm\u00f6glichen - CityCharge<\/title>\n<meta name=\"robots\" content=\"index, follow, max-snippet:-1, max-image-preview:large, max-video-preview:-1\" \/>\n<link rel=\"canonical\" href=\"https:\/\/www.citycharge.eu\/de\/primevest-verwandelt-den-laternenpfahl-in-einen-intelligenten-ladepunkt-um-das-explosionsartige-wachstum-von-elektroautos-zu-ermoeglichen\/\" \/>\n<meta property=\"og:locale\" content=\"de_DE\" \/>\n<meta property=\"og:type\" content=\"article\" \/>\n<meta property=\"og:title\" content=\"Primevest verwandelt den Laternenpfahl in einen intelligenten Ladepunkt, um das explosionsartige Wachstum von Elektroautos zu erm\u00f6glichen - CityCharge\" \/>\n<meta property=\"og:description\" content=\"Die \u00e4lteste Stra\u00dfentechnologie der Welt, der Laternenpfahl, wird von Primevest Capital Partners und seinen Partnern Dutch Charge, Nedal und CityTec in eine multifunktionale, digitale Ladestation umgewandelt, um dem enormen Mangel an Ladestationen f\u00fcr Elektroautos in ganz Europa zu begegnen. Die niederl\u00e4ndische Gemeinde Renkum in der N\u00e4he von Arnheim wurde k\u00fcrzlich durch die Installation dieser nachhaltigen [&hellip;]\" \/>\n<meta property=\"og:url\" content=\"https:\/\/www.citycharge.eu\/de\/primevest-verwandelt-den-laternenpfahl-in-einen-intelligenten-ladepunkt-um-das-explosionsartige-wachstum-von-elektroautos-zu-ermoeglichen\/\" \/>\n<meta property=\"og:site_name\" content=\"CityCharge\" \/>\n<meta property=\"article:published_time\" content=\"2021-09-30T15:43:43+00:00\" \/>\n<meta property=\"og:image\" content=\"https:\/\/www.citycharge.eu\/wp-content\/uploads\/2022\/12\/african-american-girl-charging-electro-car-at-the-2023-11-27-05-13-45-utc-scaled.jpg\" \/>\n\t<meta property=\"og:image:width\" content=\"2560\" \/>\n\t<meta property=\"og:image:height\" content=\"1707\" \/>\n\t<meta property=\"og:image:type\" content=\"image\/jpeg\" \/>\n<meta name=\"author\" content=\"admin\" \/>\n<meta name=\"twitter:card\" content=\"summary_large_image\" \/>\n<meta name=\"twitter:label1\" content=\"Verfasst von\" \/>\n\t<meta name=\"twitter:data1\" content=\"admin\" \/>\n\t<meta name=\"twitter:label2\" content=\"Gesch\u00e4tzte Lesezeit\" \/>\n\t<meta name=\"twitter:data2\" content=\"4\u00a0Minuten\" \/>\n<script type=\"application\/ld+json\" class=\"yoast-schema-graph\">{\"@context\":\"https:\\\/\\\/schema.org\",\"@graph\":[{\"@type\":\"Article\",\"@id\":\"https:\\\/\\\/www.citycharge.eu\\\/de\\\/primevest-verwandelt-den-laternenpfahl-in-einen-intelligenten-ladepunkt-um-das-explosionsartige-wachstum-von-elektroautos-zu-ermoeglichen\\\/#article\",\"isPartOf\":{\"@id\":\"https:\\\/\\\/www.citycharge.eu\\\/de\\\/primevest-verwandelt-den-laternenpfahl-in-einen-intelligenten-ladepunkt-um-das-explosionsartige-wachstum-von-elektroautos-zu-ermoeglichen\\\/\"},\"author\":{\"name\":\"admin\",\"@id\":\"https:\\\/\\\/www.citycharge.eu\\\/de\\\/#\\\/schema\\\/person\\\/0a798ff10afa77f3d0c65789b5d62f17\"},\"headline\":\"Primevest verwandelt den Laternenpfahl in einen intelligenten Ladepunkt, um das explosionsartige Wachstum von Elektroautos zu erm\u00f6glichen\",\"datePublished\":\"2021-09-30T15:43:43+00:00\",\"mainEntityOfPage\":{\"@id\":\"https:\\\/\\\/www.citycharge.eu\\\/de\\\/primevest-verwandelt-den-laternenpfahl-in-einen-intelligenten-ladepunkt-um-das-explosionsartige-wachstum-von-elektroautos-zu-ermoeglichen\\\/\"},\"wordCount\":844,\"publisher\":{\"@id\":\"https:\\\/\\\/www.citycharge.eu\\\/de\\\/#organization\"},\"image\":{\"@id\":\"https:\\\/\\\/www.citycharge.eu\\\/de\\\/primevest-verwandelt-den-laternenpfahl-in-einen-intelligenten-ladepunkt-um-das-explosionsartige-wachstum-von-elektroautos-zu-ermoeglichen\\\/#primaryimage\"},\"thumbnailUrl\":\"https:\\\/\\\/www.citycharge.eu\\\/wp-content\\\/uploads\\\/2022\\\/12\\\/african-american-girl-charging-electro-car-at-the-2023-11-27-05-13-45-utc-scaled.jpg\",\"articleSection\":[\"Nachricht\"],\"inLanguage\":\"de\"},{\"@type\":\"WebPage\",\"@id\":\"https:\\\/\\\/www.citycharge.eu\\\/de\\\/primevest-verwandelt-den-laternenpfahl-in-einen-intelligenten-ladepunkt-um-das-explosionsartige-wachstum-von-elektroautos-zu-ermoeglichen\\\/\",\"url\":\"https:\\\/\\\/www.citycharge.eu\\\/de\\\/primevest-verwandelt-den-laternenpfahl-in-einen-intelligenten-ladepunkt-um-das-explosionsartige-wachstum-von-elektroautos-zu-ermoeglichen\\\/\",\"name\":\"Primevest verwandelt den Laternenpfahl in einen intelligenten Ladepunkt, um das explosionsartige Wachstum von Elektroautos zu erm\u00f6glichen - CityCharge\",\"isPartOf\":{\"@id\":\"https:\\\/\\\/www.citycharge.eu\\\/de\\\/#website\"},\"primaryImageOfPage\":{\"@id\":\"https:\\\/\\\/www.citycharge.eu\\\/de\\\/primevest-verwandelt-den-laternenpfahl-in-einen-intelligenten-ladepunkt-um-das-explosionsartige-wachstum-von-elektroautos-zu-ermoeglichen\\\/#primaryimage\"},\"image\":{\"@id\":\"https:\\\/\\\/www.citycharge.eu\\\/de\\\/primevest-verwandelt-den-laternenpfahl-in-einen-intelligenten-ladepunkt-um-das-explosionsartige-wachstum-von-elektroautos-zu-ermoeglichen\\\/#primaryimage\"},\"thumbnailUrl\":\"https:\\\/\\\/www.citycharge.eu\\\/wp-content\\\/uploads\\\/2022\\\/12\\\/african-american-girl-charging-electro-car-at-the-2023-11-27-05-13-45-utc-scaled.jpg\",\"datePublished\":\"2021-09-30T15:43:43+00:00\",\"breadcrumb\":{\"@id\":\"https:\\\/\\\/www.citycharge.eu\\\/de\\\/primevest-verwandelt-den-laternenpfahl-in-einen-intelligenten-ladepunkt-um-das-explosionsartige-wachstum-von-elektroautos-zu-ermoeglichen\\\/#breadcrumb\"},\"inLanguage\":\"de\",\"potentialAction\":[{\"@type\":\"ReadAction\",\"target\":[\"https:\\\/\\\/www.citycharge.eu\\\/de\\\/primevest-verwandelt-den-laternenpfahl-in-einen-intelligenten-ladepunkt-um-das-explosionsartige-wachstum-von-elektroautos-zu-ermoeglichen\\\/\"]}]},{\"@type\":\"ImageObject\",\"inLanguage\":\"de\",\"@id\":\"https:\\\/\\\/www.citycharge.eu\\\/de\\\/primevest-verwandelt-den-laternenpfahl-in-einen-intelligenten-ladepunkt-um-das-explosionsartige-wachstum-von-elektroautos-zu-ermoeglichen\\\/#primaryimage\",\"url\":\"https:\\\/\\\/www.citycharge.eu\\\/wp-content\\\/uploads\\\/2022\\\/12\\\/african-american-girl-charging-electro-car-at-the-2023-11-27-05-13-45-utc-scaled.jpg\",\"contentUrl\":\"https:\\\/\\\/www.citycharge.eu\\\/wp-content\\\/uploads\\\/2022\\\/12\\\/african-american-girl-charging-electro-car-at-the-2023-11-27-05-13-45-utc-scaled.jpg\",\"width\":2560,\"height\":1707,\"caption\":\"Islam black girl charging electro car. Eco car.\"},{\"@type\":\"BreadcrumbList\",\"@id\":\"https:\\\/\\\/www.citycharge.eu\\\/de\\\/primevest-verwandelt-den-laternenpfahl-in-einen-intelligenten-ladepunkt-um-das-explosionsartige-wachstum-von-elektroautos-zu-ermoeglichen\\\/#breadcrumb\",\"itemListElement\":[{\"@type\":\"ListItem\",\"position\":1,\"name\":\"Home\",\"item\":\"https:\\\/\\\/www.citycharge.eu\\\/de\\\/\"},{\"@type\":\"ListItem\",\"position\":2,\"name\":\"Primevest verwandelt den Laternenpfahl in einen intelligenten Ladepunkt, um das explosionsartige Wachstum von Elektroautos zu erm\u00f6glichen\"}]},{\"@type\":\"WebSite\",\"@id\":\"https:\\\/\\\/www.citycharge.eu\\\/de\\\/#website\",\"url\":\"https:\\\/\\\/www.citycharge.eu\\\/de\\\/\",\"name\":\"CityCharge\",\"description\":\"Nieuw licht op laden\",\"publisher\":{\"@id\":\"https:\\\/\\\/www.citycharge.eu\\\/de\\\/#organization\"},\"potentialAction\":[{\"@type\":\"SearchAction\",\"target\":{\"@type\":\"EntryPoint\",\"urlTemplate\":\"https:\\\/\\\/www.citycharge.eu\\\/de\\\/?s={search_term_string}\"},\"query-input\":{\"@type\":\"PropertyValueSpecification\",\"valueRequired\":true,\"valueName\":\"search_term_string\"}}],\"inLanguage\":\"de\"},{\"@type\":\"Organization\",\"@id\":\"https:\\\/\\\/www.citycharge.eu\\\/de\\\/#organization\",\"name\":\"CityCharge\",\"url\":\"https:\\\/\\\/www.citycharge.eu\\\/de\\\/\",\"logo\":{\"@type\":\"ImageObject\",\"inLanguage\":\"de\",\"@id\":\"https:\\\/\\\/www.citycharge.eu\\\/de\\\/#\\\/schema\\\/logo\\\/image\\\/\",\"url\":\"https:\\\/\\\/www.citycharge.eu\\\/wp-content\\\/uploads\\\/2024\\\/07\\\/Citycharge_payofff_white.svg\",\"contentUrl\":\"https:\\\/\\\/www.citycharge.eu\\\/wp-content\\\/uploads\\\/2024\\\/07\\\/Citycharge_payofff_white.svg\",\"width\":1920,\"height\":530,\"caption\":\"CityCharge\"},\"image\":{\"@id\":\"https:\\\/\\\/www.citycharge.eu\\\/de\\\/#\\\/schema\\\/logo\\\/image\\\/\"}},{\"@type\":\"Person\",\"@id\":\"https:\\\/\\\/www.citycharge.eu\\\/de\\\/#\\\/schema\\\/person\\\/0a798ff10afa77f3d0c65789b5d62f17\",\"name\":\"admin\",\"image\":{\"@type\":\"ImageObject\",\"inLanguage\":\"de\",\"@id\":\"https:\\\/\\\/secure.gravatar.com\\\/avatar\\\/b382f2b0baf85cf8d841621555daa4ae2420c7929b964e5ca4e287310b061056?s=96&d=mm&r=g\",\"url\":\"https:\\\/\\\/secure.gravatar.com\\\/avatar\\\/b382f2b0baf85cf8d841621555daa4ae2420c7929b964e5ca4e287310b061056?s=96&d=mm&r=g\",\"contentUrl\":\"https:\\\/\\\/secure.gravatar.com\\\/avatar\\\/b382f2b0baf85cf8d841621555daa4ae2420c7929b964e5ca4e287310b061056?s=96&d=mm&r=g\",\"caption\":\"admin\"},\"sameAs\":[\"http:\\\/\\\/www.citycharge.eu\"],\"url\":\"https:\\\/\\\/www.citycharge.eu\\\/de\\\/author\\\/admin\\\/\"}]}<\/script>\n<!-- \/ Yoast SEO plugin. -->","yoast_head_json":{"title":"Primevest verwandelt den Laternenpfahl in einen intelligenten Ladepunkt, um das explosionsartige Wachstum von Elektroautos zu erm\u00f6glichen - CityCharge","robots":{"index":"index","follow":"follow","max-snippet":"max-snippet:-1","max-image-preview":"max-image-preview:large","max-video-preview":"max-video-preview:-1"},"canonical":"https:\/\/www.citycharge.eu\/de\/primevest-verwandelt-den-laternenpfahl-in-einen-intelligenten-ladepunkt-um-das-explosionsartige-wachstum-von-elektroautos-zu-ermoeglichen\/","og_locale":"de_DE","og_type":"article","og_title":"Primevest verwandelt den Laternenpfahl in einen intelligenten Ladepunkt, um das explosionsartige Wachstum von Elektroautos zu erm\u00f6glichen - CityCharge","og_description":"Die \u00e4lteste Stra\u00dfentechnologie der Welt, der Laternenpfahl, wird von Primevest Capital Partners und seinen Partnern Dutch Charge, Nedal und CityTec in eine multifunktionale, digitale Ladestation umgewandelt, um dem enormen Mangel an Ladestationen f\u00fcr Elektroautos in ganz Europa zu begegnen. Die niederl\u00e4ndische Gemeinde Renkum in der N\u00e4he von Arnheim wurde k\u00fcrzlich durch die Installation dieser nachhaltigen [&hellip;]","og_url":"https:\/\/www.citycharge.eu\/de\/primevest-verwandelt-den-laternenpfahl-in-einen-intelligenten-ladepunkt-um-das-explosionsartige-wachstum-von-elektroautos-zu-ermoeglichen\/","og_site_name":"CityCharge","article_published_time":"2021-09-30T15:43:43+00:00","og_image":[{"width":2560,"height":1707,"url":"https:\/\/www.citycharge.eu\/wp-content\/uploads\/2022\/12\/african-american-girl-charging-electro-car-at-the-2023-11-27-05-13-45-utc-scaled.jpg","type":"image\/jpeg"}],"author":"admin","twitter_card":"summary_large_image","twitter_misc":{"Verfasst von":"admin","Gesch\u00e4tzte Lesezeit":"4\u00a0Minuten"},"schema":{"@context":"https:\/\/schema.org","@graph":[{"@type":"Article","@id":"https:\/\/www.citycharge.eu\/de\/primevest-verwandelt-den-laternenpfahl-in-einen-intelligenten-ladepunkt-um-das-explosionsartige-wachstum-von-elektroautos-zu-ermoeglichen\/#article","isPartOf":{"@id":"https:\/\/www.citycharge.eu\/de\/primevest-verwandelt-den-laternenpfahl-in-einen-intelligenten-ladepunkt-um-das-explosionsartige-wachstum-von-elektroautos-zu-ermoeglichen\/"},"author":{"name":"admin","@id":"https:\/\/www.citycharge.eu\/de\/#\/schema\/person\/0a798ff10afa77f3d0c65789b5d62f17"},"headline":"Primevest verwandelt den Laternenpfahl in einen intelligenten Ladepunkt, um das explosionsartige Wachstum von Elektroautos zu erm\u00f6glichen","datePublished":"2021-09-30T15:43:43+00:00","mainEntityOfPage":{"@id":"https:\/\/www.citycharge.eu\/de\/primevest-verwandelt-den-laternenpfahl-in-einen-intelligenten-ladepunkt-um-das-explosionsartige-wachstum-von-elektroautos-zu-ermoeglichen\/"},"wordCount":844,"publisher":{"@id":"https:\/\/www.citycharge.eu\/de\/#organization"},"image":{"@id":"https:\/\/www.citycharge.eu\/de\/primevest-verwandelt-den-laternenpfahl-in-einen-intelligenten-ladepunkt-um-das-explosionsartige-wachstum-von-elektroautos-zu-ermoeglichen\/#primaryimage"},"thumbnailUrl":"https:\/\/www.citycharge.eu\/wp-content\/uploads\/2022\/12\/african-american-girl-charging-electro-car-at-the-2023-11-27-05-13-45-utc-scaled.jpg","articleSection":["Nachricht"],"inLanguage":"de"},{"@type":"WebPage","@id":"https:\/\/www.citycharge.eu\/de\/primevest-verwandelt-den-laternenpfahl-in-einen-intelligenten-ladepunkt-um-das-explosionsartige-wachstum-von-elektroautos-zu-ermoeglichen\/","url":"https:\/\/www.citycharge.eu\/de\/primevest-verwandelt-den-laternenpfahl-in-einen-intelligenten-ladepunkt-um-das-explosionsartige-wachstum-von-elektroautos-zu-ermoeglichen\/","name":"Primevest verwandelt den Laternenpfahl in einen intelligenten Ladepunkt, um das explosionsartige Wachstum von Elektroautos zu erm\u00f6glichen - CityCharge","isPartOf":{"@id":"https:\/\/www.citycharge.eu\/de\/#website"},"primaryImageOfPage":{"@id":"https:\/\/www.citycharge.eu\/de\/primevest-verwandelt-den-laternenpfahl-in-einen-intelligenten-ladepunkt-um-das-explosionsartige-wachstum-von-elektroautos-zu-ermoeglichen\/#primaryimage"},"image":{"@id":"https:\/\/www.citycharge.eu\/de\/primevest-verwandelt-den-laternenpfahl-in-einen-intelligenten-ladepunkt-um-das-explosionsartige-wachstum-von-elektroautos-zu-ermoeglichen\/#primaryimage"},"thumbnailUrl":"https:\/\/www.citycharge.eu\/wp-content\/uploads\/2022\/12\/african-american-girl-charging-electro-car-at-the-2023-11-27-05-13-45-utc-scaled.jpg","datePublished":"2021-09-30T15:43:43+00:00","breadcrumb":{"@id":"https:\/\/www.citycharge.eu\/de\/primevest-verwandelt-den-laternenpfahl-in-einen-intelligenten-ladepunkt-um-das-explosionsartige-wachstum-von-elektroautos-zu-ermoeglichen\/#breadcrumb"},"inLanguage":"de","potentialAction":[{"@type":"ReadAction","target":["https:\/\/www.citycharge.eu\/de\/primevest-verwandelt-den-laternenpfahl-in-einen-intelligenten-ladepunkt-um-das-explosionsartige-wachstum-von-elektroautos-zu-ermoeglichen\/"]}]},{"@type":"ImageObject","inLanguage":"de","@id":"https:\/\/www.citycharge.eu\/de\/primevest-verwandelt-den-laternenpfahl-in-einen-intelligenten-ladepunkt-um-das-explosionsartige-wachstum-von-elektroautos-zu-ermoeglichen\/#primaryimage","url":"https:\/\/www.citycharge.eu\/wp-content\/uploads\/2022\/12\/african-american-girl-charging-electro-car-at-the-2023-11-27-05-13-45-utc-scaled.jpg","contentUrl":"https:\/\/www.citycharge.eu\/wp-content\/uploads\/2022\/12\/african-american-girl-charging-electro-car-at-the-2023-11-27-05-13-45-utc-scaled.jpg","width":2560,"height":1707,"caption":"Islam black girl charging electro car. Eco car."},{"@type":"BreadcrumbList","@id":"https:\/\/www.citycharge.eu\/de\/primevest-verwandelt-den-laternenpfahl-in-einen-intelligenten-ladepunkt-um-das-explosionsartige-wachstum-von-elektroautos-zu-ermoeglichen\/#breadcrumb","itemListElement":[{"@type":"ListItem","position":1,"name":"Home","item":"https:\/\/www.citycharge.eu\/de\/"},{"@type":"ListItem","position":2,"name":"Primevest verwandelt den Laternenpfahl in einen intelligenten Ladepunkt, um das explosionsartige Wachstum von Elektroautos zu erm\u00f6glichen"}]},{"@type":"WebSite","@id":"https:\/\/www.citycharge.eu\/de\/#website","url":"https:\/\/www.citycharge.eu\/de\/","name":"CityCharge","description":"Nieuw licht op laden","publisher":{"@id":"https:\/\/www.citycharge.eu\/de\/#organization"},"potentialAction":[{"@type":"SearchAction","target":{"@type":"EntryPoint","urlTemplate":"https:\/\/www.citycharge.eu\/de\/?s={search_term_string}"},"query-input":{"@type":"PropertyValueSpecification","valueRequired":true,"valueName":"search_term_string"}}],"inLanguage":"de"},{"@type":"Organization","@id":"https:\/\/www.citycharge.eu\/de\/#organization","name":"CityCharge","url":"https:\/\/www.citycharge.eu\/de\/","logo":{"@type":"ImageObject","inLanguage":"de","@id":"https:\/\/www.citycharge.eu\/de\/#\/schema\/logo\/image\/","url":"https:\/\/www.citycharge.eu\/wp-content\/uploads\/2024\/07\/Citycharge_payofff_white.svg","contentUrl":"https:\/\/www.citycharge.eu\/wp-content\/uploads\/2024\/07\/Citycharge_payofff_white.svg","width":1920,"height":530,"caption":"CityCharge"},"image":{"@id":"https:\/\/www.citycharge.eu\/de\/#\/schema\/logo\/image\/"}},{"@type":"Person","@id":"https:\/\/www.citycharge.eu\/de\/#\/schema\/person\/0a798ff10afa77f3d0c65789b5d62f17","name":"admin","image":{"@type":"ImageObject","inLanguage":"de","@id":"https:\/\/secure.gravatar.com\/avatar\/b382f2b0baf85cf8d841621555daa4ae2420c7929b964e5ca4e287310b061056?s=96&d=mm&r=g","url":"https:\/\/secure.gravatar.com\/avatar\/b382f2b0baf85cf8d841621555daa4ae2420c7929b964e5ca4e287310b061056?s=96&d=mm&r=g","contentUrl":"https:\/\/secure.gravatar.com\/avatar\/b382f2b0baf85cf8d841621555daa4ae2420c7929b964e5ca4e287310b061056?s=96&d=mm&r=g","caption":"admin"},"sameAs":["http:\/\/www.citycharge.eu"],"url":"https:\/\/www.citycharge.eu\/de\/author\/admin\/"}]}},"_links":{"self":[{"href":"https:\/\/www.citycharge.eu\/de\/wp-json\/wp\/v2\/posts\/9401","targetHints":{"allow":["GET"]}}],"collection":[{"href":"https:\/\/www.citycharge.eu\/de\/wp-json\/wp\/v2\/posts"}],"about":[{"href":"https:\/\/www.citycharge.eu\/de\/wp-json\/wp\/v2\/types\/post"}],"author":[{"embeddable":true,"href":"https:\/\/www.citycharge.eu\/de\/wp-json\/wp\/v2\/users\/1"}],"replies":[{"embeddable":true,"href":"https:\/\/www.citycharge.eu\/de\/wp-json\/wp\/v2\/comments?post=9401"}],"version-history":[{"count":0,"href":"https:\/\/www.citycharge.eu\/de\/wp-json\/wp\/v2\/posts\/9401\/revisions"}],"wp:featuredmedia":[{"embeddable":true,"href":"https:\/\/www.citycharge.eu\/de\/wp-json\/wp\/v2\/media\/8840"}],"wp:attachment":[{"href":"https:\/\/www.citycharge.eu\/de\/wp-json\/wp\/v2\/media?parent=9401"}],"wp:term":[{"taxonomy":"category","embeddable":true,"href":"https:\/\/www.citycharge.eu\/de\/wp-json\/wp\/v2\/categories?post=9401"},{"taxonomy":"post_tag","embeddable":true,"href":"https:\/\/www.citycharge.eu\/de\/wp-json\/wp\/v2\/tags?post=9401"}],"curies":[{"name":"wp","href":"https:\/\/api.w.org\/{rel}","templated":true}]}}