{"id":11710,"date":"2026-03-18T14:56:04","date_gmt":"2026-03-18T14:56:04","guid":{"rendered":"https:\/\/www.citycharge.eu\/estacion-de-carga-en-francia\/"},"modified":"2026-03-18T15:07:55","modified_gmt":"2026-03-18T15:07:55","slug":"estacion-de-carga-en-francia","status":"publish","type":"post","link":"https:\/\/www.citycharge.eu\/es\/estacion-de-carga-en-francia\/","title":{"rendered":"Estaci\u00f3n de carga en Francia"},"content":{"rendered":"\t\t<div data-elementor-type=\"wp-post\" data-elementor-id=\"11710\" class=\"elementor elementor-11710 elementor-11668\" data-elementor-post-type=\"post\">\n\t\t\t\t<div class=\"elementor-element elementor-element-8960bec e-flex e-con-boxed e-con e-parent\" data-id=\"8960bec\" data-element_type=\"container\" data-e-type=\"container\" data-settings=\"{&quot;background_background&quot;:&quot;classic&quot;}\">\n\t\t\t\t\t<div class=\"e-con-inner\">\n\t\t\t\t<div class=\"elementor-element elementor-element-1b1513c elementor-widget elementor-widget-heading\" data-id=\"1b1513c\" data-element_type=\"widget\" data-e-type=\"widget\" data-widget_type=\"heading.default\">\n\t\t\t\t<div class=\"elementor-widget-container\">\n\t\t\t\t\t<h1 class=\"elementor-heading-title elementor-size-default\">Estaci\u00f3n de carga en Francia<\/h1>\t\t\t\t<\/div>\n\t\t\t\t<\/div>\n\t\t\t\t\t<\/div>\n\t\t\t\t<\/div>\n\t\t<div class=\"elementor-element elementor-element-e98a54e e-flex e-con-boxed e-con e-parent\" data-id=\"e98a54e\" data-element_type=\"container\" data-e-type=\"container\" data-settings=\"{&quot;background_background&quot;:&quot;classic&quot;}\">\n\t\t\t\t\t<div class=\"e-con-inner\">\n\t\t<div class=\"elementor-element elementor-element-4251ba8 e-con-full e-flex e-con e-child\" data-id=\"4251ba8\" data-element_type=\"container\" data-e-type=\"container\">\n\t\t\t\t<div class=\"elementor-element elementor-element-051fab9 elementor-widget elementor-widget-heading\" data-id=\"051fab9\" data-element_type=\"widget\" data-e-type=\"widget\" data-widget_type=\"heading.default\">\n\t\t\t\t<div class=\"elementor-widget-container\">\n\t\t\t\t\t<h2 class=\"elementor-heading-title elementor-size-default\">Pionera en Francia: CityCharge inaugura su primera estaci\u00f3n de recarga en Beauvais.<\/h2>\t\t\t\t<\/div>\n\t\t\t\t<\/div>\n\t\t\t\t<div class=\"elementor-element elementor-element-ec87575 elementor-widget elementor-widget-text-editor\" data-id=\"ec87575\" data-element_type=\"widget\" data-e-type=\"widget\" data-widget_type=\"text-editor.default\">\n\t\t\t\t<div class=\"elementor-widget-container\">\n\t\t\t\t\t\t\t\t\t<div class=\"summary\"><p><strong>CityCharge est\u00e1 expandiendo su presencia internacional a Francia. En colaboraci\u00f3n con la regi\u00f3n de Hauts-de-France y el operador de la red SE60, el 6 de marzo se inaugur\u00f3 oficialmente la primera estaci\u00f3n de recarga innovadora. Este proyecto sienta las bases para una expansi\u00f3n a gran escala en el norte de Francia.  <\/strong><\/p><\/div>\t\t\t\t\t\t\t\t<\/div>\n\t\t\t\t<\/div>\n\t\t\t\t<div class=\"elementor-element elementor-element-d0dadbd elementor-align-left animated-fast elementor-invisible elementor-widget elementor-widget-button\" data-id=\"d0dadbd\" data-element_type=\"widget\" data-e-type=\"widget\" data-settings=\"{&quot;_animation&quot;:&quot;zoomIn&quot;}\" data-widget_type=\"button.default\">\n\t\t\t\t<div class=\"elementor-widget-container\">\n\t\t\t\t\t\t\t\t\t<div class=\"elementor-button-wrapper\">\n\t\t\t\t\t<a class=\"elementor-button elementor-button-link elementor-size-sm\" href=\"https:\/\/www.citycharge.eu\/es\/contacto\/\">\n\t\t\t\t\t\t<span class=\"elementor-button-content-wrapper\">\n\t\t\t\t\t\t\t\t\t<span class=\"elementor-button-text\">Solicitar una consulta<\/span>\n\t\t\t\t\t<\/span>\n\t\t\t\t\t<\/a>\n\t\t\t\t<\/div>\n\t\t\t\t\t\t\t\t<\/div>\n\t\t\t\t<\/div>\n\t\t\t\t<\/div>\n\t\t\t\t\t<\/div>\n\t\t\t\t<\/div>\n\t\t<div class=\"elementor-element elementor-element-6bd6769 e-flex e-con-boxed e-con e-parent\" data-id=\"6bd6769\" data-element_type=\"container\" data-e-type=\"container\" data-settings=\"{&quot;background_background&quot;:&quot;classic&quot;}\">\n\t\t\t\t\t<div class=\"e-con-inner\">\n\t\t<div class=\"elementor-element elementor-element-c30a178 e-con-full e-flex e-con e-child\" data-id=\"c30a178\" data-element_type=\"container\" data-e-type=\"container\">\n\t\t\t\t<div class=\"elementor-element elementor-element-6c59f4d elementor-widget elementor-widget-heading\" data-id=\"6c59f4d\" data-element_type=\"widget\" data-e-type=\"widget\" data-widget_type=\"heading.default\">\n\t\t\t\t<div class=\"elementor-widget-container\">\n\t\t\t\t\t<h2 class=\"elementor-heading-title elementor-size-default\">El proyecto en resumen<\/h2>\t\t\t\t<\/div>\n\t\t\t\t<\/div>\n\t\t\t\t<div class=\"elementor-element elementor-element-90c85b2 elementor-widget elementor-widget-text-editor\" data-id=\"90c85b2\" data-element_type=\"widget\" data-e-type=\"widget\" data-widget_type=\"text-editor.default\">\n\t\t\t\t<div class=\"elementor-widget-container\">\n\t\t\t\t\t\t\t\t\t<p data-path-to-node=\"7\">Tras doce meses de intensa preparaci\u00f3n con socios como la RVO y la Embajada de los Pa\u00edses Bajos en Par\u00eds, la ciudad de Beauvais se convierte en la primera localidad francesa en utilizar la tecnolog\u00eda CityCharge. La inauguraci\u00f3n oficial estuvo a cargo de Eric Guerin (Presidente de SE60) y Chanez Herbanne (Consejera de la Regi\u00f3n de Hauts-de-France). <\/p>\t\t\t\t\t\t\t\t<\/div>\n\t\t\t\t<\/div>\n\t\t\t\t<div class=\"elementor-element elementor-element-09664a2 elementor-widget elementor-widget-heading\" data-id=\"09664a2\" data-element_type=\"widget\" data-e-type=\"widget\" data-widget_type=\"heading.default\">\n\t\t\t\t<div class=\"elementor-widget-container\">\n\t\t\t\t\t<h2 class=\"elementor-heading-title elementor-size-default\">Por qu\u00e9 este proyecto es \u00fanico:<\/h2>\t\t\t\t<\/div>\n\t\t\t\t<\/div>\n\t\t\t\t<div class=\"elementor-element elementor-element-49ac6d1 elementor-widget elementor-widget-text-editor\" data-id=\"49ac6d1\" data-element_type=\"widget\" data-e-type=\"widget\" data-widget_type=\"text-editor.default\">\n\t\t\t\t<div class=\"elementor-widget-container\">\n\t\t\t\t\t\t\t\t\t<ul data-path-to-node=\"9\"><li><p data-path-to-node=\"9,0,0\"><b data-path-to-node=\"9,0,0\" data-index-in-node=\"0\">Integraci\u00f3n con &#8216;PassPass&#8217;:<\/b> Los usuarios ahora pueden cargar su veh\u00edculo el\u00e9ctrico con el conocido pase de movilidad que tambi\u00e9n se utiliza para el autob\u00fas, el tranv\u00eda y el metro en el norte de Francia.<\/p><\/li><li><p data-path-to-node=\"9,1,0\"><b data-path-to-node=\"9,1,0\" data-index-in-node=\"0\">Uso inteligente del espacio:<\/b> Se eligieron los distintivos postes de luz de carga CityCharge, lo que permiti\u00f3 que la infraestructura de carga y el alumbrado p\u00fablico se integraran a la perfecci\u00f3n.<\/p><\/li><li><p data-path-to-node=\"9,2,0\"><b data-path-to-node=\"9,2,0\" data-index-in-node=\"0\">Alianza estrat\u00e9gica:<\/b> Con esta apertura, CityCharge se convierte en <i data-path-to-node=\"9,2,0\" data-index-in-node=\"66\">proveedor preferente<\/i> para m\u00e1s de 6.000 municipios de la regi\u00f3n.<\/p><\/li><\/ul><blockquote data-path-to-node=\"10\"><p data-path-to-node=\"10,0\">Este paso no solo marca nuestra entrada en el mercado franc\u00e9s, sino que tambi\u00e9n demuestra que nuestras soluciones de carga integradas se alinean perfectamente con las ambiciones europeas de movilidad urbana inteligente.<\/p><\/blockquote>\t\t\t\t\t\t\t\t<\/div>\n\t\t\t\t<\/div>\n\t\t<div class=\"elementor-element elementor-element-b9ea699 e-con-full elementor-hidden-desktop elementor-hidden-tablet e-flex e-con e-child\" data-id=\"b9ea699\" data-element_type=\"container\" data-e-type=\"container\" data-settings=\"{&quot;background_background&quot;:&quot;classic&quot;}\">\n\t\t\t\t<\/div>\n\t\t\t\t<\/div>\n\t\t<div class=\"elementor-element elementor-element-60453a9 e-con-full elementor-hidden-tablet elementor-hidden-mobile e-flex e-con e-child\" data-id=\"60453a9\" data-element_type=\"container\" data-e-type=\"container\" data-settings=\"{&quot;background_background&quot;:&quot;classic&quot;}\">\n\t\t\t\t<\/div>\n\t\t\t\t\t<\/div>\n\t\t\t\t<\/div>\n\t\t<div class=\"elementor-element elementor-element-7b9b78c e-flex e-con-boxed e-con e-parent\" data-id=\"7b9b78c\" data-element_type=\"container\" data-e-type=\"container\" data-settings=\"{&quot;background_background&quot;:&quot;classic&quot;}\">\n\t\t\t\t\t<div class=\"e-con-inner\">\n\t\t<div class=\"elementor-element elementor-element-a7032f7 e-con-full e-flex e-con e-child\" data-id=\"a7032f7\" data-element_type=\"container\" data-e-type=\"container\" data-settings=\"{&quot;background_background&quot;:&quot;classic&quot;}\">\n\t\t<div class=\"elementor-element elementor-element-1ddb098 e-flex e-con-boxed e-con e-child\" data-id=\"1ddb098\" data-element_type=\"container\" data-e-type=\"container\">\n\t\t\t\t\t<div class=\"e-con-inner\">\n\t\t<div class=\"elementor-element elementor-element-e51556b e-flex e-con-boxed e-con e-child\" data-id=\"e51556b\" data-element_type=\"container\" data-e-type=\"container\">\n\t\t\t\t\t<div class=\"e-con-inner\">\n\t\t\t\t<div class=\"elementor-element elementor-element-f7d38c1 elementor-widget elementor-widget-heading\" data-id=\"f7d38c1\" data-element_type=\"widget\" data-e-type=\"widget\" data-widget_type=\"heading.default\">\n\t\t\t\t<div class=\"elementor-widget-container\">\n\t\t\t\t\t<p class=\"elementor-heading-title elementor-size-default\">\u201cCon CityCharge, cargar es sencillo y sin preocupaciones. As\u00ed deber\u00eda ser\u201d.<\/p>\t\t\t\t<\/div>\n\t\t\t\t<\/div>\n\t\t\t\t\t<\/div>\n\t\t\t\t<\/div>\n\t\t\t\t\t<\/div>\n\t\t\t\t<\/div>\n\t\t\t\t<\/div>\n\t\t<div class=\"elementor-element elementor-element-e04f1fe e-con-full e-flex e-con e-child\" data-id=\"e04f1fe\" data-element_type=\"container\" data-e-type=\"container\">\n\t\t\t\t<div class=\"elementor-element elementor-element-f238dbc elementor-widget elementor-widget-heading\" data-id=\"f238dbc\" data-element_type=\"widget\" data-e-type=\"widget\" data-widget_type=\"heading.default\">\n\t\t\t\t<div class=\"elementor-widget-container\">\n\t\t\t\t\t<h2 class=\"elementor-heading-title elementor-size-default\">\u00bfA ti tambi\u00e9n te gustar\u00eda cobrar sin preocupaciones?<\/h2>\t\t\t\t<\/div>\n\t\t\t\t<\/div>\n\t\t\t\t<div class=\"elementor-element elementor-element-f22513c elementor-widget elementor-widget-text-editor\" data-id=\"f22513c\" data-element_type=\"widget\" data-e-type=\"widget\" data-widget_type=\"text-editor.default\">\n\t\t\t\t<div class=\"elementor-widget-container\">\n\t\t\t\t\t\t\t\t\t<p>\u00bfTiene curiosidad por saber qu\u00e9 puede hacer CityCharge por su municipio o proyecto?\nEstaremos encantados de informarle sobre las posibilidades.   <\/p>\t\t\t\t\t\t\t\t<\/div>\n\t\t\t\t<\/div>\n\t\t\t\t<div class=\"elementor-element elementor-element-870f390 elementor-widget elementor-widget-text-editor\" data-id=\"870f390\" data-element_type=\"widget\" data-e-type=\"widget\" data-widget_type=\"text-editor.default\">\n\t\t\t\t<div class=\"elementor-widget-container\">\n\t\t\t\t\t\t\t\t\t<p><strong>Contacta con uno de nuestros asesores.<\/strong><\/p>\t\t\t\t\t\t\t\t<\/div>\n\t\t\t\t<\/div>\n\t\t\t\t<div class=\"elementor-element elementor-element-7e81c61 elementor-mobile-align-left elementor-widget elementor-widget-button\" data-id=\"7e81c61\" data-element_type=\"widget\" data-e-type=\"widget\" data-widget_type=\"button.default\">\n\t\t\t\t<div class=\"elementor-widget-container\">\n\t\t\t\t\t\t\t\t\t<div class=\"elementor-button-wrapper\">\n\t\t\t\t\t<a class=\"elementor-button elementor-button-link elementor-size-sm\" href=\"#\">\n\t\t\t\t\t\t<span class=\"elementor-button-content-wrapper\">\n\t\t\t\t\t\t<span class=\"elementor-button-icon\">\n\t\t\t\t<svg aria-hidden=\"true\" class=\"e-font-icon-svg e-fas-phone-alt\" viewBox=\"0 0 512 512\" xmlns=\"http:\/\/www.w3.org\/2000\/svg\"><path d=\"M497.39 361.8l-112-48a24 24 0 0 0-28 6.9l-49.6 60.6A370.66 370.66 0 0 1 130.6 204.11l60.6-49.6a23.94 23.94 0 0 0 6.9-28l-48-112A24.16 24.16 0 0 0 122.6.61l-104 24A24 24 0 0 0 0 48c0 256.5 207.9 464 464 464a24 24 0 0 0 23.4-18.6l24-104a24.29 24.29 0 0 0-14.01-27.6z\"><\/path><\/svg>\t\t\t<\/span>\n\t\t\t\t\t\t\t\t\t<span class=\"elementor-button-text\">085-0716620<\/span>\n\t\t\t\t\t<\/span>\n\t\t\t\t\t<\/a>\n\t\t\t\t<\/div>\n\t\t\t\t\t\t\t\t<\/div>\n\t\t\t\t<\/div>\n\t\t\t\t<div class=\"elementor-element elementor-element-e7152c3 elementor-align-left animated-fast elementor-invisible elementor-widget elementor-widget-button\" data-id=\"e7152c3\" data-element_type=\"widget\" data-e-type=\"widget\" data-settings=\"{&quot;_animation&quot;:&quot;zoomIn&quot;}\" data-widget_type=\"button.default\">\n\t\t\t\t<div class=\"elementor-widget-container\">\n\t\t\t\t\t\t\t\t\t<div class=\"elementor-button-wrapper\">\n\t\t\t\t\t<a class=\"elementor-button elementor-button-link elementor-size-sm\" href=\"https:\/\/www.citycharge.eu\/es\/contacto\/\">\n\t\t\t\t\t\t<span class=\"elementor-button-content-wrapper\">\n\t\t\t\t\t\t\t\t\t<span class=\"elementor-button-text\">Contacto<\/span>\n\t\t\t\t\t<\/span>\n\t\t\t\t\t<\/a>\n\t\t\t\t<\/div>\n\t\t\t\t\t\t\t\t<\/div>\n\t\t\t\t<\/div>\n\t\t\t\t<\/div>\n\t\t\t\t\t<\/div>\n\t\t\t\t<\/div>\n\t\t\t\t<\/div>\n\t\t","protected":false},"excerpt":{"rendered":"<p>Estaci\u00f3n de carga en Francia Pionera en Francia: CityCharge inaugura su primera estaci\u00f3n de recarga en Beauvais. CityCharge est\u00e1 expandiendo su presencia internacional a Francia. En colaboraci\u00f3n con la regi\u00f3n de Hauts-de-France y el operador de la red SE60, el 6 de marzo se inaugur\u00f3 oficialmente la primera estaci\u00f3n de recarga innovadora. Este proyecto sienta [&hellip;]<\/p>\n","protected":false},"author":2,"featured_media":0,"comment_status":"closed","ping_status":"closed","sticky":false,"template":"elementor_header_footer","format":"standard","meta":{"_acf_changed":false,"footnotes":""},"categories":[71],"tags":[],"class_list":["post-11710","post","type-post","status-publish","format-standard","hentry","category-casos"],"acf":[],"yoast_head":"<!-- This site is optimized with the Yoast SEO plugin v27.5 - https:\/\/yoast.com\/product\/yoast-seo-wordpress\/ -->\n<title>-<\/title>\n<meta name=\"description\" content=\"En colaboraci\u00f3n con SE60, CityCharge inaugura su primera estaci\u00f3n de recarga en Francia. Recarga inteligente mediante farolas, ahora tambi\u00e9n integrada con PassPass.\" \/>\n<meta name=\"robots\" content=\"index, follow, max-snippet:-1, max-image-preview:large, max-video-preview:-1\" \/>\n<link rel=\"canonical\" href=\"https:\/\/www.citycharge.eu\/es\/estacion-de-carga-en-francia\/\" \/>\n<meta property=\"og:locale\" content=\"es_ES\" \/>\n<meta property=\"og:type\" content=\"article\" \/>\n<meta property=\"og:title\" content=\"-\" \/>\n<meta property=\"og:description\" content=\"En colaboraci\u00f3n con SE60, CityCharge inaugura su primera estaci\u00f3n de recarga en Francia. Recarga inteligente mediante farolas, ahora tambi\u00e9n integrada con PassPass.\" \/>\n<meta property=\"og:url\" content=\"https:\/\/www.citycharge.eu\/es\/estacion-de-carga-en-francia\/\" \/>\n<meta property=\"og:site_name\" content=\"CityCharge\" \/>\n<meta property=\"article:published_time\" content=\"2026-03-18T14:56:04+00:00\" \/>\n<meta property=\"article:modified_time\" content=\"2026-03-18T15:07:55+00:00\" \/>\n<meta name=\"author\" content=\"Danique\" \/>\n<meta name=\"twitter:card\" content=\"summary_large_image\" \/>\n<meta name=\"twitter:label1\" content=\"Escrito por\" \/>\n\t<meta name=\"twitter:data1\" content=\"Danique\" \/>\n\t<meta name=\"twitter:label2\" content=\"Tiempo de lectura\" \/>\n\t<meta name=\"twitter:data2\" content=\"2 minutos\" \/>\n<script type=\"application\/ld+json\" class=\"yoast-schema-graph\">{\"@context\":\"https:\\\/\\\/schema.org\",\"@graph\":[{\"@type\":\"Article\",\"@id\":\"https:\\\/\\\/www.citycharge.eu\\\/es\\\/estacion-de-carga-en-francia\\\/#article\",\"isPartOf\":{\"@id\":\"https:\\\/\\\/www.citycharge.eu\\\/es\\\/estacion-de-carga-en-francia\\\/\"},\"author\":{\"name\":\"Danique\",\"@id\":\"https:\\\/\\\/www.citycharge.eu\\\/es\\\/#\\\/schema\\\/person\\\/139ed150cae75a3610198856265ef602\"},\"headline\":\"Estaci\u00f3n de carga en Francia\",\"datePublished\":\"2026-03-18T14:56:04+00:00\",\"dateModified\":\"2026-03-18T15:07:55+00:00\",\"mainEntityOfPage\":{\"@id\":\"https:\\\/\\\/www.citycharge.eu\\\/es\\\/estacion-de-carga-en-francia\\\/\"},\"wordCount\":333,\"publisher\":{\"@id\":\"https:\\\/\\\/www.citycharge.eu\\\/es\\\/#organization\"},\"articleSection\":[\"Casos\"],\"inLanguage\":\"es\"},{\"@type\":\"WebPage\",\"@id\":\"https:\\\/\\\/www.citycharge.eu\\\/es\\\/estacion-de-carga-en-francia\\\/\",\"url\":\"https:\\\/\\\/www.citycharge.eu\\\/es\\\/estacion-de-carga-en-francia\\\/\",\"name\":\"-\",\"isPartOf\":{\"@id\":\"https:\\\/\\\/www.citycharge.eu\\\/es\\\/#website\"},\"datePublished\":\"2026-03-18T14:56:04+00:00\",\"dateModified\":\"2026-03-18T15:07:55+00:00\",\"description\":\"En colaboraci\u00f3n con SE60, CityCharge inaugura su primera estaci\u00f3n de recarga en Francia. Recarga inteligente mediante farolas, ahora tambi\u00e9n integrada con PassPass.\",\"breadcrumb\":{\"@id\":\"https:\\\/\\\/www.citycharge.eu\\\/es\\\/estacion-de-carga-en-francia\\\/#breadcrumb\"},\"inLanguage\":\"es\",\"potentialAction\":[{\"@type\":\"ReadAction\",\"target\":[\"https:\\\/\\\/www.citycharge.eu\\\/es\\\/estacion-de-carga-en-francia\\\/\"]}]},{\"@type\":\"BreadcrumbList\",\"@id\":\"https:\\\/\\\/www.citycharge.eu\\\/es\\\/estacion-de-carga-en-francia\\\/#breadcrumb\",\"itemListElement\":[{\"@type\":\"ListItem\",\"position\":1,\"name\":\"Home\",\"item\":\"https:\\\/\\\/www.citycharge.eu\\\/es\\\/\"},{\"@type\":\"ListItem\",\"position\":2,\"name\":\"Estaci\u00f3n de carga en Francia\"}]},{\"@type\":\"WebSite\",\"@id\":\"https:\\\/\\\/www.citycharge.eu\\\/es\\\/#website\",\"url\":\"https:\\\/\\\/www.citycharge.eu\\\/es\\\/\",\"name\":\"CityCharge\",\"description\":\"Nieuw licht op laden\",\"publisher\":{\"@id\":\"https:\\\/\\\/www.citycharge.eu\\\/es\\\/#organization\"},\"potentialAction\":[{\"@type\":\"SearchAction\",\"target\":{\"@type\":\"EntryPoint\",\"urlTemplate\":\"https:\\\/\\\/www.citycharge.eu\\\/es\\\/?s={search_term_string}\"},\"query-input\":{\"@type\":\"PropertyValueSpecification\",\"valueRequired\":true,\"valueName\":\"search_term_string\"}}],\"inLanguage\":\"es\"},{\"@type\":\"Organization\",\"@id\":\"https:\\\/\\\/www.citycharge.eu\\\/es\\\/#organization\",\"name\":\"CityCharge\",\"url\":\"https:\\\/\\\/www.citycharge.eu\\\/es\\\/\",\"logo\":{\"@type\":\"ImageObject\",\"inLanguage\":\"es\",\"@id\":\"https:\\\/\\\/www.citycharge.eu\\\/es\\\/#\\\/schema\\\/logo\\\/image\\\/\",\"url\":\"https:\\\/\\\/www.citycharge.eu\\\/wp-content\\\/uploads\\\/2024\\\/07\\\/Citycharge_payofff_white.svg\",\"contentUrl\":\"https:\\\/\\\/www.citycharge.eu\\\/wp-content\\\/uploads\\\/2024\\\/07\\\/Citycharge_payofff_white.svg\",\"width\":1920,\"height\":530,\"caption\":\"CityCharge\"},\"image\":{\"@id\":\"https:\\\/\\\/www.citycharge.eu\\\/es\\\/#\\\/schema\\\/logo\\\/image\\\/\"}},{\"@type\":\"Person\",\"@id\":\"https:\\\/\\\/www.citycharge.eu\\\/es\\\/#\\\/schema\\\/person\\\/139ed150cae75a3610198856265ef602\",\"name\":\"Danique\",\"image\":{\"@type\":\"ImageObject\",\"inLanguage\":\"es\",\"@id\":\"https:\\\/\\\/secure.gravatar.com\\\/avatar\\\/2f3292a2b91653394d5be1d0518dec168aeade35a36c003959a83a0e10a262fb?s=96&d=mm&r=g\",\"url\":\"https:\\\/\\\/secure.gravatar.com\\\/avatar\\\/2f3292a2b91653394d5be1d0518dec168aeade35a36c003959a83a0e10a262fb?s=96&d=mm&r=g\",\"contentUrl\":\"https:\\\/\\\/secure.gravatar.com\\\/avatar\\\/2f3292a2b91653394d5be1d0518dec168aeade35a36c003959a83a0e10a262fb?s=96&d=mm&r=g\",\"caption\":\"Danique\"},\"url\":\"https:\\\/\\\/www.citycharge.eu\\\/es\\\/author\\\/danique\\\/\"}]}<\/script>\n<!-- \/ Yoast SEO plugin. -->","yoast_head_json":{"title":"-","description":"En colaboraci\u00f3n con SE60, CityCharge inaugura su primera estaci\u00f3n de recarga en Francia. Recarga inteligente mediante farolas, ahora tambi\u00e9n integrada con PassPass.","robots":{"index":"index","follow":"follow","max-snippet":"max-snippet:-1","max-image-preview":"max-image-preview:large","max-video-preview":"max-video-preview:-1"},"canonical":"https:\/\/www.citycharge.eu\/es\/estacion-de-carga-en-francia\/","og_locale":"es_ES","og_type":"article","og_title":"-","og_description":"En colaboraci\u00f3n con SE60, CityCharge inaugura su primera estaci\u00f3n de recarga en Francia. Recarga inteligente mediante farolas, ahora tambi\u00e9n integrada con PassPass.","og_url":"https:\/\/www.citycharge.eu\/es\/estacion-de-carga-en-francia\/","og_site_name":"CityCharge","article_published_time":"2026-03-18T14:56:04+00:00","article_modified_time":"2026-03-18T15:07:55+00:00","author":"Danique","twitter_card":"summary_large_image","twitter_misc":{"Escrito por":"Danique","Tiempo de lectura":"2 minutos"},"schema":{"@context":"https:\/\/schema.org","@graph":[{"@type":"Article","@id":"https:\/\/www.citycharge.eu\/es\/estacion-de-carga-en-francia\/#article","isPartOf":{"@id":"https:\/\/www.citycharge.eu\/es\/estacion-de-carga-en-francia\/"},"author":{"name":"Danique","@id":"https:\/\/www.citycharge.eu\/es\/#\/schema\/person\/139ed150cae75a3610198856265ef602"},"headline":"Estaci\u00f3n de carga en Francia","datePublished":"2026-03-18T14:56:04+00:00","dateModified":"2026-03-18T15:07:55+00:00","mainEntityOfPage":{"@id":"https:\/\/www.citycharge.eu\/es\/estacion-de-carga-en-francia\/"},"wordCount":333,"publisher":{"@id":"https:\/\/www.citycharge.eu\/es\/#organization"},"articleSection":["Casos"],"inLanguage":"es"},{"@type":"WebPage","@id":"https:\/\/www.citycharge.eu\/es\/estacion-de-carga-en-francia\/","url":"https:\/\/www.citycharge.eu\/es\/estacion-de-carga-en-francia\/","name":"-","isPartOf":{"@id":"https:\/\/www.citycharge.eu\/es\/#website"},"datePublished":"2026-03-18T14:56:04+00:00","dateModified":"2026-03-18T15:07:55+00:00","description":"En colaboraci\u00f3n con SE60, CityCharge inaugura su primera estaci\u00f3n de recarga en Francia. Recarga inteligente mediante farolas, ahora tambi\u00e9n integrada con PassPass.","breadcrumb":{"@id":"https:\/\/www.citycharge.eu\/es\/estacion-de-carga-en-francia\/#breadcrumb"},"inLanguage":"es","potentialAction":[{"@type":"ReadAction","target":["https:\/\/www.citycharge.eu\/es\/estacion-de-carga-en-francia\/"]}]},{"@type":"BreadcrumbList","@id":"https:\/\/www.citycharge.eu\/es\/estacion-de-carga-en-francia\/#breadcrumb","itemListElement":[{"@type":"ListItem","position":1,"name":"Home","item":"https:\/\/www.citycharge.eu\/es\/"},{"@type":"ListItem","position":2,"name":"Estaci\u00f3n de carga en Francia"}]},{"@type":"WebSite","@id":"https:\/\/www.citycharge.eu\/es\/#website","url":"https:\/\/www.citycharge.eu\/es\/","name":"CityCharge","description":"Nieuw licht op laden","publisher":{"@id":"https:\/\/www.citycharge.eu\/es\/#organization"},"potentialAction":[{"@type":"SearchAction","target":{"@type":"EntryPoint","urlTemplate":"https:\/\/www.citycharge.eu\/es\/?s={search_term_string}"},"query-input":{"@type":"PropertyValueSpecification","valueRequired":true,"valueName":"search_term_string"}}],"inLanguage":"es"},{"@type":"Organization","@id":"https:\/\/www.citycharge.eu\/es\/#organization","name":"CityCharge","url":"https:\/\/www.citycharge.eu\/es\/","logo":{"@type":"ImageObject","inLanguage":"es","@id":"https:\/\/www.citycharge.eu\/es\/#\/schema\/logo\/image\/","url":"https:\/\/www.citycharge.eu\/wp-content\/uploads\/2024\/07\/Citycharge_payofff_white.svg","contentUrl":"https:\/\/www.citycharge.eu\/wp-content\/uploads\/2024\/07\/Citycharge_payofff_white.svg","width":1920,"height":530,"caption":"CityCharge"},"image":{"@id":"https:\/\/www.citycharge.eu\/es\/#\/schema\/logo\/image\/"}},{"@type":"Person","@id":"https:\/\/www.citycharge.eu\/es\/#\/schema\/person\/139ed150cae75a3610198856265ef602","name":"Danique","image":{"@type":"ImageObject","inLanguage":"es","@id":"https:\/\/secure.gravatar.com\/avatar\/2f3292a2b91653394d5be1d0518dec168aeade35a36c003959a83a0e10a262fb?s=96&d=mm&r=g","url":"https:\/\/secure.gravatar.com\/avatar\/2f3292a2b91653394d5be1d0518dec168aeade35a36c003959a83a0e10a262fb?s=96&d=mm&r=g","contentUrl":"https:\/\/secure.gravatar.com\/avatar\/2f3292a2b91653394d5be1d0518dec168aeade35a36c003959a83a0e10a262fb?s=96&d=mm&r=g","caption":"Danique"},"url":"https:\/\/www.citycharge.eu\/es\/author\/danique\/"}]}},"_links":{"self":[{"href":"https:\/\/www.citycharge.eu\/es\/wp-json\/wp\/v2\/posts\/11710","targetHints":{"allow":["GET"]}}],"collection":[{"href":"https:\/\/www.citycharge.eu\/es\/wp-json\/wp\/v2\/posts"}],"about":[{"href":"https:\/\/www.citycharge.eu\/es\/wp-json\/wp\/v2\/types\/post"}],"author":[{"embeddable":true,"href":"https:\/\/www.citycharge.eu\/es\/wp-json\/wp\/v2\/users\/2"}],"replies":[{"embeddable":true,"href":"https:\/\/www.citycharge.eu\/es\/wp-json\/wp\/v2\/comments?post=11710"}],"version-history":[{"count":1,"href":"https:\/\/www.citycharge.eu\/es\/wp-json\/wp\/v2\/posts\/11710\/revisions"}],"predecessor-version":[{"id":11711,"href":"https:\/\/www.citycharge.eu\/es\/wp-json\/wp\/v2\/posts\/11710\/revisions\/11711"}],"wp:attachment":[{"href":"https:\/\/www.citycharge.eu\/es\/wp-json\/wp\/v2\/media?parent=11710"}],"wp:term":[{"taxonomy":"category","embeddable":true,"href":"https:\/\/www.citycharge.eu\/es\/wp-json\/wp\/v2\/categories?post=11710"},{"taxonomy":"post_tag","embeddable":true,"href":"https:\/\/www.citycharge.eu\/es\/wp-json\/wp\/v2\/tags?post=11710"}],"curies":[{"name":"wp","href":"https:\/\/api.w.org\/{rel}","templated":true}]}}