{"id":9348,"date":"2023-01-03T08:26:36","date_gmt":"2023-01-03T08:26:36","guid":{"rendered":"https:\/\/www.citycharge.eu\/por-primera-vez-en-eindhoven-y-segunda-en-los-paises-bajos-farola-con-enchufe-para-cargar-coches-electricos\/"},"modified":"2023-01-03T08:26:36","modified_gmt":"2023-01-03T08:26:36","slug":"por-primera-vez-en-eindhoven-y-segunda-en-los-paises-bajos-farola-con-enchufe-para-cargar-coches-electricos","status":"publish","type":"post","link":"https:\/\/www.citycharge.eu\/es\/por-primera-vez-en-eindhoven-y-segunda-en-los-paises-bajos-farola-con-enchufe-para-cargar-coches-electricos\/","title":{"rendered":"Por primera vez en Eindhoven (y segunda en los Pa\u00edses Bajos): farola con enchufe para cargar coches el\u00e9ctricos"},"content":{"rendered":"<p><img fetchpriority=\"high\" decoding=\"async\" class=\"wp-image-5800 size-large aligncenter\" src=\"http:\/\/www.citycharge.eu\/wp-content\/uploads\/2023\/01\/Wethouder-Rik-Thijs-1024x683.jpeg\" alt=\"\" width=\"1024\" height=\"683\" srcset=\"https:\/\/www.citycharge.eu\/wp-content\/uploads\/2023\/01\/Wethouder-Rik-Thijs-1024x683.jpeg 1024w, https:\/\/www.citycharge.eu\/wp-content\/uploads\/2023\/01\/Wethouder-Rik-Thijs-300x200.jpeg 300w, https:\/\/www.citycharge.eu\/wp-content\/uploads\/2023\/01\/Wethouder-Rik-Thijs-768x512.jpeg 768w, https:\/\/www.citycharge.eu\/wp-content\/uploads\/2023\/01\/Wethouder-Rik-Thijs.jpeg 1350w\" sizes=\"(max-width: 1024px) 100vw, 1024px\" \/><\/p>\n<p>EINDHOVEN &#8211; Una estaci\u00f3n de carga central como punto de distribuci\u00f3n para siete y pr\u00f3ximamente catorce coches el\u00e9ctricos. Buurtschap Te Veld en Woensel tiene la primicia sobre Eindhoven. El aparcamiento reci\u00e9n construido en Kwartier, en la aldea de Te Veld, tiene siete farolas. Tambi\u00e9n funcionan como estaci\u00f3n de carga para coches el\u00e9ctricos. Para ello reciben electricidad de una estaci\u00f3n de carga central. Seg\u00fan Michel Versteeg, de la empresa instaladora Dutch Charge, es el primer lugar en Eindhoven donde se instala esta instalaci\u00f3n y el segundo en los Pa\u00edses Bajos despu\u00e9s de Renkum. Ayer tuvo lugar la presentaci\u00f3n oficial, en presencia del concejal Rik Thijs (energ\u00eda). <\/p>\n<h2>Contra el &#8216;desorden&#8217; en la escena callejera<\/h2>\n<p>Seg\u00fan Dutch Charge y el municipio de Eindhoven, esta construcci\u00f3n tiene varias ventajas. Las plazas de aparcamiento asociadas tambi\u00e9n se pueden utilizar para coches que funcionen con combustible, lo que puede aumentar el apoyo de los residentes. Adem\u00e1s, el uso de farolas evita el \u00abdesorden\u00bb de la escena callejera. Adem\u00e1s, la instalaci\u00f3n es m\u00e1s econ\u00f3mica que las estaciones de carga tradicionales. Versteeg tambi\u00e9n est\u00e1 orgulloso de lo que \u00e9l llama \u00abcontrol inteligente\u00bb. \u00abCuando el aparcamiento se llena entre las cinco y las seis de la tarde y las luces se encienden en todas las casas, la demanda de electricidad es alta. Esta estaci\u00f3n de carga funciona a un ritmo m\u00e1s lento, porque la mayor\u00eda de los coches no se vuelven a utilizar hasta m\u00e1s tarde por la noche o incluso a la ma\u00f1ana siguiente\u201d.      <\/p>\n<p><iframe title=\"Eerste &#039;laadlantaarns&#039; in Eindhoven in gebruik genomen\" width=\"800\" height=\"450\" src=\"https:\/\/www.youtube.com\/embed\/-I2thSu_Lzo?feature=oembed\" frameborder=\"0\" allow=\"accelerometer; autoplay; clipboard-write; encrypted-media; gyroscope; picture-in-picture; web-share\" referrerpolicy=\"strict-origin-when-cross-origin\" allowfullscreen><\/iframe><\/p>\n<h2>Tarjeta bancaria o tel\u00e9fono<\/h2>\n<p>Los siete puntos de carga ya est\u00e1n en funcionamiento, pero se realizar\u00e1n m\u00e1s mejoras en un futuro pr\u00f3ximo. Esto les proporciona una conexi\u00f3n adicional, de modo que se pueden conectar dos coches a la vez, como ocurre con otras estaciones de carga. Tambi\u00e9n habr\u00e1 un lector de tarjetas, para que los usuarios puedan pagar con su tarjeta bancaria o tel\u00e9fono. Thijs est\u00e1 contento con esta innovaci\u00f3n y anunci\u00f3 que se est\u00e1 investigando si las farolas existentes se pueden convertir en puntos de carga. Y cuando se redise\u00f1an las calles, las nuevas farolas tambi\u00e9n tienen una doble funci\u00f3n, dice Linda van de Ven, l\u00edder del proyecto en el municipio de Eindhoven. Menciona como ejemplo el Boschdijk dentro del Ring. Un desarrollo l\u00f3gico seg\u00fan Versteeg. \u00abPorque necesitamos 1,7 millones de puntos de recarga en todos los Pa\u00edses Bajos\u00bb. Van de Ven afirma que los residentes del barrio de Te Veld no participaron en la elecci\u00f3n de instalar los puntos de carga. Como las plazas de aparcamiento no est\u00e1n reservadas para coches el\u00e9ctricos, probablemente todo el mundo estar\u00e1 contento con ello. Thijs sabe que otros municipios est\u00e1n escuchando sugerencias de los vecinos para facilitar la carga, como instalar conductos para cables en las aceras. \u00abNo vamos a hacer eso por el momento. Optamos por esta soluci\u00f3n tambi\u00e9n por la escena de la calle\u201d. Fuente: <a href=\"https:\/\/www.ed.nl\/eindhoven\/primeur-voor-eindhoven-en-tweede-in-nederland-lantaarnpaal-met-stopcontact-om-elektrische-auto-op-te-laden~ab3d0ce2\/\" target=\"_blank\" rel=\"noopener\">Eindhovens Dagblad<\/a>       <\/p>\n","protected":false},"excerpt":{"rendered":"<p>EINDHOVEN &#8211; Una estaci\u00f3n de carga central como punto de distribuci\u00f3n para siete y pr\u00f3ximamente catorce coches el\u00e9ctricos. Buurtschap Te Veld en Woensel tiene la primicia sobre Eindhoven. El aparcamiento reci\u00e9n construido en Kwartier, en la aldea de Te Veld, tiene siete farolas. Tambi\u00e9n funcionan como estaci\u00f3n de carga para coches el\u00e9ctricos. Para ello reciben [&hellip;]<\/p>\n","protected":false},"author":1,"featured_media":8339,"comment_status":"closed","ping_status":"closed","sticky":false,"template":"","format":"standard","meta":{"_acf_changed":false,"footnotes":""},"categories":[59],"tags":[],"class_list":["post-9348","post","type-post","status-publish","format-standard","has-post-thumbnail","hentry","category-noticias"],"acf":[],"yoast_head":"<!-- This site is optimized with the Yoast SEO plugin v27.4 - https:\/\/yoast.com\/product\/yoast-seo-wordpress\/ -->\n<title>Por primera vez en Eindhoven (y segunda en los Pa\u00edses Bajos): farola con enchufe para cargar coches el\u00e9ctricos - CityCharge<\/title>\n<meta name=\"description\" content=\"Por primera vez en Eindhoven (y segunda en los Pa\u00edses Bajos): farola con enchufe para cargar coches el\u00e9ctricos\" \/>\n<meta name=\"robots\" content=\"index, follow, max-snippet:-1, max-image-preview:large, max-video-preview:-1\" \/>\n<link rel=\"canonical\" href=\"https:\/\/www.citycharge.eu\/es\/por-primera-vez-en-eindhoven-y-segunda-en-los-paises-bajos-farola-con-enchufe-para-cargar-coches-electricos\/\" \/>\n<meta property=\"og:locale\" content=\"es_ES\" \/>\n<meta property=\"og:type\" content=\"article\" \/>\n<meta property=\"og:title\" content=\"Por primera vez en Eindhoven (y segunda en los Pa\u00edses Bajos): farola con enchufe para cargar coches el\u00e9ctricos - CityCharge\" \/>\n<meta property=\"og:description\" content=\"Por primera vez en Eindhoven (y segunda en los Pa\u00edses Bajos): farola con enchufe para cargar coches el\u00e9ctricos\" \/>\n<meta property=\"og:url\" content=\"https:\/\/www.citycharge.eu\/es\/por-primera-vez-en-eindhoven-y-segunda-en-los-paises-bajos-farola-con-enchufe-para-cargar-coches-electricos\/\" \/>\n<meta property=\"og:site_name\" content=\"CityCharge\" \/>\n<meta property=\"article:published_time\" content=\"2023-01-03T08:26:36+00:00\" \/>\n<meta property=\"og:image\" content=\"https:\/\/www.citycharge.eu\/wp-content\/uploads\/2023\/01\/Wethouder-Rik-Thijs.jpeg\" \/>\n\t<meta property=\"og:image:width\" content=\"1350\" \/>\n\t<meta property=\"og:image:height\" content=\"900\" \/>\n\t<meta property=\"og:image:type\" content=\"image\/jpeg\" \/>\n<meta name=\"author\" content=\"admin\" \/>\n<meta name=\"twitter:card\" content=\"summary_large_image\" \/>\n<meta name=\"twitter:label1\" content=\"Escrito por\" \/>\n\t<meta name=\"twitter:data1\" content=\"admin\" \/>\n\t<meta name=\"twitter:label2\" content=\"Tiempo de lectura\" \/>\n\t<meta name=\"twitter:data2\" content=\"3 minutos\" \/>\n<script type=\"application\/ld+json\" class=\"yoast-schema-graph\">{\"@context\":\"https:\\\/\\\/schema.org\",\"@graph\":[{\"@type\":\"Article\",\"@id\":\"https:\\\/\\\/www.citycharge.eu\\\/es\\\/por-primera-vez-en-eindhoven-y-segunda-en-los-paises-bajos-farola-con-enchufe-para-cargar-coches-electricos\\\/#article\",\"isPartOf\":{\"@id\":\"https:\\\/\\\/www.citycharge.eu\\\/es\\\/por-primera-vez-en-eindhoven-y-segunda-en-los-paises-bajos-farola-con-enchufe-para-cargar-coches-electricos\\\/\"},\"author\":{\"name\":\"admin\",\"@id\":\"https:\\\/\\\/www.citycharge.eu\\\/es\\\/#\\\/schema\\\/person\\\/0a798ff10afa77f3d0c65789b5d62f17\"},\"headline\":\"Por primera vez en Eindhoven (y segunda en los Pa\u00edses Bajos): farola con enchufe para cargar coches el\u00e9ctricos\",\"datePublished\":\"2023-01-03T08:26:36+00:00\",\"mainEntityOfPage\":{\"@id\":\"https:\\\/\\\/www.citycharge.eu\\\/es\\\/por-primera-vez-en-eindhoven-y-segunda-en-los-paises-bajos-farola-con-enchufe-para-cargar-coches-electricos\\\/\"},\"wordCount\":554,\"publisher\":{\"@id\":\"https:\\\/\\\/www.citycharge.eu\\\/es\\\/#organization\"},\"image\":{\"@id\":\"https:\\\/\\\/www.citycharge.eu\\\/es\\\/por-primera-vez-en-eindhoven-y-segunda-en-los-paises-bajos-farola-con-enchufe-para-cargar-coches-electricos\\\/#primaryimage\"},\"thumbnailUrl\":\"https:\\\/\\\/www.citycharge.eu\\\/wp-content\\\/uploads\\\/2023\\\/01\\\/Wethouder-Rik-Thijs.jpeg\",\"articleSection\":[\"Noticias\"],\"inLanguage\":\"es\"},{\"@type\":\"WebPage\",\"@id\":\"https:\\\/\\\/www.citycharge.eu\\\/es\\\/por-primera-vez-en-eindhoven-y-segunda-en-los-paises-bajos-farola-con-enchufe-para-cargar-coches-electricos\\\/\",\"url\":\"https:\\\/\\\/www.citycharge.eu\\\/es\\\/por-primera-vez-en-eindhoven-y-segunda-en-los-paises-bajos-farola-con-enchufe-para-cargar-coches-electricos\\\/\",\"name\":\"Por primera vez en Eindhoven (y segunda en los Pa\u00edses Bajos): farola con enchufe para cargar coches el\u00e9ctricos - CityCharge\",\"isPartOf\":{\"@id\":\"https:\\\/\\\/www.citycharge.eu\\\/es\\\/#website\"},\"primaryImageOfPage\":{\"@id\":\"https:\\\/\\\/www.citycharge.eu\\\/es\\\/por-primera-vez-en-eindhoven-y-segunda-en-los-paises-bajos-farola-con-enchufe-para-cargar-coches-electricos\\\/#primaryimage\"},\"image\":{\"@id\":\"https:\\\/\\\/www.citycharge.eu\\\/es\\\/por-primera-vez-en-eindhoven-y-segunda-en-los-paises-bajos-farola-con-enchufe-para-cargar-coches-electricos\\\/#primaryimage\"},\"thumbnailUrl\":\"https:\\\/\\\/www.citycharge.eu\\\/wp-content\\\/uploads\\\/2023\\\/01\\\/Wethouder-Rik-Thijs.jpeg\",\"datePublished\":\"2023-01-03T08:26:36+00:00\",\"description\":\"Por primera vez en Eindhoven (y segunda en los Pa\u00edses Bajos): farola con enchufe para cargar coches el\u00e9ctricos\",\"breadcrumb\":{\"@id\":\"https:\\\/\\\/www.citycharge.eu\\\/es\\\/por-primera-vez-en-eindhoven-y-segunda-en-los-paises-bajos-farola-con-enchufe-para-cargar-coches-electricos\\\/#breadcrumb\"},\"inLanguage\":\"es\",\"potentialAction\":[{\"@type\":\"ReadAction\",\"target\":[\"https:\\\/\\\/www.citycharge.eu\\\/es\\\/por-primera-vez-en-eindhoven-y-segunda-en-los-paises-bajos-farola-con-enchufe-para-cargar-coches-electricos\\\/\"]}]},{\"@type\":\"ImageObject\",\"inLanguage\":\"es\",\"@id\":\"https:\\\/\\\/www.citycharge.eu\\\/es\\\/por-primera-vez-en-eindhoven-y-segunda-en-los-paises-bajos-farola-con-enchufe-para-cargar-coches-electricos\\\/#primaryimage\",\"url\":\"https:\\\/\\\/www.citycharge.eu\\\/wp-content\\\/uploads\\\/2023\\\/01\\\/Wethouder-Rik-Thijs.jpeg\",\"contentUrl\":\"https:\\\/\\\/www.citycharge.eu\\\/wp-content\\\/uploads\\\/2023\\\/01\\\/Wethouder-Rik-Thijs.jpeg\",\"width\":1350,\"height\":900},{\"@type\":\"BreadcrumbList\",\"@id\":\"https:\\\/\\\/www.citycharge.eu\\\/es\\\/por-primera-vez-en-eindhoven-y-segunda-en-los-paises-bajos-farola-con-enchufe-para-cargar-coches-electricos\\\/#breadcrumb\",\"itemListElement\":[{\"@type\":\"ListItem\",\"position\":1,\"name\":\"Home\",\"item\":\"https:\\\/\\\/www.citycharge.eu\\\/es\\\/\"},{\"@type\":\"ListItem\",\"position\":2,\"name\":\"Por primera vez en Eindhoven (y segunda en los Pa\u00edses Bajos): farola con enchufe para cargar coches el\u00e9ctricos\"}]},{\"@type\":\"WebSite\",\"@id\":\"https:\\\/\\\/www.citycharge.eu\\\/es\\\/#website\",\"url\":\"https:\\\/\\\/www.citycharge.eu\\\/es\\\/\",\"name\":\"CityCharge\",\"description\":\"Nieuw licht op laden\",\"publisher\":{\"@id\":\"https:\\\/\\\/www.citycharge.eu\\\/es\\\/#organization\"},\"potentialAction\":[{\"@type\":\"SearchAction\",\"target\":{\"@type\":\"EntryPoint\",\"urlTemplate\":\"https:\\\/\\\/www.citycharge.eu\\\/es\\\/?s={search_term_string}\"},\"query-input\":{\"@type\":\"PropertyValueSpecification\",\"valueRequired\":true,\"valueName\":\"search_term_string\"}}],\"inLanguage\":\"es\"},{\"@type\":\"Organization\",\"@id\":\"https:\\\/\\\/www.citycharge.eu\\\/es\\\/#organization\",\"name\":\"CityCharge\",\"url\":\"https:\\\/\\\/www.citycharge.eu\\\/es\\\/\",\"logo\":{\"@type\":\"ImageObject\",\"inLanguage\":\"es\",\"@id\":\"https:\\\/\\\/www.citycharge.eu\\\/es\\\/#\\\/schema\\\/logo\\\/image\\\/\",\"url\":\"https:\\\/\\\/www.citycharge.eu\\\/wp-content\\\/uploads\\\/2024\\\/07\\\/Citycharge_payofff_white.svg\",\"contentUrl\":\"https:\\\/\\\/www.citycharge.eu\\\/wp-content\\\/uploads\\\/2024\\\/07\\\/Citycharge_payofff_white.svg\",\"width\":1920,\"height\":530,\"caption\":\"CityCharge\"},\"image\":{\"@id\":\"https:\\\/\\\/www.citycharge.eu\\\/es\\\/#\\\/schema\\\/logo\\\/image\\\/\"}},{\"@type\":\"Person\",\"@id\":\"https:\\\/\\\/www.citycharge.eu\\\/es\\\/#\\\/schema\\\/person\\\/0a798ff10afa77f3d0c65789b5d62f17\",\"name\":\"admin\",\"image\":{\"@type\":\"ImageObject\",\"inLanguage\":\"es\",\"@id\":\"https:\\\/\\\/secure.gravatar.com\\\/avatar\\\/b382f2b0baf85cf8d841621555daa4ae2420c7929b964e5ca4e287310b061056?s=96&d=mm&r=g\",\"url\":\"https:\\\/\\\/secure.gravatar.com\\\/avatar\\\/b382f2b0baf85cf8d841621555daa4ae2420c7929b964e5ca4e287310b061056?s=96&d=mm&r=g\",\"contentUrl\":\"https:\\\/\\\/secure.gravatar.com\\\/avatar\\\/b382f2b0baf85cf8d841621555daa4ae2420c7929b964e5ca4e287310b061056?s=96&d=mm&r=g\",\"caption\":\"admin\"},\"sameAs\":[\"http:\\\/\\\/www.citycharge.eu\"],\"url\":\"https:\\\/\\\/www.citycharge.eu\\\/es\\\/author\\\/admin\\\/\"}]}<\/script>\n<!-- \/ Yoast SEO plugin. -->","yoast_head_json":{"title":"Por primera vez en Eindhoven (y segunda en los Pa\u00edses Bajos): farola con enchufe para cargar coches el\u00e9ctricos - CityCharge","description":"Por primera vez en Eindhoven (y segunda en los Pa\u00edses Bajos): farola con enchufe para cargar coches el\u00e9ctricos","robots":{"index":"index","follow":"follow","max-snippet":"max-snippet:-1","max-image-preview":"max-image-preview:large","max-video-preview":"max-video-preview:-1"},"canonical":"https:\/\/www.citycharge.eu\/es\/por-primera-vez-en-eindhoven-y-segunda-en-los-paises-bajos-farola-con-enchufe-para-cargar-coches-electricos\/","og_locale":"es_ES","og_type":"article","og_title":"Por primera vez en Eindhoven (y segunda en los Pa\u00edses Bajos): farola con enchufe para cargar coches el\u00e9ctricos - CityCharge","og_description":"Por primera vez en Eindhoven (y segunda en los Pa\u00edses Bajos): farola con enchufe para cargar coches el\u00e9ctricos","og_url":"https:\/\/www.citycharge.eu\/es\/por-primera-vez-en-eindhoven-y-segunda-en-los-paises-bajos-farola-con-enchufe-para-cargar-coches-electricos\/","og_site_name":"CityCharge","article_published_time":"2023-01-03T08:26:36+00:00","og_image":[{"width":1350,"height":900,"url":"https:\/\/www.citycharge.eu\/wp-content\/uploads\/2023\/01\/Wethouder-Rik-Thijs.jpeg","type":"image\/jpeg"}],"author":"admin","twitter_card":"summary_large_image","twitter_misc":{"Escrito por":"admin","Tiempo de lectura":"3 minutos"},"schema":{"@context":"https:\/\/schema.org","@graph":[{"@type":"Article","@id":"https:\/\/www.citycharge.eu\/es\/por-primera-vez-en-eindhoven-y-segunda-en-los-paises-bajos-farola-con-enchufe-para-cargar-coches-electricos\/#article","isPartOf":{"@id":"https:\/\/www.citycharge.eu\/es\/por-primera-vez-en-eindhoven-y-segunda-en-los-paises-bajos-farola-con-enchufe-para-cargar-coches-electricos\/"},"author":{"name":"admin","@id":"https:\/\/www.citycharge.eu\/es\/#\/schema\/person\/0a798ff10afa77f3d0c65789b5d62f17"},"headline":"Por primera vez en Eindhoven (y segunda en los Pa\u00edses Bajos): farola con enchufe para cargar coches el\u00e9ctricos","datePublished":"2023-01-03T08:26:36+00:00","mainEntityOfPage":{"@id":"https:\/\/www.citycharge.eu\/es\/por-primera-vez-en-eindhoven-y-segunda-en-los-paises-bajos-farola-con-enchufe-para-cargar-coches-electricos\/"},"wordCount":554,"publisher":{"@id":"https:\/\/www.citycharge.eu\/es\/#organization"},"image":{"@id":"https:\/\/www.citycharge.eu\/es\/por-primera-vez-en-eindhoven-y-segunda-en-los-paises-bajos-farola-con-enchufe-para-cargar-coches-electricos\/#primaryimage"},"thumbnailUrl":"https:\/\/www.citycharge.eu\/wp-content\/uploads\/2023\/01\/Wethouder-Rik-Thijs.jpeg","articleSection":["Noticias"],"inLanguage":"es"},{"@type":"WebPage","@id":"https:\/\/www.citycharge.eu\/es\/por-primera-vez-en-eindhoven-y-segunda-en-los-paises-bajos-farola-con-enchufe-para-cargar-coches-electricos\/","url":"https:\/\/www.citycharge.eu\/es\/por-primera-vez-en-eindhoven-y-segunda-en-los-paises-bajos-farola-con-enchufe-para-cargar-coches-electricos\/","name":"Por primera vez en Eindhoven (y segunda en los Pa\u00edses Bajos): farola con enchufe para cargar coches el\u00e9ctricos - CityCharge","isPartOf":{"@id":"https:\/\/www.citycharge.eu\/es\/#website"},"primaryImageOfPage":{"@id":"https:\/\/www.citycharge.eu\/es\/por-primera-vez-en-eindhoven-y-segunda-en-los-paises-bajos-farola-con-enchufe-para-cargar-coches-electricos\/#primaryimage"},"image":{"@id":"https:\/\/www.citycharge.eu\/es\/por-primera-vez-en-eindhoven-y-segunda-en-los-paises-bajos-farola-con-enchufe-para-cargar-coches-electricos\/#primaryimage"},"thumbnailUrl":"https:\/\/www.citycharge.eu\/wp-content\/uploads\/2023\/01\/Wethouder-Rik-Thijs.jpeg","datePublished":"2023-01-03T08:26:36+00:00","description":"Por primera vez en Eindhoven (y segunda en los Pa\u00edses Bajos): farola con enchufe para cargar coches el\u00e9ctricos","breadcrumb":{"@id":"https:\/\/www.citycharge.eu\/es\/por-primera-vez-en-eindhoven-y-segunda-en-los-paises-bajos-farola-con-enchufe-para-cargar-coches-electricos\/#breadcrumb"},"inLanguage":"es","potentialAction":[{"@type":"ReadAction","target":["https:\/\/www.citycharge.eu\/es\/por-primera-vez-en-eindhoven-y-segunda-en-los-paises-bajos-farola-con-enchufe-para-cargar-coches-electricos\/"]}]},{"@type":"ImageObject","inLanguage":"es","@id":"https:\/\/www.citycharge.eu\/es\/por-primera-vez-en-eindhoven-y-segunda-en-los-paises-bajos-farola-con-enchufe-para-cargar-coches-electricos\/#primaryimage","url":"https:\/\/www.citycharge.eu\/wp-content\/uploads\/2023\/01\/Wethouder-Rik-Thijs.jpeg","contentUrl":"https:\/\/www.citycharge.eu\/wp-content\/uploads\/2023\/01\/Wethouder-Rik-Thijs.jpeg","width":1350,"height":900},{"@type":"BreadcrumbList","@id":"https:\/\/www.citycharge.eu\/es\/por-primera-vez-en-eindhoven-y-segunda-en-los-paises-bajos-farola-con-enchufe-para-cargar-coches-electricos\/#breadcrumb","itemListElement":[{"@type":"ListItem","position":1,"name":"Home","item":"https:\/\/www.citycharge.eu\/es\/"},{"@type":"ListItem","position":2,"name":"Por primera vez en Eindhoven (y segunda en los Pa\u00edses Bajos): farola con enchufe para cargar coches el\u00e9ctricos"}]},{"@type":"WebSite","@id":"https:\/\/www.citycharge.eu\/es\/#website","url":"https:\/\/www.citycharge.eu\/es\/","name":"CityCharge","description":"Nieuw licht op laden","publisher":{"@id":"https:\/\/www.citycharge.eu\/es\/#organization"},"potentialAction":[{"@type":"SearchAction","target":{"@type":"EntryPoint","urlTemplate":"https:\/\/www.citycharge.eu\/es\/?s={search_term_string}"},"query-input":{"@type":"PropertyValueSpecification","valueRequired":true,"valueName":"search_term_string"}}],"inLanguage":"es"},{"@type":"Organization","@id":"https:\/\/www.citycharge.eu\/es\/#organization","name":"CityCharge","url":"https:\/\/www.citycharge.eu\/es\/","logo":{"@type":"ImageObject","inLanguage":"es","@id":"https:\/\/www.citycharge.eu\/es\/#\/schema\/logo\/image\/","url":"https:\/\/www.citycharge.eu\/wp-content\/uploads\/2024\/07\/Citycharge_payofff_white.svg","contentUrl":"https:\/\/www.citycharge.eu\/wp-content\/uploads\/2024\/07\/Citycharge_payofff_white.svg","width":1920,"height":530,"caption":"CityCharge"},"image":{"@id":"https:\/\/www.citycharge.eu\/es\/#\/schema\/logo\/image\/"}},{"@type":"Person","@id":"https:\/\/www.citycharge.eu\/es\/#\/schema\/person\/0a798ff10afa77f3d0c65789b5d62f17","name":"admin","image":{"@type":"ImageObject","inLanguage":"es","@id":"https:\/\/secure.gravatar.com\/avatar\/b382f2b0baf85cf8d841621555daa4ae2420c7929b964e5ca4e287310b061056?s=96&d=mm&r=g","url":"https:\/\/secure.gravatar.com\/avatar\/b382f2b0baf85cf8d841621555daa4ae2420c7929b964e5ca4e287310b061056?s=96&d=mm&r=g","contentUrl":"https:\/\/secure.gravatar.com\/avatar\/b382f2b0baf85cf8d841621555daa4ae2420c7929b964e5ca4e287310b061056?s=96&d=mm&r=g","caption":"admin"},"sameAs":["http:\/\/www.citycharge.eu"],"url":"https:\/\/www.citycharge.eu\/es\/author\/admin\/"}]}},"_links":{"self":[{"href":"https:\/\/www.citycharge.eu\/es\/wp-json\/wp\/v2\/posts\/9348","targetHints":{"allow":["GET"]}}],"collection":[{"href":"https:\/\/www.citycharge.eu\/es\/wp-json\/wp\/v2\/posts"}],"about":[{"href":"https:\/\/www.citycharge.eu\/es\/wp-json\/wp\/v2\/types\/post"}],"author":[{"embeddable":true,"href":"https:\/\/www.citycharge.eu\/es\/wp-json\/wp\/v2\/users\/1"}],"replies":[{"embeddable":true,"href":"https:\/\/www.citycharge.eu\/es\/wp-json\/wp\/v2\/comments?post=9348"}],"version-history":[{"count":0,"href":"https:\/\/www.citycharge.eu\/es\/wp-json\/wp\/v2\/posts\/9348\/revisions"}],"wp:featuredmedia":[{"embeddable":true,"href":"https:\/\/www.citycharge.eu\/es\/wp-json\/wp\/v2\/media\/8339"}],"wp:attachment":[{"href":"https:\/\/www.citycharge.eu\/es\/wp-json\/wp\/v2\/media?parent=9348"}],"wp:term":[{"taxonomy":"category","embeddable":true,"href":"https:\/\/www.citycharge.eu\/es\/wp-json\/wp\/v2\/categories?post=9348"},{"taxonomy":"post_tag","embeddable":true,"href":"https:\/\/www.citycharge.eu\/es\/wp-json\/wp\/v2\/tags?post=9348"}],"curies":[{"name":"wp","href":"https:\/\/api.w.org\/{rel}","templated":true}]}}