{"id":9396,"date":"2022-07-28T14:04:05","date_gmt":"2022-07-28T14:04:05","guid":{"rendered":"https:\/\/www.citycharge.eu\/el-poste-de-luz-inteligente-ya-es-una-realidad-en-renkum\/"},"modified":"2022-07-28T14:04:05","modified_gmt":"2022-07-28T14:04:05","slug":"el-poste-de-luz-inteligente-ya-es-una-realidad-en-renkum","status":"publish","type":"post","link":"https:\/\/www.citycharge.eu\/es\/el-poste-de-luz-inteligente-ya-es-una-realidad-en-renkum\/","title":{"rendered":"El poste de luz inteligente ya es una realidad en Renkum"},"content":{"rendered":"<div class=\"halfpage-ad-nodepage sticky-container\" data-sticky-container=\"\">\n<div class=\"sticky is-anchored is-at-top\" data-sticky=\"\" data-anchor=\"sticky-parent\" data-margin-top=\"7\" data-resize=\"i78ge7-sticky\" data-mutate=\"i78ge7-sticky\" data-i=\"536yve-i\" data-events=\"resize\">\n<div id=\"dfp-halfpage1\" data-google-query-id=\"CMuj1JP6-PECFZC43godwRcBbA\">\n<div id=\"google_ads_iframe_\/21730500021\/rtl-nieuws\/web\/detail_4__container__\">\n<p><strong><img fetchpriority=\"high\" decoding=\"async\" class=\" wp-image-5550 alignright\" src=\"http:\/\/www.citycharge.eu\/wp-content\/uploads\/2022\/07\/slimme-laadtaarn-renkum-169x300.jpg\" alt=\"\" width=\"202\" height=\"358\">En Renkum se instalar\u00e1n doce farolas especiales. Y son ciertamente especiales: \u00a1son los \u00fanicos postes de luz multifuncionales con punto de carga para veh\u00edculos el\u00e9ctricos de CityCharge! Adem\u00e1s de proporcionar luz, las farolas tambi\u00e9n funcionan como estaciones de carga para coches el\u00e9ctricos. En el futuro podr\u00e1n incluso medir la calidad del aire y regular los flujos de tr\u00e1fico. Junto con el operador de red Liander, estamos trabajando en un piloto en el que probamos dos configuraciones: varios postes de luz conectados detr\u00e1s de una conexi\u00f3n a la red el\u00e9ctrica y un poste de luz de carga para el cual hemos realizado una conexi\u00f3n integrada y un medidor a la red el\u00e9ctrica.      <\/strong><\/p>\n<p>La combinaci\u00f3n de farola y estaci\u00f3n de carga no es nueva. La ejecuci\u00f3n, en cambio, s\u00ed. Mientras que antes los postes de luz ten\u00edan cerca una caja que conten\u00eda algunos de los componentes t\u00e9cnicos, ahora se ha desarrollado una conexi\u00f3n integrada y un medidor que encaja exactamente en el poste de luz. Debido a que la conexi\u00f3n est\u00e1 oculta de forma invisible en el poste, no se requiere espacio adicional ni bajo tierra ni sobre el suelo. Esto evita la saturaci\u00f3n del espacio p\u00fablico y eso es lo que pretendemos. Con este piloto en Renkum, estamos investigando c\u00f3mo combinar m\u00faltiples funciones en un objeto con dos configuraciones diferentes. Haciendo un uso inteligente de una estaci\u00f3n de carga integrada en un poste de luz, podremos realizar nuestro trabajo de forma m\u00e1s eficiente. De esta forma, s\u00f3lo se requiere una conexi\u00f3n a la red el\u00e9ctrica. Esto significa menos trabajo para los t\u00e9cnicos, menos uso de materiales y menos espacio requerido. \u00a1Grandes novedades en lo que a nosotros respecta!    <\/p>\n<p><img decoding=\"async\" class=\"alignnone wp-image-6603 size-full\" src=\"http:\/\/www.citycharge.eu\/wp-content\/uploads\/2022\/07\/2ccd4910-f6b2-40e9-85f7-c86e2df436dc.jpeg\" alt=\"\" width=\"296\" height=\"640\" srcset=\"https:\/\/www.citycharge.eu\/wp-content\/uploads\/2022\/07\/2ccd4910-f6b2-40e9-85f7-c86e2df436dc.jpeg 296w, https:\/\/www.citycharge.eu\/wp-content\/uploads\/2022\/07\/2ccd4910-f6b2-40e9-85f7-c86e2df436dc-139x300.jpeg 139w\" sizes=\"(max-width: 296px) 100vw, 296px\" \/><\/p>\n<\/div>\n<p>Lea el art\u00edculo completo <a href=\"https:\/\/www.rijnenveluwe.nl\/lokaal\/overig\/838579\/renkum-heeft-nederlandse-primeur-met-laadlantaarnpaal#:~:text=Gemeente%20Renkum%20heeft%20de%20afgelopen,omdat%20ze%20meerdere%20functies%20hebben.\" target=\"_blank\" rel=\"noopener\">aqu\u00ed<\/a> .<\/p>\n<\/div>\n<\/div>\n<\/div>\n","protected":false},"excerpt":{"rendered":"<p>En Renkum se instalar\u00e1n doce farolas especiales. Y son ciertamente especiales: \u00a1son los \u00fanicos postes de luz multifuncionales con punto de carga para veh\u00edculos el\u00e9ctricos de CityCharge! Adem\u00e1s de proporcionar luz, las farolas tambi\u00e9n funcionan como estaciones de carga para coches el\u00e9ctricos. En el futuro podr\u00e1n incluso medir la calidad del aire y regular los [&hellip;]<\/p>\n","protected":false},"author":1,"featured_media":8196,"comment_status":"closed","ping_status":"closed","sticky":false,"template":"","format":"standard","meta":{"_acf_changed":false,"footnotes":""},"categories":[59],"tags":[],"class_list":["post-9396","post","type-post","status-publish","format-standard","has-post-thumbnail","hentry","category-noticias"],"acf":[],"yoast_head":"<!-- This site is optimized with the Yoast SEO plugin v27.5 - https:\/\/yoast.com\/product\/yoast-seo-wordpress\/ -->\n<title>El poste de luz inteligente ya es una realidad en Renkum - CityCharge<\/title>\n<meta name=\"description\" content=\"En Renkum se instalar\u00e1n doce columnas de iluminaci\u00f3n inteligentes CityCharge. Estos no s\u00f3lo proporcionan luz, sino que tambi\u00e9n funcionan como estaci\u00f3n de carga para coches el\u00e9ctricos.\" \/>\n<meta name=\"robots\" content=\"index, follow, max-snippet:-1, max-image-preview:large, max-video-preview:-1\" \/>\n<link rel=\"canonical\" href=\"https:\/\/www.citycharge.eu\/es\/el-poste-de-luz-inteligente-ya-es-una-realidad-en-renkum\/\" \/>\n<meta property=\"og:locale\" content=\"es_ES\" \/>\n<meta property=\"og:type\" content=\"article\" \/>\n<meta property=\"og:title\" content=\"El poste de luz inteligente ya es una realidad en Renkum - CityCharge\" \/>\n<meta property=\"og:description\" content=\"En Renkum se instalar\u00e1n doce columnas de iluminaci\u00f3n inteligentes CityCharge. Estos no s\u00f3lo proporcionan luz, sino que tambi\u00e9n funcionan como estaci\u00f3n de carga para coches el\u00e9ctricos.\" \/>\n<meta property=\"og:url\" content=\"https:\/\/www.citycharge.eu\/es\/el-poste-de-luz-inteligente-ya-es-una-realidad-en-renkum\/\" \/>\n<meta property=\"og:site_name\" content=\"CityCharge\" \/>\n<meta property=\"article:published_time\" content=\"2022-07-28T14:04:05+00:00\" \/>\n<meta property=\"og:image\" content=\"https:\/\/www.citycharge.eu\/wp-content\/uploads\/2022\/07\/slimme-lichtmasten-in-renkum-scaled-1.jpg\" \/>\n\t<meta property=\"og:image:width\" content=\"2560\" \/>\n\t<meta property=\"og:image:height\" content=\"1251\" \/>\n\t<meta property=\"og:image:type\" content=\"image\/jpeg\" \/>\n<meta name=\"author\" content=\"admin\" \/>\n<meta name=\"twitter:card\" content=\"summary_large_image\" \/>\n<meta name=\"twitter:label1\" content=\"Escrito por\" \/>\n\t<meta name=\"twitter:data1\" content=\"admin\" \/>\n\t<meta name=\"twitter:label2\" content=\"Tiempo de lectura\" \/>\n\t<meta name=\"twitter:data2\" content=\"2 minutos\" \/>\n<script type=\"application\/ld+json\" class=\"yoast-schema-graph\">{\"@context\":\"https:\\\/\\\/schema.org\",\"@graph\":[{\"@type\":\"Article\",\"@id\":\"https:\\\/\\\/www.citycharge.eu\\\/es\\\/el-poste-de-luz-inteligente-ya-es-una-realidad-en-renkum\\\/#article\",\"isPartOf\":{\"@id\":\"https:\\\/\\\/www.citycharge.eu\\\/es\\\/el-poste-de-luz-inteligente-ya-es-una-realidad-en-renkum\\\/\"},\"author\":{\"name\":\"admin\",\"@id\":\"https:\\\/\\\/www.citycharge.eu\\\/es\\\/#\\\/schema\\\/person\\\/0a798ff10afa77f3d0c65789b5d62f17\"},\"headline\":\"El poste de luz inteligente ya es una realidad en Renkum\",\"datePublished\":\"2022-07-28T14:04:05+00:00\",\"mainEntityOfPage\":{\"@id\":\"https:\\\/\\\/www.citycharge.eu\\\/es\\\/el-poste-de-luz-inteligente-ya-es-una-realidad-en-renkum\\\/\"},\"wordCount\":325,\"publisher\":{\"@id\":\"https:\\\/\\\/www.citycharge.eu\\\/es\\\/#organization\"},\"image\":{\"@id\":\"https:\\\/\\\/www.citycharge.eu\\\/es\\\/el-poste-de-luz-inteligente-ya-es-una-realidad-en-renkum\\\/#primaryimage\"},\"thumbnailUrl\":\"https:\\\/\\\/www.citycharge.eu\\\/wp-content\\\/uploads\\\/2022\\\/07\\\/slimme-lichtmasten-in-renkum-scaled-1.jpg\",\"articleSection\":[\"Noticias\"],\"inLanguage\":\"es\"},{\"@type\":\"WebPage\",\"@id\":\"https:\\\/\\\/www.citycharge.eu\\\/es\\\/el-poste-de-luz-inteligente-ya-es-una-realidad-en-renkum\\\/\",\"url\":\"https:\\\/\\\/www.citycharge.eu\\\/es\\\/el-poste-de-luz-inteligente-ya-es-una-realidad-en-renkum\\\/\",\"name\":\"El poste de luz inteligente ya es una realidad en Renkum - CityCharge\",\"isPartOf\":{\"@id\":\"https:\\\/\\\/www.citycharge.eu\\\/es\\\/#website\"},\"primaryImageOfPage\":{\"@id\":\"https:\\\/\\\/www.citycharge.eu\\\/es\\\/el-poste-de-luz-inteligente-ya-es-una-realidad-en-renkum\\\/#primaryimage\"},\"image\":{\"@id\":\"https:\\\/\\\/www.citycharge.eu\\\/es\\\/el-poste-de-luz-inteligente-ya-es-una-realidad-en-renkum\\\/#primaryimage\"},\"thumbnailUrl\":\"https:\\\/\\\/www.citycharge.eu\\\/wp-content\\\/uploads\\\/2022\\\/07\\\/slimme-lichtmasten-in-renkum-scaled-1.jpg\",\"datePublished\":\"2022-07-28T14:04:05+00:00\",\"description\":\"En Renkum se instalar\u00e1n doce columnas de iluminaci\u00f3n inteligentes CityCharge. Estos no s\u00f3lo proporcionan luz, sino que tambi\u00e9n funcionan como estaci\u00f3n de carga para coches el\u00e9ctricos.\",\"breadcrumb\":{\"@id\":\"https:\\\/\\\/www.citycharge.eu\\\/es\\\/el-poste-de-luz-inteligente-ya-es-una-realidad-en-renkum\\\/#breadcrumb\"},\"inLanguage\":\"es\",\"potentialAction\":[{\"@type\":\"ReadAction\",\"target\":[\"https:\\\/\\\/www.citycharge.eu\\\/es\\\/el-poste-de-luz-inteligente-ya-es-una-realidad-en-renkum\\\/\"]}]},{\"@type\":\"ImageObject\",\"inLanguage\":\"es\",\"@id\":\"https:\\\/\\\/www.citycharge.eu\\\/es\\\/el-poste-de-luz-inteligente-ya-es-una-realidad-en-renkum\\\/#primaryimage\",\"url\":\"https:\\\/\\\/www.citycharge.eu\\\/wp-content\\\/uploads\\\/2022\\\/07\\\/slimme-lichtmasten-in-renkum-scaled-1.jpg\",\"contentUrl\":\"https:\\\/\\\/www.citycharge.eu\\\/wp-content\\\/uploads\\\/2022\\\/07\\\/slimme-lichtmasten-in-renkum-scaled-1.jpg\",\"width\":2560,\"height\":1251},{\"@type\":\"BreadcrumbList\",\"@id\":\"https:\\\/\\\/www.citycharge.eu\\\/es\\\/el-poste-de-luz-inteligente-ya-es-una-realidad-en-renkum\\\/#breadcrumb\",\"itemListElement\":[{\"@type\":\"ListItem\",\"position\":1,\"name\":\"Home\",\"item\":\"https:\\\/\\\/www.citycharge.eu\\\/es\\\/\"},{\"@type\":\"ListItem\",\"position\":2,\"name\":\"El poste de luz inteligente ya es una realidad en Renkum\"}]},{\"@type\":\"WebSite\",\"@id\":\"https:\\\/\\\/www.citycharge.eu\\\/es\\\/#website\",\"url\":\"https:\\\/\\\/www.citycharge.eu\\\/es\\\/\",\"name\":\"CityCharge\",\"description\":\"Nieuw licht op laden\",\"publisher\":{\"@id\":\"https:\\\/\\\/www.citycharge.eu\\\/es\\\/#organization\"},\"potentialAction\":[{\"@type\":\"SearchAction\",\"target\":{\"@type\":\"EntryPoint\",\"urlTemplate\":\"https:\\\/\\\/www.citycharge.eu\\\/es\\\/?s={search_term_string}\"},\"query-input\":{\"@type\":\"PropertyValueSpecification\",\"valueRequired\":true,\"valueName\":\"search_term_string\"}}],\"inLanguage\":\"es\"},{\"@type\":\"Organization\",\"@id\":\"https:\\\/\\\/www.citycharge.eu\\\/es\\\/#organization\",\"name\":\"CityCharge\",\"url\":\"https:\\\/\\\/www.citycharge.eu\\\/es\\\/\",\"logo\":{\"@type\":\"ImageObject\",\"inLanguage\":\"es\",\"@id\":\"https:\\\/\\\/www.citycharge.eu\\\/es\\\/#\\\/schema\\\/logo\\\/image\\\/\",\"url\":\"https:\\\/\\\/www.citycharge.eu\\\/wp-content\\\/uploads\\\/2024\\\/07\\\/Citycharge_payofff_white.svg\",\"contentUrl\":\"https:\\\/\\\/www.citycharge.eu\\\/wp-content\\\/uploads\\\/2024\\\/07\\\/Citycharge_payofff_white.svg\",\"width\":1920,\"height\":530,\"caption\":\"CityCharge\"},\"image\":{\"@id\":\"https:\\\/\\\/www.citycharge.eu\\\/es\\\/#\\\/schema\\\/logo\\\/image\\\/\"}},{\"@type\":\"Person\",\"@id\":\"https:\\\/\\\/www.citycharge.eu\\\/es\\\/#\\\/schema\\\/person\\\/0a798ff10afa77f3d0c65789b5d62f17\",\"name\":\"admin\",\"image\":{\"@type\":\"ImageObject\",\"inLanguage\":\"es\",\"@id\":\"https:\\\/\\\/secure.gravatar.com\\\/avatar\\\/b382f2b0baf85cf8d841621555daa4ae2420c7929b964e5ca4e287310b061056?s=96&d=mm&r=g\",\"url\":\"https:\\\/\\\/secure.gravatar.com\\\/avatar\\\/b382f2b0baf85cf8d841621555daa4ae2420c7929b964e5ca4e287310b061056?s=96&d=mm&r=g\",\"contentUrl\":\"https:\\\/\\\/secure.gravatar.com\\\/avatar\\\/b382f2b0baf85cf8d841621555daa4ae2420c7929b964e5ca4e287310b061056?s=96&d=mm&r=g\",\"caption\":\"admin\"},\"sameAs\":[\"http:\\\/\\\/www.citycharge.eu\"],\"url\":\"https:\\\/\\\/www.citycharge.eu\\\/es\\\/author\\\/admin\\\/\"}]}<\/script>\n<!-- \/ Yoast SEO plugin. -->","yoast_head_json":{"title":"El poste de luz inteligente ya es una realidad en Renkum - CityCharge","description":"En Renkum se instalar\u00e1n doce columnas de iluminaci\u00f3n inteligentes CityCharge. Estos no s\u00f3lo proporcionan luz, sino que tambi\u00e9n funcionan como estaci\u00f3n de carga para coches el\u00e9ctricos.","robots":{"index":"index","follow":"follow","max-snippet":"max-snippet:-1","max-image-preview":"max-image-preview:large","max-video-preview":"max-video-preview:-1"},"canonical":"https:\/\/www.citycharge.eu\/es\/el-poste-de-luz-inteligente-ya-es-una-realidad-en-renkum\/","og_locale":"es_ES","og_type":"article","og_title":"El poste de luz inteligente ya es una realidad en Renkum - CityCharge","og_description":"En Renkum se instalar\u00e1n doce columnas de iluminaci\u00f3n inteligentes CityCharge. Estos no s\u00f3lo proporcionan luz, sino que tambi\u00e9n funcionan como estaci\u00f3n de carga para coches el\u00e9ctricos.","og_url":"https:\/\/www.citycharge.eu\/es\/el-poste-de-luz-inteligente-ya-es-una-realidad-en-renkum\/","og_site_name":"CityCharge","article_published_time":"2022-07-28T14:04:05+00:00","og_image":[{"width":2560,"height":1251,"url":"https:\/\/www.citycharge.eu\/wp-content\/uploads\/2022\/07\/slimme-lichtmasten-in-renkum-scaled-1.jpg","type":"image\/jpeg"}],"author":"admin","twitter_card":"summary_large_image","twitter_misc":{"Escrito por":"admin","Tiempo de lectura":"2 minutos"},"schema":{"@context":"https:\/\/schema.org","@graph":[{"@type":"Article","@id":"https:\/\/www.citycharge.eu\/es\/el-poste-de-luz-inteligente-ya-es-una-realidad-en-renkum\/#article","isPartOf":{"@id":"https:\/\/www.citycharge.eu\/es\/el-poste-de-luz-inteligente-ya-es-una-realidad-en-renkum\/"},"author":{"name":"admin","@id":"https:\/\/www.citycharge.eu\/es\/#\/schema\/person\/0a798ff10afa77f3d0c65789b5d62f17"},"headline":"El poste de luz inteligente ya es una realidad en Renkum","datePublished":"2022-07-28T14:04:05+00:00","mainEntityOfPage":{"@id":"https:\/\/www.citycharge.eu\/es\/el-poste-de-luz-inteligente-ya-es-una-realidad-en-renkum\/"},"wordCount":325,"publisher":{"@id":"https:\/\/www.citycharge.eu\/es\/#organization"},"image":{"@id":"https:\/\/www.citycharge.eu\/es\/el-poste-de-luz-inteligente-ya-es-una-realidad-en-renkum\/#primaryimage"},"thumbnailUrl":"https:\/\/www.citycharge.eu\/wp-content\/uploads\/2022\/07\/slimme-lichtmasten-in-renkum-scaled-1.jpg","articleSection":["Noticias"],"inLanguage":"es"},{"@type":"WebPage","@id":"https:\/\/www.citycharge.eu\/es\/el-poste-de-luz-inteligente-ya-es-una-realidad-en-renkum\/","url":"https:\/\/www.citycharge.eu\/es\/el-poste-de-luz-inteligente-ya-es-una-realidad-en-renkum\/","name":"El poste de luz inteligente ya es una realidad en Renkum - CityCharge","isPartOf":{"@id":"https:\/\/www.citycharge.eu\/es\/#website"},"primaryImageOfPage":{"@id":"https:\/\/www.citycharge.eu\/es\/el-poste-de-luz-inteligente-ya-es-una-realidad-en-renkum\/#primaryimage"},"image":{"@id":"https:\/\/www.citycharge.eu\/es\/el-poste-de-luz-inteligente-ya-es-una-realidad-en-renkum\/#primaryimage"},"thumbnailUrl":"https:\/\/www.citycharge.eu\/wp-content\/uploads\/2022\/07\/slimme-lichtmasten-in-renkum-scaled-1.jpg","datePublished":"2022-07-28T14:04:05+00:00","description":"En Renkum se instalar\u00e1n doce columnas de iluminaci\u00f3n inteligentes CityCharge. Estos no s\u00f3lo proporcionan luz, sino que tambi\u00e9n funcionan como estaci\u00f3n de carga para coches el\u00e9ctricos.","breadcrumb":{"@id":"https:\/\/www.citycharge.eu\/es\/el-poste-de-luz-inteligente-ya-es-una-realidad-en-renkum\/#breadcrumb"},"inLanguage":"es","potentialAction":[{"@type":"ReadAction","target":["https:\/\/www.citycharge.eu\/es\/el-poste-de-luz-inteligente-ya-es-una-realidad-en-renkum\/"]}]},{"@type":"ImageObject","inLanguage":"es","@id":"https:\/\/www.citycharge.eu\/es\/el-poste-de-luz-inteligente-ya-es-una-realidad-en-renkum\/#primaryimage","url":"https:\/\/www.citycharge.eu\/wp-content\/uploads\/2022\/07\/slimme-lichtmasten-in-renkum-scaled-1.jpg","contentUrl":"https:\/\/www.citycharge.eu\/wp-content\/uploads\/2022\/07\/slimme-lichtmasten-in-renkum-scaled-1.jpg","width":2560,"height":1251},{"@type":"BreadcrumbList","@id":"https:\/\/www.citycharge.eu\/es\/el-poste-de-luz-inteligente-ya-es-una-realidad-en-renkum\/#breadcrumb","itemListElement":[{"@type":"ListItem","position":1,"name":"Home","item":"https:\/\/www.citycharge.eu\/es\/"},{"@type":"ListItem","position":2,"name":"El poste de luz inteligente ya es una realidad en Renkum"}]},{"@type":"WebSite","@id":"https:\/\/www.citycharge.eu\/es\/#website","url":"https:\/\/www.citycharge.eu\/es\/","name":"CityCharge","description":"Nieuw licht op laden","publisher":{"@id":"https:\/\/www.citycharge.eu\/es\/#organization"},"potentialAction":[{"@type":"SearchAction","target":{"@type":"EntryPoint","urlTemplate":"https:\/\/www.citycharge.eu\/es\/?s={search_term_string}"},"query-input":{"@type":"PropertyValueSpecification","valueRequired":true,"valueName":"search_term_string"}}],"inLanguage":"es"},{"@type":"Organization","@id":"https:\/\/www.citycharge.eu\/es\/#organization","name":"CityCharge","url":"https:\/\/www.citycharge.eu\/es\/","logo":{"@type":"ImageObject","inLanguage":"es","@id":"https:\/\/www.citycharge.eu\/es\/#\/schema\/logo\/image\/","url":"https:\/\/www.citycharge.eu\/wp-content\/uploads\/2024\/07\/Citycharge_payofff_white.svg","contentUrl":"https:\/\/www.citycharge.eu\/wp-content\/uploads\/2024\/07\/Citycharge_payofff_white.svg","width":1920,"height":530,"caption":"CityCharge"},"image":{"@id":"https:\/\/www.citycharge.eu\/es\/#\/schema\/logo\/image\/"}},{"@type":"Person","@id":"https:\/\/www.citycharge.eu\/es\/#\/schema\/person\/0a798ff10afa77f3d0c65789b5d62f17","name":"admin","image":{"@type":"ImageObject","inLanguage":"es","@id":"https:\/\/secure.gravatar.com\/avatar\/b382f2b0baf85cf8d841621555daa4ae2420c7929b964e5ca4e287310b061056?s=96&d=mm&r=g","url":"https:\/\/secure.gravatar.com\/avatar\/b382f2b0baf85cf8d841621555daa4ae2420c7929b964e5ca4e287310b061056?s=96&d=mm&r=g","contentUrl":"https:\/\/secure.gravatar.com\/avatar\/b382f2b0baf85cf8d841621555daa4ae2420c7929b964e5ca4e287310b061056?s=96&d=mm&r=g","caption":"admin"},"sameAs":["http:\/\/www.citycharge.eu"],"url":"https:\/\/www.citycharge.eu\/es\/author\/admin\/"}]}},"_links":{"self":[{"href":"https:\/\/www.citycharge.eu\/es\/wp-json\/wp\/v2\/posts\/9396","targetHints":{"allow":["GET"]}}],"collection":[{"href":"https:\/\/www.citycharge.eu\/es\/wp-json\/wp\/v2\/posts"}],"about":[{"href":"https:\/\/www.citycharge.eu\/es\/wp-json\/wp\/v2\/types\/post"}],"author":[{"embeddable":true,"href":"https:\/\/www.citycharge.eu\/es\/wp-json\/wp\/v2\/users\/1"}],"replies":[{"embeddable":true,"href":"https:\/\/www.citycharge.eu\/es\/wp-json\/wp\/v2\/comments?post=9396"}],"version-history":[{"count":0,"href":"https:\/\/www.citycharge.eu\/es\/wp-json\/wp\/v2\/posts\/9396\/revisions"}],"wp:featuredmedia":[{"embeddable":true,"href":"https:\/\/www.citycharge.eu\/es\/wp-json\/wp\/v2\/media\/8196"}],"wp:attachment":[{"href":"https:\/\/www.citycharge.eu\/es\/wp-json\/wp\/v2\/media?parent=9396"}],"wp:term":[{"taxonomy":"category","embeddable":true,"href":"https:\/\/www.citycharge.eu\/es\/wp-json\/wp\/v2\/categories?post=9396"},{"taxonomy":"post_tag","embeddable":true,"href":"https:\/\/www.citycharge.eu\/es\/wp-json\/wp\/v2\/tags?post=9396"}],"curies":[{"name":"wp","href":"https:\/\/api.w.org\/{rel}","templated":true}]}}