{"id":10667,"date":"2024-12-30T14:22:32","date_gmt":"2024-12-30T14:22:32","guid":{"rendered":"https:\/\/www.citycharge.eu\/arnhemin-kunta\/"},"modified":"2026-03-04T14:13:27","modified_gmt":"2026-03-04T14:13:27","slug":"arnhemin-kunta","status":"publish","type":"post","link":"https:\/\/www.citycharge.eu\/fi\/arnhemin-kunta\/","title":{"rendered":"Arnhemin kunta"},"content":{"rendered":"\t\t<div data-elementor-type=\"wp-post\" data-elementor-id=\"10667\" class=\"elementor elementor-10667 elementor-10635\" data-elementor-post-type=\"post\">\n\t\t\t\t<div class=\"elementor-element elementor-element-8960bec e-flex e-con-boxed e-con e-parent\" data-id=\"8960bec\" data-element_type=\"container\" data-e-type=\"container\" data-settings=\"{&quot;background_background&quot;:&quot;classic&quot;}\">\n\t\t\t\t\t<div class=\"e-con-inner\">\n\t\t\t\t<div class=\"elementor-element elementor-element-1b1513c elementor-widget elementor-widget-heading\" data-id=\"1b1513c\" data-element_type=\"widget\" data-e-type=\"widget\" data-widget_type=\"heading.default\">\n\t\t\t\t<div class=\"elementor-widget-container\">\n\t\t\t\t\t<h1 class=\"elementor-heading-title elementor-size-default\">Arnhemin kunta<\/h1>\t\t\t\t<\/div>\n\t\t\t\t<\/div>\n\t\t\t\t\t<\/div>\n\t\t\t\t<\/div>\n\t\t<div class=\"elementor-element elementor-element-e98a54e e-flex e-con-boxed e-con e-parent\" data-id=\"e98a54e\" data-element_type=\"container\" data-e-type=\"container\" data-settings=\"{&quot;background_background&quot;:&quot;classic&quot;}\">\n\t\t\t\t\t<div class=\"e-con-inner\">\n\t\t<div class=\"elementor-element elementor-element-8df9310 e-con-full e-flex e-con e-child\" data-id=\"8df9310\" data-element_type=\"container\" data-e-type=\"container\" data-settings=\"{&quot;background_background&quot;:&quot;classic&quot;}\">\n\t\t\t\t<\/div>\n\t\t<div class=\"elementor-element elementor-element-4251ba8 e-con-full e-flex e-con e-child\" data-id=\"4251ba8\" data-element_type=\"container\" data-e-type=\"container\">\n\t\t\t\t<div class=\"elementor-element elementor-element-051fab9 elementor-widget elementor-widget-heading\" data-id=\"051fab9\" data-element_type=\"widget\" data-e-type=\"widget\" data-widget_type=\"heading.default\">\n\t\t\t\t<div class=\"elementor-widget-container\">\n\t\t\t\t\t<h2 class=\"elementor-heading-title elementor-size-default\">Arnhemin kunta<\/h2>\t\t\t\t<\/div>\n\t\t\t\t<\/div>\n\t\t\t\t<div class=\"elementor-element elementor-element-ec87575 elementor-widget elementor-widget-text-editor\" data-id=\"ec87575\" data-element_type=\"widget\" data-e-type=\"widget\" data-widget_type=\"text-editor.default\">\n\t\t\t\t<div class=\"elementor-widget-container\">\n\t\t\t\t\t\t\t\t\t<p>Arnhemiin tulee noin 150 uutta latausasemaa vuodesta 2023 alkaen. Arnhemin uusiin kaupunginosiin Schuytgraafiin, Stadhouderskwartieriin ja Blauwe Golveniin tulee valaisinpylv\u00e4isiin integroidut s\u00e4hk\u00f6autojen vakiolatausasemat. Noin 150 latausaseman rakentamista koskevaa tarjouskilpailua j\u00e4rjest\u00e4\u00e4 osittain Dutch Chargen ja Heijmans Emobilityn muodostama konsortio.  <\/p>\t\t\t\t\t\t\t\t<\/div>\n\t\t\t\t<\/div>\n\t\t\t\t<div class=\"elementor-element elementor-element-50d993d elementor-widget elementor-widget-text-editor\" data-id=\"50d993d\" data-element_type=\"widget\" data-e-type=\"widget\" data-widget_type=\"text-editor.default\">\n\t\t\t\t<div class=\"elementor-widget-container\">\n\t\t\t\t\t\t\t\t\t<h3><strong>Puhdasta voimaa puhtaaseen liikenteeseen<\/strong><\/h3><p>Kest\u00e4v\u00e4n liikkuvuuden valtuutettu Nermina Kundi\u0107 sanoo seuraavaa t\u00e4st\u00e4 suuresta askeleesta puhtaamman tulevaisuuden puolesta: &#8221;T\u00e4m\u00e4 askel sopii t\u00e4ydellisesti tavoitteeseemme puhtaamman ja hiljaisemman liikenteen suhteen Arnhemissa. Yh\u00e4 useammat asukkaat valitsevat p\u00e4\u00e4st\u00f6tt\u00f6m\u00e4n liikenteen. On meid\u00e4n teht\u00e4v\u00e4mme varmistaa, ett\u00e4 he voivat ladata s\u00e4hk\u00f6autoaan riitt\u00e4v\u00e4n paikoissa. Latauspisteen ja katuvalaisimen yhdistelm\u00e4 johtaa my\u00f6s v\u00e4hemm\u00e4n katukalusteisiin. Lis\u00e4ksi latausasemien s\u00e4hk\u00f6 on &#8221;tummanvihre\u00e4\u00e4&#8221;: se tulee Pley Route -reitin aurinkopuistosta.<\/p>\t\t\t\t\t\t\t\t<\/div>\n\t\t\t\t<\/div>\n\t\t\t\t<div class=\"elementor-element elementor-element-f701f3e elementor-widget elementor-widget-text-editor\" data-id=\"f701f3e\" data-element_type=\"widget\" data-e-type=\"widget\" data-widget_type=\"text-editor.default\">\n\t\t\t\t<div class=\"elementor-widget-container\">\n\t\t\t\t\t\t\t\t\t<h3><strong>1\/5 on s\u00e4hk\u00f6inen<\/strong><\/h3><p>S\u00e4hk\u00f6autojen m\u00e4\u00e4r\u00e4 on kasvanut voimakkaasti viime vuosina. Vuoden 2022 ensimm\u00e4isell\u00e4 puoliskolla joka viides myydyist\u00e4 uusista autoista oli s\u00e4hk\u00f6isi\u00e4. Se on kaksinkertainen verrattuna vuotta aiemmin. T\u00e4m\u00e4 lis\u00e4\u00e4 latauspisteiden kysynt\u00e4\u00e4. Muutama vuosi sitten 22 latauslampun pylv\u00e4st\u00e4 oli jo asennettu De Kiem Ecowijkiin. Siell\u00e4 k\u00e4ytt\u00f6 kasvoi 160:sta 1 660:een vuodessa yhdess\u00e4 vuodessa. Arnhemin kunta on p\u00e4\u00e4tt\u00e4nyt ottaa latauspisteet mukaan uusien asuinalueiden suunnitteluun. T\u00e4m\u00e4n seurauksena integrointi s\u00e4hk\u00f6verkkoon on jo sis\u00e4llytetty suunnitteluun. N\u00e4in varmistetaan, ett\u00e4 s\u00e4hk\u00f6verkossa ei synny ongelmia eik\u00e4 julkisille tiloille aiheudu haittaa.        <\/p>\t\t\t\t\t\t\t\t<\/div>\n\t\t\t\t<\/div>\n\t\t\t\t<div class=\"elementor-element elementor-element-d0dadbd elementor-align-left animated-fast elementor-invisible elementor-widget elementor-widget-button\" data-id=\"d0dadbd\" data-element_type=\"widget\" data-e-type=\"widget\" data-settings=\"{&quot;_animation&quot;:&quot;zoomIn&quot;}\" data-widget_type=\"button.default\">\n\t\t\t\t<div class=\"elementor-widget-container\">\n\t\t\t\t\t\t\t\t\t<div class=\"elementor-button-wrapper\">\n\t\t\t\t\t<a class=\"elementor-button elementor-button-link elementor-size-sm\" href=\"https:\/\/www.citycharge.eu\/fi\/ota-yhteytta\/\">\n\t\t\t\t\t\t<span class=\"elementor-button-content-wrapper\">\n\t\t\t\t\t\t\t\t\t<span class=\"elementor-button-text\">Pyyd\u00e4 konsultaatiota<\/span>\n\t\t\t\t\t<\/span>\n\t\t\t\t\t<\/a>\n\t\t\t\t<\/div>\n\t\t\t\t\t\t\t\t<\/div>\n\t\t\t\t<\/div>\n\t\t\t\t<\/div>\n\t\t\t\t\t<\/div>\n\t\t\t\t<\/div>\n\t\t<div class=\"elementor-element elementor-element-6bd6769 e-flex e-con-boxed e-con e-parent\" data-id=\"6bd6769\" data-element_type=\"container\" data-e-type=\"container\" data-settings=\"{&quot;background_background&quot;:&quot;classic&quot;}\">\n\t\t\t\t\t<div class=\"e-con-inner\">\n\t\t<div class=\"elementor-element elementor-element-b9ea699 e-con-full e-flex e-con e-child\" data-id=\"b9ea699\" data-element_type=\"container\" data-e-type=\"container\">\n\t\t\t\t<div class=\"elementor-element elementor-element-362280a elementor-widget elementor-widget-text-editor\" data-id=\"362280a\" data-element_type=\"widget\" data-e-type=\"widget\" data-widget_type=\"text-editor.default\">\n\t\t\t\t<div class=\"elementor-widget-container\">\n\t\t\t\t\t\t\t\t\t<h3><strong>600 latauspistett\u00e4 Arnhemissa<\/strong><\/h3><p>Latauspisteiden pys\u00e4k\u00f6intipaikkoja ei ole varattu s\u00e4hk\u00f6autoille, koska latauspisteen l\u00e4heisyydess\u00e4 on aina ilmaista parkkipaikkaa. T\u00e4m\u00e4 varmistaa v\u00e4hemm\u00e4n \u00e4rsytyst\u00e4 k\u00e4ytett\u00e4viss\u00e4 olevien pys\u00e4k\u00f6intipaikkojen suhteen. Tarjous sis\u00e4lt\u00e4\u00e4 150 lyhtypylv\u00e4\u00e4 ja 300 latauspistett\u00e4. Tulevina vuosina rakennetaan lis\u00e4\u00e4 1 200 asuntoa. T\u00e4llainen uusi kaupunginosa on sitten valmistautunut s\u00e4hk\u00f6autojen lis\u00e4\u00e4ntymiseen. Lis\u00e4\u00e4 latauspisteit\u00e4 sis\u00e4lt\u00e4vi\u00e4 lamppupylv\u00e4it\u00e4 seuraa my\u00f6hemmin uusiin naapureihin, mutta my\u00f6s olemassa oleviin l\u00e4hi\u00f6ihin.     <\/p>\t\t\t\t\t\t\t\t<\/div>\n\t\t\t\t<\/div>\n\t\t\t\t<div class=\"elementor-element elementor-element-ea96053 elementor-widget elementor-widget-text-editor\" data-id=\"ea96053\" data-element_type=\"widget\" data-e-type=\"widget\" data-widget_type=\"text-editor.default\">\n\t\t\t\t<div class=\"elementor-widget-container\">\n\t\t\t\t\t\t\t\t\t<h3><strong>&#8217;T\u00e4m\u00e4 on tulevaisuus&#8217;<\/strong><\/h3><p>&#8221;T\u00e4llaiset monitoimiset latausratkaisut ovat tulevaisuutta&#8221;, sanoo Michel Versteeg, Dutch Chargen toimitusjohtaja konsortion puolesta. &#8221;T\u00e4m\u00e4 lyhtypylv\u00e4n ja latauspisteen yhdistelm\u00e4 varmistaa julkisen tilan optimaalisen k\u00e4yt\u00f6n aiheuttamatta sotkua. Toimitamme sek\u00e4 yhdistetyn lyhtypylv\u00e4n latauspisteell\u00e4 ett\u00e4 itse latauspalvelun seuraavat 10 vuotta.&#8217; <\/p>\t\t\t\t\t\t\t\t<\/div>\n\t\t\t\t<\/div>\n\t\t\t\t<\/div>\n\t\t\t\t\t<\/div>\n\t\t\t\t<\/div>\n\t\t<div class=\"elementor-element elementor-element-7b9b78c e-flex e-con-boxed e-con e-parent\" data-id=\"7b9b78c\" data-element_type=\"container\" data-e-type=\"container\" data-settings=\"{&quot;background_background&quot;:&quot;classic&quot;}\">\n\t\t\t\t\t<div class=\"e-con-inner\">\n\t\t<div class=\"elementor-element elementor-element-a7032f7 e-con-full e-flex e-con e-child\" data-id=\"a7032f7\" data-element_type=\"container\" data-e-type=\"container\" data-settings=\"{&quot;background_background&quot;:&quot;classic&quot;}\">\n\t\t<div class=\"elementor-element elementor-element-1ddb098 e-flex e-con-boxed e-con e-child\" data-id=\"1ddb098\" data-element_type=\"container\" data-e-type=\"container\">\n\t\t\t\t\t<div class=\"e-con-inner\">\n\t\t<div class=\"elementor-element elementor-element-e51556b e-flex e-con-boxed e-con e-child\" data-id=\"e51556b\" data-element_type=\"container\" data-e-type=\"container\">\n\t\t\t\t\t<div class=\"e-con-inner\">\n\t\t\t\t<div class=\"elementor-element elementor-element-f7d38c1 elementor-widget elementor-widget-heading\" data-id=\"f7d38c1\" data-element_type=\"widget\" data-e-type=\"widget\" data-widget_type=\"heading.default\">\n\t\t\t\t<div class=\"elementor-widget-container\">\n\t\t\t\t\t<p class=\"elementor-heading-title elementor-size-default\">\"CityChargen avulla lataaminen on vaivatonta ja huoletonta. N\u00e4in sen pit\u00e4isi olla.\u201d<\/p>\t\t\t\t<\/div>\n\t\t\t\t<\/div>\n\t\t\t\t\t<\/div>\n\t\t\t\t<\/div>\n\t\t\t\t\t<\/div>\n\t\t\t\t<\/div>\n\t\t\t\t<\/div>\n\t\t<div class=\"elementor-element elementor-element-e04f1fe e-con-full e-flex e-con e-child\" data-id=\"e04f1fe\" data-element_type=\"container\" data-e-type=\"container\">\n\t\t\t\t<div class=\"elementor-element elementor-element-f238dbc elementor-widget elementor-widget-heading\" data-id=\"f238dbc\" data-element_type=\"widget\" data-e-type=\"widget\" data-widget_type=\"heading.default\">\n\t\t\t\t<div class=\"elementor-widget-container\">\n\t\t\t\t\t<h2 class=\"elementor-heading-title elementor-size-default\">Haluatko my\u00f6s veloittaa huoletta?<\/h2>\t\t\t\t<\/div>\n\t\t\t\t<\/div>\n\t\t\t\t<div class=\"elementor-element elementor-element-f22513c elementor-widget elementor-widget-text-editor\" data-id=\"f22513c\" data-element_type=\"widget\" data-e-type=\"widget\" data-widget_type=\"text-editor.default\">\n\t\t\t\t<div class=\"elementor-widget-container\">\n\t\t\t\t\t\t\t\t\t<p>Oletko kiinnostunut siit\u00e4, mit\u00e4 CityCharge voi tehd\u00e4 kuntasi tai hankkeesi hyv\u00e4ksi?\nKerromme mielell\u00e4mme mahdollisuuksista.   <\/p>\t\t\t\t\t\t\t\t<\/div>\n\t\t\t\t<\/div>\n\t\t\t\t<div class=\"elementor-element elementor-element-870f390 elementor-widget elementor-widget-text-editor\" data-id=\"870f390\" data-element_type=\"widget\" data-e-type=\"widget\" data-widget_type=\"text-editor.default\">\n\t\t\t\t<div class=\"elementor-widget-container\">\n\t\t\t\t\t\t\t\t\t<p><strong>Ota yhteytt\u00e4 neuvonantajaamme.<\/strong><\/p>\t\t\t\t\t\t\t\t<\/div>\n\t\t\t\t<\/div>\n\t\t\t\t<div class=\"elementor-element elementor-element-7e81c61 elementor-mobile-align-left elementor-widget elementor-widget-button\" data-id=\"7e81c61\" data-element_type=\"widget\" data-e-type=\"widget\" data-widget_type=\"button.default\">\n\t\t\t\t<div class=\"elementor-widget-container\">\n\t\t\t\t\t\t\t\t\t<div class=\"elementor-button-wrapper\">\n\t\t\t\t\t<a class=\"elementor-button elementor-button-link elementor-size-sm\" href=\"#\">\n\t\t\t\t\t\t<span class=\"elementor-button-content-wrapper\">\n\t\t\t\t\t\t<span class=\"elementor-button-icon\">\n\t\t\t\t<svg aria-hidden=\"true\" class=\"e-font-icon-svg e-fas-phone-alt\" viewBox=\"0 0 512 512\" xmlns=\"http:\/\/www.w3.org\/2000\/svg\"><path d=\"M497.39 361.8l-112-48a24 24 0 0 0-28 6.9l-49.6 60.6A370.66 370.66 0 0 1 130.6 204.11l60.6-49.6a23.94 23.94 0 0 0 6.9-28l-48-112A24.16 24.16 0 0 0 122.6.61l-104 24A24 24 0 0 0 0 48c0 256.5 207.9 464 464 464a24 24 0 0 0 23.4-18.6l24-104a24.29 24.29 0 0 0-14.01-27.6z\"><\/path><\/svg>\t\t\t<\/span>\n\t\t\t\t\t\t\t\t\t<span class=\"elementor-button-text\">085-0716620<\/span>\n\t\t\t\t\t<\/span>\n\t\t\t\t\t<\/a>\n\t\t\t\t<\/div>\n\t\t\t\t\t\t\t\t<\/div>\n\t\t\t\t<\/div>\n\t\t\t\t<div class=\"elementor-element elementor-element-e7152c3 elementor-align-left animated-fast elementor-invisible elementor-widget elementor-widget-button\" data-id=\"e7152c3\" data-element_type=\"widget\" data-e-type=\"widget\" data-settings=\"{&quot;_animation&quot;:&quot;zoomIn&quot;}\" data-widget_type=\"button.default\">\n\t\t\t\t<div class=\"elementor-widget-container\">\n\t\t\t\t\t\t\t\t\t<div class=\"elementor-button-wrapper\">\n\t\t\t\t\t<a class=\"elementor-button elementor-button-link elementor-size-sm\" href=\"https:\/\/www.citycharge.eu\/fi\/ota-yhteytta\/\">\n\t\t\t\t\t\t<span class=\"elementor-button-content-wrapper\">\n\t\t\t\t\t\t\t\t\t<span class=\"elementor-button-text\">Ota yhteytt\u00e4<\/span>\n\t\t\t\t\t<\/span>\n\t\t\t\t\t<\/a>\n\t\t\t\t<\/div>\n\t\t\t\t\t\t\t\t<\/div>\n\t\t\t\t<\/div>\n\t\t\t\t<\/div>\n\t\t\t\t\t<\/div>\n\t\t\t\t<\/div>\n\t\t\t\t<\/div>\n\t\t","protected":false},"excerpt":{"rendered":"<p>Arnhemin kunta Arnhemin kunta Arnhemiin tulee noin 150 uutta latausasemaa vuodesta 2023 alkaen. Arnhemin uusiin kaupunginosiin Schuytgraafiin, Stadhouderskwartieriin ja Blauwe Golveniin tulee valaisinpylv\u00e4isiin integroidut s\u00e4hk\u00f6autojen vakiolatausasemat. Noin 150 latausaseman rakentamista koskevaa tarjouskilpailua j\u00e4rjest\u00e4\u00e4 osittain Dutch Chargen ja Heijmans Emobilityn muodostama konsortio. Puhdasta voimaa puhtaaseen liikenteeseen Kest\u00e4v\u00e4n liikkuvuuden valtuutettu Nermina Kundi\u0107 sanoo seuraavaa t\u00e4st\u00e4 suuresta askeleesta [&hellip;]<\/p>\n","protected":false},"author":1,"featured_media":10681,"comment_status":"closed","ping_status":"open","sticky":false,"template":"elementor_header_footer","format":"standard","meta":{"_acf_changed":false,"footnotes":""},"categories":[68],"tags":[],"class_list":["post-10667","post","type-post","status-publish","format-standard","has-post-thumbnail","hentry","category-tapaukset"],"acf":[],"yoast_head":"<!-- This site is optimized with the Yoast SEO plugin v27.5 - https:\/\/yoast.com\/product\/yoast-seo-wordpress\/ -->\n<title>Arnhemin kunta - CityCharge<\/title>\n<meta name=\"robots\" content=\"index, follow, max-snippet:-1, max-image-preview:large, max-video-preview:-1\" \/>\n<link rel=\"canonical\" href=\"https:\/\/www.citycharge.eu\/fi\/arnhemin-kunta\/\" \/>\n<meta property=\"og:locale\" content=\"fi_FI\" \/>\n<meta property=\"og:type\" content=\"article\" \/>\n<meta property=\"og:title\" content=\"Arnhemin kunta - CityCharge\" \/>\n<meta property=\"og:description\" content=\"Arnhemin kunta Arnhemin kunta Arnhemiin tulee noin 150 uutta latausasemaa vuodesta 2023 alkaen. Arnhemin uusiin kaupunginosiin Schuytgraafiin, Stadhouderskwartieriin ja Blauwe Golveniin tulee valaisinpylv\u00e4isiin integroidut s\u00e4hk\u00f6autojen vakiolatausasemat. Noin 150 latausaseman rakentamista koskevaa tarjouskilpailua j\u00e4rjest\u00e4\u00e4 osittain Dutch Chargen ja Heijmans Emobilityn muodostama konsortio. Puhdasta voimaa puhtaaseen liikenteeseen Kest\u00e4v\u00e4n liikkuvuuden valtuutettu Nermina Kundi\u0107 sanoo seuraavaa t\u00e4st\u00e4 suuresta askeleesta [&hellip;]\" \/>\n<meta property=\"og:url\" content=\"https:\/\/www.citycharge.eu\/fi\/arnhemin-kunta\/\" \/>\n<meta property=\"og:site_name\" content=\"CityCharge\" \/>\n<meta property=\"article:published_time\" content=\"2024-12-30T14:22:32+00:00\" \/>\n<meta property=\"article:modified_time\" content=\"2026-03-04T14:13:27+00:00\" \/>\n<meta property=\"og:image\" content=\"https:\/\/www.citycharge.eu\/wp-content\/uploads\/2024\/12\/logo-gemeente-arnhem.jpg\" \/>\n\t<meta property=\"og:image:width\" content=\"740\" \/>\n\t<meta property=\"og:image:height\" content=\"453\" \/>\n\t<meta property=\"og:image:type\" content=\"image\/jpeg\" \/>\n<meta name=\"author\" content=\"admin\" \/>\n<meta name=\"twitter:card\" content=\"summary_large_image\" \/>\n<meta name=\"twitter:label1\" content=\"Kirjoittanut\" \/>\n\t<meta name=\"twitter:data1\" content=\"admin\" \/>\n\t<meta name=\"twitter:label2\" content=\"Arvioitu lukuaika\" \/>\n\t<meta name=\"twitter:data2\" content=\"2 minuuttia\" \/>\n<script type=\"application\/ld+json\" class=\"yoast-schema-graph\">{\"@context\":\"https:\\\/\\\/schema.org\",\"@graph\":[{\"@type\":\"Article\",\"@id\":\"https:\\\/\\\/www.citycharge.eu\\\/fi\\\/arnhemin-kunta\\\/#article\",\"isPartOf\":{\"@id\":\"https:\\\/\\\/www.citycharge.eu\\\/fi\\\/arnhemin-kunta\\\/\"},\"author\":{\"name\":\"admin\",\"@id\":\"https:\\\/\\\/www.citycharge.eu\\\/fi\\\/#\\\/schema\\\/person\\\/0a798ff10afa77f3d0c65789b5d62f17\"},\"headline\":\"Arnhemin kunta\",\"datePublished\":\"2024-12-30T14:22:32+00:00\",\"dateModified\":\"2026-03-04T14:13:27+00:00\",\"mainEntityOfPage\":{\"@id\":\"https:\\\/\\\/www.citycharge.eu\\\/fi\\\/arnhemin-kunta\\\/\"},\"wordCount\":393,\"publisher\":{\"@id\":\"https:\\\/\\\/www.citycharge.eu\\\/fi\\\/#organization\"},\"image\":{\"@id\":\"https:\\\/\\\/www.citycharge.eu\\\/fi\\\/arnhemin-kunta\\\/#primaryimage\"},\"thumbnailUrl\":\"https:\\\/\\\/www.citycharge.eu\\\/wp-content\\\/uploads\\\/2024\\\/12\\\/logo-gemeente-arnhem.jpg\",\"articleSection\":[\"Tapaukset\"],\"inLanguage\":\"fi\"},{\"@type\":\"WebPage\",\"@id\":\"https:\\\/\\\/www.citycharge.eu\\\/fi\\\/arnhemin-kunta\\\/\",\"url\":\"https:\\\/\\\/www.citycharge.eu\\\/fi\\\/arnhemin-kunta\\\/\",\"name\":\"Arnhemin kunta - CityCharge\",\"isPartOf\":{\"@id\":\"https:\\\/\\\/www.citycharge.eu\\\/fi\\\/#website\"},\"primaryImageOfPage\":{\"@id\":\"https:\\\/\\\/www.citycharge.eu\\\/fi\\\/arnhemin-kunta\\\/#primaryimage\"},\"image\":{\"@id\":\"https:\\\/\\\/www.citycharge.eu\\\/fi\\\/arnhemin-kunta\\\/#primaryimage\"},\"thumbnailUrl\":\"https:\\\/\\\/www.citycharge.eu\\\/wp-content\\\/uploads\\\/2024\\\/12\\\/logo-gemeente-arnhem.jpg\",\"datePublished\":\"2024-12-30T14:22:32+00:00\",\"dateModified\":\"2026-03-04T14:13:27+00:00\",\"breadcrumb\":{\"@id\":\"https:\\\/\\\/www.citycharge.eu\\\/fi\\\/arnhemin-kunta\\\/#breadcrumb\"},\"inLanguage\":\"fi\",\"potentialAction\":[{\"@type\":\"ReadAction\",\"target\":[\"https:\\\/\\\/www.citycharge.eu\\\/fi\\\/arnhemin-kunta\\\/\"]}]},{\"@type\":\"ImageObject\",\"inLanguage\":\"fi\",\"@id\":\"https:\\\/\\\/www.citycharge.eu\\\/fi\\\/arnhemin-kunta\\\/#primaryimage\",\"url\":\"https:\\\/\\\/www.citycharge.eu\\\/wp-content\\\/uploads\\\/2024\\\/12\\\/logo-gemeente-arnhem.jpg\",\"contentUrl\":\"https:\\\/\\\/www.citycharge.eu\\\/wp-content\\\/uploads\\\/2024\\\/12\\\/logo-gemeente-arnhem.jpg\",\"width\":740,\"height\":453},{\"@type\":\"BreadcrumbList\",\"@id\":\"https:\\\/\\\/www.citycharge.eu\\\/fi\\\/arnhemin-kunta\\\/#breadcrumb\",\"itemListElement\":[{\"@type\":\"ListItem\",\"position\":1,\"name\":\"Home\",\"item\":\"https:\\\/\\\/www.citycharge.eu\\\/fi\\\/\"},{\"@type\":\"ListItem\",\"position\":2,\"name\":\"Arnhemin kunta\"}]},{\"@type\":\"WebSite\",\"@id\":\"https:\\\/\\\/www.citycharge.eu\\\/fi\\\/#website\",\"url\":\"https:\\\/\\\/www.citycharge.eu\\\/fi\\\/\",\"name\":\"CityCharge\",\"description\":\"Nieuw licht op laden\",\"publisher\":{\"@id\":\"https:\\\/\\\/www.citycharge.eu\\\/fi\\\/#organization\"},\"potentialAction\":[{\"@type\":\"SearchAction\",\"target\":{\"@type\":\"EntryPoint\",\"urlTemplate\":\"https:\\\/\\\/www.citycharge.eu\\\/fi\\\/?s={search_term_string}\"},\"query-input\":{\"@type\":\"PropertyValueSpecification\",\"valueRequired\":true,\"valueName\":\"search_term_string\"}}],\"inLanguage\":\"fi\"},{\"@type\":\"Organization\",\"@id\":\"https:\\\/\\\/www.citycharge.eu\\\/fi\\\/#organization\",\"name\":\"CityCharge\",\"url\":\"https:\\\/\\\/www.citycharge.eu\\\/fi\\\/\",\"logo\":{\"@type\":\"ImageObject\",\"inLanguage\":\"fi\",\"@id\":\"https:\\\/\\\/www.citycharge.eu\\\/fi\\\/#\\\/schema\\\/logo\\\/image\\\/\",\"url\":\"https:\\\/\\\/www.citycharge.eu\\\/wp-content\\\/uploads\\\/2024\\\/07\\\/Citycharge_payofff_white.svg\",\"contentUrl\":\"https:\\\/\\\/www.citycharge.eu\\\/wp-content\\\/uploads\\\/2024\\\/07\\\/Citycharge_payofff_white.svg\",\"width\":1920,\"height\":530,\"caption\":\"CityCharge\"},\"image\":{\"@id\":\"https:\\\/\\\/www.citycharge.eu\\\/fi\\\/#\\\/schema\\\/logo\\\/image\\\/\"}},{\"@type\":\"Person\",\"@id\":\"https:\\\/\\\/www.citycharge.eu\\\/fi\\\/#\\\/schema\\\/person\\\/0a798ff10afa77f3d0c65789b5d62f17\",\"name\":\"admin\",\"image\":{\"@type\":\"ImageObject\",\"inLanguage\":\"fi\",\"@id\":\"https:\\\/\\\/secure.gravatar.com\\\/avatar\\\/b382f2b0baf85cf8d841621555daa4ae2420c7929b964e5ca4e287310b061056?s=96&d=mm&r=g\",\"url\":\"https:\\\/\\\/secure.gravatar.com\\\/avatar\\\/b382f2b0baf85cf8d841621555daa4ae2420c7929b964e5ca4e287310b061056?s=96&d=mm&r=g\",\"contentUrl\":\"https:\\\/\\\/secure.gravatar.com\\\/avatar\\\/b382f2b0baf85cf8d841621555daa4ae2420c7929b964e5ca4e287310b061056?s=96&d=mm&r=g\",\"caption\":\"admin\"},\"sameAs\":[\"http:\\\/\\\/www.citycharge.eu\"],\"url\":\"https:\\\/\\\/www.citycharge.eu\\\/fi\\\/author\\\/admin\\\/\"}]}<\/script>\n<!-- \/ Yoast SEO plugin. -->","yoast_head_json":{"title":"Arnhemin kunta - CityCharge","robots":{"index":"index","follow":"follow","max-snippet":"max-snippet:-1","max-image-preview":"max-image-preview:large","max-video-preview":"max-video-preview:-1"},"canonical":"https:\/\/www.citycharge.eu\/fi\/arnhemin-kunta\/","og_locale":"fi_FI","og_type":"article","og_title":"Arnhemin kunta - CityCharge","og_description":"Arnhemin kunta Arnhemin kunta Arnhemiin tulee noin 150 uutta latausasemaa vuodesta 2023 alkaen. Arnhemin uusiin kaupunginosiin Schuytgraafiin, Stadhouderskwartieriin ja Blauwe Golveniin tulee valaisinpylv\u00e4isiin integroidut s\u00e4hk\u00f6autojen vakiolatausasemat. Noin 150 latausaseman rakentamista koskevaa tarjouskilpailua j\u00e4rjest\u00e4\u00e4 osittain Dutch Chargen ja Heijmans Emobilityn muodostama konsortio. Puhdasta voimaa puhtaaseen liikenteeseen Kest\u00e4v\u00e4n liikkuvuuden valtuutettu Nermina Kundi\u0107 sanoo seuraavaa t\u00e4st\u00e4 suuresta askeleesta [&hellip;]","og_url":"https:\/\/www.citycharge.eu\/fi\/arnhemin-kunta\/","og_site_name":"CityCharge","article_published_time":"2024-12-30T14:22:32+00:00","article_modified_time":"2026-03-04T14:13:27+00:00","og_image":[{"width":740,"height":453,"url":"https:\/\/www.citycharge.eu\/wp-content\/uploads\/2024\/12\/logo-gemeente-arnhem.jpg","type":"image\/jpeg"}],"author":"admin","twitter_card":"summary_large_image","twitter_misc":{"Kirjoittanut":"admin","Arvioitu lukuaika":"2 minuuttia"},"schema":{"@context":"https:\/\/schema.org","@graph":[{"@type":"Article","@id":"https:\/\/www.citycharge.eu\/fi\/arnhemin-kunta\/#article","isPartOf":{"@id":"https:\/\/www.citycharge.eu\/fi\/arnhemin-kunta\/"},"author":{"name":"admin","@id":"https:\/\/www.citycharge.eu\/fi\/#\/schema\/person\/0a798ff10afa77f3d0c65789b5d62f17"},"headline":"Arnhemin kunta","datePublished":"2024-12-30T14:22:32+00:00","dateModified":"2026-03-04T14:13:27+00:00","mainEntityOfPage":{"@id":"https:\/\/www.citycharge.eu\/fi\/arnhemin-kunta\/"},"wordCount":393,"publisher":{"@id":"https:\/\/www.citycharge.eu\/fi\/#organization"},"image":{"@id":"https:\/\/www.citycharge.eu\/fi\/arnhemin-kunta\/#primaryimage"},"thumbnailUrl":"https:\/\/www.citycharge.eu\/wp-content\/uploads\/2024\/12\/logo-gemeente-arnhem.jpg","articleSection":["Tapaukset"],"inLanguage":"fi"},{"@type":"WebPage","@id":"https:\/\/www.citycharge.eu\/fi\/arnhemin-kunta\/","url":"https:\/\/www.citycharge.eu\/fi\/arnhemin-kunta\/","name":"Arnhemin kunta - CityCharge","isPartOf":{"@id":"https:\/\/www.citycharge.eu\/fi\/#website"},"primaryImageOfPage":{"@id":"https:\/\/www.citycharge.eu\/fi\/arnhemin-kunta\/#primaryimage"},"image":{"@id":"https:\/\/www.citycharge.eu\/fi\/arnhemin-kunta\/#primaryimage"},"thumbnailUrl":"https:\/\/www.citycharge.eu\/wp-content\/uploads\/2024\/12\/logo-gemeente-arnhem.jpg","datePublished":"2024-12-30T14:22:32+00:00","dateModified":"2026-03-04T14:13:27+00:00","breadcrumb":{"@id":"https:\/\/www.citycharge.eu\/fi\/arnhemin-kunta\/#breadcrumb"},"inLanguage":"fi","potentialAction":[{"@type":"ReadAction","target":["https:\/\/www.citycharge.eu\/fi\/arnhemin-kunta\/"]}]},{"@type":"ImageObject","inLanguage":"fi","@id":"https:\/\/www.citycharge.eu\/fi\/arnhemin-kunta\/#primaryimage","url":"https:\/\/www.citycharge.eu\/wp-content\/uploads\/2024\/12\/logo-gemeente-arnhem.jpg","contentUrl":"https:\/\/www.citycharge.eu\/wp-content\/uploads\/2024\/12\/logo-gemeente-arnhem.jpg","width":740,"height":453},{"@type":"BreadcrumbList","@id":"https:\/\/www.citycharge.eu\/fi\/arnhemin-kunta\/#breadcrumb","itemListElement":[{"@type":"ListItem","position":1,"name":"Home","item":"https:\/\/www.citycharge.eu\/fi\/"},{"@type":"ListItem","position":2,"name":"Arnhemin kunta"}]},{"@type":"WebSite","@id":"https:\/\/www.citycharge.eu\/fi\/#website","url":"https:\/\/www.citycharge.eu\/fi\/","name":"CityCharge","description":"Nieuw licht op laden","publisher":{"@id":"https:\/\/www.citycharge.eu\/fi\/#organization"},"potentialAction":[{"@type":"SearchAction","target":{"@type":"EntryPoint","urlTemplate":"https:\/\/www.citycharge.eu\/fi\/?s={search_term_string}"},"query-input":{"@type":"PropertyValueSpecification","valueRequired":true,"valueName":"search_term_string"}}],"inLanguage":"fi"},{"@type":"Organization","@id":"https:\/\/www.citycharge.eu\/fi\/#organization","name":"CityCharge","url":"https:\/\/www.citycharge.eu\/fi\/","logo":{"@type":"ImageObject","inLanguage":"fi","@id":"https:\/\/www.citycharge.eu\/fi\/#\/schema\/logo\/image\/","url":"https:\/\/www.citycharge.eu\/wp-content\/uploads\/2024\/07\/Citycharge_payofff_white.svg","contentUrl":"https:\/\/www.citycharge.eu\/wp-content\/uploads\/2024\/07\/Citycharge_payofff_white.svg","width":1920,"height":530,"caption":"CityCharge"},"image":{"@id":"https:\/\/www.citycharge.eu\/fi\/#\/schema\/logo\/image\/"}},{"@type":"Person","@id":"https:\/\/www.citycharge.eu\/fi\/#\/schema\/person\/0a798ff10afa77f3d0c65789b5d62f17","name":"admin","image":{"@type":"ImageObject","inLanguage":"fi","@id":"https:\/\/secure.gravatar.com\/avatar\/b382f2b0baf85cf8d841621555daa4ae2420c7929b964e5ca4e287310b061056?s=96&d=mm&r=g","url":"https:\/\/secure.gravatar.com\/avatar\/b382f2b0baf85cf8d841621555daa4ae2420c7929b964e5ca4e287310b061056?s=96&d=mm&r=g","contentUrl":"https:\/\/secure.gravatar.com\/avatar\/b382f2b0baf85cf8d841621555daa4ae2420c7929b964e5ca4e287310b061056?s=96&d=mm&r=g","caption":"admin"},"sameAs":["http:\/\/www.citycharge.eu"],"url":"https:\/\/www.citycharge.eu\/fi\/author\/admin\/"}]}},"_links":{"self":[{"href":"https:\/\/www.citycharge.eu\/fi\/wp-json\/wp\/v2\/posts\/10667","targetHints":{"allow":["GET"]}}],"collection":[{"href":"https:\/\/www.citycharge.eu\/fi\/wp-json\/wp\/v2\/posts"}],"about":[{"href":"https:\/\/www.citycharge.eu\/fi\/wp-json\/wp\/v2\/types\/post"}],"author":[{"embeddable":true,"href":"https:\/\/www.citycharge.eu\/fi\/wp-json\/wp\/v2\/users\/1"}],"replies":[{"embeddable":true,"href":"https:\/\/www.citycharge.eu\/fi\/wp-json\/wp\/v2\/comments?post=10667"}],"version-history":[{"count":2,"href":"https:\/\/www.citycharge.eu\/fi\/wp-json\/wp\/v2\/posts\/10667\/revisions"}],"predecessor-version":[{"id":11431,"href":"https:\/\/www.citycharge.eu\/fi\/wp-json\/wp\/v2\/posts\/10667\/revisions\/11431"}],"wp:featuredmedia":[{"embeddable":true,"href":"https:\/\/www.citycharge.eu\/fi\/wp-json\/wp\/v2\/media\/10681"}],"wp:attachment":[{"href":"https:\/\/www.citycharge.eu\/fi\/wp-json\/wp\/v2\/media?parent=10667"}],"wp:term":[{"taxonomy":"category","embeddable":true,"href":"https:\/\/www.citycharge.eu\/fi\/wp-json\/wp\/v2\/categories?post=10667"},{"taxonomy":"post_tag","embeddable":true,"href":"https:\/\/www.citycharge.eu\/fi\/wp-json\/wp\/v2\/tags?post=10667"}],"curies":[{"name":"wp","href":"https:\/\/api.w.org\/{rel}","templated":true}]}}