{"id":10923,"date":"2025-02-21T12:47:19","date_gmt":"2025-02-21T12:47:19","guid":{"rendered":"https:\/\/www.citycharge.eu\/deventerin-kunta\/"},"modified":"2025-02-21T12:50:45","modified_gmt":"2025-02-21T12:50:45","slug":"deventerin-kunta","status":"publish","type":"post","link":"https:\/\/www.citycharge.eu\/fi\/deventerin-kunta\/","title":{"rendered":"Deventerin kunta"},"content":{"rendered":"\t\t<div data-elementor-type=\"wp-post\" data-elementor-id=\"10923\" class=\"elementor elementor-10923 elementor-10902\" data-elementor-post-type=\"post\">\n\t\t\t\t<div class=\"elementor-element elementor-element-8960bec e-flex e-con-boxed e-con e-parent\" data-id=\"8960bec\" data-element_type=\"container\" data-e-type=\"container\" data-settings=\"{&quot;background_background&quot;:&quot;classic&quot;}\">\n\t\t\t\t\t<div class=\"e-con-inner\">\n\t\t\t\t<div class=\"elementor-element elementor-element-1b1513c elementor-widget elementor-widget-heading\" data-id=\"1b1513c\" data-element_type=\"widget\" data-e-type=\"widget\" data-widget_type=\"heading.default\">\n\t\t\t\t<div class=\"elementor-widget-container\">\n\t\t\t\t\t<h1 class=\"elementor-heading-title elementor-size-default\">Deventerin kunta<\/h1>\t\t\t\t<\/div>\n\t\t\t\t<\/div>\n\t\t\t\t\t<\/div>\n\t\t\t\t<\/div>\n\t\t<div class=\"elementor-element elementor-element-e98a54e e-flex e-con-boxed e-con e-parent\" data-id=\"e98a54e\" data-element_type=\"container\" data-e-type=\"container\" data-settings=\"{&quot;background_background&quot;:&quot;classic&quot;}\">\n\t\t\t\t\t<div class=\"e-con-inner\">\n\t\t<div class=\"elementor-element elementor-element-8df9310 e-con-full e-flex e-con e-child\" data-id=\"8df9310\" data-element_type=\"container\" data-e-type=\"container\" data-settings=\"{&quot;background_background&quot;:&quot;classic&quot;}\">\n\t\t\t\t<\/div>\n\t\t<div class=\"elementor-element elementor-element-4251ba8 e-con-full e-flex e-con e-child\" data-id=\"4251ba8\" data-element_type=\"container\" data-e-type=\"container\">\n\t\t\t\t<div class=\"elementor-element elementor-element-051fab9 elementor-widget elementor-widget-heading\" data-id=\"051fab9\" data-element_type=\"widget\" data-e-type=\"widget\" data-widget_type=\"heading.default\">\n\t\t\t\t<div class=\"elementor-widget-container\">\n\t\t\t\t\t<h2 class=\"elementor-heading-title elementor-size-default\">Deventerin kunta<\/h2>\t\t\t\t<\/div>\n\t\t\t\t<\/div>\n\t\t\t\t<div class=\"elementor-element elementor-element-ec87575 elementor-widget elementor-widget-text-editor\" data-id=\"ec87575\" data-element_type=\"widget\" data-e-type=\"widget\" data-widget_type=\"text-editor.default\">\n\t\t\t\t<div class=\"elementor-widget-container\">\n\t\t\t\t\t\t\t\t\t<div class=\"summary\">\n<p>Deventerin kunta haluaa k\u00e4ynnist\u00e4\u00e4 pilotin kest\u00e4vill\u00e4 lyhtypylv\u00e4ill\u00e4, jotka eiv\u00e4t ainoastaan \u200b\u200bs\u00e4\u00e4st\u00e4 energiaa, vaan sis\u00e4lt\u00e4v\u00e4t my\u00f6s 2 latauspistett\u00e4.<\/p>\n<\/div>\n<div class=\"htmlField\">\n<p>Eri paikoissa Deventeriss\u00e4 s\u00e4hk\u00f6autojen omistajat voivat ladata ajoneuvonsa n\u00e4iss\u00e4 lyhtypylv\u00e4iss\u00e4. Pormestari ja kunnanvaltuutetut ehdottavat kunnanvaltuustolle, ett\u00e4 pilotti hyv\u00e4ksyt\u00e4\u00e4n ja tutkitaan n\u00e4iden kest\u00e4vien lyhtypylvien nopeutettua k\u00e4ytt\u00f6\u00f6nottoa. <\/p>\n<\/div>\n\t\t\t\t\t\t\t\t<\/div>\n\t\t\t\t<\/div>\n\t\t\t\t<div class=\"elementor-element elementor-element-50d993d elementor-widget elementor-widget-text-editor\" data-id=\"50d993d\" data-element_type=\"widget\" data-e-type=\"widget\" data-widget_type=\"text-editor.default\">\n\t\t\t\t<div class=\"elementor-widget-container\">\n\t\t\t\t\t\t\t\t\t<h3><strong>V\u00e4henn\u00e4 energiankulutusta<\/strong><\/h3>\n<p>Katujen ja teiden yleisvalaistus vastaa t\u00e4ll\u00e4 hetkell\u00e4 noin 40 % Deventerin kunnan s\u00e4hk\u00f6laskusta. Kunnan 24 000 lyhdyst\u00e4 nelj\u00e4sosa on nyt varustettu LED-valaistuksella. Vanhempi Jaimi van Essen (kest\u00e4v\u00e4 kehitys): &#8221;Nopeutettu siirtyminen kest\u00e4viin lyhtypylviin on v\u00e4ltt\u00e4m\u00e4t\u00f6nt\u00e4 energiankulutuksen v\u00e4hent\u00e4miseksi 55 % vuoteen 2030 menness\u00e4, kuten olemme sopineet ilmastosopimuksessa.&#8221;  <\/p>\n\t\t\t\t\t\t\t\t<\/div>\n\t\t\t\t<\/div>\n\t\t\t\t<div class=\"elementor-element elementor-element-f701f3e elementor-widget elementor-widget-text-editor\" data-id=\"f701f3e\" data-element_type=\"widget\" data-e-type=\"widget\" data-widget_type=\"text-editor.default\">\n\t\t\t\t<div class=\"elementor-widget-container\">\n\t\t\t\t\t\t\t\t\t<h3><strong>Est\u00e4\u00e4 sotkua<\/strong><\/h3>\n<p>&#8221;S\u00e4hk\u00f6autojen m\u00e4\u00e4r\u00e4n kasvun my\u00f6t\u00e4 tarvitsemme yh\u00e4 enemm\u00e4n latauspisteit\u00e4&#8221;, sanoo valtuutettu Marcel Elferink (liikkuvuus, elinymp\u00e4rist\u00f6). &#8221;Integroimalla n\u00e4m\u00e4 lyhtypylviin, meid\u00e4n ei tarvitse sijoittaa erillisi\u00e4 latauspisteit\u00e4 joka paikkaan. Se s\u00e4\u00e4st\u00e4\u00e4 tilaa ja ehk\u00e4isee sotkua. Luomme my\u00f6s sopivampia paikkoja lataustiloille.&#8221; <\/p>\n\t\t\t\t\t\t\t\t<\/div>\n\t\t\t\t<\/div>\n\t\t\t\t<div class=\"elementor-element elementor-element-2aec425 elementor-widget elementor-widget-text-editor\" data-id=\"2aec425\" data-element_type=\"widget\" data-e-type=\"widget\" data-widget_type=\"text-editor.default\">\n\t\t\t\t<div class=\"elementor-widget-container\">\n\t\t\t\t\t\t\t\t\t<h3><strong>Kokemuksia muista kunnista<\/strong><\/h3>\n<p>Muilla kunnilla, kuten Arnhem, Amsterdam ja Rotterdam, on jo my\u00f6nteisi\u00e4 kokemuksia kest\u00e4vist\u00e4 valopylv\u00e4ist\u00e4 ja integroiduista latauspisteist\u00e4. N\u00e4m\u00e4 kunnat ovat osoittaneet, ett\u00e4 latauspisteiden integrointi valopylv\u00e4isiin s\u00e4\u00e4st\u00e4\u00e4 tilaa, mutta my\u00f6s s\u00e4\u00e4st\u00e4\u00e4 kustannuksia ja edist\u00e4\u00e4 kest\u00e4v\u00e4mp\u00e4\u00e4 elinymp\u00e4rist\u00f6\u00e4. <\/p>\n\t\t\t\t\t\t\t\t<\/div>\n\t\t\t\t<\/div>\n\t\t\t\t<div class=\"elementor-element elementor-element-d0dadbd elementor-align-left animated-fast elementor-invisible elementor-widget elementor-widget-button\" data-id=\"d0dadbd\" data-element_type=\"widget\" data-e-type=\"widget\" data-settings=\"{&quot;_animation&quot;:&quot;zoomIn&quot;}\" data-widget_type=\"button.default\">\n\t\t\t\t<div class=\"elementor-widget-container\">\n\t\t\t\t\t\t\t\t\t<div class=\"elementor-button-wrapper\">\n\t\t\t\t\t<a class=\"elementor-button elementor-button-link elementor-size-sm\" href=\"https:\/\/www.citycharge.eu\/fi\/ota-yhteytta\/\">\n\t\t\t\t\t\t<span class=\"elementor-button-content-wrapper\">\n\t\t\t\t\t\t\t\t\t<span class=\"elementor-button-text\">Pyyd\u00e4 konsultaatiota<\/span>\n\t\t\t\t\t<\/span>\n\t\t\t\t\t<\/a>\n\t\t\t\t<\/div>\n\t\t\t\t\t\t\t\t<\/div>\n\t\t\t\t<\/div>\n\t\t\t\t<\/div>\n\t\t\t\t\t<\/div>\n\t\t\t\t<\/div>\n\t\t<div class=\"elementor-element elementor-element-6bd6769 e-flex e-con-boxed e-con e-parent\" data-id=\"6bd6769\" data-element_type=\"container\" data-e-type=\"container\" data-settings=\"{&quot;background_background&quot;:&quot;classic&quot;}\">\n\t\t\t\t\t<div class=\"e-con-inner\">\n\t\t<div class=\"elementor-element elementor-element-b9ea699 e-con-full e-flex e-con e-child\" data-id=\"b9ea699\" data-element_type=\"container\" data-e-type=\"container\">\n\t\t\t\t<div class=\"elementor-element elementor-element-362280a elementor-widget elementor-widget-text-editor\" data-id=\"362280a\" data-element_type=\"widget\" data-e-type=\"widget\" data-widget_type=\"text-editor.default\">\n\t\t\t\t<div class=\"elementor-widget-container\">\n\t\t\t\t\t\t\t\t\t<h3><strong>Ilmanlaadun mittaaminen<\/strong><\/h3>\n<p>Latausasemien lis\u00e4ksi kest\u00e4v\u00e4t valaisinpylv\u00e4\u00e4t voivat sis\u00e4lt\u00e4\u00e4 my\u00f6s muun muassa ilmanlaadun ja melun mittauslaitteita. Ne voidaan my\u00f6s yhdist\u00e4\u00e4 5G-antenneihin. Kunnat ovat velvollisia tarjoamaan n\u00e4ille antenneille paikkoja teleoperaattoreille.  <\/p>\n\t\t\t\t\t\t\t\t<\/div>\n\t\t\t\t<\/div>\n\t\t\t\t<div class=\"elementor-element elementor-element-ea96053 elementor-widget elementor-widget-text-editor\" data-id=\"ea96053\" data-element_type=\"widget\" data-e-type=\"widget\" data-widget_type=\"text-editor.default\">\n\t\t\t\t<div class=\"elementor-widget-container\">\n\t\t\t\t\t\t\t\t\t<h3><strong>Nopeutettu vaihto ja pilotti<\/strong><\/h3>\n<p>Pormestari ja valtuutetut ehdottavat pilotin aloittamista 36\u201352 latauspisteell\u00e4 (2 per lyhtypylv\u00e4s) Steenbruggen ja Vijfhoekin kaupunginosissa ja Diepenveeniss\u00e4. Lis\u00e4ksi ehdotetaan selvitett\u00e4v\u00e4ksi, voidaanko nopeutettu vaihto maksaa latauspisteiden ja teleantennien tuotoilla. <\/p>\n\t\t\t\t\t\t\t\t<\/div>\n\t\t\t\t<\/div>\n\t\t\t\t<div class=\"elementor-element elementor-element-e4803da elementor-widget elementor-widget-text-editor\" data-id=\"e4803da\" data-element_type=\"widget\" data-e-type=\"widget\" data-widget_type=\"text-editor.default\">\n\t\t\t\t<div class=\"elementor-widget-container\">\n\t\t\t\t\t\t\t\t\t<h3><strong>Seuranta<\/strong><\/h3>\n<p>Osa latauspisteiden pilotista on mukana my\u00f6s kest\u00e4vien lyhtypylvien k\u00e4ytt\u00e4j\u00e4t ja asukkaat. Heille tiedotetaan lyhtypylvien saapumisesta ja kysyt\u00e4\u00e4n heid\u00e4n kokemuksistaan. Kunnanvaltuusto k\u00e4sittelee esityst\u00e4 t\u00e4m\u00e4n kev\u00e4\u00e4n aikana. Katujen asukkaille tiedotetaan ajoissa pilotista ja suunnitelluista t\u00f6ist\u00e4.   <\/p>\n\t\t\t\t\t\t\t\t<\/div>\n\t\t\t\t<\/div>\n\t\t\t\t<\/div>\n\t\t\t\t\t<\/div>\n\t\t\t\t<\/div>\n\t\t<div class=\"elementor-element elementor-element-7b9b78c e-flex e-con-boxed e-con e-parent\" data-id=\"7b9b78c\" data-element_type=\"container\" data-e-type=\"container\" data-settings=\"{&quot;background_background&quot;:&quot;classic&quot;}\">\n\t\t\t\t\t<div class=\"e-con-inner\">\n\t\t<div class=\"elementor-element elementor-element-a7032f7 e-con-full e-flex e-con e-child\" data-id=\"a7032f7\" data-element_type=\"container\" data-e-type=\"container\" data-settings=\"{&quot;background_background&quot;:&quot;classic&quot;}\">\n\t\t<div class=\"elementor-element elementor-element-1ddb098 e-flex e-con-boxed e-con e-child\" data-id=\"1ddb098\" data-element_type=\"container\" data-e-type=\"container\">\n\t\t\t\t\t<div class=\"e-con-inner\">\n\t\t<div class=\"elementor-element elementor-element-e51556b e-flex e-con-boxed e-con e-child\" data-id=\"e51556b\" data-element_type=\"container\" data-e-type=\"container\">\n\t\t\t\t\t<div class=\"e-con-inner\">\n\t\t\t\t<div class=\"elementor-element elementor-element-f7d38c1 elementor-widget elementor-widget-heading\" data-id=\"f7d38c1\" data-element_type=\"widget\" data-e-type=\"widget\" data-widget_type=\"heading.default\">\n\t\t\t\t<div class=\"elementor-widget-container\">\n\t\t\t\t\t<p class=\"elementor-heading-title elementor-size-default\">\"CityChargen avulla lataaminen on vaivatonta ja huoletonta. N\u00e4in sen pit\u00e4isi olla.\u201d<\/p>\t\t\t\t<\/div>\n\t\t\t\t<\/div>\n\t\t\t\t\t<\/div>\n\t\t\t\t<\/div>\n\t\t\t\t\t<\/div>\n\t\t\t\t<\/div>\n\t\t\t\t<\/div>\n\t\t<div class=\"elementor-element elementor-element-e04f1fe e-con-full e-flex e-con e-child\" data-id=\"e04f1fe\" data-element_type=\"container\" data-e-type=\"container\">\n\t\t\t\t<div class=\"elementor-element elementor-element-f238dbc elementor-widget elementor-widget-heading\" data-id=\"f238dbc\" data-element_type=\"widget\" data-e-type=\"widget\" data-widget_type=\"heading.default\">\n\t\t\t\t<div class=\"elementor-widget-container\">\n\t\t\t\t\t<h2 class=\"elementor-heading-title elementor-size-default\">Haluatko my\u00f6s veloittaa huoletta?<\/h2>\t\t\t\t<\/div>\n\t\t\t\t<\/div>\n\t\t\t\t<div class=\"elementor-element elementor-element-f22513c elementor-widget elementor-widget-text-editor\" data-id=\"f22513c\" data-element_type=\"widget\" data-e-type=\"widget\" data-widget_type=\"text-editor.default\">\n\t\t\t\t<div class=\"elementor-widget-container\">\n\t\t\t\t\t\t\t\t\t<p>Oletko kiinnostunut siit\u00e4, mit\u00e4 CityCharge voi tehd\u00e4 kuntasi tai hankkeesi hyv\u00e4ksi?<br \/>\nKerromme mielell\u00e4mme mahdollisuuksista.   <\/p>\n\t\t\t\t\t\t\t\t<\/div>\n\t\t\t\t<\/div>\n\t\t\t\t<div class=\"elementor-element elementor-element-870f390 elementor-widget elementor-widget-text-editor\" data-id=\"870f390\" data-element_type=\"widget\" data-e-type=\"widget\" data-widget_type=\"text-editor.default\">\n\t\t\t\t<div class=\"elementor-widget-container\">\n\t\t\t\t\t\t\t\t\t<p><strong>Ota yhteytt\u00e4 neuvonantajaamme.<\/strong><\/p>\n\t\t\t\t\t\t\t\t<\/div>\n\t\t\t\t<\/div>\n\t\t\t\t<div class=\"elementor-element elementor-element-7e81c61 elementor-mobile-align-left elementor-widget elementor-widget-button\" data-id=\"7e81c61\" data-element_type=\"widget\" data-e-type=\"widget\" data-widget_type=\"button.default\">\n\t\t\t\t<div class=\"elementor-widget-container\">\n\t\t\t\t\t\t\t\t\t<div class=\"elementor-button-wrapper\">\n\t\t\t\t\t<a class=\"elementor-button elementor-button-link elementor-size-sm\" href=\"#\">\n\t\t\t\t\t\t<span class=\"elementor-button-content-wrapper\">\n\t\t\t\t\t\t<span class=\"elementor-button-icon\">\n\t\t\t\t<svg aria-hidden=\"true\" class=\"e-font-icon-svg e-fas-phone-alt\" viewBox=\"0 0 512 512\" xmlns=\"http:\/\/www.w3.org\/2000\/svg\"><path d=\"M497.39 361.8l-112-48a24 24 0 0 0-28 6.9l-49.6 60.6A370.66 370.66 0 0 1 130.6 204.11l60.6-49.6a23.94 23.94 0 0 0 6.9-28l-48-112A24.16 24.16 0 0 0 122.6.61l-104 24A24 24 0 0 0 0 48c0 256.5 207.9 464 464 464a24 24 0 0 0 23.4-18.6l24-104a24.29 24.29 0 0 0-14.01-27.6z\"><\/path><\/svg>\t\t\t<\/span>\n\t\t\t\t\t\t\t\t\t<span class=\"elementor-button-text\">085-0716620<\/span>\n\t\t\t\t\t<\/span>\n\t\t\t\t\t<\/a>\n\t\t\t\t<\/div>\n\t\t\t\t\t\t\t\t<\/div>\n\t\t\t\t<\/div>\n\t\t\t\t<div class=\"elementor-element elementor-element-e7152c3 elementor-align-left animated-fast elementor-invisible elementor-widget elementor-widget-button\" data-id=\"e7152c3\" data-element_type=\"widget\" data-e-type=\"widget\" data-settings=\"{&quot;_animation&quot;:&quot;zoomIn&quot;}\" data-widget_type=\"button.default\">\n\t\t\t\t<div class=\"elementor-widget-container\">\n\t\t\t\t\t\t\t\t\t<div class=\"elementor-button-wrapper\">\n\t\t\t\t\t<a class=\"elementor-button elementor-button-link elementor-size-sm\" href=\"https:\/\/www.citycharge.eu\/fi\/ota-yhteytta\/\">\n\t\t\t\t\t\t<span class=\"elementor-button-content-wrapper\">\n\t\t\t\t\t\t\t\t\t<span class=\"elementor-button-text\">Ota yhteytt\u00e4<\/span>\n\t\t\t\t\t<\/span>\n\t\t\t\t\t<\/a>\n\t\t\t\t<\/div>\n\t\t\t\t\t\t\t\t<\/div>\n\t\t\t\t<\/div>\n\t\t\t\t<\/div>\n\t\t\t\t\t<\/div>\n\t\t\t\t<\/div>\n\t\t\t\t<\/div>\n\t\t","protected":false},"excerpt":{"rendered":"<p>Deventerin kunta Deventerin kunta Deventerin kunta haluaa k\u00e4ynnist\u00e4\u00e4 pilotin kest\u00e4vill\u00e4 lyhtypylv\u00e4ill\u00e4, jotka eiv\u00e4t ainoastaan \u200b\u200bs\u00e4\u00e4st\u00e4 energiaa, vaan sis\u00e4lt\u00e4v\u00e4t my\u00f6s 2 latauspistett\u00e4. Eri paikoissa Deventeriss\u00e4 s\u00e4hk\u00f6autojen omistajat voivat ladata ajoneuvonsa n\u00e4iss\u00e4 lyhtypylv\u00e4iss\u00e4. Pormestari ja kunnanvaltuutetut ehdottavat kunnanvaltuustolle, ett\u00e4 pilotti hyv\u00e4ksyt\u00e4\u00e4n ja tutkitaan n\u00e4iden kest\u00e4vien lyhtypylvien nopeutettua k\u00e4ytt\u00f6\u00f6nottoa. V\u00e4henn\u00e4 energiankulutusta Katujen ja teiden yleisvalaistus vastaa t\u00e4ll\u00e4 hetkell\u00e4 [&hellip;]<\/p>\n","protected":false},"author":1,"featured_media":10906,"comment_status":"closed","ping_status":"open","sticky":false,"template":"elementor_header_footer","format":"standard","meta":{"_acf_changed":false,"footnotes":""},"categories":[68],"tags":[],"class_list":["post-10923","post","type-post","status-publish","format-standard","has-post-thumbnail","hentry","category-tapaukset"],"acf":[],"yoast_head":"<!-- This site is optimized with the Yoast SEO plugin v27.5 - https:\/\/yoast.com\/product\/yoast-seo-wordpress\/ -->\n<title>Deventerin kunta - CityCharge<\/title>\n<meta name=\"robots\" content=\"index, follow, max-snippet:-1, max-image-preview:large, max-video-preview:-1\" \/>\n<link rel=\"canonical\" href=\"https:\/\/www.citycharge.eu\/fi\/deventerin-kunta\/\" \/>\n<meta property=\"og:locale\" content=\"fi_FI\" \/>\n<meta property=\"og:type\" content=\"article\" \/>\n<meta property=\"og:title\" content=\"Deventerin kunta - CityCharge\" \/>\n<meta property=\"og:description\" content=\"Deventerin kunta Deventerin kunta Deventerin kunta haluaa k\u00e4ynnist\u00e4\u00e4 pilotin kest\u00e4vill\u00e4 lyhtypylv\u00e4ill\u00e4, jotka eiv\u00e4t ainoastaan \u200b\u200bs\u00e4\u00e4st\u00e4 energiaa, vaan sis\u00e4lt\u00e4v\u00e4t my\u00f6s 2 latauspistett\u00e4. Eri paikoissa Deventeriss\u00e4 s\u00e4hk\u00f6autojen omistajat voivat ladata ajoneuvonsa n\u00e4iss\u00e4 lyhtypylv\u00e4iss\u00e4. Pormestari ja kunnanvaltuutetut ehdottavat kunnanvaltuustolle, ett\u00e4 pilotti hyv\u00e4ksyt\u00e4\u00e4n ja tutkitaan n\u00e4iden kest\u00e4vien lyhtypylvien nopeutettua k\u00e4ytt\u00f6\u00f6nottoa. V\u00e4henn\u00e4 energiankulutusta Katujen ja teiden yleisvalaistus vastaa t\u00e4ll\u00e4 hetkell\u00e4 [&hellip;]\" \/>\n<meta property=\"og:url\" content=\"https:\/\/www.citycharge.eu\/fi\/deventerin-kunta\/\" \/>\n<meta property=\"og:site_name\" content=\"CityCharge\" \/>\n<meta property=\"article:published_time\" content=\"2025-02-21T12:47:19+00:00\" \/>\n<meta property=\"article:modified_time\" content=\"2025-02-21T12:50:45+00:00\" \/>\n<meta property=\"og:image\" content=\"https:\/\/www.citycharge.eu\/wp-content\/uploads\/2025\/02\/logo-gemeente-deventer.jpg\" \/>\n\t<meta property=\"og:image:width\" content=\"740\" \/>\n\t<meta property=\"og:image:height\" content=\"453\" \/>\n\t<meta property=\"og:image:type\" content=\"image\/jpeg\" \/>\n<meta name=\"author\" content=\"admin\" \/>\n<meta name=\"twitter:card\" content=\"summary_large_image\" \/>\n<meta name=\"twitter:label1\" content=\"Kirjoittanut\" \/>\n\t<meta name=\"twitter:data1\" content=\"admin\" \/>\n\t<meta name=\"twitter:label2\" content=\"Arvioitu lukuaika\" \/>\n\t<meta name=\"twitter:data2\" content=\"2 minuuttia\" \/>\n<script type=\"application\/ld+json\" class=\"yoast-schema-graph\">{\"@context\":\"https:\\\/\\\/schema.org\",\"@graph\":[{\"@type\":\"Article\",\"@id\":\"https:\\\/\\\/www.citycharge.eu\\\/fi\\\/deventerin-kunta\\\/#article\",\"isPartOf\":{\"@id\":\"https:\\\/\\\/www.citycharge.eu\\\/fi\\\/deventerin-kunta\\\/\"},\"author\":{\"name\":\"admin\",\"@id\":\"https:\\\/\\\/www.citycharge.eu\\\/fi\\\/#\\\/schema\\\/person\\\/0a798ff10afa77f3d0c65789b5d62f17\"},\"headline\":\"Deventerin kunta\",\"datePublished\":\"2025-02-21T12:47:19+00:00\",\"dateModified\":\"2025-02-21T12:50:45+00:00\",\"mainEntityOfPage\":{\"@id\":\"https:\\\/\\\/www.citycharge.eu\\\/fi\\\/deventerin-kunta\\\/\"},\"wordCount\":375,\"publisher\":{\"@id\":\"https:\\\/\\\/www.citycharge.eu\\\/fi\\\/#organization\"},\"image\":{\"@id\":\"https:\\\/\\\/www.citycharge.eu\\\/fi\\\/deventerin-kunta\\\/#primaryimage\"},\"thumbnailUrl\":\"https:\\\/\\\/www.citycharge.eu\\\/wp-content\\\/uploads\\\/2025\\\/02\\\/logo-gemeente-deventer.jpg\",\"articleSection\":[\"Tapaukset\"],\"inLanguage\":\"fi\"},{\"@type\":\"WebPage\",\"@id\":\"https:\\\/\\\/www.citycharge.eu\\\/fi\\\/deventerin-kunta\\\/\",\"url\":\"https:\\\/\\\/www.citycharge.eu\\\/fi\\\/deventerin-kunta\\\/\",\"name\":\"Deventerin kunta - CityCharge\",\"isPartOf\":{\"@id\":\"https:\\\/\\\/www.citycharge.eu\\\/fi\\\/#website\"},\"primaryImageOfPage\":{\"@id\":\"https:\\\/\\\/www.citycharge.eu\\\/fi\\\/deventerin-kunta\\\/#primaryimage\"},\"image\":{\"@id\":\"https:\\\/\\\/www.citycharge.eu\\\/fi\\\/deventerin-kunta\\\/#primaryimage\"},\"thumbnailUrl\":\"https:\\\/\\\/www.citycharge.eu\\\/wp-content\\\/uploads\\\/2025\\\/02\\\/logo-gemeente-deventer.jpg\",\"datePublished\":\"2025-02-21T12:47:19+00:00\",\"dateModified\":\"2025-02-21T12:50:45+00:00\",\"breadcrumb\":{\"@id\":\"https:\\\/\\\/www.citycharge.eu\\\/fi\\\/deventerin-kunta\\\/#breadcrumb\"},\"inLanguage\":\"fi\",\"potentialAction\":[{\"@type\":\"ReadAction\",\"target\":[\"https:\\\/\\\/www.citycharge.eu\\\/fi\\\/deventerin-kunta\\\/\"]}]},{\"@type\":\"ImageObject\",\"inLanguage\":\"fi\",\"@id\":\"https:\\\/\\\/www.citycharge.eu\\\/fi\\\/deventerin-kunta\\\/#primaryimage\",\"url\":\"https:\\\/\\\/www.citycharge.eu\\\/wp-content\\\/uploads\\\/2025\\\/02\\\/logo-gemeente-deventer.jpg\",\"contentUrl\":\"https:\\\/\\\/www.citycharge.eu\\\/wp-content\\\/uploads\\\/2025\\\/02\\\/logo-gemeente-deventer.jpg\",\"width\":740,\"height\":453,\"caption\":\"logo gemeente deventer\"},{\"@type\":\"BreadcrumbList\",\"@id\":\"https:\\\/\\\/www.citycharge.eu\\\/fi\\\/deventerin-kunta\\\/#breadcrumb\",\"itemListElement\":[{\"@type\":\"ListItem\",\"position\":1,\"name\":\"Home\",\"item\":\"https:\\\/\\\/www.citycharge.eu\\\/fi\\\/\"},{\"@type\":\"ListItem\",\"position\":2,\"name\":\"Deventerin kunta\"}]},{\"@type\":\"WebSite\",\"@id\":\"https:\\\/\\\/www.citycharge.eu\\\/fi\\\/#website\",\"url\":\"https:\\\/\\\/www.citycharge.eu\\\/fi\\\/\",\"name\":\"CityCharge\",\"description\":\"Nieuw licht op laden\",\"publisher\":{\"@id\":\"https:\\\/\\\/www.citycharge.eu\\\/fi\\\/#organization\"},\"potentialAction\":[{\"@type\":\"SearchAction\",\"target\":{\"@type\":\"EntryPoint\",\"urlTemplate\":\"https:\\\/\\\/www.citycharge.eu\\\/fi\\\/?s={search_term_string}\"},\"query-input\":{\"@type\":\"PropertyValueSpecification\",\"valueRequired\":true,\"valueName\":\"search_term_string\"}}],\"inLanguage\":\"fi\"},{\"@type\":\"Organization\",\"@id\":\"https:\\\/\\\/www.citycharge.eu\\\/fi\\\/#organization\",\"name\":\"CityCharge\",\"url\":\"https:\\\/\\\/www.citycharge.eu\\\/fi\\\/\",\"logo\":{\"@type\":\"ImageObject\",\"inLanguage\":\"fi\",\"@id\":\"https:\\\/\\\/www.citycharge.eu\\\/fi\\\/#\\\/schema\\\/logo\\\/image\\\/\",\"url\":\"https:\\\/\\\/www.citycharge.eu\\\/wp-content\\\/uploads\\\/2024\\\/07\\\/Citycharge_payofff_white.svg\",\"contentUrl\":\"https:\\\/\\\/www.citycharge.eu\\\/wp-content\\\/uploads\\\/2024\\\/07\\\/Citycharge_payofff_white.svg\",\"width\":1920,\"height\":530,\"caption\":\"CityCharge\"},\"image\":{\"@id\":\"https:\\\/\\\/www.citycharge.eu\\\/fi\\\/#\\\/schema\\\/logo\\\/image\\\/\"}},{\"@type\":\"Person\",\"@id\":\"https:\\\/\\\/www.citycharge.eu\\\/fi\\\/#\\\/schema\\\/person\\\/0a798ff10afa77f3d0c65789b5d62f17\",\"name\":\"admin\",\"image\":{\"@type\":\"ImageObject\",\"inLanguage\":\"fi\",\"@id\":\"https:\\\/\\\/secure.gravatar.com\\\/avatar\\\/b382f2b0baf85cf8d841621555daa4ae2420c7929b964e5ca4e287310b061056?s=96&d=mm&r=g\",\"url\":\"https:\\\/\\\/secure.gravatar.com\\\/avatar\\\/b382f2b0baf85cf8d841621555daa4ae2420c7929b964e5ca4e287310b061056?s=96&d=mm&r=g\",\"contentUrl\":\"https:\\\/\\\/secure.gravatar.com\\\/avatar\\\/b382f2b0baf85cf8d841621555daa4ae2420c7929b964e5ca4e287310b061056?s=96&d=mm&r=g\",\"caption\":\"admin\"},\"sameAs\":[\"http:\\\/\\\/www.citycharge.eu\"],\"url\":\"https:\\\/\\\/www.citycharge.eu\\\/fi\\\/author\\\/admin\\\/\"}]}<\/script>\n<!-- \/ Yoast SEO plugin. -->","yoast_head_json":{"title":"Deventerin kunta - CityCharge","robots":{"index":"index","follow":"follow","max-snippet":"max-snippet:-1","max-image-preview":"max-image-preview:large","max-video-preview":"max-video-preview:-1"},"canonical":"https:\/\/www.citycharge.eu\/fi\/deventerin-kunta\/","og_locale":"fi_FI","og_type":"article","og_title":"Deventerin kunta - CityCharge","og_description":"Deventerin kunta Deventerin kunta Deventerin kunta haluaa k\u00e4ynnist\u00e4\u00e4 pilotin kest\u00e4vill\u00e4 lyhtypylv\u00e4ill\u00e4, jotka eiv\u00e4t ainoastaan \u200b\u200bs\u00e4\u00e4st\u00e4 energiaa, vaan sis\u00e4lt\u00e4v\u00e4t my\u00f6s 2 latauspistett\u00e4. Eri paikoissa Deventeriss\u00e4 s\u00e4hk\u00f6autojen omistajat voivat ladata ajoneuvonsa n\u00e4iss\u00e4 lyhtypylv\u00e4iss\u00e4. Pormestari ja kunnanvaltuutetut ehdottavat kunnanvaltuustolle, ett\u00e4 pilotti hyv\u00e4ksyt\u00e4\u00e4n ja tutkitaan n\u00e4iden kest\u00e4vien lyhtypylvien nopeutettua k\u00e4ytt\u00f6\u00f6nottoa. V\u00e4henn\u00e4 energiankulutusta Katujen ja teiden yleisvalaistus vastaa t\u00e4ll\u00e4 hetkell\u00e4 [&hellip;]","og_url":"https:\/\/www.citycharge.eu\/fi\/deventerin-kunta\/","og_site_name":"CityCharge","article_published_time":"2025-02-21T12:47:19+00:00","article_modified_time":"2025-02-21T12:50:45+00:00","og_image":[{"width":740,"height":453,"url":"https:\/\/www.citycharge.eu\/wp-content\/uploads\/2025\/02\/logo-gemeente-deventer.jpg","type":"image\/jpeg"}],"author":"admin","twitter_card":"summary_large_image","twitter_misc":{"Kirjoittanut":"admin","Arvioitu lukuaika":"2 minuuttia"},"schema":{"@context":"https:\/\/schema.org","@graph":[{"@type":"Article","@id":"https:\/\/www.citycharge.eu\/fi\/deventerin-kunta\/#article","isPartOf":{"@id":"https:\/\/www.citycharge.eu\/fi\/deventerin-kunta\/"},"author":{"name":"admin","@id":"https:\/\/www.citycharge.eu\/fi\/#\/schema\/person\/0a798ff10afa77f3d0c65789b5d62f17"},"headline":"Deventerin kunta","datePublished":"2025-02-21T12:47:19+00:00","dateModified":"2025-02-21T12:50:45+00:00","mainEntityOfPage":{"@id":"https:\/\/www.citycharge.eu\/fi\/deventerin-kunta\/"},"wordCount":375,"publisher":{"@id":"https:\/\/www.citycharge.eu\/fi\/#organization"},"image":{"@id":"https:\/\/www.citycharge.eu\/fi\/deventerin-kunta\/#primaryimage"},"thumbnailUrl":"https:\/\/www.citycharge.eu\/wp-content\/uploads\/2025\/02\/logo-gemeente-deventer.jpg","articleSection":["Tapaukset"],"inLanguage":"fi"},{"@type":"WebPage","@id":"https:\/\/www.citycharge.eu\/fi\/deventerin-kunta\/","url":"https:\/\/www.citycharge.eu\/fi\/deventerin-kunta\/","name":"Deventerin kunta - CityCharge","isPartOf":{"@id":"https:\/\/www.citycharge.eu\/fi\/#website"},"primaryImageOfPage":{"@id":"https:\/\/www.citycharge.eu\/fi\/deventerin-kunta\/#primaryimage"},"image":{"@id":"https:\/\/www.citycharge.eu\/fi\/deventerin-kunta\/#primaryimage"},"thumbnailUrl":"https:\/\/www.citycharge.eu\/wp-content\/uploads\/2025\/02\/logo-gemeente-deventer.jpg","datePublished":"2025-02-21T12:47:19+00:00","dateModified":"2025-02-21T12:50:45+00:00","breadcrumb":{"@id":"https:\/\/www.citycharge.eu\/fi\/deventerin-kunta\/#breadcrumb"},"inLanguage":"fi","potentialAction":[{"@type":"ReadAction","target":["https:\/\/www.citycharge.eu\/fi\/deventerin-kunta\/"]}]},{"@type":"ImageObject","inLanguage":"fi","@id":"https:\/\/www.citycharge.eu\/fi\/deventerin-kunta\/#primaryimage","url":"https:\/\/www.citycharge.eu\/wp-content\/uploads\/2025\/02\/logo-gemeente-deventer.jpg","contentUrl":"https:\/\/www.citycharge.eu\/wp-content\/uploads\/2025\/02\/logo-gemeente-deventer.jpg","width":740,"height":453,"caption":"logo gemeente deventer"},{"@type":"BreadcrumbList","@id":"https:\/\/www.citycharge.eu\/fi\/deventerin-kunta\/#breadcrumb","itemListElement":[{"@type":"ListItem","position":1,"name":"Home","item":"https:\/\/www.citycharge.eu\/fi\/"},{"@type":"ListItem","position":2,"name":"Deventerin kunta"}]},{"@type":"WebSite","@id":"https:\/\/www.citycharge.eu\/fi\/#website","url":"https:\/\/www.citycharge.eu\/fi\/","name":"CityCharge","description":"Nieuw licht op laden","publisher":{"@id":"https:\/\/www.citycharge.eu\/fi\/#organization"},"potentialAction":[{"@type":"SearchAction","target":{"@type":"EntryPoint","urlTemplate":"https:\/\/www.citycharge.eu\/fi\/?s={search_term_string}"},"query-input":{"@type":"PropertyValueSpecification","valueRequired":true,"valueName":"search_term_string"}}],"inLanguage":"fi"},{"@type":"Organization","@id":"https:\/\/www.citycharge.eu\/fi\/#organization","name":"CityCharge","url":"https:\/\/www.citycharge.eu\/fi\/","logo":{"@type":"ImageObject","inLanguage":"fi","@id":"https:\/\/www.citycharge.eu\/fi\/#\/schema\/logo\/image\/","url":"https:\/\/www.citycharge.eu\/wp-content\/uploads\/2024\/07\/Citycharge_payofff_white.svg","contentUrl":"https:\/\/www.citycharge.eu\/wp-content\/uploads\/2024\/07\/Citycharge_payofff_white.svg","width":1920,"height":530,"caption":"CityCharge"},"image":{"@id":"https:\/\/www.citycharge.eu\/fi\/#\/schema\/logo\/image\/"}},{"@type":"Person","@id":"https:\/\/www.citycharge.eu\/fi\/#\/schema\/person\/0a798ff10afa77f3d0c65789b5d62f17","name":"admin","image":{"@type":"ImageObject","inLanguage":"fi","@id":"https:\/\/secure.gravatar.com\/avatar\/b382f2b0baf85cf8d841621555daa4ae2420c7929b964e5ca4e287310b061056?s=96&d=mm&r=g","url":"https:\/\/secure.gravatar.com\/avatar\/b382f2b0baf85cf8d841621555daa4ae2420c7929b964e5ca4e287310b061056?s=96&d=mm&r=g","contentUrl":"https:\/\/secure.gravatar.com\/avatar\/b382f2b0baf85cf8d841621555daa4ae2420c7929b964e5ca4e287310b061056?s=96&d=mm&r=g","caption":"admin"},"sameAs":["http:\/\/www.citycharge.eu"],"url":"https:\/\/www.citycharge.eu\/fi\/author\/admin\/"}]}},"_links":{"self":[{"href":"https:\/\/www.citycharge.eu\/fi\/wp-json\/wp\/v2\/posts\/10923","targetHints":{"allow":["GET"]}}],"collection":[{"href":"https:\/\/www.citycharge.eu\/fi\/wp-json\/wp\/v2\/posts"}],"about":[{"href":"https:\/\/www.citycharge.eu\/fi\/wp-json\/wp\/v2\/types\/post"}],"author":[{"embeddable":true,"href":"https:\/\/www.citycharge.eu\/fi\/wp-json\/wp\/v2\/users\/1"}],"replies":[{"embeddable":true,"href":"https:\/\/www.citycharge.eu\/fi\/wp-json\/wp\/v2\/comments?post=10923"}],"version-history":[{"count":2,"href":"https:\/\/www.citycharge.eu\/fi\/wp-json\/wp\/v2\/posts\/10923\/revisions"}],"predecessor-version":[{"id":10932,"href":"https:\/\/www.citycharge.eu\/fi\/wp-json\/wp\/v2\/posts\/10923\/revisions\/10932"}],"wp:featuredmedia":[{"embeddable":true,"href":"https:\/\/www.citycharge.eu\/fi\/wp-json\/wp\/v2\/media\/10906"}],"wp:attachment":[{"href":"https:\/\/www.citycharge.eu\/fi\/wp-json\/wp\/v2\/media?parent=10923"}],"wp:term":[{"taxonomy":"category","embeddable":true,"href":"https:\/\/www.citycharge.eu\/fi\/wp-json\/wp\/v2\/categories?post=10923"},{"taxonomy":"post_tag","embeddable":true,"href":"https:\/\/www.citycharge.eu\/fi\/wp-json\/wp\/v2\/tags?post=10923"}],"curies":[{"name":"wp","href":"https:\/\/api.w.org\/{rel}","templated":true}]}}