{"id":9346,"date":"2023-01-03T08:26:36","date_gmt":"2023-01-03T08:26:36","guid":{"rendered":"https:\/\/www.citycharge.eu\/ensimmainen-eindhoveniin-ja-toinen-alankomaihin-lyhtypylvas-pistorasialla-sahkoautojen-lataamiseen\/"},"modified":"2023-01-03T08:26:36","modified_gmt":"2023-01-03T08:26:36","slug":"ensimmainen-eindhoveniin-ja-toinen-alankomaihin-lyhtypylvas-pistorasialla-sahkoautojen-lataamiseen","status":"publish","type":"post","link":"https:\/\/www.citycharge.eu\/fi\/ensimmainen-eindhoveniin-ja-toinen-alankomaihin-lyhtypylvas-pistorasialla-sahkoautojen-lataamiseen\/","title":{"rendered":"Ensimm\u00e4inen Eindhoveniin (ja toinen Alankomaihin): lyhtypylv\u00e4s pistorasialla s\u00e4hk\u00f6autojen lataamiseen"},"content":{"rendered":"<p><img fetchpriority=\"high\" decoding=\"async\" class=\"wp-image-5800 size-large aligncenter\" src=\"http:\/\/www.citycharge.eu\/wp-content\/uploads\/2023\/01\/Wethouder-Rik-Thijs-1024x683.jpeg\" alt=\"\" width=\"1024\" height=\"683\" srcset=\"https:\/\/www.citycharge.eu\/wp-content\/uploads\/2023\/01\/Wethouder-Rik-Thijs-1024x683.jpeg 1024w, https:\/\/www.citycharge.eu\/wp-content\/uploads\/2023\/01\/Wethouder-Rik-Thijs-300x200.jpeg 300w, https:\/\/www.citycharge.eu\/wp-content\/uploads\/2023\/01\/Wethouder-Rik-Thijs-768x512.jpeg 768w, https:\/\/www.citycharge.eu\/wp-content\/uploads\/2023\/01\/Wethouder-Rik-Thijs.jpeg 1350w\" sizes=\"(max-width: 1024px) 100vw, 1024px\" \/><\/p>\n<p>EINDHOVEN &#8211; Keskuslatauspiste seitsem\u00e4n ja pian nelj\u00e4ntoista s\u00e4hk\u00f6auton jakelupisteeksi. Woenselin Buurtschap Te Veldill\u00e4 on kauha Eindhoveniin. Hiljattain rakennetulla parkkipaikalla Kwartierissa Te Veldin kyl\u00e4ss\u00e4 on seitsem\u00e4n lyhtypylv\u00e4\u00e4. Ne toimivat my\u00f6s s\u00e4hk\u00f6autojen latauspistein\u00e4. T\u00e4t\u00e4 varten he saavat s\u00e4hk\u00f6\u00e4 yhdelt\u00e4 keskuslatausasemalta. Se on ensimm\u00e4inen paikka Eindhovenissa, jonne t\u00e4m\u00e4 laitos on asennettu, ja toinen Alankomaissa Renkumin j\u00e4lkeen, kertoo asennusyhti\u00f6 Dutch Chargen Michel Versteeg. Eilen oli virallinen esittely valtuutetun Rik Thijsin (energia) l\u00e4sn\u00e4 ollessa. <\/p>\n<h2>Katukuvan &#8221;sotkua&#8221; vastaan<\/h2>\n<p>Dutch Chargen ja Eindhovenin kunnan mukaan t\u00e4ll\u00e4 rakenteella on useita etuja. Liittyvi\u00e4 parkkipaikkoja voidaan k\u00e4ytt\u00e4\u00e4 my\u00f6s polttoainek\u00e4ytt\u00f6isille autoille, mik\u00e4 voi lis\u00e4t\u00e4 asukkaiden kannatusta. Lis\u00e4ksi lyhtypylvien k\u00e4ytt\u00f6 est\u00e4\u00e4 katukuvan &#8221;sotkua&#8221;. Lis\u00e4ksi asennus on halvempaa kuin perinteiset latausasemat. Versteeg on my\u00f6s ylpe\u00e4 siit\u00e4, mit\u00e4 h\u00e4n kutsuu &#8221;\u00e4lykk\u00e4\u00e4ksi ohjaukseksi&#8221;. &#8221;Kun parkkipaikka t\u00e4yttyy kello viiden ja kuuden v\u00e4lill\u00e4 iltap\u00e4iv\u00e4ll\u00e4 ja valot syttyv\u00e4t kaikkialla taloissa, s\u00e4hk\u00f6n kysynt\u00e4 on korkea. T\u00e4m\u00e4 latausasema toimii sitten hitaammin, koska useimmat autot otetaan uudelleen k\u00e4ytt\u00f6\u00f6n vasta my\u00f6hemmin illalla tai jopa seuraavana aamuna.      <\/p>\n<p><iframe title=\"Eerste &#039;laadlantaarns&#039; in Eindhoven in gebruik genomen\" width=\"800\" height=\"450\" src=\"https:\/\/www.youtube.com\/embed\/-I2thSu_Lzo?feature=oembed\" frameborder=\"0\" allow=\"accelerometer; autoplay; clipboard-write; encrypted-media; gyroscope; picture-in-picture; web-share\" referrerpolicy=\"strict-origin-when-cross-origin\" allowfullscreen><\/iframe><\/p>\n<h2>Pankkikortti tai puhelin<\/h2>\n<p>Seitsem\u00e4n latauspistett\u00e4 ovat jo toiminnassa, mutta lis\u00e4\u00e4 parannuksia tehd\u00e4\u00e4n l\u00e4hitulevaisuudessa. T\u00e4m\u00e4 antaa heille ylim\u00e4\u00e4r\u00e4isen yhteyden, jotta kaksi autoa voidaan yhdist\u00e4\u00e4 samanaikaisesti, aivan kuten muiden latausasemien kanssa. Mukaan tulee my\u00f6s kortinlukija, jotta k\u00e4ytt\u00e4j\u00e4t voivat maksaa pankkikortilla tai puhelimella. Thijs on tyytyv\u00e4inen t\u00e4h\u00e4n innovaatioon ja ilmoitti, ett\u00e4 parhaillaan tutkitaan, voidaanko olemassa olevat lyhtypylv\u00e4\u00e4t muuntaa latauspisteiksi. Ja kun katuja suunnitellaan uudelleen, uusilla katuvalaisimilla on kaksi teht\u00e4v\u00e4\u00e4, sanoo Linda van de Ven, Eindhovenin kunnan projektijohtaja. H\u00e4n mainitsee Boschdijkin keh\u00e4ss\u00e4 esimerkkin\u00e4. Looginen kehitys Versteegin mukaan. &#8221;Koska meill\u00e4 on oltava 1,7 miljoonaa latauspistett\u00e4 kaikkialla Alankomaissa.&#8221; Van de Ven kertoo, ett\u00e4 Te Veldin kaupunginosan asukkaat eiv\u00e4t olleet mukana valintaan asentaa latauspisteit\u00e4. Koska parkkipaikkoja ei ole varattu s\u00e4hk\u00f6autoille, kaikki ovat todenn\u00e4k\u00f6isesti siihen tyytyv\u00e4isi\u00e4. Thijs tiet\u00e4\u00e4, ett\u00e4 muut kunnat odottavat asukkaiden ehdotuksia latauksen helpottamiseksi, kuten kaapelikanavien asentamista jalkak\u00e4yt\u00e4v\u00e4lle. &#8221;Emme aio tehd\u00e4 niin toistaiseksi. Valitsimme t\u00e4m\u00e4n ratkaisun my\u00f6s katukuvan vuoksi.&#8221; L\u00e4hde: <a href=\"https:\/\/www.ed.nl\/eindhoven\/primeur-voor-eindhoven-en-tweede-in-nederland-lantaarnpaal-met-stopcontact-om-elektrische-auto-op-te-laden~ab3d0ce2\/\" target=\"_blank\" rel=\"noopener\">Eindhovens Dagblad<\/a>       <\/p>\n","protected":false},"excerpt":{"rendered":"<p>EINDHOVEN &#8211; Keskuslatauspiste seitsem\u00e4n ja pian nelj\u00e4ntoista s\u00e4hk\u00f6auton jakelupisteeksi. Woenselin Buurtschap Te Veldill\u00e4 on kauha Eindhoveniin. Hiljattain rakennetulla parkkipaikalla Kwartierissa Te Veldin kyl\u00e4ss\u00e4 on seitsem\u00e4n lyhtypylv\u00e4\u00e4. Ne toimivat my\u00f6s s\u00e4hk\u00f6autojen latauspistein\u00e4. T\u00e4t\u00e4 varten he saavat s\u00e4hk\u00f6\u00e4 yhdelt\u00e4 keskuslatausasemalta. Se on ensimm\u00e4inen paikka Eindhovenissa, jonne t\u00e4m\u00e4 laitos on asennettu, ja toinen Alankomaissa Renkumin j\u00e4lkeen, kertoo asennusyhti\u00f6 [&hellip;]<\/p>\n","protected":false},"author":1,"featured_media":8332,"comment_status":"closed","ping_status":"closed","sticky":false,"template":"","format":"standard","meta":{"_acf_changed":false,"footnotes":""},"categories":[57],"tags":[],"class_list":["post-9346","post","type-post","status-publish","format-standard","has-post-thumbnail","hentry","category-uutiset"],"acf":[],"yoast_head":"<!-- This site is optimized with the Yoast SEO plugin v27.5 - https:\/\/yoast.com\/product\/yoast-seo-wordpress\/ -->\n<title>Ensimm\u00e4inen Eindhoveniin (ja toinen Alankomaihin): lyhtypylv\u00e4s pistorasialla s\u00e4hk\u00f6autojen lataamiseen - CityCharge<\/title>\n<meta name=\"description\" content=\"Ensimm\u00e4inen Eindhoveniin (ja toinen Alankomaihin): lyhtypylv\u00e4s pistorasialla s\u00e4hk\u00f6autojen lataamiseen\" \/>\n<meta name=\"robots\" content=\"index, follow, max-snippet:-1, max-image-preview:large, max-video-preview:-1\" \/>\n<link rel=\"canonical\" href=\"https:\/\/www.citycharge.eu\/fi\/ensimmainen-eindhoveniin-ja-toinen-alankomaihin-lyhtypylvas-pistorasialla-sahkoautojen-lataamiseen\/\" \/>\n<meta property=\"og:locale\" content=\"fi_FI\" \/>\n<meta property=\"og:type\" content=\"article\" \/>\n<meta property=\"og:title\" content=\"Ensimm\u00e4inen Eindhoveniin (ja toinen Alankomaihin): lyhtypylv\u00e4s pistorasialla s\u00e4hk\u00f6autojen lataamiseen - CityCharge\" \/>\n<meta property=\"og:description\" content=\"Ensimm\u00e4inen Eindhoveniin (ja toinen Alankomaihin): lyhtypylv\u00e4s pistorasialla s\u00e4hk\u00f6autojen lataamiseen\" \/>\n<meta property=\"og:url\" content=\"https:\/\/www.citycharge.eu\/fi\/ensimmainen-eindhoveniin-ja-toinen-alankomaihin-lyhtypylvas-pistorasialla-sahkoautojen-lataamiseen\/\" \/>\n<meta property=\"og:site_name\" content=\"CityCharge\" \/>\n<meta property=\"article:published_time\" content=\"2023-01-03T08:26:36+00:00\" \/>\n<meta property=\"og:image\" content=\"https:\/\/www.citycharge.eu\/wp-content\/uploads\/2023\/01\/Wethouder-Rik-Thijs.jpeg\" \/>\n\t<meta property=\"og:image:width\" content=\"1350\" \/>\n\t<meta property=\"og:image:height\" content=\"900\" \/>\n\t<meta property=\"og:image:type\" content=\"image\/jpeg\" \/>\n<meta name=\"author\" content=\"admin\" \/>\n<meta name=\"twitter:card\" content=\"summary_large_image\" \/>\n<meta name=\"twitter:label1\" content=\"Kirjoittanut\" \/>\n\t<meta name=\"twitter:data1\" content=\"admin\" \/>\n\t<meta name=\"twitter:label2\" content=\"Arvioitu lukuaika\" \/>\n\t<meta name=\"twitter:data2\" content=\"2 minuuttia\" \/>\n<script type=\"application\/ld+json\" class=\"yoast-schema-graph\">{\"@context\":\"https:\\\/\\\/schema.org\",\"@graph\":[{\"@type\":\"Article\",\"@id\":\"https:\\\/\\\/www.citycharge.eu\\\/fi\\\/ensimmainen-eindhoveniin-ja-toinen-alankomaihin-lyhtypylvas-pistorasialla-sahkoautojen-lataamiseen\\\/#article\",\"isPartOf\":{\"@id\":\"https:\\\/\\\/www.citycharge.eu\\\/fi\\\/ensimmainen-eindhoveniin-ja-toinen-alankomaihin-lyhtypylvas-pistorasialla-sahkoautojen-lataamiseen\\\/\"},\"author\":{\"name\":\"admin\",\"@id\":\"https:\\\/\\\/www.citycharge.eu\\\/fi\\\/#\\\/schema\\\/person\\\/0a798ff10afa77f3d0c65789b5d62f17\"},\"headline\":\"Ensimm\u00e4inen Eindhoveniin (ja toinen Alankomaihin): lyhtypylv\u00e4s pistorasialla s\u00e4hk\u00f6autojen lataamiseen\",\"datePublished\":\"2023-01-03T08:26:36+00:00\",\"mainEntityOfPage\":{\"@id\":\"https:\\\/\\\/www.citycharge.eu\\\/fi\\\/ensimmainen-eindhoveniin-ja-toinen-alankomaihin-lyhtypylvas-pistorasialla-sahkoautojen-lataamiseen\\\/\"},\"wordCount\":391,\"publisher\":{\"@id\":\"https:\\\/\\\/www.citycharge.eu\\\/fi\\\/#organization\"},\"image\":{\"@id\":\"https:\\\/\\\/www.citycharge.eu\\\/fi\\\/ensimmainen-eindhoveniin-ja-toinen-alankomaihin-lyhtypylvas-pistorasialla-sahkoautojen-lataamiseen\\\/#primaryimage\"},\"thumbnailUrl\":\"https:\\\/\\\/www.citycharge.eu\\\/wp-content\\\/uploads\\\/2023\\\/01\\\/Wethouder-Rik-Thijs.jpeg\",\"articleSection\":[\"Uutiset\"],\"inLanguage\":\"fi\"},{\"@type\":\"WebPage\",\"@id\":\"https:\\\/\\\/www.citycharge.eu\\\/fi\\\/ensimmainen-eindhoveniin-ja-toinen-alankomaihin-lyhtypylvas-pistorasialla-sahkoautojen-lataamiseen\\\/\",\"url\":\"https:\\\/\\\/www.citycharge.eu\\\/fi\\\/ensimmainen-eindhoveniin-ja-toinen-alankomaihin-lyhtypylvas-pistorasialla-sahkoautojen-lataamiseen\\\/\",\"name\":\"Ensimm\u00e4inen Eindhoveniin (ja toinen Alankomaihin): lyhtypylv\u00e4s pistorasialla s\u00e4hk\u00f6autojen lataamiseen - CityCharge\",\"isPartOf\":{\"@id\":\"https:\\\/\\\/www.citycharge.eu\\\/fi\\\/#website\"},\"primaryImageOfPage\":{\"@id\":\"https:\\\/\\\/www.citycharge.eu\\\/fi\\\/ensimmainen-eindhoveniin-ja-toinen-alankomaihin-lyhtypylvas-pistorasialla-sahkoautojen-lataamiseen\\\/#primaryimage\"},\"image\":{\"@id\":\"https:\\\/\\\/www.citycharge.eu\\\/fi\\\/ensimmainen-eindhoveniin-ja-toinen-alankomaihin-lyhtypylvas-pistorasialla-sahkoautojen-lataamiseen\\\/#primaryimage\"},\"thumbnailUrl\":\"https:\\\/\\\/www.citycharge.eu\\\/wp-content\\\/uploads\\\/2023\\\/01\\\/Wethouder-Rik-Thijs.jpeg\",\"datePublished\":\"2023-01-03T08:26:36+00:00\",\"description\":\"Ensimm\u00e4inen Eindhoveniin (ja toinen Alankomaihin): lyhtypylv\u00e4s pistorasialla s\u00e4hk\u00f6autojen lataamiseen\",\"breadcrumb\":{\"@id\":\"https:\\\/\\\/www.citycharge.eu\\\/fi\\\/ensimmainen-eindhoveniin-ja-toinen-alankomaihin-lyhtypylvas-pistorasialla-sahkoautojen-lataamiseen\\\/#breadcrumb\"},\"inLanguage\":\"fi\",\"potentialAction\":[{\"@type\":\"ReadAction\",\"target\":[\"https:\\\/\\\/www.citycharge.eu\\\/fi\\\/ensimmainen-eindhoveniin-ja-toinen-alankomaihin-lyhtypylvas-pistorasialla-sahkoautojen-lataamiseen\\\/\"]}]},{\"@type\":\"ImageObject\",\"inLanguage\":\"fi\",\"@id\":\"https:\\\/\\\/www.citycharge.eu\\\/fi\\\/ensimmainen-eindhoveniin-ja-toinen-alankomaihin-lyhtypylvas-pistorasialla-sahkoautojen-lataamiseen\\\/#primaryimage\",\"url\":\"https:\\\/\\\/www.citycharge.eu\\\/wp-content\\\/uploads\\\/2023\\\/01\\\/Wethouder-Rik-Thijs.jpeg\",\"contentUrl\":\"https:\\\/\\\/www.citycharge.eu\\\/wp-content\\\/uploads\\\/2023\\\/01\\\/Wethouder-Rik-Thijs.jpeg\",\"width\":1350,\"height\":900},{\"@type\":\"BreadcrumbList\",\"@id\":\"https:\\\/\\\/www.citycharge.eu\\\/fi\\\/ensimmainen-eindhoveniin-ja-toinen-alankomaihin-lyhtypylvas-pistorasialla-sahkoautojen-lataamiseen\\\/#breadcrumb\",\"itemListElement\":[{\"@type\":\"ListItem\",\"position\":1,\"name\":\"Home\",\"item\":\"https:\\\/\\\/www.citycharge.eu\\\/fi\\\/\"},{\"@type\":\"ListItem\",\"position\":2,\"name\":\"Ensimm\u00e4inen Eindhoveniin (ja toinen Alankomaihin): lyhtypylv\u00e4s pistorasialla s\u00e4hk\u00f6autojen lataamiseen\"}]},{\"@type\":\"WebSite\",\"@id\":\"https:\\\/\\\/www.citycharge.eu\\\/fi\\\/#website\",\"url\":\"https:\\\/\\\/www.citycharge.eu\\\/fi\\\/\",\"name\":\"CityCharge\",\"description\":\"Nieuw licht op laden\",\"publisher\":{\"@id\":\"https:\\\/\\\/www.citycharge.eu\\\/fi\\\/#organization\"},\"potentialAction\":[{\"@type\":\"SearchAction\",\"target\":{\"@type\":\"EntryPoint\",\"urlTemplate\":\"https:\\\/\\\/www.citycharge.eu\\\/fi\\\/?s={search_term_string}\"},\"query-input\":{\"@type\":\"PropertyValueSpecification\",\"valueRequired\":true,\"valueName\":\"search_term_string\"}}],\"inLanguage\":\"fi\"},{\"@type\":\"Organization\",\"@id\":\"https:\\\/\\\/www.citycharge.eu\\\/fi\\\/#organization\",\"name\":\"CityCharge\",\"url\":\"https:\\\/\\\/www.citycharge.eu\\\/fi\\\/\",\"logo\":{\"@type\":\"ImageObject\",\"inLanguage\":\"fi\",\"@id\":\"https:\\\/\\\/www.citycharge.eu\\\/fi\\\/#\\\/schema\\\/logo\\\/image\\\/\",\"url\":\"https:\\\/\\\/www.citycharge.eu\\\/wp-content\\\/uploads\\\/2024\\\/07\\\/Citycharge_payofff_white.svg\",\"contentUrl\":\"https:\\\/\\\/www.citycharge.eu\\\/wp-content\\\/uploads\\\/2024\\\/07\\\/Citycharge_payofff_white.svg\",\"width\":1920,\"height\":530,\"caption\":\"CityCharge\"},\"image\":{\"@id\":\"https:\\\/\\\/www.citycharge.eu\\\/fi\\\/#\\\/schema\\\/logo\\\/image\\\/\"}},{\"@type\":\"Person\",\"@id\":\"https:\\\/\\\/www.citycharge.eu\\\/fi\\\/#\\\/schema\\\/person\\\/0a798ff10afa77f3d0c65789b5d62f17\",\"name\":\"admin\",\"image\":{\"@type\":\"ImageObject\",\"inLanguage\":\"fi\",\"@id\":\"https:\\\/\\\/secure.gravatar.com\\\/avatar\\\/b382f2b0baf85cf8d841621555daa4ae2420c7929b964e5ca4e287310b061056?s=96&d=mm&r=g\",\"url\":\"https:\\\/\\\/secure.gravatar.com\\\/avatar\\\/b382f2b0baf85cf8d841621555daa4ae2420c7929b964e5ca4e287310b061056?s=96&d=mm&r=g\",\"contentUrl\":\"https:\\\/\\\/secure.gravatar.com\\\/avatar\\\/b382f2b0baf85cf8d841621555daa4ae2420c7929b964e5ca4e287310b061056?s=96&d=mm&r=g\",\"caption\":\"admin\"},\"sameAs\":[\"http:\\\/\\\/www.citycharge.eu\"],\"url\":\"https:\\\/\\\/www.citycharge.eu\\\/fi\\\/author\\\/admin\\\/\"}]}<\/script>\n<!-- \/ Yoast SEO plugin. -->","yoast_head_json":{"title":"Ensimm\u00e4inen Eindhoveniin (ja toinen Alankomaihin): lyhtypylv\u00e4s pistorasialla s\u00e4hk\u00f6autojen lataamiseen - CityCharge","description":"Ensimm\u00e4inen Eindhoveniin (ja toinen Alankomaihin): lyhtypylv\u00e4s pistorasialla s\u00e4hk\u00f6autojen lataamiseen","robots":{"index":"index","follow":"follow","max-snippet":"max-snippet:-1","max-image-preview":"max-image-preview:large","max-video-preview":"max-video-preview:-1"},"canonical":"https:\/\/www.citycharge.eu\/fi\/ensimmainen-eindhoveniin-ja-toinen-alankomaihin-lyhtypylvas-pistorasialla-sahkoautojen-lataamiseen\/","og_locale":"fi_FI","og_type":"article","og_title":"Ensimm\u00e4inen Eindhoveniin (ja toinen Alankomaihin): lyhtypylv\u00e4s pistorasialla s\u00e4hk\u00f6autojen lataamiseen - CityCharge","og_description":"Ensimm\u00e4inen Eindhoveniin (ja toinen Alankomaihin): lyhtypylv\u00e4s pistorasialla s\u00e4hk\u00f6autojen lataamiseen","og_url":"https:\/\/www.citycharge.eu\/fi\/ensimmainen-eindhoveniin-ja-toinen-alankomaihin-lyhtypylvas-pistorasialla-sahkoautojen-lataamiseen\/","og_site_name":"CityCharge","article_published_time":"2023-01-03T08:26:36+00:00","og_image":[{"width":1350,"height":900,"url":"https:\/\/www.citycharge.eu\/wp-content\/uploads\/2023\/01\/Wethouder-Rik-Thijs.jpeg","type":"image\/jpeg"}],"author":"admin","twitter_card":"summary_large_image","twitter_misc":{"Kirjoittanut":"admin","Arvioitu lukuaika":"2 minuuttia"},"schema":{"@context":"https:\/\/schema.org","@graph":[{"@type":"Article","@id":"https:\/\/www.citycharge.eu\/fi\/ensimmainen-eindhoveniin-ja-toinen-alankomaihin-lyhtypylvas-pistorasialla-sahkoautojen-lataamiseen\/#article","isPartOf":{"@id":"https:\/\/www.citycharge.eu\/fi\/ensimmainen-eindhoveniin-ja-toinen-alankomaihin-lyhtypylvas-pistorasialla-sahkoautojen-lataamiseen\/"},"author":{"name":"admin","@id":"https:\/\/www.citycharge.eu\/fi\/#\/schema\/person\/0a798ff10afa77f3d0c65789b5d62f17"},"headline":"Ensimm\u00e4inen Eindhoveniin (ja toinen Alankomaihin): lyhtypylv\u00e4s pistorasialla s\u00e4hk\u00f6autojen lataamiseen","datePublished":"2023-01-03T08:26:36+00:00","mainEntityOfPage":{"@id":"https:\/\/www.citycharge.eu\/fi\/ensimmainen-eindhoveniin-ja-toinen-alankomaihin-lyhtypylvas-pistorasialla-sahkoautojen-lataamiseen\/"},"wordCount":391,"publisher":{"@id":"https:\/\/www.citycharge.eu\/fi\/#organization"},"image":{"@id":"https:\/\/www.citycharge.eu\/fi\/ensimmainen-eindhoveniin-ja-toinen-alankomaihin-lyhtypylvas-pistorasialla-sahkoautojen-lataamiseen\/#primaryimage"},"thumbnailUrl":"https:\/\/www.citycharge.eu\/wp-content\/uploads\/2023\/01\/Wethouder-Rik-Thijs.jpeg","articleSection":["Uutiset"],"inLanguage":"fi"},{"@type":"WebPage","@id":"https:\/\/www.citycharge.eu\/fi\/ensimmainen-eindhoveniin-ja-toinen-alankomaihin-lyhtypylvas-pistorasialla-sahkoautojen-lataamiseen\/","url":"https:\/\/www.citycharge.eu\/fi\/ensimmainen-eindhoveniin-ja-toinen-alankomaihin-lyhtypylvas-pistorasialla-sahkoautojen-lataamiseen\/","name":"Ensimm\u00e4inen Eindhoveniin (ja toinen Alankomaihin): lyhtypylv\u00e4s pistorasialla s\u00e4hk\u00f6autojen lataamiseen - CityCharge","isPartOf":{"@id":"https:\/\/www.citycharge.eu\/fi\/#website"},"primaryImageOfPage":{"@id":"https:\/\/www.citycharge.eu\/fi\/ensimmainen-eindhoveniin-ja-toinen-alankomaihin-lyhtypylvas-pistorasialla-sahkoautojen-lataamiseen\/#primaryimage"},"image":{"@id":"https:\/\/www.citycharge.eu\/fi\/ensimmainen-eindhoveniin-ja-toinen-alankomaihin-lyhtypylvas-pistorasialla-sahkoautojen-lataamiseen\/#primaryimage"},"thumbnailUrl":"https:\/\/www.citycharge.eu\/wp-content\/uploads\/2023\/01\/Wethouder-Rik-Thijs.jpeg","datePublished":"2023-01-03T08:26:36+00:00","description":"Ensimm\u00e4inen Eindhoveniin (ja toinen Alankomaihin): lyhtypylv\u00e4s pistorasialla s\u00e4hk\u00f6autojen lataamiseen","breadcrumb":{"@id":"https:\/\/www.citycharge.eu\/fi\/ensimmainen-eindhoveniin-ja-toinen-alankomaihin-lyhtypylvas-pistorasialla-sahkoautojen-lataamiseen\/#breadcrumb"},"inLanguage":"fi","potentialAction":[{"@type":"ReadAction","target":["https:\/\/www.citycharge.eu\/fi\/ensimmainen-eindhoveniin-ja-toinen-alankomaihin-lyhtypylvas-pistorasialla-sahkoautojen-lataamiseen\/"]}]},{"@type":"ImageObject","inLanguage":"fi","@id":"https:\/\/www.citycharge.eu\/fi\/ensimmainen-eindhoveniin-ja-toinen-alankomaihin-lyhtypylvas-pistorasialla-sahkoautojen-lataamiseen\/#primaryimage","url":"https:\/\/www.citycharge.eu\/wp-content\/uploads\/2023\/01\/Wethouder-Rik-Thijs.jpeg","contentUrl":"https:\/\/www.citycharge.eu\/wp-content\/uploads\/2023\/01\/Wethouder-Rik-Thijs.jpeg","width":1350,"height":900},{"@type":"BreadcrumbList","@id":"https:\/\/www.citycharge.eu\/fi\/ensimmainen-eindhoveniin-ja-toinen-alankomaihin-lyhtypylvas-pistorasialla-sahkoautojen-lataamiseen\/#breadcrumb","itemListElement":[{"@type":"ListItem","position":1,"name":"Home","item":"https:\/\/www.citycharge.eu\/fi\/"},{"@type":"ListItem","position":2,"name":"Ensimm\u00e4inen Eindhoveniin (ja toinen Alankomaihin): lyhtypylv\u00e4s pistorasialla s\u00e4hk\u00f6autojen lataamiseen"}]},{"@type":"WebSite","@id":"https:\/\/www.citycharge.eu\/fi\/#website","url":"https:\/\/www.citycharge.eu\/fi\/","name":"CityCharge","description":"Nieuw licht op laden","publisher":{"@id":"https:\/\/www.citycharge.eu\/fi\/#organization"},"potentialAction":[{"@type":"SearchAction","target":{"@type":"EntryPoint","urlTemplate":"https:\/\/www.citycharge.eu\/fi\/?s={search_term_string}"},"query-input":{"@type":"PropertyValueSpecification","valueRequired":true,"valueName":"search_term_string"}}],"inLanguage":"fi"},{"@type":"Organization","@id":"https:\/\/www.citycharge.eu\/fi\/#organization","name":"CityCharge","url":"https:\/\/www.citycharge.eu\/fi\/","logo":{"@type":"ImageObject","inLanguage":"fi","@id":"https:\/\/www.citycharge.eu\/fi\/#\/schema\/logo\/image\/","url":"https:\/\/www.citycharge.eu\/wp-content\/uploads\/2024\/07\/Citycharge_payofff_white.svg","contentUrl":"https:\/\/www.citycharge.eu\/wp-content\/uploads\/2024\/07\/Citycharge_payofff_white.svg","width":1920,"height":530,"caption":"CityCharge"},"image":{"@id":"https:\/\/www.citycharge.eu\/fi\/#\/schema\/logo\/image\/"}},{"@type":"Person","@id":"https:\/\/www.citycharge.eu\/fi\/#\/schema\/person\/0a798ff10afa77f3d0c65789b5d62f17","name":"admin","image":{"@type":"ImageObject","inLanguage":"fi","@id":"https:\/\/secure.gravatar.com\/avatar\/b382f2b0baf85cf8d841621555daa4ae2420c7929b964e5ca4e287310b061056?s=96&d=mm&r=g","url":"https:\/\/secure.gravatar.com\/avatar\/b382f2b0baf85cf8d841621555daa4ae2420c7929b964e5ca4e287310b061056?s=96&d=mm&r=g","contentUrl":"https:\/\/secure.gravatar.com\/avatar\/b382f2b0baf85cf8d841621555daa4ae2420c7929b964e5ca4e287310b061056?s=96&d=mm&r=g","caption":"admin"},"sameAs":["http:\/\/www.citycharge.eu"],"url":"https:\/\/www.citycharge.eu\/fi\/author\/admin\/"}]}},"_links":{"self":[{"href":"https:\/\/www.citycharge.eu\/fi\/wp-json\/wp\/v2\/posts\/9346","targetHints":{"allow":["GET"]}}],"collection":[{"href":"https:\/\/www.citycharge.eu\/fi\/wp-json\/wp\/v2\/posts"}],"about":[{"href":"https:\/\/www.citycharge.eu\/fi\/wp-json\/wp\/v2\/types\/post"}],"author":[{"embeddable":true,"href":"https:\/\/www.citycharge.eu\/fi\/wp-json\/wp\/v2\/users\/1"}],"replies":[{"embeddable":true,"href":"https:\/\/www.citycharge.eu\/fi\/wp-json\/wp\/v2\/comments?post=9346"}],"version-history":[{"count":0,"href":"https:\/\/www.citycharge.eu\/fi\/wp-json\/wp\/v2\/posts\/9346\/revisions"}],"wp:featuredmedia":[{"embeddable":true,"href":"https:\/\/www.citycharge.eu\/fi\/wp-json\/wp\/v2\/media\/8332"}],"wp:attachment":[{"href":"https:\/\/www.citycharge.eu\/fi\/wp-json\/wp\/v2\/media?parent=9346"}],"wp:term":[{"taxonomy":"category","embeddable":true,"href":"https:\/\/www.citycharge.eu\/fi\/wp-json\/wp\/v2\/categories?post=9346"},{"taxonomy":"post_tag","embeddable":true,"href":"https:\/\/www.citycharge.eu\/fi\/wp-json\/wp\/v2\/tags?post=9346"}],"curies":[{"name":"wp","href":"https:\/\/api.w.org\/{rel}","templated":true}]}}