{"id":9359,"date":"2023-01-03T07:58:01","date_gmt":"2023-01-03T07:58:01","guid":{"rendered":"https:\/\/www.citycharge.eu\/auton-lataaminen-lyhtypylvaasta-on-pian-mahdollista-zaltbommelissa-brakel-saa-katupistokkeet\/"},"modified":"2023-01-03T07:58:01","modified_gmt":"2023-01-03T07:58:01","slug":"auton-lataaminen-lyhtypylvaasta-on-pian-mahdollista-zaltbommelissa-brakel-saa-katupistokkeet","status":"publish","type":"post","link":"https:\/\/www.citycharge.eu\/fi\/auton-lataaminen-lyhtypylvaasta-on-pian-mahdollista-zaltbommelissa-brakel-saa-katupistokkeet\/","title":{"rendered":"Auton lataaminen lyhtypylv\u00e4\u00e4st\u00e4 on pian mahdollista Zaltbommelissa, Brakel saa katupistokkeet"},"content":{"rendered":"<p>Auton lataaminen lyhtypylv\u00e4\u00e4st\u00e4 on pian mahdollista Zaltbommelissa, Brakel saa katupistokkeet.<\/p>\n<p><img fetchpriority=\"high\" decoding=\"async\" class=\"alignnone wp-image-5759 size-full\" src=\"http:\/\/www.citycharge.eu\/wp-content\/uploads\/2023\/01\/Schermafbeelding-2023-01-02-om-17.12.52.jpeg\" alt=\"\" width=\"296\" height=\"640\" srcset=\"https:\/\/www.citycharge.eu\/wp-content\/uploads\/2023\/01\/Schermafbeelding-2023-01-02-om-17.12.52.jpeg 296w, https:\/\/www.citycharge.eu\/wp-content\/uploads\/2023\/01\/Schermafbeelding-2023-01-02-om-17.12.52-139x300.jpeg 139w\" sizes=\"(max-width: 296px) 100vw, 296px\" \/><\/p>\n<p> Lue koko artikkeli <a href=\"https:\/\/www.bd.nl\/bommelerwaard\/auto-opladen-aan-lantaarnpaal-kan-straks-in-zaltbommel-brakel-krijgt-straatpluggen~a06ff674\/#:~:text=ZALTBOMMEL%20%E2%80%93%20Opladen%20aan%20lantaarnpalen%20en,openbare%20parkeerplaats%20mogelijk%20te%20maken.\" target=\"_blank\" rel=\"noopener\">t\u00e4\u00e4lt\u00e4<\/a> (premium).<\/p>\n<p><img decoding=\"async\" class=\"alignnone wp-image-5771 size-full\" src=\"http:\/\/www.citycharge.eu\/wp-content\/uploads\/2023\/01\/PHOTO-2022-12-07-07-19-06.jpeg\" alt=\"\" width=\"480\" height=\"640\" srcset=\"https:\/\/www.citycharge.eu\/wp-content\/uploads\/2023\/01\/PHOTO-2022-12-07-07-19-06.jpeg 480w, https:\/\/www.citycharge.eu\/wp-content\/uploads\/2023\/01\/PHOTO-2022-12-07-07-19-06-225x300.jpeg 225w\" sizes=\"(max-width: 480px) 100vw, 480px\" \/><\/p>\n","protected":false},"excerpt":{"rendered":"<p>Auton lataaminen lyhtypylv\u00e4\u00e4st\u00e4 on pian mahdollista Zaltbommelissa, Brakel saa katupistokkeet. Lue koko artikkeli t\u00e4\u00e4lt\u00e4 (premium).<\/p>\n","protected":false},"author":1,"featured_media":8871,"comment_status":"closed","ping_status":"closed","sticky":false,"template":"","format":"standard","meta":{"_acf_changed":false,"footnotes":""},"categories":[57],"tags":[],"class_list":["post-9359","post","type-post","status-publish","format-standard","has-post-thumbnail","hentry","category-uutiset"],"acf":[],"yoast_head":"<!-- This site is optimized with the Yoast SEO plugin v27.4 - https:\/\/yoast.com\/product\/yoast-seo-wordpress\/ -->\n<title>Auton lataaminen lyhtypylv\u00e4\u00e4st\u00e4 on pian mahdollista Zaltbommelissa, Brakel saa katupistokkeet - CityCharge<\/title>\n<meta name=\"description\" content=\"Auton lataaminen lyhtypylv\u00e4\u00e4st\u00e4 on pian mahdollista Zaltbommelissa, Brakel saa katupistokkeet.\" \/>\n<meta name=\"robots\" content=\"index, follow, max-snippet:-1, max-image-preview:large, max-video-preview:-1\" \/>\n<link rel=\"canonical\" href=\"https:\/\/www.citycharge.eu\/fi\/auton-lataaminen-lyhtypylvaasta-on-pian-mahdollista-zaltbommelissa-brakel-saa-katupistokkeet\/\" \/>\n<meta property=\"og:locale\" content=\"fi_FI\" \/>\n<meta property=\"og:type\" content=\"article\" \/>\n<meta property=\"og:title\" content=\"Auton lataaminen lyhtypylv\u00e4\u00e4st\u00e4 on pian mahdollista Zaltbommelissa, Brakel saa katupistokkeet - CityCharge\" \/>\n<meta property=\"og:description\" content=\"Auton lataaminen lyhtypylv\u00e4\u00e4st\u00e4 on pian mahdollista Zaltbommelissa, Brakel saa katupistokkeet.\" \/>\n<meta property=\"og:url\" content=\"https:\/\/www.citycharge.eu\/fi\/auton-lataaminen-lyhtypylvaasta-on-pian-mahdollista-zaltbommelissa-brakel-saa-katupistokkeet\/\" \/>\n<meta property=\"og:site_name\" content=\"CityCharge\" \/>\n<meta property=\"article:published_time\" content=\"2023-01-03T07:58:01+00:00\" \/>\n<meta property=\"og:image\" content=\"https:\/\/www.citycharge.eu\/wp-content\/uploads\/2023\/01\/zaltbommel-city-charge.jpg\" \/>\n\t<meta property=\"og:image:width\" content=\"415\" \/>\n\t<meta property=\"og:image:height\" content=\"284\" \/>\n\t<meta property=\"og:image:type\" content=\"image\/jpeg\" \/>\n<meta name=\"author\" content=\"admin\" \/>\n<meta name=\"twitter:card\" content=\"summary_large_image\" \/>\n<meta name=\"twitter:label1\" content=\"Kirjoittanut\" \/>\n\t<meta name=\"twitter:data1\" content=\"admin\" \/>\n<script type=\"application\/ld+json\" class=\"yoast-schema-graph\">{\"@context\":\"https:\\\/\\\/schema.org\",\"@graph\":[{\"@type\":\"Article\",\"@id\":\"https:\\\/\\\/www.citycharge.eu\\\/fi\\\/auton-lataaminen-lyhtypylvaasta-on-pian-mahdollista-zaltbommelissa-brakel-saa-katupistokkeet\\\/#article\",\"isPartOf\":{\"@id\":\"https:\\\/\\\/www.citycharge.eu\\\/fi\\\/auton-lataaminen-lyhtypylvaasta-on-pian-mahdollista-zaltbommelissa-brakel-saa-katupistokkeet\\\/\"},\"author\":{\"name\":\"admin\",\"@id\":\"https:\\\/\\\/www.citycharge.eu\\\/fi\\\/#\\\/schema\\\/person\\\/0a798ff10afa77f3d0c65789b5d62f17\"},\"headline\":\"Auton lataaminen lyhtypylv\u00e4\u00e4st\u00e4 on pian mahdollista Zaltbommelissa, Brakel saa katupistokkeet\",\"datePublished\":\"2023-01-03T07:58:01+00:00\",\"mainEntityOfPage\":{\"@id\":\"https:\\\/\\\/www.citycharge.eu\\\/fi\\\/auton-lataaminen-lyhtypylvaasta-on-pian-mahdollista-zaltbommelissa-brakel-saa-katupistokkeet\\\/\"},\"wordCount\":28,\"publisher\":{\"@id\":\"https:\\\/\\\/www.citycharge.eu\\\/fi\\\/#organization\"},\"image\":{\"@id\":\"https:\\\/\\\/www.citycharge.eu\\\/fi\\\/auton-lataaminen-lyhtypylvaasta-on-pian-mahdollista-zaltbommelissa-brakel-saa-katupistokkeet\\\/#primaryimage\"},\"thumbnailUrl\":\"https:\\\/\\\/www.citycharge.eu\\\/wp-content\\\/uploads\\\/2023\\\/01\\\/zaltbommel-city-charge.jpg\",\"articleSection\":[\"Uutiset\"],\"inLanguage\":\"fi\"},{\"@type\":\"WebPage\",\"@id\":\"https:\\\/\\\/www.citycharge.eu\\\/fi\\\/auton-lataaminen-lyhtypylvaasta-on-pian-mahdollista-zaltbommelissa-brakel-saa-katupistokkeet\\\/\",\"url\":\"https:\\\/\\\/www.citycharge.eu\\\/fi\\\/auton-lataaminen-lyhtypylvaasta-on-pian-mahdollista-zaltbommelissa-brakel-saa-katupistokkeet\\\/\",\"name\":\"Auton lataaminen lyhtypylv\u00e4\u00e4st\u00e4 on pian mahdollista Zaltbommelissa, Brakel saa katupistokkeet - CityCharge\",\"isPartOf\":{\"@id\":\"https:\\\/\\\/www.citycharge.eu\\\/fi\\\/#website\"},\"primaryImageOfPage\":{\"@id\":\"https:\\\/\\\/www.citycharge.eu\\\/fi\\\/auton-lataaminen-lyhtypylvaasta-on-pian-mahdollista-zaltbommelissa-brakel-saa-katupistokkeet\\\/#primaryimage\"},\"image\":{\"@id\":\"https:\\\/\\\/www.citycharge.eu\\\/fi\\\/auton-lataaminen-lyhtypylvaasta-on-pian-mahdollista-zaltbommelissa-brakel-saa-katupistokkeet\\\/#primaryimage\"},\"thumbnailUrl\":\"https:\\\/\\\/www.citycharge.eu\\\/wp-content\\\/uploads\\\/2023\\\/01\\\/zaltbommel-city-charge.jpg\",\"datePublished\":\"2023-01-03T07:58:01+00:00\",\"description\":\"Auton lataaminen lyhtypylv\u00e4\u00e4st\u00e4 on pian mahdollista Zaltbommelissa, Brakel saa katupistokkeet.\",\"breadcrumb\":{\"@id\":\"https:\\\/\\\/www.citycharge.eu\\\/fi\\\/auton-lataaminen-lyhtypylvaasta-on-pian-mahdollista-zaltbommelissa-brakel-saa-katupistokkeet\\\/#breadcrumb\"},\"inLanguage\":\"fi\",\"potentialAction\":[{\"@type\":\"ReadAction\",\"target\":[\"https:\\\/\\\/www.citycharge.eu\\\/fi\\\/auton-lataaminen-lyhtypylvaasta-on-pian-mahdollista-zaltbommelissa-brakel-saa-katupistokkeet\\\/\"]}]},{\"@type\":\"ImageObject\",\"inLanguage\":\"fi\",\"@id\":\"https:\\\/\\\/www.citycharge.eu\\\/fi\\\/auton-lataaminen-lyhtypylvaasta-on-pian-mahdollista-zaltbommelissa-brakel-saa-katupistokkeet\\\/#primaryimage\",\"url\":\"https:\\\/\\\/www.citycharge.eu\\\/wp-content\\\/uploads\\\/2023\\\/01\\\/zaltbommel-city-charge.jpg\",\"contentUrl\":\"https:\\\/\\\/www.citycharge.eu\\\/wp-content\\\/uploads\\\/2023\\\/01\\\/zaltbommel-city-charge.jpg\",\"width\":415,\"height\":284},{\"@type\":\"BreadcrumbList\",\"@id\":\"https:\\\/\\\/www.citycharge.eu\\\/fi\\\/auton-lataaminen-lyhtypylvaasta-on-pian-mahdollista-zaltbommelissa-brakel-saa-katupistokkeet\\\/#breadcrumb\",\"itemListElement\":[{\"@type\":\"ListItem\",\"position\":1,\"name\":\"Home\",\"item\":\"https:\\\/\\\/www.citycharge.eu\\\/fi\\\/\"},{\"@type\":\"ListItem\",\"position\":2,\"name\":\"Auton lataaminen lyhtypylv\u00e4\u00e4st\u00e4 on pian mahdollista Zaltbommelissa, Brakel saa katupistokkeet\"}]},{\"@type\":\"WebSite\",\"@id\":\"https:\\\/\\\/www.citycharge.eu\\\/fi\\\/#website\",\"url\":\"https:\\\/\\\/www.citycharge.eu\\\/fi\\\/\",\"name\":\"CityCharge\",\"description\":\"Nieuw licht op laden\",\"publisher\":{\"@id\":\"https:\\\/\\\/www.citycharge.eu\\\/fi\\\/#organization\"},\"potentialAction\":[{\"@type\":\"SearchAction\",\"target\":{\"@type\":\"EntryPoint\",\"urlTemplate\":\"https:\\\/\\\/www.citycharge.eu\\\/fi\\\/?s={search_term_string}\"},\"query-input\":{\"@type\":\"PropertyValueSpecification\",\"valueRequired\":true,\"valueName\":\"search_term_string\"}}],\"inLanguage\":\"fi\"},{\"@type\":\"Organization\",\"@id\":\"https:\\\/\\\/www.citycharge.eu\\\/fi\\\/#organization\",\"name\":\"CityCharge\",\"url\":\"https:\\\/\\\/www.citycharge.eu\\\/fi\\\/\",\"logo\":{\"@type\":\"ImageObject\",\"inLanguage\":\"fi\",\"@id\":\"https:\\\/\\\/www.citycharge.eu\\\/fi\\\/#\\\/schema\\\/logo\\\/image\\\/\",\"url\":\"https:\\\/\\\/www.citycharge.eu\\\/wp-content\\\/uploads\\\/2024\\\/07\\\/Citycharge_payofff_white.svg\",\"contentUrl\":\"https:\\\/\\\/www.citycharge.eu\\\/wp-content\\\/uploads\\\/2024\\\/07\\\/Citycharge_payofff_white.svg\",\"width\":1920,\"height\":530,\"caption\":\"CityCharge\"},\"image\":{\"@id\":\"https:\\\/\\\/www.citycharge.eu\\\/fi\\\/#\\\/schema\\\/logo\\\/image\\\/\"}},{\"@type\":\"Person\",\"@id\":\"https:\\\/\\\/www.citycharge.eu\\\/fi\\\/#\\\/schema\\\/person\\\/0a798ff10afa77f3d0c65789b5d62f17\",\"name\":\"admin\",\"image\":{\"@type\":\"ImageObject\",\"inLanguage\":\"fi\",\"@id\":\"https:\\\/\\\/secure.gravatar.com\\\/avatar\\\/b382f2b0baf85cf8d841621555daa4ae2420c7929b964e5ca4e287310b061056?s=96&d=mm&r=g\",\"url\":\"https:\\\/\\\/secure.gravatar.com\\\/avatar\\\/b382f2b0baf85cf8d841621555daa4ae2420c7929b964e5ca4e287310b061056?s=96&d=mm&r=g\",\"contentUrl\":\"https:\\\/\\\/secure.gravatar.com\\\/avatar\\\/b382f2b0baf85cf8d841621555daa4ae2420c7929b964e5ca4e287310b061056?s=96&d=mm&r=g\",\"caption\":\"admin\"},\"sameAs\":[\"http:\\\/\\\/www.citycharge.eu\"],\"url\":\"https:\\\/\\\/www.citycharge.eu\\\/fi\\\/author\\\/admin\\\/\"}]}<\/script>\n<!-- \/ Yoast SEO plugin. -->","yoast_head_json":{"title":"Auton lataaminen lyhtypylv\u00e4\u00e4st\u00e4 on pian mahdollista Zaltbommelissa, Brakel saa katupistokkeet - CityCharge","description":"Auton lataaminen lyhtypylv\u00e4\u00e4st\u00e4 on pian mahdollista Zaltbommelissa, Brakel saa katupistokkeet.","robots":{"index":"index","follow":"follow","max-snippet":"max-snippet:-1","max-image-preview":"max-image-preview:large","max-video-preview":"max-video-preview:-1"},"canonical":"https:\/\/www.citycharge.eu\/fi\/auton-lataaminen-lyhtypylvaasta-on-pian-mahdollista-zaltbommelissa-brakel-saa-katupistokkeet\/","og_locale":"fi_FI","og_type":"article","og_title":"Auton lataaminen lyhtypylv\u00e4\u00e4st\u00e4 on pian mahdollista Zaltbommelissa, Brakel saa katupistokkeet - CityCharge","og_description":"Auton lataaminen lyhtypylv\u00e4\u00e4st\u00e4 on pian mahdollista Zaltbommelissa, Brakel saa katupistokkeet.","og_url":"https:\/\/www.citycharge.eu\/fi\/auton-lataaminen-lyhtypylvaasta-on-pian-mahdollista-zaltbommelissa-brakel-saa-katupistokkeet\/","og_site_name":"CityCharge","article_published_time":"2023-01-03T07:58:01+00:00","og_image":[{"width":415,"height":284,"url":"https:\/\/www.citycharge.eu\/wp-content\/uploads\/2023\/01\/zaltbommel-city-charge.jpg","type":"image\/jpeg"}],"author":"admin","twitter_card":"summary_large_image","twitter_misc":{"Kirjoittanut":"admin"},"schema":{"@context":"https:\/\/schema.org","@graph":[{"@type":"Article","@id":"https:\/\/www.citycharge.eu\/fi\/auton-lataaminen-lyhtypylvaasta-on-pian-mahdollista-zaltbommelissa-brakel-saa-katupistokkeet\/#article","isPartOf":{"@id":"https:\/\/www.citycharge.eu\/fi\/auton-lataaminen-lyhtypylvaasta-on-pian-mahdollista-zaltbommelissa-brakel-saa-katupistokkeet\/"},"author":{"name":"admin","@id":"https:\/\/www.citycharge.eu\/fi\/#\/schema\/person\/0a798ff10afa77f3d0c65789b5d62f17"},"headline":"Auton lataaminen lyhtypylv\u00e4\u00e4st\u00e4 on pian mahdollista Zaltbommelissa, Brakel saa katupistokkeet","datePublished":"2023-01-03T07:58:01+00:00","mainEntityOfPage":{"@id":"https:\/\/www.citycharge.eu\/fi\/auton-lataaminen-lyhtypylvaasta-on-pian-mahdollista-zaltbommelissa-brakel-saa-katupistokkeet\/"},"wordCount":28,"publisher":{"@id":"https:\/\/www.citycharge.eu\/fi\/#organization"},"image":{"@id":"https:\/\/www.citycharge.eu\/fi\/auton-lataaminen-lyhtypylvaasta-on-pian-mahdollista-zaltbommelissa-brakel-saa-katupistokkeet\/#primaryimage"},"thumbnailUrl":"https:\/\/www.citycharge.eu\/wp-content\/uploads\/2023\/01\/zaltbommel-city-charge.jpg","articleSection":["Uutiset"],"inLanguage":"fi"},{"@type":"WebPage","@id":"https:\/\/www.citycharge.eu\/fi\/auton-lataaminen-lyhtypylvaasta-on-pian-mahdollista-zaltbommelissa-brakel-saa-katupistokkeet\/","url":"https:\/\/www.citycharge.eu\/fi\/auton-lataaminen-lyhtypylvaasta-on-pian-mahdollista-zaltbommelissa-brakel-saa-katupistokkeet\/","name":"Auton lataaminen lyhtypylv\u00e4\u00e4st\u00e4 on pian mahdollista Zaltbommelissa, Brakel saa katupistokkeet - CityCharge","isPartOf":{"@id":"https:\/\/www.citycharge.eu\/fi\/#website"},"primaryImageOfPage":{"@id":"https:\/\/www.citycharge.eu\/fi\/auton-lataaminen-lyhtypylvaasta-on-pian-mahdollista-zaltbommelissa-brakel-saa-katupistokkeet\/#primaryimage"},"image":{"@id":"https:\/\/www.citycharge.eu\/fi\/auton-lataaminen-lyhtypylvaasta-on-pian-mahdollista-zaltbommelissa-brakel-saa-katupistokkeet\/#primaryimage"},"thumbnailUrl":"https:\/\/www.citycharge.eu\/wp-content\/uploads\/2023\/01\/zaltbommel-city-charge.jpg","datePublished":"2023-01-03T07:58:01+00:00","description":"Auton lataaminen lyhtypylv\u00e4\u00e4st\u00e4 on pian mahdollista Zaltbommelissa, Brakel saa katupistokkeet.","breadcrumb":{"@id":"https:\/\/www.citycharge.eu\/fi\/auton-lataaminen-lyhtypylvaasta-on-pian-mahdollista-zaltbommelissa-brakel-saa-katupistokkeet\/#breadcrumb"},"inLanguage":"fi","potentialAction":[{"@type":"ReadAction","target":["https:\/\/www.citycharge.eu\/fi\/auton-lataaminen-lyhtypylvaasta-on-pian-mahdollista-zaltbommelissa-brakel-saa-katupistokkeet\/"]}]},{"@type":"ImageObject","inLanguage":"fi","@id":"https:\/\/www.citycharge.eu\/fi\/auton-lataaminen-lyhtypylvaasta-on-pian-mahdollista-zaltbommelissa-brakel-saa-katupistokkeet\/#primaryimage","url":"https:\/\/www.citycharge.eu\/wp-content\/uploads\/2023\/01\/zaltbommel-city-charge.jpg","contentUrl":"https:\/\/www.citycharge.eu\/wp-content\/uploads\/2023\/01\/zaltbommel-city-charge.jpg","width":415,"height":284},{"@type":"BreadcrumbList","@id":"https:\/\/www.citycharge.eu\/fi\/auton-lataaminen-lyhtypylvaasta-on-pian-mahdollista-zaltbommelissa-brakel-saa-katupistokkeet\/#breadcrumb","itemListElement":[{"@type":"ListItem","position":1,"name":"Home","item":"https:\/\/www.citycharge.eu\/fi\/"},{"@type":"ListItem","position":2,"name":"Auton lataaminen lyhtypylv\u00e4\u00e4st\u00e4 on pian mahdollista Zaltbommelissa, Brakel saa katupistokkeet"}]},{"@type":"WebSite","@id":"https:\/\/www.citycharge.eu\/fi\/#website","url":"https:\/\/www.citycharge.eu\/fi\/","name":"CityCharge","description":"Nieuw licht op laden","publisher":{"@id":"https:\/\/www.citycharge.eu\/fi\/#organization"},"potentialAction":[{"@type":"SearchAction","target":{"@type":"EntryPoint","urlTemplate":"https:\/\/www.citycharge.eu\/fi\/?s={search_term_string}"},"query-input":{"@type":"PropertyValueSpecification","valueRequired":true,"valueName":"search_term_string"}}],"inLanguage":"fi"},{"@type":"Organization","@id":"https:\/\/www.citycharge.eu\/fi\/#organization","name":"CityCharge","url":"https:\/\/www.citycharge.eu\/fi\/","logo":{"@type":"ImageObject","inLanguage":"fi","@id":"https:\/\/www.citycharge.eu\/fi\/#\/schema\/logo\/image\/","url":"https:\/\/www.citycharge.eu\/wp-content\/uploads\/2024\/07\/Citycharge_payofff_white.svg","contentUrl":"https:\/\/www.citycharge.eu\/wp-content\/uploads\/2024\/07\/Citycharge_payofff_white.svg","width":1920,"height":530,"caption":"CityCharge"},"image":{"@id":"https:\/\/www.citycharge.eu\/fi\/#\/schema\/logo\/image\/"}},{"@type":"Person","@id":"https:\/\/www.citycharge.eu\/fi\/#\/schema\/person\/0a798ff10afa77f3d0c65789b5d62f17","name":"admin","image":{"@type":"ImageObject","inLanguage":"fi","@id":"https:\/\/secure.gravatar.com\/avatar\/b382f2b0baf85cf8d841621555daa4ae2420c7929b964e5ca4e287310b061056?s=96&d=mm&r=g","url":"https:\/\/secure.gravatar.com\/avatar\/b382f2b0baf85cf8d841621555daa4ae2420c7929b964e5ca4e287310b061056?s=96&d=mm&r=g","contentUrl":"https:\/\/secure.gravatar.com\/avatar\/b382f2b0baf85cf8d841621555daa4ae2420c7929b964e5ca4e287310b061056?s=96&d=mm&r=g","caption":"admin"},"sameAs":["http:\/\/www.citycharge.eu"],"url":"https:\/\/www.citycharge.eu\/fi\/author\/admin\/"}]}},"_links":{"self":[{"href":"https:\/\/www.citycharge.eu\/fi\/wp-json\/wp\/v2\/posts\/9359","targetHints":{"allow":["GET"]}}],"collection":[{"href":"https:\/\/www.citycharge.eu\/fi\/wp-json\/wp\/v2\/posts"}],"about":[{"href":"https:\/\/www.citycharge.eu\/fi\/wp-json\/wp\/v2\/types\/post"}],"author":[{"embeddable":true,"href":"https:\/\/www.citycharge.eu\/fi\/wp-json\/wp\/v2\/users\/1"}],"replies":[{"embeddable":true,"href":"https:\/\/www.citycharge.eu\/fi\/wp-json\/wp\/v2\/comments?post=9359"}],"version-history":[{"count":0,"href":"https:\/\/www.citycharge.eu\/fi\/wp-json\/wp\/v2\/posts\/9359\/revisions"}],"wp:featuredmedia":[{"embeddable":true,"href":"https:\/\/www.citycharge.eu\/fi\/wp-json\/wp\/v2\/media\/8871"}],"wp:attachment":[{"href":"https:\/\/www.citycharge.eu\/fi\/wp-json\/wp\/v2\/media?parent=9359"}],"wp:term":[{"taxonomy":"category","embeddable":true,"href":"https:\/\/www.citycharge.eu\/fi\/wp-json\/wp\/v2\/categories?post=9359"},{"taxonomy":"post_tag","embeddable":true,"href":"https:\/\/www.citycharge.eu\/fi\/wp-json\/wp\/v2\/tags?post=9359"}],"curies":[{"name":"wp","href":"https:\/\/api.w.org\/{rel}","templated":true}]}}