{"id":9395,"date":"2022-07-28T14:04:05","date_gmt":"2022-07-28T14:04:05","guid":{"rendered":"https:\/\/www.citycharge.eu\/alykas-valopylvas-on-nyt-tosiasia-myos-renkumissa\/"},"modified":"2022-07-28T14:04:05","modified_gmt":"2022-07-28T14:04:05","slug":"alykas-valopylvas-on-nyt-tosiasia-myos-renkumissa","status":"publish","type":"post","link":"https:\/\/www.citycharge.eu\/fi\/alykas-valopylvas-on-nyt-tosiasia-myos-renkumissa\/","title":{"rendered":"\u00c4lyk\u00e4s valopylv\u00e4s on nyt tosiasia my\u00f6s Renkumissa"},"content":{"rendered":"<div class=\"halfpage-ad-nodepage sticky-container\" data-sticky-container=\"\">\n<div class=\"sticky is-anchored is-at-top\" data-sticky=\"\" data-anchor=\"sticky-parent\" data-margin-top=\"7\" data-resize=\"i78ge7-sticky\" data-mutate=\"i78ge7-sticky\" data-i=\"536yve-i\" data-events=\"resize\">\n<div id=\"dfp-halfpage1\" data-google-query-id=\"CMuj1JP6-PECFZC43godwRcBbA\">\n<div id=\"google_ads_iframe_\/21730500021\/rtl-nieuws\/web\/detail_4__container__\">\n<p><strong><img fetchpriority=\"high\" decoding=\"async\" class=\" wp-image-5550 alignright\" src=\"http:\/\/www.citycharge.eu\/wp-content\/uploads\/2022\/07\/slimme-laadtaarn-renkum-169x300.jpg\" alt=\"\" width=\"202\" height=\"358\">Renkumiin asennetaan kaksitoista erityist\u00e4 lyhtypylv\u00e4\u00e4. Ja ne ovat varmasti erikoisia: ne ovat ainoat todelliset monitoimiset valopylv\u00e4\u00e4t, joissa on CityChargen s\u00e4hk\u00f6autojen latauspiste! Valon lis\u00e4ksi lyhdyt toimivat my\u00f6s s\u00e4hk\u00f6autojen latauspistein\u00e4. Jatkossa ne voivat jopa mitata ilmanlaatua ja s\u00e4\u00e4dell\u00e4 liikennevirtoja. Ty\u00f6skentelemme yhdess\u00e4 kantaverkko-operaattori Lianderin kanssa pilottia, jossa testaamme kahta kokoonpanoa: useita yhden verkkoliit\u00e4nn\u00e4n taakse kytkettyj\u00e4 valopylv\u00e4it\u00e4 ja latausvalopylv\u00e4it\u00e4, joille olemme tehneet integroidun liit\u00e4nn\u00e4n ja mittarin s\u00e4hk\u00f6verkkoon.      <\/strong><\/p>\n<p>Valaisimen ja latausaseman yhdistelm\u00e4 ei ole uusi. Toteutus sen sijaan tekee. Kun valopylv\u00e4iden l\u00e4hell\u00e4 oli aiemmin laatikko, jossa oli joitain teknisi\u00e4 komponentteja, nyt on kehitetty integroitu liit\u00e4nt\u00e4 ja mittari, joka sopii t\u00e4sm\u00e4lleen valaisinpylv\u00e4\u00e4seen. Koska liitos on n\u00e4kym\u00e4tt\u00f6m\u00e4sti piilossa pylv\u00e4\u00e4ss\u00e4, lis\u00e4tilaa ei tarvita maan alla tai maan p\u00e4\u00e4ll\u00e4. T\u00e4m\u00e4 est\u00e4\u00e4 julkisen tilan sotkeutumisen ja siihen pyrimme. T\u00e4m\u00e4n Renkumin pilotin avulla teemme tutkimusta useiden toimintojen yhdist\u00e4misest\u00e4 samaan kohteeseen kahdella eri kokoonpanolla. Hy\u00f6dynt\u00e4m\u00e4ll\u00e4 \u00e4lykk\u00e4\u00e4sti valopylv\u00e4\u00e4seen integroitua latausasemaa voimme suorittaa ty\u00f6mme tehokkaammin. T\u00e4ll\u00e4 tavalla tarvitaan vain yksi yhteys s\u00e4hk\u00f6verkkoon. T\u00e4m\u00e4 tarkoittaa v\u00e4hemm\u00e4n ty\u00f6t\u00e4 teknikolle, v\u00e4hemm\u00e4n materiaalien k\u00e4ytt\u00f6\u00e4 ja v\u00e4hemm\u00e4n tilaa. Hienoa kehityst\u00e4 meid\u00e4n kannaltamme!    <\/p>\n<p><img decoding=\"async\" class=\"alignnone wp-image-6603 size-full\" src=\"http:\/\/www.citycharge.eu\/wp-content\/uploads\/2022\/07\/2ccd4910-f6b2-40e9-85f7-c86e2df436dc.jpeg\" alt=\"\" width=\"296\" height=\"640\" srcset=\"https:\/\/www.citycharge.eu\/wp-content\/uploads\/2022\/07\/2ccd4910-f6b2-40e9-85f7-c86e2df436dc.jpeg 296w, https:\/\/www.citycharge.eu\/wp-content\/uploads\/2022\/07\/2ccd4910-f6b2-40e9-85f7-c86e2df436dc-139x300.jpeg 139w\" sizes=\"(max-width: 296px) 100vw, 296px\" \/><\/p>\n<\/div>\n<p>Lue koko artikkeli <a href=\"https:\/\/www.rijnenveluwe.nl\/lokaal\/overig\/838579\/renkum-heeft-nederlandse-primeur-met-laadlantaarnpaal#:~:text=Gemeente%20Renkum%20heeft%20de%20afgelopen,omdat%20ze%20meerdere%20functies%20hebben.\" target=\"_blank\" rel=\"noopener\">t\u00e4\u00e4lt\u00e4<\/a> .<\/p>\n<\/div>\n<\/div>\n<\/div>\n","protected":false},"excerpt":{"rendered":"<p>Renkumiin asennetaan kaksitoista erityist\u00e4 lyhtypylv\u00e4\u00e4. Ja ne ovat varmasti erikoisia: ne ovat ainoat todelliset monitoimiset valopylv\u00e4\u00e4t, joissa on CityChargen s\u00e4hk\u00f6autojen latauspiste! Valon lis\u00e4ksi lyhdyt toimivat my\u00f6s s\u00e4hk\u00f6autojen latauspistein\u00e4. Jatkossa ne voivat jopa mitata ilmanlaatua ja s\u00e4\u00e4dell\u00e4 liikennevirtoja. Ty\u00f6skentelemme yhdess\u00e4 kantaverkko-operaattori Lianderin kanssa pilottia, jossa testaamme kahta kokoonpanoa: useita yhden verkkoliit\u00e4nn\u00e4n taakse kytkettyj\u00e4 valopylv\u00e4it\u00e4 ja latausvalopylv\u00e4it\u00e4, [&hellip;]<\/p>\n","protected":false},"author":1,"featured_media":8189,"comment_status":"closed","ping_status":"closed","sticky":false,"template":"","format":"standard","meta":{"_acf_changed":false,"footnotes":""},"categories":[57],"tags":[],"class_list":["post-9395","post","type-post","status-publish","format-standard","has-post-thumbnail","hentry","category-uutiset"],"acf":[],"yoast_head":"<!-- This site is optimized with the Yoast SEO plugin v27.5 - https:\/\/yoast.com\/product\/yoast-seo-wordpress\/ -->\n<title>\u00c4lyk\u00e4s valopylv\u00e4s on nyt tosiasia my\u00f6s Renkumissa - CityCharge<\/title>\n<meta name=\"description\" content=\"Renkumiin asennetaan 12 \u00e4lyk\u00e4st\u00e4 CityCharge-valaistuspylv\u00e4st\u00e4. N\u00e4m\u00e4 eiv\u00e4t ainoastaan \u200b\u200bvalaise, vaan toimivat my\u00f6s s\u00e4hk\u00f6autojen latausasemana.\" \/>\n<meta name=\"robots\" content=\"index, follow, max-snippet:-1, max-image-preview:large, max-video-preview:-1\" \/>\n<link rel=\"canonical\" href=\"https:\/\/www.citycharge.eu\/fi\/alykas-valopylvas-on-nyt-tosiasia-myos-renkumissa\/\" \/>\n<meta property=\"og:locale\" content=\"fi_FI\" \/>\n<meta property=\"og:type\" content=\"article\" \/>\n<meta property=\"og:title\" content=\"\u00c4lyk\u00e4s valopylv\u00e4s on nyt tosiasia my\u00f6s Renkumissa - CityCharge\" \/>\n<meta property=\"og:description\" content=\"Renkumiin asennetaan 12 \u00e4lyk\u00e4st\u00e4 CityCharge-valaistuspylv\u00e4st\u00e4. N\u00e4m\u00e4 eiv\u00e4t ainoastaan \u200b\u200bvalaise, vaan toimivat my\u00f6s s\u00e4hk\u00f6autojen latausasemana.\" \/>\n<meta property=\"og:url\" content=\"https:\/\/www.citycharge.eu\/fi\/alykas-valopylvas-on-nyt-tosiasia-myos-renkumissa\/\" \/>\n<meta property=\"og:site_name\" content=\"CityCharge\" \/>\n<meta property=\"article:published_time\" content=\"2022-07-28T14:04:05+00:00\" \/>\n<meta property=\"og:image\" content=\"https:\/\/www.citycharge.eu\/wp-content\/uploads\/2022\/07\/slimme-lichtmasten-in-renkum-scaled-1.jpg\" \/>\n\t<meta property=\"og:image:width\" content=\"2560\" \/>\n\t<meta property=\"og:image:height\" content=\"1251\" \/>\n\t<meta property=\"og:image:type\" content=\"image\/jpeg\" \/>\n<meta name=\"author\" content=\"admin\" \/>\n<meta name=\"twitter:card\" content=\"summary_large_image\" \/>\n<meta name=\"twitter:label1\" content=\"Kirjoittanut\" \/>\n\t<meta name=\"twitter:data1\" content=\"admin\" \/>\n\t<meta name=\"twitter:label2\" content=\"Arvioitu lukuaika\" \/>\n\t<meta name=\"twitter:data2\" content=\"1 minuutti\" \/>\n<script type=\"application\/ld+json\" class=\"yoast-schema-graph\">{\"@context\":\"https:\\\/\\\/schema.org\",\"@graph\":[{\"@type\":\"Article\",\"@id\":\"https:\\\/\\\/www.citycharge.eu\\\/fi\\\/alykas-valopylvas-on-nyt-tosiasia-myos-renkumissa\\\/#article\",\"isPartOf\":{\"@id\":\"https:\\\/\\\/www.citycharge.eu\\\/fi\\\/alykas-valopylvas-on-nyt-tosiasia-myos-renkumissa\\\/\"},\"author\":{\"name\":\"admin\",\"@id\":\"https:\\\/\\\/www.citycharge.eu\\\/fi\\\/#\\\/schema\\\/person\\\/0a798ff10afa77f3d0c65789b5d62f17\"},\"headline\":\"\u00c4lyk\u00e4s valopylv\u00e4s on nyt tosiasia my\u00f6s Renkumissa\",\"datePublished\":\"2022-07-28T14:04:05+00:00\",\"mainEntityOfPage\":{\"@id\":\"https:\\\/\\\/www.citycharge.eu\\\/fi\\\/alykas-valopylvas-on-nyt-tosiasia-myos-renkumissa\\\/\"},\"wordCount\":231,\"publisher\":{\"@id\":\"https:\\\/\\\/www.citycharge.eu\\\/fi\\\/#organization\"},\"image\":{\"@id\":\"https:\\\/\\\/www.citycharge.eu\\\/fi\\\/alykas-valopylvas-on-nyt-tosiasia-myos-renkumissa\\\/#primaryimage\"},\"thumbnailUrl\":\"https:\\\/\\\/www.citycharge.eu\\\/wp-content\\\/uploads\\\/2022\\\/07\\\/slimme-lichtmasten-in-renkum-scaled-1.jpg\",\"articleSection\":[\"Uutiset\"],\"inLanguage\":\"fi\"},{\"@type\":\"WebPage\",\"@id\":\"https:\\\/\\\/www.citycharge.eu\\\/fi\\\/alykas-valopylvas-on-nyt-tosiasia-myos-renkumissa\\\/\",\"url\":\"https:\\\/\\\/www.citycharge.eu\\\/fi\\\/alykas-valopylvas-on-nyt-tosiasia-myos-renkumissa\\\/\",\"name\":\"\u00c4lyk\u00e4s valopylv\u00e4s on nyt tosiasia my\u00f6s Renkumissa - CityCharge\",\"isPartOf\":{\"@id\":\"https:\\\/\\\/www.citycharge.eu\\\/fi\\\/#website\"},\"primaryImageOfPage\":{\"@id\":\"https:\\\/\\\/www.citycharge.eu\\\/fi\\\/alykas-valopylvas-on-nyt-tosiasia-myos-renkumissa\\\/#primaryimage\"},\"image\":{\"@id\":\"https:\\\/\\\/www.citycharge.eu\\\/fi\\\/alykas-valopylvas-on-nyt-tosiasia-myos-renkumissa\\\/#primaryimage\"},\"thumbnailUrl\":\"https:\\\/\\\/www.citycharge.eu\\\/wp-content\\\/uploads\\\/2022\\\/07\\\/slimme-lichtmasten-in-renkum-scaled-1.jpg\",\"datePublished\":\"2022-07-28T14:04:05+00:00\",\"description\":\"Renkumiin asennetaan 12 \u00e4lyk\u00e4st\u00e4 CityCharge-valaistuspylv\u00e4st\u00e4. N\u00e4m\u00e4 eiv\u00e4t ainoastaan \u200b\u200bvalaise, vaan toimivat my\u00f6s s\u00e4hk\u00f6autojen latausasemana.\",\"breadcrumb\":{\"@id\":\"https:\\\/\\\/www.citycharge.eu\\\/fi\\\/alykas-valopylvas-on-nyt-tosiasia-myos-renkumissa\\\/#breadcrumb\"},\"inLanguage\":\"fi\",\"potentialAction\":[{\"@type\":\"ReadAction\",\"target\":[\"https:\\\/\\\/www.citycharge.eu\\\/fi\\\/alykas-valopylvas-on-nyt-tosiasia-myos-renkumissa\\\/\"]}]},{\"@type\":\"ImageObject\",\"inLanguage\":\"fi\",\"@id\":\"https:\\\/\\\/www.citycharge.eu\\\/fi\\\/alykas-valopylvas-on-nyt-tosiasia-myos-renkumissa\\\/#primaryimage\",\"url\":\"https:\\\/\\\/www.citycharge.eu\\\/wp-content\\\/uploads\\\/2022\\\/07\\\/slimme-lichtmasten-in-renkum-scaled-1.jpg\",\"contentUrl\":\"https:\\\/\\\/www.citycharge.eu\\\/wp-content\\\/uploads\\\/2022\\\/07\\\/slimme-lichtmasten-in-renkum-scaled-1.jpg\",\"width\":2560,\"height\":1251},{\"@type\":\"BreadcrumbList\",\"@id\":\"https:\\\/\\\/www.citycharge.eu\\\/fi\\\/alykas-valopylvas-on-nyt-tosiasia-myos-renkumissa\\\/#breadcrumb\",\"itemListElement\":[{\"@type\":\"ListItem\",\"position\":1,\"name\":\"Home\",\"item\":\"https:\\\/\\\/www.citycharge.eu\\\/fi\\\/\"},{\"@type\":\"ListItem\",\"position\":2,\"name\":\"\u00c4lyk\u00e4s valopylv\u00e4s on nyt tosiasia my\u00f6s Renkumissa\"}]},{\"@type\":\"WebSite\",\"@id\":\"https:\\\/\\\/www.citycharge.eu\\\/fi\\\/#website\",\"url\":\"https:\\\/\\\/www.citycharge.eu\\\/fi\\\/\",\"name\":\"CityCharge\",\"description\":\"Nieuw licht op laden\",\"publisher\":{\"@id\":\"https:\\\/\\\/www.citycharge.eu\\\/fi\\\/#organization\"},\"potentialAction\":[{\"@type\":\"SearchAction\",\"target\":{\"@type\":\"EntryPoint\",\"urlTemplate\":\"https:\\\/\\\/www.citycharge.eu\\\/fi\\\/?s={search_term_string}\"},\"query-input\":{\"@type\":\"PropertyValueSpecification\",\"valueRequired\":true,\"valueName\":\"search_term_string\"}}],\"inLanguage\":\"fi\"},{\"@type\":\"Organization\",\"@id\":\"https:\\\/\\\/www.citycharge.eu\\\/fi\\\/#organization\",\"name\":\"CityCharge\",\"url\":\"https:\\\/\\\/www.citycharge.eu\\\/fi\\\/\",\"logo\":{\"@type\":\"ImageObject\",\"inLanguage\":\"fi\",\"@id\":\"https:\\\/\\\/www.citycharge.eu\\\/fi\\\/#\\\/schema\\\/logo\\\/image\\\/\",\"url\":\"https:\\\/\\\/www.citycharge.eu\\\/wp-content\\\/uploads\\\/2024\\\/07\\\/Citycharge_payofff_white.svg\",\"contentUrl\":\"https:\\\/\\\/www.citycharge.eu\\\/wp-content\\\/uploads\\\/2024\\\/07\\\/Citycharge_payofff_white.svg\",\"width\":1920,\"height\":530,\"caption\":\"CityCharge\"},\"image\":{\"@id\":\"https:\\\/\\\/www.citycharge.eu\\\/fi\\\/#\\\/schema\\\/logo\\\/image\\\/\"}},{\"@type\":\"Person\",\"@id\":\"https:\\\/\\\/www.citycharge.eu\\\/fi\\\/#\\\/schema\\\/person\\\/0a798ff10afa77f3d0c65789b5d62f17\",\"name\":\"admin\",\"image\":{\"@type\":\"ImageObject\",\"inLanguage\":\"fi\",\"@id\":\"https:\\\/\\\/secure.gravatar.com\\\/avatar\\\/b382f2b0baf85cf8d841621555daa4ae2420c7929b964e5ca4e287310b061056?s=96&d=mm&r=g\",\"url\":\"https:\\\/\\\/secure.gravatar.com\\\/avatar\\\/b382f2b0baf85cf8d841621555daa4ae2420c7929b964e5ca4e287310b061056?s=96&d=mm&r=g\",\"contentUrl\":\"https:\\\/\\\/secure.gravatar.com\\\/avatar\\\/b382f2b0baf85cf8d841621555daa4ae2420c7929b964e5ca4e287310b061056?s=96&d=mm&r=g\",\"caption\":\"admin\"},\"sameAs\":[\"http:\\\/\\\/www.citycharge.eu\"],\"url\":\"https:\\\/\\\/www.citycharge.eu\\\/fi\\\/author\\\/admin\\\/\"}]}<\/script>\n<!-- \/ Yoast SEO plugin. -->","yoast_head_json":{"title":"\u00c4lyk\u00e4s valopylv\u00e4s on nyt tosiasia my\u00f6s Renkumissa - CityCharge","description":"Renkumiin asennetaan 12 \u00e4lyk\u00e4st\u00e4 CityCharge-valaistuspylv\u00e4st\u00e4. N\u00e4m\u00e4 eiv\u00e4t ainoastaan \u200b\u200bvalaise, vaan toimivat my\u00f6s s\u00e4hk\u00f6autojen latausasemana.","robots":{"index":"index","follow":"follow","max-snippet":"max-snippet:-1","max-image-preview":"max-image-preview:large","max-video-preview":"max-video-preview:-1"},"canonical":"https:\/\/www.citycharge.eu\/fi\/alykas-valopylvas-on-nyt-tosiasia-myos-renkumissa\/","og_locale":"fi_FI","og_type":"article","og_title":"\u00c4lyk\u00e4s valopylv\u00e4s on nyt tosiasia my\u00f6s Renkumissa - CityCharge","og_description":"Renkumiin asennetaan 12 \u00e4lyk\u00e4st\u00e4 CityCharge-valaistuspylv\u00e4st\u00e4. N\u00e4m\u00e4 eiv\u00e4t ainoastaan \u200b\u200bvalaise, vaan toimivat my\u00f6s s\u00e4hk\u00f6autojen latausasemana.","og_url":"https:\/\/www.citycharge.eu\/fi\/alykas-valopylvas-on-nyt-tosiasia-myos-renkumissa\/","og_site_name":"CityCharge","article_published_time":"2022-07-28T14:04:05+00:00","og_image":[{"width":2560,"height":1251,"url":"https:\/\/www.citycharge.eu\/wp-content\/uploads\/2022\/07\/slimme-lichtmasten-in-renkum-scaled-1.jpg","type":"image\/jpeg"}],"author":"admin","twitter_card":"summary_large_image","twitter_misc":{"Kirjoittanut":"admin","Arvioitu lukuaika":"1 minuutti"},"schema":{"@context":"https:\/\/schema.org","@graph":[{"@type":"Article","@id":"https:\/\/www.citycharge.eu\/fi\/alykas-valopylvas-on-nyt-tosiasia-myos-renkumissa\/#article","isPartOf":{"@id":"https:\/\/www.citycharge.eu\/fi\/alykas-valopylvas-on-nyt-tosiasia-myos-renkumissa\/"},"author":{"name":"admin","@id":"https:\/\/www.citycharge.eu\/fi\/#\/schema\/person\/0a798ff10afa77f3d0c65789b5d62f17"},"headline":"\u00c4lyk\u00e4s valopylv\u00e4s on nyt tosiasia my\u00f6s Renkumissa","datePublished":"2022-07-28T14:04:05+00:00","mainEntityOfPage":{"@id":"https:\/\/www.citycharge.eu\/fi\/alykas-valopylvas-on-nyt-tosiasia-myos-renkumissa\/"},"wordCount":231,"publisher":{"@id":"https:\/\/www.citycharge.eu\/fi\/#organization"},"image":{"@id":"https:\/\/www.citycharge.eu\/fi\/alykas-valopylvas-on-nyt-tosiasia-myos-renkumissa\/#primaryimage"},"thumbnailUrl":"https:\/\/www.citycharge.eu\/wp-content\/uploads\/2022\/07\/slimme-lichtmasten-in-renkum-scaled-1.jpg","articleSection":["Uutiset"],"inLanguage":"fi"},{"@type":"WebPage","@id":"https:\/\/www.citycharge.eu\/fi\/alykas-valopylvas-on-nyt-tosiasia-myos-renkumissa\/","url":"https:\/\/www.citycharge.eu\/fi\/alykas-valopylvas-on-nyt-tosiasia-myos-renkumissa\/","name":"\u00c4lyk\u00e4s valopylv\u00e4s on nyt tosiasia my\u00f6s Renkumissa - CityCharge","isPartOf":{"@id":"https:\/\/www.citycharge.eu\/fi\/#website"},"primaryImageOfPage":{"@id":"https:\/\/www.citycharge.eu\/fi\/alykas-valopylvas-on-nyt-tosiasia-myos-renkumissa\/#primaryimage"},"image":{"@id":"https:\/\/www.citycharge.eu\/fi\/alykas-valopylvas-on-nyt-tosiasia-myos-renkumissa\/#primaryimage"},"thumbnailUrl":"https:\/\/www.citycharge.eu\/wp-content\/uploads\/2022\/07\/slimme-lichtmasten-in-renkum-scaled-1.jpg","datePublished":"2022-07-28T14:04:05+00:00","description":"Renkumiin asennetaan 12 \u00e4lyk\u00e4st\u00e4 CityCharge-valaistuspylv\u00e4st\u00e4. N\u00e4m\u00e4 eiv\u00e4t ainoastaan \u200b\u200bvalaise, vaan toimivat my\u00f6s s\u00e4hk\u00f6autojen latausasemana.","breadcrumb":{"@id":"https:\/\/www.citycharge.eu\/fi\/alykas-valopylvas-on-nyt-tosiasia-myos-renkumissa\/#breadcrumb"},"inLanguage":"fi","potentialAction":[{"@type":"ReadAction","target":["https:\/\/www.citycharge.eu\/fi\/alykas-valopylvas-on-nyt-tosiasia-myos-renkumissa\/"]}]},{"@type":"ImageObject","inLanguage":"fi","@id":"https:\/\/www.citycharge.eu\/fi\/alykas-valopylvas-on-nyt-tosiasia-myos-renkumissa\/#primaryimage","url":"https:\/\/www.citycharge.eu\/wp-content\/uploads\/2022\/07\/slimme-lichtmasten-in-renkum-scaled-1.jpg","contentUrl":"https:\/\/www.citycharge.eu\/wp-content\/uploads\/2022\/07\/slimme-lichtmasten-in-renkum-scaled-1.jpg","width":2560,"height":1251},{"@type":"BreadcrumbList","@id":"https:\/\/www.citycharge.eu\/fi\/alykas-valopylvas-on-nyt-tosiasia-myos-renkumissa\/#breadcrumb","itemListElement":[{"@type":"ListItem","position":1,"name":"Home","item":"https:\/\/www.citycharge.eu\/fi\/"},{"@type":"ListItem","position":2,"name":"\u00c4lyk\u00e4s valopylv\u00e4s on nyt tosiasia my\u00f6s Renkumissa"}]},{"@type":"WebSite","@id":"https:\/\/www.citycharge.eu\/fi\/#website","url":"https:\/\/www.citycharge.eu\/fi\/","name":"CityCharge","description":"Nieuw licht op laden","publisher":{"@id":"https:\/\/www.citycharge.eu\/fi\/#organization"},"potentialAction":[{"@type":"SearchAction","target":{"@type":"EntryPoint","urlTemplate":"https:\/\/www.citycharge.eu\/fi\/?s={search_term_string}"},"query-input":{"@type":"PropertyValueSpecification","valueRequired":true,"valueName":"search_term_string"}}],"inLanguage":"fi"},{"@type":"Organization","@id":"https:\/\/www.citycharge.eu\/fi\/#organization","name":"CityCharge","url":"https:\/\/www.citycharge.eu\/fi\/","logo":{"@type":"ImageObject","inLanguage":"fi","@id":"https:\/\/www.citycharge.eu\/fi\/#\/schema\/logo\/image\/","url":"https:\/\/www.citycharge.eu\/wp-content\/uploads\/2024\/07\/Citycharge_payofff_white.svg","contentUrl":"https:\/\/www.citycharge.eu\/wp-content\/uploads\/2024\/07\/Citycharge_payofff_white.svg","width":1920,"height":530,"caption":"CityCharge"},"image":{"@id":"https:\/\/www.citycharge.eu\/fi\/#\/schema\/logo\/image\/"}},{"@type":"Person","@id":"https:\/\/www.citycharge.eu\/fi\/#\/schema\/person\/0a798ff10afa77f3d0c65789b5d62f17","name":"admin","image":{"@type":"ImageObject","inLanguage":"fi","@id":"https:\/\/secure.gravatar.com\/avatar\/b382f2b0baf85cf8d841621555daa4ae2420c7929b964e5ca4e287310b061056?s=96&d=mm&r=g","url":"https:\/\/secure.gravatar.com\/avatar\/b382f2b0baf85cf8d841621555daa4ae2420c7929b964e5ca4e287310b061056?s=96&d=mm&r=g","contentUrl":"https:\/\/secure.gravatar.com\/avatar\/b382f2b0baf85cf8d841621555daa4ae2420c7929b964e5ca4e287310b061056?s=96&d=mm&r=g","caption":"admin"},"sameAs":["http:\/\/www.citycharge.eu"],"url":"https:\/\/www.citycharge.eu\/fi\/author\/admin\/"}]}},"_links":{"self":[{"href":"https:\/\/www.citycharge.eu\/fi\/wp-json\/wp\/v2\/posts\/9395","targetHints":{"allow":["GET"]}}],"collection":[{"href":"https:\/\/www.citycharge.eu\/fi\/wp-json\/wp\/v2\/posts"}],"about":[{"href":"https:\/\/www.citycharge.eu\/fi\/wp-json\/wp\/v2\/types\/post"}],"author":[{"embeddable":true,"href":"https:\/\/www.citycharge.eu\/fi\/wp-json\/wp\/v2\/users\/1"}],"replies":[{"embeddable":true,"href":"https:\/\/www.citycharge.eu\/fi\/wp-json\/wp\/v2\/comments?post=9395"}],"version-history":[{"count":0,"href":"https:\/\/www.citycharge.eu\/fi\/wp-json\/wp\/v2\/posts\/9395\/revisions"}],"wp:featuredmedia":[{"embeddable":true,"href":"https:\/\/www.citycharge.eu\/fi\/wp-json\/wp\/v2\/media\/8189"}],"wp:attachment":[{"href":"https:\/\/www.citycharge.eu\/fi\/wp-json\/wp\/v2\/media?parent=9395"}],"wp:term":[{"taxonomy":"category","embeddable":true,"href":"https:\/\/www.citycharge.eu\/fi\/wp-json\/wp\/v2\/categories?post=9395"},{"taxonomy":"post_tag","embeddable":true,"href":"https:\/\/www.citycharge.eu\/fi\/wp-json\/wp\/v2\/tags?post=9395"}],"curies":[{"name":"wp","href":"https:\/\/api.w.org\/{rel}","templated":true}]}}