{"id":9376,"date":"2022-12-20T07:16:43","date_gmt":"2022-12-20T07:16:43","guid":{"rendered":"https:\/\/www.citycharge.eu\/nouveaux-lampadaires-de-recharge-a-arnhem\/"},"modified":"2024-12-30T07:42:01","modified_gmt":"2024-12-30T07:42:01","slug":"nouveaux-lampadaires-de-recharge-a-arnhem","status":"publish","type":"post","link":"https:\/\/www.citycharge.eu\/fr\/nouveaux-lampadaires-de-recharge-a-arnhem\/","title":{"rendered":"Nouveaux lampadaires de recharge \u00e0 Arnhem"},"content":{"rendered":"\t\t<div data-elementor-type=\"wp-post\" data-elementor-id=\"9376\" class=\"elementor elementor-9376 elementor-5740\" data-elementor-post-type=\"post\">\n\t\t\t\t<div class=\"elementor-element elementor-element-346e3dda e-flex e-con-boxed e-con e-parent\" data-id=\"346e3dda\" data-element_type=\"container\" data-e-type=\"container\">\n\t\t\t\t\t<div class=\"e-con-inner\">\n\t\t\t\t<div class=\"elementor-element elementor-element-3104f54 elementor-widget elementor-widget-text-editor\" data-id=\"3104f54\" data-element_type=\"widget\" data-e-type=\"widget\" data-widget_type=\"text-editor.default\">\n\t\t\t\t<div class=\"elementor-widget-container\">\n\t\t\t\t\t\t\t\t\t<div class=\"page\" title=\"Page 1\">\n<div class=\"section\">\n<div class=\"layoutArea\">\n<div class=\"column\">\n<p>Arnhem recevra environ 150 lampadaires de recharge suppl\u00e9mentaires \u00e0 partir de 2023. Les nouveaux quartiers d&rsquo;Arnhem ; Schuytgraaf, le Stadhouderskwartier et le Blauwe Golven disposeront de bornes de recharge standard pour voitures \u00e9lectriques, int\u00e9gr\u00e9es dans un lampadaire. L&rsquo;appel d&rsquo;offres pour la construction d&rsquo;environ 150 lampadaires de recharge est rendu possible par un consortium de Dutch Charge, \u00e0 savoir Heijmans Emobility et Primevest Capital Partners.  <\/p>\n<\/div>\n<\/div>\n<h3>Une \u00e9nergie propre pour un trafic propre<\/h3>\n<p>La conseill\u00e8re \u00e0 la mobilit\u00e9 durable Nermina Kundi\u0107 d\u00e9clare ce qui suit \u00e0 propos de cette grande \u00e9tape vers un avenir plus propre : \u00ab Cette \u00e9tape correspond parfaitement \u00e0 notre ambition d&rsquo;un transport plus propre et plus silencieux \u00e0 Arnhem. De plus en plus d\u2019habitants optent pour des transports sans \u00e9missions. A nous de veiller \u00e0 ce qu\u2019ils puissent recharger leur voiture \u00e9lectrique dans suffisamment d\u2019endroits. La combinaison d\u2019une borne de recharge et d\u2019un lampadaire entra\u00eene \u00e9galement moins de mobilier urbain. De plus, l&rsquo;\u00e9lectricit\u00e9 destin\u00e9e aux bornes de recharge est \u00ab vert fonc\u00e9 \u00bb : elle provient du parc solaire situ\u00e9 le long de la route du Pley.<\/p>\n<h3>1 personne sur 5 est \u00e9lectrique<\/h3>\n<p>Le nombre de voitures \u00e9lectriques a fortement augment\u00e9 ces derni\u00e8res ann\u00e9es. Au premier semestre 2022, 1 voiture neuve vendue sur cinq \u00e9tait \u00e9lectrique. C&rsquo;est le double par rapport \u00e0 un an plus t\u00f4t. Cela se traduit par une demande croissante de bornes de recharge. Il y a quelques ann\u00e9es, 22 lampadaires de recharge \u00e9taient d\u00e9j\u00e0 install\u00e9s dans le De Kiem Ecowijk. L\u00e0, la consommation est pass\u00e9e de 160 \u00e0 1 660 par an en un an. La commune d&rsquo;Arnhem a choisi d&rsquo;inclure des bornes de recharge dans la conception de nouvelles zones r\u00e9sidentielles. L\u2019int\u00e9gration au r\u00e9seau \u00e9lectrique a donc d\u00e9j\u00e0 \u00e9t\u00e9 pr\u00e9vue dans la conception. Cela garantit qu\u2019aucun probl\u00e8me ne surviendra dans le r\u00e9seau \u00e9lectrique et qu\u2019il n\u2019y aura aucune nuisance dans les espaces publics.        <\/p>\n<h3><img fetchpriority=\"high\" decoding=\"async\" class=\"alignnone wp-image-10547 size-full\" src=\"https:\/\/www.citycharge.eu\/wp-content\/uploads\/2024\/12\/Arnhem-schuytgraaf.jpg\" alt=\"\" width=\"783\" height=\"402\" srcset=\"https:\/\/www.citycharge.eu\/wp-content\/uploads\/2024\/12\/Arnhem-schuytgraaf.jpg 783w, https:\/\/www.citycharge.eu\/wp-content\/uploads\/2024\/12\/Arnhem-schuytgraaf-300x154.jpg 300w, https:\/\/www.citycharge.eu\/wp-content\/uploads\/2024\/12\/Arnhem-schuytgraaf-768x394.jpg 768w\" sizes=\"(max-width: 783px) 100vw, 783px\" \/><\/h3>\n<h3>600 bornes de recharge \u00e0 Arnhem<\/h3>\n<p>Les places de stationnement aux bornes de recharge ne sont pas r\u00e9serv\u00e9es aux voitures \u00e9lectriques, car il y a toujours une place de stationnement gratuite \u00e0 proximit\u00e9 d&rsquo;une borne de recharge. Cela garantit moins d\u2019irritation concernant les places de stationnement disponibles. L&rsquo;appel d&rsquo;offres porte sur 150 lampadaires avec 300 points de recharge. 1 200 logements suppl\u00e9mentaires seront construits dans les ann\u00e9es \u00e0 venir. Un tel nouveau quartier est alors pr\u00e9par\u00e9 \u00e0 l\u2019augmentation des voitures \u00e9lectriques. D\u2019autres lampadaires avec bornes de recharge suivront ult\u00e9rieurement dans les quartiers nouvellement construits, mais aussi dans les quartiers existants.     <\/p>\n<h3>\u00ab\u00a0C&rsquo;est l&rsquo;avenir\u00a0\u00bb<\/h3>\n<p>\u00ab Ces types de solutions de recharge multifonctionnelles repr\u00e9sentent l&rsquo;avenir \u00bb, d\u00e9clare Michel Versteeg, PDG de Dutch Charge, au nom du consortium. \u00ab Cette combinaison de lampadaire et de borne de recharge garantit une utilisation optimale de l&rsquo;espace public, sans provoquer d&rsquo;encombrement. Nous fournissons \u00e0 la fois le lampadaire combin\u00e9 avec borne de recharge et le service de recharge lui-m\u00eame pour les 10 prochaines ann\u00e9es. <\/p>\n<p>(Source : <a href=\"https:\/\/www.arnhem.nl\/actueel\/Persberichten\/Nederlands_consortium_wint_aanbesteding_voor_aanleg_en_exploitatie_gecombineerde_laadinfra\" target=\"_blank\" rel=\"noopener\">Commune d&rsquo;Arnhem<\/a> )<\/p>\n<h3>Les nouveaux quartiers d&rsquo;Arnhem seront d\u00e9sormais \u00e9quip\u00e9s de lampadaires de recharge standard<\/h3>\n<p><img decoding=\"async\" class=\"alignnone wp-image-6608 size-full\" src=\"http:\/\/www.citycharge.eu\/wp-content\/uploads\/2024\/07\/fb5d5afe-453c-415e-a29a-d41d1d6d2cff.jpeg\" alt=\"\" width=\"480\" height=\"640\" srcset=\"https:\/\/www.citycharge.eu\/wp-content\/uploads\/2024\/07\/fb5d5afe-453c-415e-a29a-d41d1d6d2cff.jpeg 480w, https:\/\/www.citycharge.eu\/wp-content\/uploads\/2024\/07\/fb5d5afe-453c-415e-a29a-d41d1d6d2cff-225x300.jpeg 225w\" sizes=\"(max-width: 480px) 100vw, 480px\" \/><\/p>\n<p>A lire aussi : <a href=\"https:\/\/www.arnhemsekoerier.nl\/nieuws\/algemeen\/154022\/arnhem-krijgt-er-150-laadlantaarnpalen-bij#:~:text=ARNHEM%20%2D%20Arnhem%20krijgt%20er%20vanaf,in%20een%20lantaarnpaal%20ge%C3%AFntegreerd%20zijn.\" target=\"_blank\" rel=\"noopener\">Arnhem recevra 150 lampadaires de recharge suppl\u00e9mentaires<\/a> .<\/p>\n<\/div>\n<\/div>\n\t\t\t\t\t\t\t\t<\/div>\n\t\t\t\t<\/div>\n\t\t\t\t\t<\/div>\n\t\t\t\t<\/div>\n\t\t\t\t<\/div>\n\t\t","protected":false},"excerpt":{"rendered":"<p>Arnhem recevra environ 150 lampadaires de recharge suppl\u00e9mentaires \u00e0 partir de 2023. Les nouveaux quartiers d&rsquo;Arnhem ; Schuytgraaf, le Stadhouderskwartier et le Blauwe Golven disposeront de bornes de recharge standard pour voitures \u00e9lectriques, int\u00e9gr\u00e9es dans un lampadaire. L&rsquo;appel d&rsquo;offres pour la construction d&rsquo;environ 150 lampadaires de recharge est rendu possible par un consortium de Dutch [&hellip;]<\/p>\n","protected":false},"author":1,"featured_media":8850,"comment_status":"closed","ping_status":"closed","sticky":false,"template":"","format":"standard","meta":{"_acf_changed":false,"footnotes":""},"categories":[66],"tags":[],"class_list":["post-9376","post","type-post","status-publish","format-standard","has-post-thumbnail","hentry","category-nouvelles"],"acf":[],"yoast_head":"<!-- This site is optimized with the Yoast SEO plugin v27.4 - https:\/\/yoast.com\/product\/yoast-seo-wordpress\/ -->\n<title>Nouveaux lampadaires de recharge \u00e0 Arnhem - CityCharge<\/title>\n<meta name=\"robots\" content=\"index, follow, max-snippet:-1, max-image-preview:large, max-video-preview:-1\" \/>\n<link rel=\"canonical\" href=\"https:\/\/www.citycharge.eu\/fr\/nouveaux-lampadaires-de-recharge-a-arnhem\/\" \/>\n<meta property=\"og:locale\" content=\"fr_FR\" \/>\n<meta property=\"og:type\" content=\"article\" \/>\n<meta property=\"og:title\" content=\"Nouveaux lampadaires de recharge \u00e0 Arnhem - CityCharge\" \/>\n<meta property=\"og:description\" content=\"Arnhem recevra environ 150 lampadaires de recharge suppl\u00e9mentaires \u00e0 partir de 2023. Les nouveaux quartiers d&rsquo;Arnhem ; Schuytgraaf, le Stadhouderskwartier et le Blauwe Golven disposeront de bornes de recharge standard pour voitures \u00e9lectriques, int\u00e9gr\u00e9es dans un lampadaire. L&rsquo;appel d&rsquo;offres pour la construction d&rsquo;environ 150 lampadaires de recharge est rendu possible par un consortium de Dutch [&hellip;]\" \/>\n<meta property=\"og:url\" content=\"https:\/\/www.citycharge.eu\/fr\/nouveaux-lampadaires-de-recharge-a-arnhem\/\" \/>\n<meta property=\"og:site_name\" content=\"CityCharge\" \/>\n<meta property=\"article:published_time\" content=\"2022-12-20T07:16:43+00:00\" \/>\n<meta property=\"article:modified_time\" content=\"2024-12-30T07:42:01+00:00\" \/>\n<meta property=\"og:image\" content=\"https:\/\/www.citycharge.eu\/wp-content\/uploads\/2022\/12\/ev-electric-car-pluged-charging-at-a-recharge-stat-2023-11-27-04-50-33-utc-scaled.jpg\" \/>\n\t<meta property=\"og:image:width\" content=\"2560\" \/>\n\t<meta property=\"og:image:height\" content=\"1707\" \/>\n\t<meta property=\"og:image:type\" content=\"image\/jpeg\" \/>\n<meta name=\"author\" content=\"admin\" \/>\n<meta name=\"twitter:card\" content=\"summary_large_image\" \/>\n<meta name=\"twitter:label1\" content=\"\u00c9crit par\" \/>\n\t<meta name=\"twitter:data1\" content=\"admin\" \/>\n\t<meta name=\"twitter:label2\" content=\"Dur\u00e9e de lecture estim\u00e9e\" \/>\n\t<meta name=\"twitter:data2\" content=\"3 minutes\" \/>\n<script type=\"application\/ld+json\" class=\"yoast-schema-graph\">{\"@context\":\"https:\\\/\\\/schema.org\",\"@graph\":[{\"@type\":\"Article\",\"@id\":\"https:\\\/\\\/www.citycharge.eu\\\/fr\\\/nouveaux-lampadaires-de-recharge-a-arnhem\\\/#article\",\"isPartOf\":{\"@id\":\"https:\\\/\\\/www.citycharge.eu\\\/fr\\\/nouveaux-lampadaires-de-recharge-a-arnhem\\\/\"},\"author\":{\"name\":\"admin\",\"@id\":\"https:\\\/\\\/www.citycharge.eu\\\/fr\\\/#\\\/schema\\\/person\\\/0a798ff10afa77f3d0c65789b5d62f17\"},\"headline\":\"Nouveaux lampadaires de recharge \u00e0 Arnhem\",\"datePublished\":\"2022-12-20T07:16:43+00:00\",\"dateModified\":\"2024-12-30T07:42:01+00:00\",\"mainEntityOfPage\":{\"@id\":\"https:\\\/\\\/www.citycharge.eu\\\/fr\\\/nouveaux-lampadaires-de-recharge-a-arnhem\\\/\"},\"wordCount\":532,\"publisher\":{\"@id\":\"https:\\\/\\\/www.citycharge.eu\\\/fr\\\/#organization\"},\"image\":{\"@id\":\"https:\\\/\\\/www.citycharge.eu\\\/fr\\\/nouveaux-lampadaires-de-recharge-a-arnhem\\\/#primaryimage\"},\"thumbnailUrl\":\"https:\\\/\\\/www.citycharge.eu\\\/wp-content\\\/uploads\\\/2022\\\/12\\\/ev-electric-car-pluged-charging-at-a-recharge-stat-2023-11-27-04-50-33-utc-scaled.jpg\",\"articleSection\":[\"Nouvelles\"],\"inLanguage\":\"fr-FR\"},{\"@type\":\"WebPage\",\"@id\":\"https:\\\/\\\/www.citycharge.eu\\\/fr\\\/nouveaux-lampadaires-de-recharge-a-arnhem\\\/\",\"url\":\"https:\\\/\\\/www.citycharge.eu\\\/fr\\\/nouveaux-lampadaires-de-recharge-a-arnhem\\\/\",\"name\":\"Nouveaux lampadaires de recharge \u00e0 Arnhem - CityCharge\",\"isPartOf\":{\"@id\":\"https:\\\/\\\/www.citycharge.eu\\\/fr\\\/#website\"},\"primaryImageOfPage\":{\"@id\":\"https:\\\/\\\/www.citycharge.eu\\\/fr\\\/nouveaux-lampadaires-de-recharge-a-arnhem\\\/#primaryimage\"},\"image\":{\"@id\":\"https:\\\/\\\/www.citycharge.eu\\\/fr\\\/nouveaux-lampadaires-de-recharge-a-arnhem\\\/#primaryimage\"},\"thumbnailUrl\":\"https:\\\/\\\/www.citycharge.eu\\\/wp-content\\\/uploads\\\/2022\\\/12\\\/ev-electric-car-pluged-charging-at-a-recharge-stat-2023-11-27-04-50-33-utc-scaled.jpg\",\"datePublished\":\"2022-12-20T07:16:43+00:00\",\"dateModified\":\"2024-12-30T07:42:01+00:00\",\"breadcrumb\":{\"@id\":\"https:\\\/\\\/www.citycharge.eu\\\/fr\\\/nouveaux-lampadaires-de-recharge-a-arnhem\\\/#breadcrumb\"},\"inLanguage\":\"fr-FR\",\"potentialAction\":[{\"@type\":\"ReadAction\",\"target\":[\"https:\\\/\\\/www.citycharge.eu\\\/fr\\\/nouveaux-lampadaires-de-recharge-a-arnhem\\\/\"]}]},{\"@type\":\"ImageObject\",\"inLanguage\":\"fr-FR\",\"@id\":\"https:\\\/\\\/www.citycharge.eu\\\/fr\\\/nouveaux-lampadaires-de-recharge-a-arnhem\\\/#primaryimage\",\"url\":\"https:\\\/\\\/www.citycharge.eu\\\/wp-content\\\/uploads\\\/2022\\\/12\\\/ev-electric-car-pluged-charging-at-a-recharge-stat-2023-11-27-04-50-33-utc-scaled.jpg\",\"contentUrl\":\"https:\\\/\\\/www.citycharge.eu\\\/wp-content\\\/uploads\\\/2022\\\/12\\\/ev-electric-car-pluged-charging-at-a-recharge-stat-2023-11-27-04-50-33-utc-scaled.jpg\",\"width\":2560,\"height\":1707,\"caption\":\"EV electric car pluged charging at a recharge station in the city\"},{\"@type\":\"BreadcrumbList\",\"@id\":\"https:\\\/\\\/www.citycharge.eu\\\/fr\\\/nouveaux-lampadaires-de-recharge-a-arnhem\\\/#breadcrumb\",\"itemListElement\":[{\"@type\":\"ListItem\",\"position\":1,\"name\":\"Home\",\"item\":\"https:\\\/\\\/www.citycharge.eu\\\/fr\\\/\"},{\"@type\":\"ListItem\",\"position\":2,\"name\":\"Nouveaux lampadaires de recharge \u00e0 Arnhem\"}]},{\"@type\":\"WebSite\",\"@id\":\"https:\\\/\\\/www.citycharge.eu\\\/fr\\\/#website\",\"url\":\"https:\\\/\\\/www.citycharge.eu\\\/fr\\\/\",\"name\":\"CityCharge\",\"description\":\"Nieuw licht op laden\",\"publisher\":{\"@id\":\"https:\\\/\\\/www.citycharge.eu\\\/fr\\\/#organization\"},\"potentialAction\":[{\"@type\":\"SearchAction\",\"target\":{\"@type\":\"EntryPoint\",\"urlTemplate\":\"https:\\\/\\\/www.citycharge.eu\\\/fr\\\/?s={search_term_string}\"},\"query-input\":{\"@type\":\"PropertyValueSpecification\",\"valueRequired\":true,\"valueName\":\"search_term_string\"}}],\"inLanguage\":\"fr-FR\"},{\"@type\":\"Organization\",\"@id\":\"https:\\\/\\\/www.citycharge.eu\\\/fr\\\/#organization\",\"name\":\"CityCharge\",\"url\":\"https:\\\/\\\/www.citycharge.eu\\\/fr\\\/\",\"logo\":{\"@type\":\"ImageObject\",\"inLanguage\":\"fr-FR\",\"@id\":\"https:\\\/\\\/www.citycharge.eu\\\/fr\\\/#\\\/schema\\\/logo\\\/image\\\/\",\"url\":\"https:\\\/\\\/www.citycharge.eu\\\/wp-content\\\/uploads\\\/2024\\\/07\\\/Citycharge_payofff_white.svg\",\"contentUrl\":\"https:\\\/\\\/www.citycharge.eu\\\/wp-content\\\/uploads\\\/2024\\\/07\\\/Citycharge_payofff_white.svg\",\"width\":1920,\"height\":530,\"caption\":\"CityCharge\"},\"image\":{\"@id\":\"https:\\\/\\\/www.citycharge.eu\\\/fr\\\/#\\\/schema\\\/logo\\\/image\\\/\"}},{\"@type\":\"Person\",\"@id\":\"https:\\\/\\\/www.citycharge.eu\\\/fr\\\/#\\\/schema\\\/person\\\/0a798ff10afa77f3d0c65789b5d62f17\",\"name\":\"admin\",\"image\":{\"@type\":\"ImageObject\",\"inLanguage\":\"fr-FR\",\"@id\":\"https:\\\/\\\/secure.gravatar.com\\\/avatar\\\/b382f2b0baf85cf8d841621555daa4ae2420c7929b964e5ca4e287310b061056?s=96&d=mm&r=g\",\"url\":\"https:\\\/\\\/secure.gravatar.com\\\/avatar\\\/b382f2b0baf85cf8d841621555daa4ae2420c7929b964e5ca4e287310b061056?s=96&d=mm&r=g\",\"contentUrl\":\"https:\\\/\\\/secure.gravatar.com\\\/avatar\\\/b382f2b0baf85cf8d841621555daa4ae2420c7929b964e5ca4e287310b061056?s=96&d=mm&r=g\",\"caption\":\"admin\"},\"sameAs\":[\"http:\\\/\\\/www.citycharge.eu\"],\"url\":\"https:\\\/\\\/www.citycharge.eu\\\/fr\\\/author\\\/admin\\\/\"}]}<\/script>\n<!-- \/ Yoast SEO plugin. -->","yoast_head_json":{"title":"Nouveaux lampadaires de recharge \u00e0 Arnhem - CityCharge","robots":{"index":"index","follow":"follow","max-snippet":"max-snippet:-1","max-image-preview":"max-image-preview:large","max-video-preview":"max-video-preview:-1"},"canonical":"https:\/\/www.citycharge.eu\/fr\/nouveaux-lampadaires-de-recharge-a-arnhem\/","og_locale":"fr_FR","og_type":"article","og_title":"Nouveaux lampadaires de recharge \u00e0 Arnhem - CityCharge","og_description":"Arnhem recevra environ 150 lampadaires de recharge suppl\u00e9mentaires \u00e0 partir de 2023. Les nouveaux quartiers d&rsquo;Arnhem ; Schuytgraaf, le Stadhouderskwartier et le Blauwe Golven disposeront de bornes de recharge standard pour voitures \u00e9lectriques, int\u00e9gr\u00e9es dans un lampadaire. L&rsquo;appel d&rsquo;offres pour la construction d&rsquo;environ 150 lampadaires de recharge est rendu possible par un consortium de Dutch [&hellip;]","og_url":"https:\/\/www.citycharge.eu\/fr\/nouveaux-lampadaires-de-recharge-a-arnhem\/","og_site_name":"CityCharge","article_published_time":"2022-12-20T07:16:43+00:00","article_modified_time":"2024-12-30T07:42:01+00:00","og_image":[{"width":2560,"height":1707,"url":"https:\/\/www.citycharge.eu\/wp-content\/uploads\/2022\/12\/ev-electric-car-pluged-charging-at-a-recharge-stat-2023-11-27-04-50-33-utc-scaled.jpg","type":"image\/jpeg"}],"author":"admin","twitter_card":"summary_large_image","twitter_misc":{"\u00c9crit par":"admin","Dur\u00e9e de lecture estim\u00e9e":"3 minutes"},"schema":{"@context":"https:\/\/schema.org","@graph":[{"@type":"Article","@id":"https:\/\/www.citycharge.eu\/fr\/nouveaux-lampadaires-de-recharge-a-arnhem\/#article","isPartOf":{"@id":"https:\/\/www.citycharge.eu\/fr\/nouveaux-lampadaires-de-recharge-a-arnhem\/"},"author":{"name":"admin","@id":"https:\/\/www.citycharge.eu\/fr\/#\/schema\/person\/0a798ff10afa77f3d0c65789b5d62f17"},"headline":"Nouveaux lampadaires de recharge \u00e0 Arnhem","datePublished":"2022-12-20T07:16:43+00:00","dateModified":"2024-12-30T07:42:01+00:00","mainEntityOfPage":{"@id":"https:\/\/www.citycharge.eu\/fr\/nouveaux-lampadaires-de-recharge-a-arnhem\/"},"wordCount":532,"publisher":{"@id":"https:\/\/www.citycharge.eu\/fr\/#organization"},"image":{"@id":"https:\/\/www.citycharge.eu\/fr\/nouveaux-lampadaires-de-recharge-a-arnhem\/#primaryimage"},"thumbnailUrl":"https:\/\/www.citycharge.eu\/wp-content\/uploads\/2022\/12\/ev-electric-car-pluged-charging-at-a-recharge-stat-2023-11-27-04-50-33-utc-scaled.jpg","articleSection":["Nouvelles"],"inLanguage":"fr-FR"},{"@type":"WebPage","@id":"https:\/\/www.citycharge.eu\/fr\/nouveaux-lampadaires-de-recharge-a-arnhem\/","url":"https:\/\/www.citycharge.eu\/fr\/nouveaux-lampadaires-de-recharge-a-arnhem\/","name":"Nouveaux lampadaires de recharge \u00e0 Arnhem - CityCharge","isPartOf":{"@id":"https:\/\/www.citycharge.eu\/fr\/#website"},"primaryImageOfPage":{"@id":"https:\/\/www.citycharge.eu\/fr\/nouveaux-lampadaires-de-recharge-a-arnhem\/#primaryimage"},"image":{"@id":"https:\/\/www.citycharge.eu\/fr\/nouveaux-lampadaires-de-recharge-a-arnhem\/#primaryimage"},"thumbnailUrl":"https:\/\/www.citycharge.eu\/wp-content\/uploads\/2022\/12\/ev-electric-car-pluged-charging-at-a-recharge-stat-2023-11-27-04-50-33-utc-scaled.jpg","datePublished":"2022-12-20T07:16:43+00:00","dateModified":"2024-12-30T07:42:01+00:00","breadcrumb":{"@id":"https:\/\/www.citycharge.eu\/fr\/nouveaux-lampadaires-de-recharge-a-arnhem\/#breadcrumb"},"inLanguage":"fr-FR","potentialAction":[{"@type":"ReadAction","target":["https:\/\/www.citycharge.eu\/fr\/nouveaux-lampadaires-de-recharge-a-arnhem\/"]}]},{"@type":"ImageObject","inLanguage":"fr-FR","@id":"https:\/\/www.citycharge.eu\/fr\/nouveaux-lampadaires-de-recharge-a-arnhem\/#primaryimage","url":"https:\/\/www.citycharge.eu\/wp-content\/uploads\/2022\/12\/ev-electric-car-pluged-charging-at-a-recharge-stat-2023-11-27-04-50-33-utc-scaled.jpg","contentUrl":"https:\/\/www.citycharge.eu\/wp-content\/uploads\/2022\/12\/ev-electric-car-pluged-charging-at-a-recharge-stat-2023-11-27-04-50-33-utc-scaled.jpg","width":2560,"height":1707,"caption":"EV electric car pluged charging at a recharge station in the city"},{"@type":"BreadcrumbList","@id":"https:\/\/www.citycharge.eu\/fr\/nouveaux-lampadaires-de-recharge-a-arnhem\/#breadcrumb","itemListElement":[{"@type":"ListItem","position":1,"name":"Home","item":"https:\/\/www.citycharge.eu\/fr\/"},{"@type":"ListItem","position":2,"name":"Nouveaux lampadaires de recharge \u00e0 Arnhem"}]},{"@type":"WebSite","@id":"https:\/\/www.citycharge.eu\/fr\/#website","url":"https:\/\/www.citycharge.eu\/fr\/","name":"CityCharge","description":"Nieuw licht op laden","publisher":{"@id":"https:\/\/www.citycharge.eu\/fr\/#organization"},"potentialAction":[{"@type":"SearchAction","target":{"@type":"EntryPoint","urlTemplate":"https:\/\/www.citycharge.eu\/fr\/?s={search_term_string}"},"query-input":{"@type":"PropertyValueSpecification","valueRequired":true,"valueName":"search_term_string"}}],"inLanguage":"fr-FR"},{"@type":"Organization","@id":"https:\/\/www.citycharge.eu\/fr\/#organization","name":"CityCharge","url":"https:\/\/www.citycharge.eu\/fr\/","logo":{"@type":"ImageObject","inLanguage":"fr-FR","@id":"https:\/\/www.citycharge.eu\/fr\/#\/schema\/logo\/image\/","url":"https:\/\/www.citycharge.eu\/wp-content\/uploads\/2024\/07\/Citycharge_payofff_white.svg","contentUrl":"https:\/\/www.citycharge.eu\/wp-content\/uploads\/2024\/07\/Citycharge_payofff_white.svg","width":1920,"height":530,"caption":"CityCharge"},"image":{"@id":"https:\/\/www.citycharge.eu\/fr\/#\/schema\/logo\/image\/"}},{"@type":"Person","@id":"https:\/\/www.citycharge.eu\/fr\/#\/schema\/person\/0a798ff10afa77f3d0c65789b5d62f17","name":"admin","image":{"@type":"ImageObject","inLanguage":"fr-FR","@id":"https:\/\/secure.gravatar.com\/avatar\/b382f2b0baf85cf8d841621555daa4ae2420c7929b964e5ca4e287310b061056?s=96&d=mm&r=g","url":"https:\/\/secure.gravatar.com\/avatar\/b382f2b0baf85cf8d841621555daa4ae2420c7929b964e5ca4e287310b061056?s=96&d=mm&r=g","contentUrl":"https:\/\/secure.gravatar.com\/avatar\/b382f2b0baf85cf8d841621555daa4ae2420c7929b964e5ca4e287310b061056?s=96&d=mm&r=g","caption":"admin"},"sameAs":["http:\/\/www.citycharge.eu"],"url":"https:\/\/www.citycharge.eu\/fr\/author\/admin\/"}]}},"_links":{"self":[{"href":"https:\/\/www.citycharge.eu\/fr\/wp-json\/wp\/v2\/posts\/9376","targetHints":{"allow":["GET"]}}],"collection":[{"href":"https:\/\/www.citycharge.eu\/fr\/wp-json\/wp\/v2\/posts"}],"about":[{"href":"https:\/\/www.citycharge.eu\/fr\/wp-json\/wp\/v2\/types\/post"}],"author":[{"embeddable":true,"href":"https:\/\/www.citycharge.eu\/fr\/wp-json\/wp\/v2\/users\/1"}],"replies":[{"embeddable":true,"href":"https:\/\/www.citycharge.eu\/fr\/wp-json\/wp\/v2\/comments?post=9376"}],"version-history":[{"count":2,"href":"https:\/\/www.citycharge.eu\/fr\/wp-json\/wp\/v2\/posts\/9376\/revisions"}],"predecessor-version":[{"id":10565,"href":"https:\/\/www.citycharge.eu\/fr\/wp-json\/wp\/v2\/posts\/9376\/revisions\/10565"}],"wp:featuredmedia":[{"embeddable":true,"href":"https:\/\/www.citycharge.eu\/fr\/wp-json\/wp\/v2\/media\/8850"}],"wp:attachment":[{"href":"https:\/\/www.citycharge.eu\/fr\/wp-json\/wp\/v2\/media?parent=9376"}],"wp:term":[{"taxonomy":"category","embeddable":true,"href":"https:\/\/www.citycharge.eu\/fr\/wp-json\/wp\/v2\/categories?post=9376"},{"taxonomy":"post_tag","embeddable":true,"href":"https:\/\/www.citycharge.eu\/fr\/wp-json\/wp\/v2\/tags?post=9376"}],"curies":[{"name":"wp","href":"https:\/\/api.w.org\/{rel}","templated":true}]}}