{"id":11703,"date":"2026-03-18T14:56:04","date_gmt":"2026-03-18T14:56:04","guid":{"rendered":"https:\/\/www.citycharge.eu\/stazione-di-ricarica-in-francia\/"},"modified":"2026-03-18T15:07:55","modified_gmt":"2026-03-18T15:07:55","slug":"stazione-di-ricarica-in-francia","status":"publish","type":"post","link":"https:\/\/www.citycharge.eu\/it\/stazione-di-ricarica-in-francia\/","title":{"rendered":"Stazione di ricarica in Francia"},"content":{"rendered":"\t\t<div data-elementor-type=\"wp-post\" data-elementor-id=\"11703\" class=\"elementor elementor-11703 elementor-11668\" data-elementor-post-type=\"post\">\n\t\t\t\t<div class=\"elementor-element elementor-element-8960bec e-flex e-con-boxed e-con e-parent\" data-id=\"8960bec\" data-element_type=\"container\" data-e-type=\"container\" data-settings=\"{&quot;background_background&quot;:&quot;classic&quot;}\">\n\t\t\t\t\t<div class=\"e-con-inner\">\n\t\t\t\t<div class=\"elementor-element elementor-element-1b1513c elementor-widget elementor-widget-heading\" data-id=\"1b1513c\" data-element_type=\"widget\" data-e-type=\"widget\" data-widget_type=\"heading.default\">\n\t\t\t\t<div class=\"elementor-widget-container\">\n\t\t\t\t\t<h1 class=\"elementor-heading-title elementor-size-default\">Stazione di ricarica in Francia<\/h1>\t\t\t\t<\/div>\n\t\t\t\t<\/div>\n\t\t\t\t\t<\/div>\n\t\t\t\t<\/div>\n\t\t<div class=\"elementor-element elementor-element-e98a54e e-flex e-con-boxed e-con e-parent\" data-id=\"e98a54e\" data-element_type=\"container\" data-e-type=\"container\" data-settings=\"{&quot;background_background&quot;:&quot;classic&quot;}\">\n\t\t\t\t\t<div class=\"e-con-inner\">\n\t\t<div class=\"elementor-element elementor-element-4251ba8 e-con-full e-flex e-con e-child\" data-id=\"4251ba8\" data-element_type=\"container\" data-e-type=\"container\">\n\t\t\t\t<div class=\"elementor-element elementor-element-051fab9 elementor-widget elementor-widget-heading\" data-id=\"051fab9\" data-element_type=\"widget\" data-e-type=\"widget\" data-widget_type=\"heading.default\">\n\t\t\t\t<div class=\"elementor-widget-container\">\n\t\t\t\t\t<h2 class=\"elementor-heading-title elementor-size-default\">Prima in Francia: CityCharge inaugura la prima stazione di ricarica a Beauvais.<\/h2>\t\t\t\t<\/div>\n\t\t\t\t<\/div>\n\t\t\t\t<div class=\"elementor-element elementor-element-ec87575 elementor-widget elementor-widget-text-editor\" data-id=\"ec87575\" data-element_type=\"widget\" data-e-type=\"widget\" data-widget_type=\"text-editor.default\">\n\t\t\t\t<div class=\"elementor-widget-container\">\n\t\t\t\t\t\t\t\t\t<div class=\"summary\"><p><strong>CityCharge sta espandendo la sua presenza internazionale in Francia. In collaborazione con la regione Hauts-de-France e il gestore della rete SE60, la prima innovativa stazione di ricarica \u00e8 stata inaugurata ufficialmente il 6 marzo. Questo progetto apre la strada a un&#8217;implementazione su larga scala nel nord della Francia.  <\/strong><\/p><\/div>\t\t\t\t\t\t\t\t<\/div>\n\t\t\t\t<\/div>\n\t\t\t\t<div class=\"elementor-element elementor-element-d0dadbd elementor-align-left animated-fast elementor-invisible elementor-widget elementor-widget-button\" data-id=\"d0dadbd\" data-element_type=\"widget\" data-e-type=\"widget\" data-settings=\"{&quot;_animation&quot;:&quot;zoomIn&quot;}\" data-widget_type=\"button.default\">\n\t\t\t\t<div class=\"elementor-widget-container\">\n\t\t\t\t\t\t\t\t\t<div class=\"elementor-button-wrapper\">\n\t\t\t\t\t<a class=\"elementor-button elementor-button-link elementor-size-sm\" href=\"https:\/\/www.citycharge.eu\/it\/contatto\/\">\n\t\t\t\t\t\t<span class=\"elementor-button-content-wrapper\">\n\t\t\t\t\t\t\t\t\t<span class=\"elementor-button-text\">Richiedi una consulenza<\/span>\n\t\t\t\t\t<\/span>\n\t\t\t\t\t<\/a>\n\t\t\t\t<\/div>\n\t\t\t\t\t\t\t\t<\/div>\n\t\t\t\t<\/div>\n\t\t\t\t<\/div>\n\t\t\t\t\t<\/div>\n\t\t\t\t<\/div>\n\t\t<div class=\"elementor-element elementor-element-6bd6769 e-flex e-con-boxed e-con e-parent\" data-id=\"6bd6769\" data-element_type=\"container\" data-e-type=\"container\" data-settings=\"{&quot;background_background&quot;:&quot;classic&quot;}\">\n\t\t\t\t\t<div class=\"e-con-inner\">\n\t\t<div class=\"elementor-element elementor-element-c30a178 e-con-full e-flex e-con e-child\" data-id=\"c30a178\" data-element_type=\"container\" data-e-type=\"container\">\n\t\t\t\t<div class=\"elementor-element elementor-element-6c59f4d elementor-widget elementor-widget-heading\" data-id=\"6c59f4d\" data-element_type=\"widget\" data-e-type=\"widget\" data-widget_type=\"heading.default\">\n\t\t\t\t<div class=\"elementor-widget-container\">\n\t\t\t\t\t<h2 class=\"elementor-heading-title elementor-size-default\">Il progetto in sintesi<\/h2>\t\t\t\t<\/div>\n\t\t\t\t<\/div>\n\t\t\t\t<div class=\"elementor-element elementor-element-90c85b2 elementor-widget elementor-widget-text-editor\" data-id=\"90c85b2\" data-element_type=\"widget\" data-e-type=\"widget\" data-widget_type=\"text-editor.default\">\n\t\t\t\t<div class=\"elementor-widget-container\">\n\t\t\t\t\t\t\t\t\t<p data-path-to-node=\"7\">Dopo un&#8217;intensa preparazione durata 12 mesi con partner quali la RVO e l&#8217;Ambasciata olandese a Parigi, la citt\u00e0 di Beauvais \u00e8 la prima localit\u00e0 francese ad utilizzare la tecnologia CityCharge. L&#8217;inaugurazione ufficiale \u00e8 stata effettuata da Eric Guerin (Presidente di SE60) e Chanez Herbanne (Consigliere della Regione Hauts-de-France). <\/p>\t\t\t\t\t\t\t\t<\/div>\n\t\t\t\t<\/div>\n\t\t\t\t<div class=\"elementor-element elementor-element-09664a2 elementor-widget elementor-widget-heading\" data-id=\"09664a2\" data-element_type=\"widget\" data-e-type=\"widget\" data-widget_type=\"heading.default\">\n\t\t\t\t<div class=\"elementor-widget-container\">\n\t\t\t\t\t<h2 class=\"elementor-heading-title elementor-size-default\">Perch\u00e9 questo progetto \u00e8 unico:<\/h2>\t\t\t\t<\/div>\n\t\t\t\t<\/div>\n\t\t\t\t<div class=\"elementor-element elementor-element-49ac6d1 elementor-widget elementor-widget-text-editor\" data-id=\"49ac6d1\" data-element_type=\"widget\" data-e-type=\"widget\" data-widget_type=\"text-editor.default\">\n\t\t\t\t<div class=\"elementor-widget-container\">\n\t\t\t\t\t\t\t\t\t<ul data-path-to-node=\"9\"><li><p data-path-to-node=\"9,0,0\"><b data-path-to-node=\"9,0,0\" data-index-in-node=\"0\">Integrazione con &#8216;PassPass&#8217;:<\/b> gli utenti possono ora ricaricare il proprio veicolo elettrico con il noto abbonamento per la mobilit\u00e0, utilizzato anche per autobus, tram e metropolitana nel Nord della Francia.<\/p><\/li><li><p data-path-to-node=\"9,1,0\"><b data-path-to-node=\"9,1,0\" data-index-in-node=\"0\">Uso intelligente dello spazio:<\/b> sono stati scelti i caratteristici pali di ricarica CityCharge, che consentono l&#8217;integrazione perfetta tra infrastruttura di ricarica e illuminazione stradale.<\/p><\/li><li><p data-path-to-node=\"9,2,0\"><b data-path-to-node=\"9,2,0\" data-index-in-node=\"0\">Partnership strategica:<\/b> con questa apertura, CityCharge si afferma come <i data-path-to-node=\"9,2,0\" data-index-in-node=\"66\">fornitore privilegiato<\/i> per oltre 6.000 comuni della regione.<\/p><\/li><\/ul><blockquote data-path-to-node=\"10\"><p data-path-to-node=\"10,0\">Questo passo non solo segna il nostro ingresso nel mercato francese, ma dimostra anche che le nostre soluzioni di ricarica integrate si allineano perfettamente con le ambizioni europee in materia di mobilit\u00e0 urbana intelligente.<\/p><\/blockquote>\t\t\t\t\t\t\t\t<\/div>\n\t\t\t\t<\/div>\n\t\t<div class=\"elementor-element elementor-element-b9ea699 e-con-full elementor-hidden-desktop elementor-hidden-tablet e-flex e-con e-child\" data-id=\"b9ea699\" data-element_type=\"container\" data-e-type=\"container\" data-settings=\"{&quot;background_background&quot;:&quot;classic&quot;}\">\n\t\t\t\t<\/div>\n\t\t\t\t<\/div>\n\t\t<div class=\"elementor-element elementor-element-60453a9 e-con-full elementor-hidden-tablet elementor-hidden-mobile e-flex e-con e-child\" data-id=\"60453a9\" data-element_type=\"container\" data-e-type=\"container\" data-settings=\"{&quot;background_background&quot;:&quot;classic&quot;}\">\n\t\t\t\t<\/div>\n\t\t\t\t\t<\/div>\n\t\t\t\t<\/div>\n\t\t<div class=\"elementor-element elementor-element-7b9b78c e-flex e-con-boxed e-con e-parent\" data-id=\"7b9b78c\" data-element_type=\"container\" data-e-type=\"container\" data-settings=\"{&quot;background_background&quot;:&quot;classic&quot;}\">\n\t\t\t\t\t<div class=\"e-con-inner\">\n\t\t<div class=\"elementor-element elementor-element-a7032f7 e-con-full e-flex e-con e-child\" data-id=\"a7032f7\" data-element_type=\"container\" data-e-type=\"container\" data-settings=\"{&quot;background_background&quot;:&quot;classic&quot;}\">\n\t\t<div class=\"elementor-element elementor-element-1ddb098 e-flex e-con-boxed e-con e-child\" data-id=\"1ddb098\" data-element_type=\"container\" data-e-type=\"container\">\n\t\t\t\t\t<div class=\"e-con-inner\">\n\t\t<div class=\"elementor-element elementor-element-e51556b e-flex e-con-boxed e-con e-child\" data-id=\"e51556b\" data-element_type=\"container\" data-e-type=\"container\">\n\t\t\t\t\t<div class=\"e-con-inner\">\n\t\t\t\t<div class=\"elementor-element elementor-element-f7d38c1 elementor-widget elementor-widget-heading\" data-id=\"f7d38c1\" data-element_type=\"widget\" data-e-type=\"widget\" data-widget_type=\"heading.default\">\n\t\t\t\t<div class=\"elementor-widget-container\">\n\t\t\t\t\t<p class=\"elementor-heading-title elementor-size-default\">\u201cCon CityCharge, la ricarica \u00e8 semplice e senza preoccupazioni. Cos\u00ec dovrebbe essere\u201d.<\/p>\t\t\t\t<\/div>\n\t\t\t\t<\/div>\n\t\t\t\t\t<\/div>\n\t\t\t\t<\/div>\n\t\t\t\t\t<\/div>\n\t\t\t\t<\/div>\n\t\t\t\t<\/div>\n\t\t<div class=\"elementor-element elementor-element-e04f1fe e-con-full e-flex e-con e-child\" data-id=\"e04f1fe\" data-element_type=\"container\" data-e-type=\"container\">\n\t\t\t\t<div class=\"elementor-element elementor-element-f238dbc elementor-widget elementor-widget-heading\" data-id=\"f238dbc\" data-element_type=\"widget\" data-e-type=\"widget\" data-widget_type=\"heading.default\">\n\t\t\t\t<div class=\"elementor-widget-container\">\n\t\t\t\t\t<h2 class=\"elementor-heading-title elementor-size-default\">Vorresti anche ricaricare senza preoccupazioni?<\/h2>\t\t\t\t<\/div>\n\t\t\t\t<\/div>\n\t\t\t\t<div class=\"elementor-element elementor-element-f22513c elementor-widget elementor-widget-text-editor\" data-id=\"f22513c\" data-element_type=\"widget\" data-e-type=\"widget\" data-widget_type=\"text-editor.default\">\n\t\t\t\t<div class=\"elementor-widget-container\">\n\t\t\t\t\t\t\t\t\t<p>Sei curioso di sapere cosa pu\u00f2 fare CityCharge per il tuo comune o progetto? Siamo felici di parlarvi delle possibilit\u00e0.   <\/p>\t\t\t\t\t\t\t\t<\/div>\n\t\t\t\t<\/div>\n\t\t\t\t<div class=\"elementor-element elementor-element-870f390 elementor-widget elementor-widget-text-editor\" data-id=\"870f390\" data-element_type=\"widget\" data-e-type=\"widget\" data-widget_type=\"text-editor.default\">\n\t\t\t\t<div class=\"elementor-widget-container\">\n\t\t\t\t\t\t\t\t\t<p><strong>Contatta uno dei nostri consulenti.<\/strong><\/p>\t\t\t\t\t\t\t\t<\/div>\n\t\t\t\t<\/div>\n\t\t\t\t<div class=\"elementor-element elementor-element-7e81c61 elementor-mobile-align-left elementor-widget elementor-widget-button\" data-id=\"7e81c61\" data-element_type=\"widget\" data-e-type=\"widget\" data-widget_type=\"button.default\">\n\t\t\t\t<div class=\"elementor-widget-container\">\n\t\t\t\t\t\t\t\t\t<div class=\"elementor-button-wrapper\">\n\t\t\t\t\t<a class=\"elementor-button elementor-button-link elementor-size-sm\" href=\"#\">\n\t\t\t\t\t\t<span class=\"elementor-button-content-wrapper\">\n\t\t\t\t\t\t<span class=\"elementor-button-icon\">\n\t\t\t\t<svg aria-hidden=\"true\" class=\"e-font-icon-svg e-fas-phone-alt\" viewBox=\"0 0 512 512\" xmlns=\"http:\/\/www.w3.org\/2000\/svg\"><path d=\"M497.39 361.8l-112-48a24 24 0 0 0-28 6.9l-49.6 60.6A370.66 370.66 0 0 1 130.6 204.11l60.6-49.6a23.94 23.94 0 0 0 6.9-28l-48-112A24.16 24.16 0 0 0 122.6.61l-104 24A24 24 0 0 0 0 48c0 256.5 207.9 464 464 464a24 24 0 0 0 23.4-18.6l24-104a24.29 24.29 0 0 0-14.01-27.6z\"><\/path><\/svg>\t\t\t<\/span>\n\t\t\t\t\t\t\t\t\t<span class=\"elementor-button-text\">085-0716620<\/span>\n\t\t\t\t\t<\/span>\n\t\t\t\t\t<\/a>\n\t\t\t\t<\/div>\n\t\t\t\t\t\t\t\t<\/div>\n\t\t\t\t<\/div>\n\t\t\t\t<div class=\"elementor-element elementor-element-e7152c3 elementor-align-left animated-fast elementor-invisible elementor-widget elementor-widget-button\" data-id=\"e7152c3\" data-element_type=\"widget\" data-e-type=\"widget\" data-settings=\"{&quot;_animation&quot;:&quot;zoomIn&quot;}\" data-widget_type=\"button.default\">\n\t\t\t\t<div class=\"elementor-widget-container\">\n\t\t\t\t\t\t\t\t\t<div class=\"elementor-button-wrapper\">\n\t\t\t\t\t<a class=\"elementor-button elementor-button-link elementor-size-sm\" href=\"https:\/\/www.citycharge.eu\/it\/contatto\/\">\n\t\t\t\t\t\t<span class=\"elementor-button-content-wrapper\">\n\t\t\t\t\t\t\t\t\t<span class=\"elementor-button-text\">Contatto<\/span>\n\t\t\t\t\t<\/span>\n\t\t\t\t\t<\/a>\n\t\t\t\t<\/div>\n\t\t\t\t\t\t\t\t<\/div>\n\t\t\t\t<\/div>\n\t\t\t\t<\/div>\n\t\t\t\t\t<\/div>\n\t\t\t\t<\/div>\n\t\t\t\t<\/div>\n\t\t","protected":false},"excerpt":{"rendered":"<p>Stazione di ricarica in Francia Prima in Francia: CityCharge inaugura la prima stazione di ricarica a Beauvais. CityCharge sta espandendo la sua presenza internazionale in Francia. In collaborazione con la regione Hauts-de-France e il gestore della rete SE60, la prima innovativa stazione di ricarica \u00e8 stata inaugurata ufficialmente il 6 marzo. Questo progetto apre la [&hellip;]<\/p>\n","protected":false},"author":2,"featured_media":0,"comment_status":"closed","ping_status":"closed","sticky":false,"template":"elementor_header_footer","format":"standard","meta":{"_acf_changed":false,"footnotes":""},"categories":[75],"tags":[],"class_list":["post-11703","post","type-post","status-publish","format-standard","hentry","category-casi"],"acf":[],"yoast_head":"<!-- This site is optimized with the Yoast SEO plugin v27.5 - https:\/\/yoast.com\/product\/yoast-seo-wordpress\/ -->\n<title>Stazione di ricarica in Francia - CityCharge<\/title>\n<meta name=\"description\" content=\"In collaborazione con SE60, CityCharge inaugura la sua prima stazione di ricarica in Francia. Ricarica intelligente tramite lampioni, ora collegata anche al sistema PassPass.\" \/>\n<meta name=\"robots\" content=\"index, follow, max-snippet:-1, max-image-preview:large, max-video-preview:-1\" \/>\n<link rel=\"canonical\" href=\"https:\/\/www.citycharge.eu\/it\/stazione-di-ricarica-in-francia\/\" \/>\n<meta property=\"og:locale\" content=\"it_IT\" \/>\n<meta property=\"og:type\" content=\"article\" \/>\n<meta property=\"og:title\" content=\"Stazione di ricarica in Francia - CityCharge\" \/>\n<meta property=\"og:description\" content=\"In collaborazione con SE60, CityCharge inaugura la sua prima stazione di ricarica in Francia. Ricarica intelligente tramite lampioni, ora collegata anche al sistema PassPass.\" \/>\n<meta property=\"og:url\" content=\"https:\/\/www.citycharge.eu\/it\/stazione-di-ricarica-in-francia\/\" \/>\n<meta property=\"og:site_name\" content=\"CityCharge\" \/>\n<meta property=\"article:published_time\" content=\"2026-03-18T14:56:04+00:00\" \/>\n<meta property=\"article:modified_time\" content=\"2026-03-18T15:07:55+00:00\" \/>\n<meta name=\"author\" content=\"Danique\" \/>\n<meta name=\"twitter:card\" content=\"summary_large_image\" \/>\n<meta name=\"twitter:label1\" content=\"Scritto da\" \/>\n\t<meta name=\"twitter:data1\" content=\"Danique\" \/>\n\t<meta name=\"twitter:label2\" content=\"Tempo di lettura stimato\" \/>\n\t<meta name=\"twitter:data2\" content=\"1 minuto\" \/>\n<script type=\"application\/ld+json\" class=\"yoast-schema-graph\">{\"@context\":\"https:\\\/\\\/schema.org\",\"@graph\":[{\"@type\":\"Article\",\"@id\":\"https:\\\/\\\/www.citycharge.eu\\\/it\\\/stazione-di-ricarica-in-francia\\\/#article\",\"isPartOf\":{\"@id\":\"https:\\\/\\\/www.citycharge.eu\\\/it\\\/stazione-di-ricarica-in-francia\\\/\"},\"author\":{\"name\":\"Danique\",\"@id\":\"https:\\\/\\\/www.citycharge.eu\\\/it\\\/#\\\/schema\\\/person\\\/139ed150cae75a3610198856265ef602\"},\"headline\":\"Stazione di ricarica in Francia\",\"datePublished\":\"2026-03-18T14:56:04+00:00\",\"dateModified\":\"2026-03-18T15:07:55+00:00\",\"mainEntityOfPage\":{\"@id\":\"https:\\\/\\\/www.citycharge.eu\\\/it\\\/stazione-di-ricarica-in-francia\\\/\"},\"wordCount\":276,\"publisher\":{\"@id\":\"https:\\\/\\\/www.citycharge.eu\\\/it\\\/#organization\"},\"articleSection\":[\"Casi\"],\"inLanguage\":\"it-IT\"},{\"@type\":\"WebPage\",\"@id\":\"https:\\\/\\\/www.citycharge.eu\\\/it\\\/stazione-di-ricarica-in-francia\\\/\",\"url\":\"https:\\\/\\\/www.citycharge.eu\\\/it\\\/stazione-di-ricarica-in-francia\\\/\",\"name\":\"Stazione di ricarica in Francia - CityCharge\",\"isPartOf\":{\"@id\":\"https:\\\/\\\/www.citycharge.eu\\\/it\\\/#website\"},\"datePublished\":\"2026-03-18T14:56:04+00:00\",\"dateModified\":\"2026-03-18T15:07:55+00:00\",\"description\":\"In collaborazione con SE60, CityCharge inaugura la sua prima stazione di ricarica in Francia. Ricarica intelligente tramite lampioni, ora collegata anche al sistema PassPass.\",\"breadcrumb\":{\"@id\":\"https:\\\/\\\/www.citycharge.eu\\\/it\\\/stazione-di-ricarica-in-francia\\\/#breadcrumb\"},\"inLanguage\":\"it-IT\",\"potentialAction\":[{\"@type\":\"ReadAction\",\"target\":[\"https:\\\/\\\/www.citycharge.eu\\\/it\\\/stazione-di-ricarica-in-francia\\\/\"]}]},{\"@type\":\"BreadcrumbList\",\"@id\":\"https:\\\/\\\/www.citycharge.eu\\\/it\\\/stazione-di-ricarica-in-francia\\\/#breadcrumb\",\"itemListElement\":[{\"@type\":\"ListItem\",\"position\":1,\"name\":\"Home\",\"item\":\"https:\\\/\\\/www.citycharge.eu\\\/it\\\/\"},{\"@type\":\"ListItem\",\"position\":2,\"name\":\"Stazione di ricarica in Francia\"}]},{\"@type\":\"WebSite\",\"@id\":\"https:\\\/\\\/www.citycharge.eu\\\/it\\\/#website\",\"url\":\"https:\\\/\\\/www.citycharge.eu\\\/it\\\/\",\"name\":\"CityCharge\",\"description\":\"Nieuw licht op laden\",\"publisher\":{\"@id\":\"https:\\\/\\\/www.citycharge.eu\\\/it\\\/#organization\"},\"potentialAction\":[{\"@type\":\"SearchAction\",\"target\":{\"@type\":\"EntryPoint\",\"urlTemplate\":\"https:\\\/\\\/www.citycharge.eu\\\/it\\\/?s={search_term_string}\"},\"query-input\":{\"@type\":\"PropertyValueSpecification\",\"valueRequired\":true,\"valueName\":\"search_term_string\"}}],\"inLanguage\":\"it-IT\"},{\"@type\":\"Organization\",\"@id\":\"https:\\\/\\\/www.citycharge.eu\\\/it\\\/#organization\",\"name\":\"CityCharge\",\"url\":\"https:\\\/\\\/www.citycharge.eu\\\/it\\\/\",\"logo\":{\"@type\":\"ImageObject\",\"inLanguage\":\"it-IT\",\"@id\":\"https:\\\/\\\/www.citycharge.eu\\\/it\\\/#\\\/schema\\\/logo\\\/image\\\/\",\"url\":\"https:\\\/\\\/www.citycharge.eu\\\/wp-content\\\/uploads\\\/2024\\\/07\\\/Citycharge_payofff_white.svg\",\"contentUrl\":\"https:\\\/\\\/www.citycharge.eu\\\/wp-content\\\/uploads\\\/2024\\\/07\\\/Citycharge_payofff_white.svg\",\"width\":1920,\"height\":530,\"caption\":\"CityCharge\"},\"image\":{\"@id\":\"https:\\\/\\\/www.citycharge.eu\\\/it\\\/#\\\/schema\\\/logo\\\/image\\\/\"}},{\"@type\":\"Person\",\"@id\":\"https:\\\/\\\/www.citycharge.eu\\\/it\\\/#\\\/schema\\\/person\\\/139ed150cae75a3610198856265ef602\",\"name\":\"Danique\",\"image\":{\"@type\":\"ImageObject\",\"inLanguage\":\"it-IT\",\"@id\":\"https:\\\/\\\/secure.gravatar.com\\\/avatar\\\/2f3292a2b91653394d5be1d0518dec168aeade35a36c003959a83a0e10a262fb?s=96&d=mm&r=g\",\"url\":\"https:\\\/\\\/secure.gravatar.com\\\/avatar\\\/2f3292a2b91653394d5be1d0518dec168aeade35a36c003959a83a0e10a262fb?s=96&d=mm&r=g\",\"contentUrl\":\"https:\\\/\\\/secure.gravatar.com\\\/avatar\\\/2f3292a2b91653394d5be1d0518dec168aeade35a36c003959a83a0e10a262fb?s=96&d=mm&r=g\",\"caption\":\"Danique\"},\"url\":\"https:\\\/\\\/www.citycharge.eu\\\/it\\\/author\\\/danique\\\/\"}]}<\/script>\n<!-- \/ Yoast SEO plugin. -->","yoast_head_json":{"title":"Stazione di ricarica in Francia - CityCharge","description":"In collaborazione con SE60, CityCharge inaugura la sua prima stazione di ricarica in Francia. Ricarica intelligente tramite lampioni, ora collegata anche al sistema PassPass.","robots":{"index":"index","follow":"follow","max-snippet":"max-snippet:-1","max-image-preview":"max-image-preview:large","max-video-preview":"max-video-preview:-1"},"canonical":"https:\/\/www.citycharge.eu\/it\/stazione-di-ricarica-in-francia\/","og_locale":"it_IT","og_type":"article","og_title":"Stazione di ricarica in Francia - CityCharge","og_description":"In collaborazione con SE60, CityCharge inaugura la sua prima stazione di ricarica in Francia. Ricarica intelligente tramite lampioni, ora collegata anche al sistema PassPass.","og_url":"https:\/\/www.citycharge.eu\/it\/stazione-di-ricarica-in-francia\/","og_site_name":"CityCharge","article_published_time":"2026-03-18T14:56:04+00:00","article_modified_time":"2026-03-18T15:07:55+00:00","author":"Danique","twitter_card":"summary_large_image","twitter_misc":{"Scritto da":"Danique","Tempo di lettura stimato":"1 minuto"},"schema":{"@context":"https:\/\/schema.org","@graph":[{"@type":"Article","@id":"https:\/\/www.citycharge.eu\/it\/stazione-di-ricarica-in-francia\/#article","isPartOf":{"@id":"https:\/\/www.citycharge.eu\/it\/stazione-di-ricarica-in-francia\/"},"author":{"name":"Danique","@id":"https:\/\/www.citycharge.eu\/it\/#\/schema\/person\/139ed150cae75a3610198856265ef602"},"headline":"Stazione di ricarica in Francia","datePublished":"2026-03-18T14:56:04+00:00","dateModified":"2026-03-18T15:07:55+00:00","mainEntityOfPage":{"@id":"https:\/\/www.citycharge.eu\/it\/stazione-di-ricarica-in-francia\/"},"wordCount":276,"publisher":{"@id":"https:\/\/www.citycharge.eu\/it\/#organization"},"articleSection":["Casi"],"inLanguage":"it-IT"},{"@type":"WebPage","@id":"https:\/\/www.citycharge.eu\/it\/stazione-di-ricarica-in-francia\/","url":"https:\/\/www.citycharge.eu\/it\/stazione-di-ricarica-in-francia\/","name":"Stazione di ricarica in Francia - CityCharge","isPartOf":{"@id":"https:\/\/www.citycharge.eu\/it\/#website"},"datePublished":"2026-03-18T14:56:04+00:00","dateModified":"2026-03-18T15:07:55+00:00","description":"In collaborazione con SE60, CityCharge inaugura la sua prima stazione di ricarica in Francia. Ricarica intelligente tramite lampioni, ora collegata anche al sistema PassPass.","breadcrumb":{"@id":"https:\/\/www.citycharge.eu\/it\/stazione-di-ricarica-in-francia\/#breadcrumb"},"inLanguage":"it-IT","potentialAction":[{"@type":"ReadAction","target":["https:\/\/www.citycharge.eu\/it\/stazione-di-ricarica-in-francia\/"]}]},{"@type":"BreadcrumbList","@id":"https:\/\/www.citycharge.eu\/it\/stazione-di-ricarica-in-francia\/#breadcrumb","itemListElement":[{"@type":"ListItem","position":1,"name":"Home","item":"https:\/\/www.citycharge.eu\/it\/"},{"@type":"ListItem","position":2,"name":"Stazione di ricarica in Francia"}]},{"@type":"WebSite","@id":"https:\/\/www.citycharge.eu\/it\/#website","url":"https:\/\/www.citycharge.eu\/it\/","name":"CityCharge","description":"Nieuw licht op laden","publisher":{"@id":"https:\/\/www.citycharge.eu\/it\/#organization"},"potentialAction":[{"@type":"SearchAction","target":{"@type":"EntryPoint","urlTemplate":"https:\/\/www.citycharge.eu\/it\/?s={search_term_string}"},"query-input":{"@type":"PropertyValueSpecification","valueRequired":true,"valueName":"search_term_string"}}],"inLanguage":"it-IT"},{"@type":"Organization","@id":"https:\/\/www.citycharge.eu\/it\/#organization","name":"CityCharge","url":"https:\/\/www.citycharge.eu\/it\/","logo":{"@type":"ImageObject","inLanguage":"it-IT","@id":"https:\/\/www.citycharge.eu\/it\/#\/schema\/logo\/image\/","url":"https:\/\/www.citycharge.eu\/wp-content\/uploads\/2024\/07\/Citycharge_payofff_white.svg","contentUrl":"https:\/\/www.citycharge.eu\/wp-content\/uploads\/2024\/07\/Citycharge_payofff_white.svg","width":1920,"height":530,"caption":"CityCharge"},"image":{"@id":"https:\/\/www.citycharge.eu\/it\/#\/schema\/logo\/image\/"}},{"@type":"Person","@id":"https:\/\/www.citycharge.eu\/it\/#\/schema\/person\/139ed150cae75a3610198856265ef602","name":"Danique","image":{"@type":"ImageObject","inLanguage":"it-IT","@id":"https:\/\/secure.gravatar.com\/avatar\/2f3292a2b91653394d5be1d0518dec168aeade35a36c003959a83a0e10a262fb?s=96&d=mm&r=g","url":"https:\/\/secure.gravatar.com\/avatar\/2f3292a2b91653394d5be1d0518dec168aeade35a36c003959a83a0e10a262fb?s=96&d=mm&r=g","contentUrl":"https:\/\/secure.gravatar.com\/avatar\/2f3292a2b91653394d5be1d0518dec168aeade35a36c003959a83a0e10a262fb?s=96&d=mm&r=g","caption":"Danique"},"url":"https:\/\/www.citycharge.eu\/it\/author\/danique\/"}]}},"_links":{"self":[{"href":"https:\/\/www.citycharge.eu\/it\/wp-json\/wp\/v2\/posts\/11703","targetHints":{"allow":["GET"]}}],"collection":[{"href":"https:\/\/www.citycharge.eu\/it\/wp-json\/wp\/v2\/posts"}],"about":[{"href":"https:\/\/www.citycharge.eu\/it\/wp-json\/wp\/v2\/types\/post"}],"author":[{"embeddable":true,"href":"https:\/\/www.citycharge.eu\/it\/wp-json\/wp\/v2\/users\/2"}],"replies":[{"embeddable":true,"href":"https:\/\/www.citycharge.eu\/it\/wp-json\/wp\/v2\/comments?post=11703"}],"version-history":[{"count":1,"href":"https:\/\/www.citycharge.eu\/it\/wp-json\/wp\/v2\/posts\/11703\/revisions"}],"predecessor-version":[{"id":11704,"href":"https:\/\/www.citycharge.eu\/it\/wp-json\/wp\/v2\/posts\/11703\/revisions\/11704"}],"wp:attachment":[{"href":"https:\/\/www.citycharge.eu\/it\/wp-json\/wp\/v2\/media?parent=11703"}],"wp:term":[{"taxonomy":"category","embeddable":true,"href":"https:\/\/www.citycharge.eu\/it\/wp-json\/wp\/v2\/categories?post=11703"},{"taxonomy":"post_tag","embeddable":true,"href":"https:\/\/www.citycharge.eu\/it\/wp-json\/wp\/v2\/tags?post=11703"}],"curies":[{"name":"wp","href":"https:\/\/api.w.org\/{rel}","templated":true}]}}