{"id":9402,"date":"2021-09-30T15:43:43","date_gmt":"2021-09-30T15:43:43","guid":{"rendered":"https:\/\/www.citycharge.eu\/primevest-trasforma-il-lampione-in-un-punto-di-ricarica-intelligente-per-facilitare-la-crescita-esplosiva-delle-auto-elettriche\/"},"modified":"2021-09-30T15:43:43","modified_gmt":"2021-09-30T15:43:43","slug":"primevest-trasforma-il-lampione-in-un-punto-di-ricarica-intelligente-per-facilitare-la-crescita-esplosiva-delle-auto-elettriche","status":"publish","type":"post","link":"https:\/\/www.citycharge.eu\/it\/primevest-trasforma-il-lampione-in-un-punto-di-ricarica-intelligente-per-facilitare-la-crescita-esplosiva-delle-auto-elettriche\/","title":{"rendered":"Primevest trasforma il lampione in un punto di ricarica intelligente per facilitare la crescita esplosiva delle auto elettriche"},"content":{"rendered":"<div class=\"halfpage-ad-nodepage sticky-container\" data-sticky-container=\"\">\n<div class=\"sticky is-anchored is-at-top\" data-sticky=\"\" data-anchor=\"sticky-parent\" data-margin-top=\"7\" data-resize=\"i78ge7-sticky\" data-mutate=\"i78ge7-sticky\" data-i=\"536yve-i\" data-events=\"resize\">\n<div id=\"dfp-halfpage1\" data-google-query-id=\"CMuj1JP6-PECFZC43godwRcBbA\">\n<div id=\"google_ads_iframe_\/21730500021\/rtl-nieuws\/web\/detail_4__container__\">\n<p><strong>La tecnologia stradale pi\u00f9 antica del mondo, il lampione, viene trasformata da Primevest Capital Partners e dai suoi partner Dutch Charge, Nedal e CityTec in un punto di ricarica digitale multifunzionale per affrontare l&#8217;enorme carenza di punti di ricarica per le auto elettriche in tutta Europa. Il comune olandese di Renkum vicino ad Arnhem \u00e8 recentemente diventato il primo quartiere &#8220;intelligente&#8221; in Europa dopo aver installato questa forma di illuminazione stradale sostenibile e adattabile. Si prevede che altri comuni e citt\u00e0 in altri Paesi dei Paesi Bassi e altrove seguiranno l\u2019esempio a causa dell\u2019enorme e crescente carenza di punti di ricarica elettrici.  <\/strong><\/p>\n<p>Ogni anno in Europa vengono venduti almeno un milione di veicoli elettrici e si prevede che questo numero superer\u00e0 i 30 milioni nei prossimi 10 anni, secondo i dati dell\u2019Agenzia internazionale per l\u2019energia (IEA).<\/p>\n<p><strong>Peter Helfrich, socio amministratore di Primevest Capital Partners, ha dichiarato:<\/strong>  \u201cIl potenziale di questo mercato \u00e8 enorme, in particolare nei nostri mercati nazionali, Paesi Bassi e Germania, ma anche nel Regno Unito, in Francia e in Scandinavia. Solo nei Paesi Bassi stiamo assistendo a una crescita esponenziale della domanda di stazioni di ricarica per veicoli elettrici e entro il 2030 saranno necessari oltre 1,7 milioni di punti di ricarica. Attualmente vengono installati solo 45 punti di ricarica al giorno, il che deve moltiplicarsi pi\u00f9 di dieci volte arrivando a 600. ogni giorno per misurare la domanda attuale. I nostri partner Dutch Charge, CityTec e Nedal si sono uniti a noi per rispondere a questi sviluppi e stanno fornendo lampioni Citycharge completi in cui potranno essere integrati moduli per la ricarica elettrica e, in futuro, anche Internet of Things, videosorveglianza e 5G\u201d.<\/p>\n<figure id=\"attachment_7171\" aria-describedby=\"caption-attachment-7171\" style=\"width: 311px\" class=\"wp-caption alignright\"><img fetchpriority=\"high\" decoding=\"async\" class=\"wp-image-7171\" src=\"https:\/\/www.dutchcharge.nl\/wp-content\/uploads\/2021\/09\/Gemeente-Renkum-Persmoment-2-200x300.jpeg\" alt=\"\" width=\"311\" height=\"466\"><figcaption id=\"caption-attachment-7171\" class=\"wp-caption-text\">Joa Maouche<\/figcaption><\/figure>\n<p><strong>Joa Maouche, assessore al clima e alla sostenibilit\u00e0 del comune di Renkum, ha aggiunto:<\/strong>  \u201cIl comune di Renkum ha sostituito quasi tutti i suoi 6.300 lampioni con le versioni intelligenti e sostenibili fornite da Primevest CP e dai suoi partner. Questi lampioni verranno ora dotati di nuove funzioni, come la sorveglianza tramite telecamera, e nel corso dell&#8217;autunno verranno aggiunte le prime stazioni di ricarica Citycharge certificate dalla Fondazione olandese E-Charging. Aggiungendo queste nuove funzionalit\u00e0, stiamo creando una nuova forma di illuminazione stradale veramente &#8220;intelligente&#8221;. Siamo lieti che il nostro comune abbia contribuito a questo sviluppo che pu\u00f2 aiutare pi\u00f9 comuni a raggiungere i propri obiettivi di sostenibilit\u00e0 e a combattere il crescente disordine nei nostri spazi pubblici dovuto all\u2019aggiunta di nuovi tipi di servizi\u201d. Si prevede che il numero di auto elettriche in uso a livello globale aumenter\u00e0 nei prossimi 10 anni, passando da 11 milioni nel 2020 a 145 milioni nel 2030, secondo le stime dell\u2019AIE. In Europa, Norvegia (18,1%), Islanda (5,5%) e Svezia (3,7%) sono in testa in termini di quota di mercato delle auto elettriche rispetto al totale delle scorte. Il Regno Unito mira ad aumentare il numero da 450.000 nel 2020 a otto milioni entro il 2030. La Germania \u00e8 attualmente il pi\u00f9 grande mercato in Europa per le auto elettriche: entro il 2020, il 14% di tutte le nuove auto vendute saranno elettriche e il numero totale ammonta ora a oltre 700.000 . I punti di ricarica per le auto elettriche sono solo una delle nuove tipologie di arredo urbano che si aggiungono agli spazi pubblici. Nei Paesi Bassi, i fornitori di telecomunicazioni mobili devono avere accesso alle antenne 5G secondo i requisiti stabiliti dal ministero degli Affari economici olandese per la partecipazione all\u2019asta per le frequenze 5G nazionali. I comuni olandesi sono inoltre tenuti a ridurre il consumo energetico del 55% entro il 2030 (EU fit for 55) e le emissioni di CO2 di una percentuale simile per rispettare l\u2019accordo olandese sul clima. I lampioni multifunzionali intelligenti dotati di illuminazione a LED possono dare un contributo importante al raggiungimento di questo obiettivo.<\/p>\n<p><strong>Heimen Visser, Fund Manager Communication Infrastructure &amp; Smart Cities presso Primevest CP, ha concluso:<\/strong>  \u201cIl comune di Renkum \u00e8 un pioniere nei Paesi Bassi e forse nel mondo con l\u2019installazione di questa infrastruttura intelligente. Ci aspettiamo che altri comuni nei Paesi Bassi, ma anche altrove in Europa, seguano presto l&#8217;esempio di Renkum e implementino i nostri lampioni multifunzionali. Il nostro modello Smart City Netherlands, che abbiamo sviluppato in collaborazione con la banca municipale olandese BNG Bank, pu\u00f2 essere facilmente ampliato. E grazie al loro carattere multifunzionale, i nostri pali intelligenti sono anche molto pi\u00f9 sostenibili ed economici da acquistare e mantenere rispetto ai lampioni tradizionali\u201d.<\/p>\n<p><img decoding=\"async\" class=\"alignnone wp-image-7186 size-full\" src=\"https:\/\/www.dutchcharge.nl\/wp-content\/uploads\/2021\/09\/Gemeente-Renkum-persmoment-1.jpeg\" alt=\"\" width=\"1920\" height=\"1280\"><\/p>\n<p><strong>Informazioni su Primevest Capital Partners<\/strong><br \/>\n Primevest Capital Partners \u00e8 una boutique di investimento paneuropea specializzata in investimenti immobiliari e immobiliari innovativi. Noi di Primevest Capital Partners la nostra visione \u00e8 quella di rendere le nostre citt\u00e0 a prova di futuro offrendo una migliore vita urbana, connettivit\u00e0 e mobilit\u00e0 mentre investiamo in tutta Europa in case contemporanee e convenienti, infrastrutture di comunicazione e parcheggi. La nostra filosofia e visione di investimento sono stimolate dall\u2019attuale tendenza all\u2019urbanizzazione e dalla capacit\u00e0 di soddisfare le moderne esigenze delle comunit\u00e0 metropolitane, migliorando al contempo la qualit\u00e0 e la sostenibilit\u00e0 della vita delle persone. Dai nostri uffici di Utrecht e Berlino, un team di 40 professionisti gestisce un patrimonio di 1,8 miliardi di euro attraverso sei fondi settoriali e due mandati istituzionali individuali. <strong>Per ulteriori informazioni, contattare:<\/strong><br \/>\n Primevest Capital Partners<br \/>\n Lisette van der Ham<br \/>\n Responsabile Marketing e Comunicazione Aziendale<br \/>\n T: +31 6 832 005 61   <\/p>\n<p><a href=\"mailto:lisette.vanderham@primevestcp.com\">lisette.vanderham@primevestcp.com<\/a><br \/>\n<a href=\"http:\/\/www.primevestcp.com\/\" target=\"_blank\" rel=\"noopener\">www.primevestcp.com<\/a><\/p>\n<\/div>\n<\/div>\n<\/div>\n<\/div>\n","protected":false},"excerpt":{"rendered":"<p>La tecnologia stradale pi\u00f9 antica del mondo, il lampione, viene trasformata da Primevest Capital Partners e dai suoi partner Dutch Charge, Nedal e CityTec in un punto di ricarica digitale multifunzionale per affrontare l&#8217;enorme carenza di punti di ricarica per le auto elettriche in tutta Europa. Il comune olandese di Renkum vicino ad Arnhem \u00e8 [&hellip;]<\/p>\n","protected":false},"author":1,"featured_media":8841,"comment_status":"closed","ping_status":"closed","sticky":false,"template":"","format":"standard","meta":{"_acf_changed":false,"footnotes":""},"categories":[65],"tags":[],"class_list":["post-9402","post","type-post","status-publish","format-standard","has-post-thumbnail","hentry","category-notizia"],"acf":[],"yoast_head":"<!-- This site is optimized with the Yoast SEO plugin v27.5 - https:\/\/yoast.com\/product\/yoast-seo-wordpress\/ -->\n<title>Primevest trasforma il lampione in un punto di ricarica intelligente per facilitare la crescita esplosiva delle auto elettriche - CityCharge<\/title>\n<meta name=\"robots\" content=\"index, follow, max-snippet:-1, max-image-preview:large, max-video-preview:-1\" \/>\n<link rel=\"canonical\" href=\"https:\/\/www.citycharge.eu\/it\/primevest-trasforma-il-lampione-in-un-punto-di-ricarica-intelligente-per-facilitare-la-crescita-esplosiva-delle-auto-elettriche\/\" \/>\n<meta property=\"og:locale\" content=\"it_IT\" \/>\n<meta property=\"og:type\" content=\"article\" \/>\n<meta property=\"og:title\" content=\"Primevest trasforma il lampione in un punto di ricarica intelligente per facilitare la crescita esplosiva delle auto elettriche - CityCharge\" \/>\n<meta property=\"og:description\" content=\"La tecnologia stradale pi\u00f9 antica del mondo, il lampione, viene trasformata da Primevest Capital Partners e dai suoi partner Dutch Charge, Nedal e CityTec in un punto di ricarica digitale multifunzionale per affrontare l&#8217;enorme carenza di punti di ricarica per le auto elettriche in tutta Europa. Il comune olandese di Renkum vicino ad Arnhem \u00e8 [&hellip;]\" \/>\n<meta property=\"og:url\" content=\"https:\/\/www.citycharge.eu\/it\/primevest-trasforma-il-lampione-in-un-punto-di-ricarica-intelligente-per-facilitare-la-crescita-esplosiva-delle-auto-elettriche\/\" \/>\n<meta property=\"og:site_name\" content=\"CityCharge\" \/>\n<meta property=\"article:published_time\" content=\"2021-09-30T15:43:43+00:00\" \/>\n<meta property=\"og:image\" content=\"https:\/\/www.citycharge.eu\/wp-content\/uploads\/2022\/12\/african-american-girl-charging-electro-car-at-the-2023-11-27-05-13-45-utc-scaled.jpg\" \/>\n\t<meta property=\"og:image:width\" content=\"2560\" \/>\n\t<meta property=\"og:image:height\" content=\"1707\" \/>\n\t<meta property=\"og:image:type\" content=\"image\/jpeg\" \/>\n<meta name=\"author\" content=\"admin\" \/>\n<meta name=\"twitter:card\" content=\"summary_large_image\" \/>\n<meta name=\"twitter:label1\" content=\"Scritto da\" \/>\n\t<meta name=\"twitter:data1\" content=\"admin\" \/>\n\t<meta name=\"twitter:label2\" content=\"Tempo di lettura stimato\" \/>\n\t<meta name=\"twitter:data2\" content=\"4 minuti\" \/>\n<script type=\"application\/ld+json\" class=\"yoast-schema-graph\">{\"@context\":\"https:\\\/\\\/schema.org\",\"@graph\":[{\"@type\":\"Article\",\"@id\":\"https:\\\/\\\/www.citycharge.eu\\\/it\\\/primevest-trasforma-il-lampione-in-un-punto-di-ricarica-intelligente-per-facilitare-la-crescita-esplosiva-delle-auto-elettriche\\\/#article\",\"isPartOf\":{\"@id\":\"https:\\\/\\\/www.citycharge.eu\\\/it\\\/primevest-trasforma-il-lampione-in-un-punto-di-ricarica-intelligente-per-facilitare-la-crescita-esplosiva-delle-auto-elettriche\\\/\"},\"author\":{\"name\":\"admin\",\"@id\":\"https:\\\/\\\/www.citycharge.eu\\\/it\\\/#\\\/schema\\\/person\\\/0a798ff10afa77f3d0c65789b5d62f17\"},\"headline\":\"Primevest trasforma il lampione in un punto di ricarica intelligente per facilitare la crescita esplosiva delle auto elettriche\",\"datePublished\":\"2021-09-30T15:43:43+00:00\",\"mainEntityOfPage\":{\"@id\":\"https:\\\/\\\/www.citycharge.eu\\\/it\\\/primevest-trasforma-il-lampione-in-un-punto-di-ricarica-intelligente-per-facilitare-la-crescita-esplosiva-delle-auto-elettriche\\\/\"},\"wordCount\":889,\"publisher\":{\"@id\":\"https:\\\/\\\/www.citycharge.eu\\\/it\\\/#organization\"},\"image\":{\"@id\":\"https:\\\/\\\/www.citycharge.eu\\\/it\\\/primevest-trasforma-il-lampione-in-un-punto-di-ricarica-intelligente-per-facilitare-la-crescita-esplosiva-delle-auto-elettriche\\\/#primaryimage\"},\"thumbnailUrl\":\"https:\\\/\\\/www.citycharge.eu\\\/wp-content\\\/uploads\\\/2022\\\/12\\\/african-american-girl-charging-electro-car-at-the-2023-11-27-05-13-45-utc-scaled.jpg\",\"articleSection\":[\"Notizia\"],\"inLanguage\":\"it-IT\"},{\"@type\":\"WebPage\",\"@id\":\"https:\\\/\\\/www.citycharge.eu\\\/it\\\/primevest-trasforma-il-lampione-in-un-punto-di-ricarica-intelligente-per-facilitare-la-crescita-esplosiva-delle-auto-elettriche\\\/\",\"url\":\"https:\\\/\\\/www.citycharge.eu\\\/it\\\/primevest-trasforma-il-lampione-in-un-punto-di-ricarica-intelligente-per-facilitare-la-crescita-esplosiva-delle-auto-elettriche\\\/\",\"name\":\"Primevest trasforma il lampione in un punto di ricarica intelligente per facilitare la crescita esplosiva delle auto elettriche - CityCharge\",\"isPartOf\":{\"@id\":\"https:\\\/\\\/www.citycharge.eu\\\/it\\\/#website\"},\"primaryImageOfPage\":{\"@id\":\"https:\\\/\\\/www.citycharge.eu\\\/it\\\/primevest-trasforma-il-lampione-in-un-punto-di-ricarica-intelligente-per-facilitare-la-crescita-esplosiva-delle-auto-elettriche\\\/#primaryimage\"},\"image\":{\"@id\":\"https:\\\/\\\/www.citycharge.eu\\\/it\\\/primevest-trasforma-il-lampione-in-un-punto-di-ricarica-intelligente-per-facilitare-la-crescita-esplosiva-delle-auto-elettriche\\\/#primaryimage\"},\"thumbnailUrl\":\"https:\\\/\\\/www.citycharge.eu\\\/wp-content\\\/uploads\\\/2022\\\/12\\\/african-american-girl-charging-electro-car-at-the-2023-11-27-05-13-45-utc-scaled.jpg\",\"datePublished\":\"2021-09-30T15:43:43+00:00\",\"breadcrumb\":{\"@id\":\"https:\\\/\\\/www.citycharge.eu\\\/it\\\/primevest-trasforma-il-lampione-in-un-punto-di-ricarica-intelligente-per-facilitare-la-crescita-esplosiva-delle-auto-elettriche\\\/#breadcrumb\"},\"inLanguage\":\"it-IT\",\"potentialAction\":[{\"@type\":\"ReadAction\",\"target\":[\"https:\\\/\\\/www.citycharge.eu\\\/it\\\/primevest-trasforma-il-lampione-in-un-punto-di-ricarica-intelligente-per-facilitare-la-crescita-esplosiva-delle-auto-elettriche\\\/\"]}]},{\"@type\":\"ImageObject\",\"inLanguage\":\"it-IT\",\"@id\":\"https:\\\/\\\/www.citycharge.eu\\\/it\\\/primevest-trasforma-il-lampione-in-un-punto-di-ricarica-intelligente-per-facilitare-la-crescita-esplosiva-delle-auto-elettriche\\\/#primaryimage\",\"url\":\"https:\\\/\\\/www.citycharge.eu\\\/wp-content\\\/uploads\\\/2022\\\/12\\\/african-american-girl-charging-electro-car-at-the-2023-11-27-05-13-45-utc-scaled.jpg\",\"contentUrl\":\"https:\\\/\\\/www.citycharge.eu\\\/wp-content\\\/uploads\\\/2022\\\/12\\\/african-american-girl-charging-electro-car-at-the-2023-11-27-05-13-45-utc-scaled.jpg\",\"width\":2560,\"height\":1707,\"caption\":\"Islam black girl charging electro car. Eco car.\"},{\"@type\":\"BreadcrumbList\",\"@id\":\"https:\\\/\\\/www.citycharge.eu\\\/it\\\/primevest-trasforma-il-lampione-in-un-punto-di-ricarica-intelligente-per-facilitare-la-crescita-esplosiva-delle-auto-elettriche\\\/#breadcrumb\",\"itemListElement\":[{\"@type\":\"ListItem\",\"position\":1,\"name\":\"Home\",\"item\":\"https:\\\/\\\/www.citycharge.eu\\\/it\\\/\"},{\"@type\":\"ListItem\",\"position\":2,\"name\":\"Primevest trasforma il lampione in un punto di ricarica intelligente per facilitare la crescita esplosiva delle auto elettriche\"}]},{\"@type\":\"WebSite\",\"@id\":\"https:\\\/\\\/www.citycharge.eu\\\/it\\\/#website\",\"url\":\"https:\\\/\\\/www.citycharge.eu\\\/it\\\/\",\"name\":\"CityCharge\",\"description\":\"Nieuw licht op laden\",\"publisher\":{\"@id\":\"https:\\\/\\\/www.citycharge.eu\\\/it\\\/#organization\"},\"potentialAction\":[{\"@type\":\"SearchAction\",\"target\":{\"@type\":\"EntryPoint\",\"urlTemplate\":\"https:\\\/\\\/www.citycharge.eu\\\/it\\\/?s={search_term_string}\"},\"query-input\":{\"@type\":\"PropertyValueSpecification\",\"valueRequired\":true,\"valueName\":\"search_term_string\"}}],\"inLanguage\":\"it-IT\"},{\"@type\":\"Organization\",\"@id\":\"https:\\\/\\\/www.citycharge.eu\\\/it\\\/#organization\",\"name\":\"CityCharge\",\"url\":\"https:\\\/\\\/www.citycharge.eu\\\/it\\\/\",\"logo\":{\"@type\":\"ImageObject\",\"inLanguage\":\"it-IT\",\"@id\":\"https:\\\/\\\/www.citycharge.eu\\\/it\\\/#\\\/schema\\\/logo\\\/image\\\/\",\"url\":\"https:\\\/\\\/www.citycharge.eu\\\/wp-content\\\/uploads\\\/2024\\\/07\\\/Citycharge_payofff_white.svg\",\"contentUrl\":\"https:\\\/\\\/www.citycharge.eu\\\/wp-content\\\/uploads\\\/2024\\\/07\\\/Citycharge_payofff_white.svg\",\"width\":1920,\"height\":530,\"caption\":\"CityCharge\"},\"image\":{\"@id\":\"https:\\\/\\\/www.citycharge.eu\\\/it\\\/#\\\/schema\\\/logo\\\/image\\\/\"}},{\"@type\":\"Person\",\"@id\":\"https:\\\/\\\/www.citycharge.eu\\\/it\\\/#\\\/schema\\\/person\\\/0a798ff10afa77f3d0c65789b5d62f17\",\"name\":\"admin\",\"image\":{\"@type\":\"ImageObject\",\"inLanguage\":\"it-IT\",\"@id\":\"https:\\\/\\\/secure.gravatar.com\\\/avatar\\\/b382f2b0baf85cf8d841621555daa4ae2420c7929b964e5ca4e287310b061056?s=96&d=mm&r=g\",\"url\":\"https:\\\/\\\/secure.gravatar.com\\\/avatar\\\/b382f2b0baf85cf8d841621555daa4ae2420c7929b964e5ca4e287310b061056?s=96&d=mm&r=g\",\"contentUrl\":\"https:\\\/\\\/secure.gravatar.com\\\/avatar\\\/b382f2b0baf85cf8d841621555daa4ae2420c7929b964e5ca4e287310b061056?s=96&d=mm&r=g\",\"caption\":\"admin\"},\"sameAs\":[\"http:\\\/\\\/www.citycharge.eu\"],\"url\":\"https:\\\/\\\/www.citycharge.eu\\\/it\\\/author\\\/admin\\\/\"}]}<\/script>\n<!-- \/ Yoast SEO plugin. -->","yoast_head_json":{"title":"Primevest trasforma il lampione in un punto di ricarica intelligente per facilitare la crescita esplosiva delle auto elettriche - CityCharge","robots":{"index":"index","follow":"follow","max-snippet":"max-snippet:-1","max-image-preview":"max-image-preview:large","max-video-preview":"max-video-preview:-1"},"canonical":"https:\/\/www.citycharge.eu\/it\/primevest-trasforma-il-lampione-in-un-punto-di-ricarica-intelligente-per-facilitare-la-crescita-esplosiva-delle-auto-elettriche\/","og_locale":"it_IT","og_type":"article","og_title":"Primevest trasforma il lampione in un punto di ricarica intelligente per facilitare la crescita esplosiva delle auto elettriche - CityCharge","og_description":"La tecnologia stradale pi\u00f9 antica del mondo, il lampione, viene trasformata da Primevest Capital Partners e dai suoi partner Dutch Charge, Nedal e CityTec in un punto di ricarica digitale multifunzionale per affrontare l&#8217;enorme carenza di punti di ricarica per le auto elettriche in tutta Europa. Il comune olandese di Renkum vicino ad Arnhem \u00e8 [&hellip;]","og_url":"https:\/\/www.citycharge.eu\/it\/primevest-trasforma-il-lampione-in-un-punto-di-ricarica-intelligente-per-facilitare-la-crescita-esplosiva-delle-auto-elettriche\/","og_site_name":"CityCharge","article_published_time":"2021-09-30T15:43:43+00:00","og_image":[{"width":2560,"height":1707,"url":"https:\/\/www.citycharge.eu\/wp-content\/uploads\/2022\/12\/african-american-girl-charging-electro-car-at-the-2023-11-27-05-13-45-utc-scaled.jpg","type":"image\/jpeg"}],"author":"admin","twitter_card":"summary_large_image","twitter_misc":{"Scritto da":"admin","Tempo di lettura stimato":"4 minuti"},"schema":{"@context":"https:\/\/schema.org","@graph":[{"@type":"Article","@id":"https:\/\/www.citycharge.eu\/it\/primevest-trasforma-il-lampione-in-un-punto-di-ricarica-intelligente-per-facilitare-la-crescita-esplosiva-delle-auto-elettriche\/#article","isPartOf":{"@id":"https:\/\/www.citycharge.eu\/it\/primevest-trasforma-il-lampione-in-un-punto-di-ricarica-intelligente-per-facilitare-la-crescita-esplosiva-delle-auto-elettriche\/"},"author":{"name":"admin","@id":"https:\/\/www.citycharge.eu\/it\/#\/schema\/person\/0a798ff10afa77f3d0c65789b5d62f17"},"headline":"Primevest trasforma il lampione in un punto di ricarica intelligente per facilitare la crescita esplosiva delle auto elettriche","datePublished":"2021-09-30T15:43:43+00:00","mainEntityOfPage":{"@id":"https:\/\/www.citycharge.eu\/it\/primevest-trasforma-il-lampione-in-un-punto-di-ricarica-intelligente-per-facilitare-la-crescita-esplosiva-delle-auto-elettriche\/"},"wordCount":889,"publisher":{"@id":"https:\/\/www.citycharge.eu\/it\/#organization"},"image":{"@id":"https:\/\/www.citycharge.eu\/it\/primevest-trasforma-il-lampione-in-un-punto-di-ricarica-intelligente-per-facilitare-la-crescita-esplosiva-delle-auto-elettriche\/#primaryimage"},"thumbnailUrl":"https:\/\/www.citycharge.eu\/wp-content\/uploads\/2022\/12\/african-american-girl-charging-electro-car-at-the-2023-11-27-05-13-45-utc-scaled.jpg","articleSection":["Notizia"],"inLanguage":"it-IT"},{"@type":"WebPage","@id":"https:\/\/www.citycharge.eu\/it\/primevest-trasforma-il-lampione-in-un-punto-di-ricarica-intelligente-per-facilitare-la-crescita-esplosiva-delle-auto-elettriche\/","url":"https:\/\/www.citycharge.eu\/it\/primevest-trasforma-il-lampione-in-un-punto-di-ricarica-intelligente-per-facilitare-la-crescita-esplosiva-delle-auto-elettriche\/","name":"Primevest trasforma il lampione in un punto di ricarica intelligente per facilitare la crescita esplosiva delle auto elettriche - CityCharge","isPartOf":{"@id":"https:\/\/www.citycharge.eu\/it\/#website"},"primaryImageOfPage":{"@id":"https:\/\/www.citycharge.eu\/it\/primevest-trasforma-il-lampione-in-un-punto-di-ricarica-intelligente-per-facilitare-la-crescita-esplosiva-delle-auto-elettriche\/#primaryimage"},"image":{"@id":"https:\/\/www.citycharge.eu\/it\/primevest-trasforma-il-lampione-in-un-punto-di-ricarica-intelligente-per-facilitare-la-crescita-esplosiva-delle-auto-elettriche\/#primaryimage"},"thumbnailUrl":"https:\/\/www.citycharge.eu\/wp-content\/uploads\/2022\/12\/african-american-girl-charging-electro-car-at-the-2023-11-27-05-13-45-utc-scaled.jpg","datePublished":"2021-09-30T15:43:43+00:00","breadcrumb":{"@id":"https:\/\/www.citycharge.eu\/it\/primevest-trasforma-il-lampione-in-un-punto-di-ricarica-intelligente-per-facilitare-la-crescita-esplosiva-delle-auto-elettriche\/#breadcrumb"},"inLanguage":"it-IT","potentialAction":[{"@type":"ReadAction","target":["https:\/\/www.citycharge.eu\/it\/primevest-trasforma-il-lampione-in-un-punto-di-ricarica-intelligente-per-facilitare-la-crescita-esplosiva-delle-auto-elettriche\/"]}]},{"@type":"ImageObject","inLanguage":"it-IT","@id":"https:\/\/www.citycharge.eu\/it\/primevest-trasforma-il-lampione-in-un-punto-di-ricarica-intelligente-per-facilitare-la-crescita-esplosiva-delle-auto-elettriche\/#primaryimage","url":"https:\/\/www.citycharge.eu\/wp-content\/uploads\/2022\/12\/african-american-girl-charging-electro-car-at-the-2023-11-27-05-13-45-utc-scaled.jpg","contentUrl":"https:\/\/www.citycharge.eu\/wp-content\/uploads\/2022\/12\/african-american-girl-charging-electro-car-at-the-2023-11-27-05-13-45-utc-scaled.jpg","width":2560,"height":1707,"caption":"Islam black girl charging electro car. Eco car."},{"@type":"BreadcrumbList","@id":"https:\/\/www.citycharge.eu\/it\/primevest-trasforma-il-lampione-in-un-punto-di-ricarica-intelligente-per-facilitare-la-crescita-esplosiva-delle-auto-elettriche\/#breadcrumb","itemListElement":[{"@type":"ListItem","position":1,"name":"Home","item":"https:\/\/www.citycharge.eu\/it\/"},{"@type":"ListItem","position":2,"name":"Primevest trasforma il lampione in un punto di ricarica intelligente per facilitare la crescita esplosiva delle auto elettriche"}]},{"@type":"WebSite","@id":"https:\/\/www.citycharge.eu\/it\/#website","url":"https:\/\/www.citycharge.eu\/it\/","name":"CityCharge","description":"Nieuw licht op laden","publisher":{"@id":"https:\/\/www.citycharge.eu\/it\/#organization"},"potentialAction":[{"@type":"SearchAction","target":{"@type":"EntryPoint","urlTemplate":"https:\/\/www.citycharge.eu\/it\/?s={search_term_string}"},"query-input":{"@type":"PropertyValueSpecification","valueRequired":true,"valueName":"search_term_string"}}],"inLanguage":"it-IT"},{"@type":"Organization","@id":"https:\/\/www.citycharge.eu\/it\/#organization","name":"CityCharge","url":"https:\/\/www.citycharge.eu\/it\/","logo":{"@type":"ImageObject","inLanguage":"it-IT","@id":"https:\/\/www.citycharge.eu\/it\/#\/schema\/logo\/image\/","url":"https:\/\/www.citycharge.eu\/wp-content\/uploads\/2024\/07\/Citycharge_payofff_white.svg","contentUrl":"https:\/\/www.citycharge.eu\/wp-content\/uploads\/2024\/07\/Citycharge_payofff_white.svg","width":1920,"height":530,"caption":"CityCharge"},"image":{"@id":"https:\/\/www.citycharge.eu\/it\/#\/schema\/logo\/image\/"}},{"@type":"Person","@id":"https:\/\/www.citycharge.eu\/it\/#\/schema\/person\/0a798ff10afa77f3d0c65789b5d62f17","name":"admin","image":{"@type":"ImageObject","inLanguage":"it-IT","@id":"https:\/\/secure.gravatar.com\/avatar\/b382f2b0baf85cf8d841621555daa4ae2420c7929b964e5ca4e287310b061056?s=96&d=mm&r=g","url":"https:\/\/secure.gravatar.com\/avatar\/b382f2b0baf85cf8d841621555daa4ae2420c7929b964e5ca4e287310b061056?s=96&d=mm&r=g","contentUrl":"https:\/\/secure.gravatar.com\/avatar\/b382f2b0baf85cf8d841621555daa4ae2420c7929b964e5ca4e287310b061056?s=96&d=mm&r=g","caption":"admin"},"sameAs":["http:\/\/www.citycharge.eu"],"url":"https:\/\/www.citycharge.eu\/it\/author\/admin\/"}]}},"_links":{"self":[{"href":"https:\/\/www.citycharge.eu\/it\/wp-json\/wp\/v2\/posts\/9402","targetHints":{"allow":["GET"]}}],"collection":[{"href":"https:\/\/www.citycharge.eu\/it\/wp-json\/wp\/v2\/posts"}],"about":[{"href":"https:\/\/www.citycharge.eu\/it\/wp-json\/wp\/v2\/types\/post"}],"author":[{"embeddable":true,"href":"https:\/\/www.citycharge.eu\/it\/wp-json\/wp\/v2\/users\/1"}],"replies":[{"embeddable":true,"href":"https:\/\/www.citycharge.eu\/it\/wp-json\/wp\/v2\/comments?post=9402"}],"version-history":[{"count":0,"href":"https:\/\/www.citycharge.eu\/it\/wp-json\/wp\/v2\/posts\/9402\/revisions"}],"wp:featuredmedia":[{"embeddable":true,"href":"https:\/\/www.citycharge.eu\/it\/wp-json\/wp\/v2\/media\/8841"}],"wp:attachment":[{"href":"https:\/\/www.citycharge.eu\/it\/wp-json\/wp\/v2\/media?parent=9402"}],"wp:term":[{"taxonomy":"category","embeddable":true,"href":"https:\/\/www.citycharge.eu\/it\/wp-json\/wp\/v2\/categories?post=9402"},{"taxonomy":"post_tag","embeddable":true,"href":"https:\/\/www.citycharge.eu\/it\/wp-json\/wp\/v2\/tags?post=9402"}],"curies":[{"name":"wp","href":"https:\/\/api.w.org\/{rel}","templated":true}]}}