{"id":11720,"date":"2026-03-18T14:56:04","date_gmt":"2026-03-18T14:56:04","guid":{"rendered":"https:\/\/www.citycharge.eu\/ladestasjon-i-frankrike\/"},"modified":"2026-03-18T15:08:07","modified_gmt":"2026-03-18T15:08:07","slug":"ladestasjon-i-frankrike","status":"publish","type":"post","link":"https:\/\/www.citycharge.eu\/no\/ladestasjon-i-frankrike\/","title":{"rendered":"Ladestasjon i Frankrike"},"content":{"rendered":"\t\t<div data-elementor-type=\"wp-post\" data-elementor-id=\"11720\" class=\"elementor elementor-11720 elementor-11668\" data-elementor-post-type=\"post\">\n\t\t\t\t<div class=\"elementor-element elementor-element-8960bec e-flex e-con-boxed e-con e-parent\" data-id=\"8960bec\" data-element_type=\"container\" data-e-type=\"container\" data-settings=\"{&quot;background_background&quot;:&quot;classic&quot;}\">\n\t\t\t\t\t<div class=\"e-con-inner\">\n\t\t\t\t<div class=\"elementor-element elementor-element-1b1513c elementor-widget elementor-widget-heading\" data-id=\"1b1513c\" data-element_type=\"widget\" data-e-type=\"widget\" data-widget_type=\"heading.default\">\n\t\t\t\t<div class=\"elementor-widget-container\">\n\t\t\t\t\t<h1 class=\"elementor-heading-title elementor-size-default\">Ladestasjon i Frankrike<\/h1>\t\t\t\t<\/div>\n\t\t\t\t<\/div>\n\t\t\t\t\t<\/div>\n\t\t\t\t<\/div>\n\t\t<div class=\"elementor-element elementor-element-e98a54e e-flex e-con-boxed e-con e-parent\" data-id=\"e98a54e\" data-element_type=\"container\" data-e-type=\"container\" data-settings=\"{&quot;background_background&quot;:&quot;classic&quot;}\">\n\t\t\t\t\t<div class=\"e-con-inner\">\n\t\t<div class=\"elementor-element elementor-element-4251ba8 e-con-full e-flex e-con e-child\" data-id=\"4251ba8\" data-element_type=\"container\" data-e-type=\"container\">\n\t\t\t\t<div class=\"elementor-element elementor-element-051fab9 elementor-widget elementor-widget-heading\" data-id=\"051fab9\" data-element_type=\"widget\" data-e-type=\"widget\" data-widget_type=\"heading.default\">\n\t\t\t\t<div class=\"elementor-widget-container\">\n\t\t\t\t\t<h2 class=\"elementor-heading-title elementor-size-default\">F\u00f8rst i Frankrike: CityCharge \u00e5pner sin f\u00f8rste ladestasjon i Beauvais<\/h2>\t\t\t\t<\/div>\n\t\t\t\t<\/div>\n\t\t\t\t<div class=\"elementor-element elementor-element-ec87575 elementor-widget elementor-widget-text-editor\" data-id=\"ec87575\" data-element_type=\"widget\" data-e-type=\"widget\" data-widget_type=\"text-editor.default\">\n\t\t\t\t<div class=\"elementor-widget-container\">\n\t\t\t\t\t\t\t\t\t<div class=\"summary\"><p><strong>CityCharge utvider sin internasjonale tilstedev\u00e6relse til Frankrike. I samarbeid med Hauts-de-France-regionen og nettoperat\u00f8ren SE60 ble den f\u00f8rste innovative ladeplassen offisielt \u00e5pnet 6. mars. Dette prosjektet baner vei for en storstilt utrulling i Nord-Frankrike.  <\/strong><\/p><\/div>\t\t\t\t\t\t\t\t<\/div>\n\t\t\t\t<\/div>\n\t\t\t\t<div class=\"elementor-element elementor-element-d0dadbd elementor-align-left animated-fast elementor-invisible elementor-widget elementor-widget-button\" data-id=\"d0dadbd\" data-element_type=\"widget\" data-e-type=\"widget\" data-settings=\"{&quot;_animation&quot;:&quot;zoomIn&quot;}\" data-widget_type=\"button.default\">\n\t\t\t\t<div class=\"elementor-widget-container\">\n\t\t\t\t\t\t\t\t\t<div class=\"elementor-button-wrapper\">\n\t\t\t\t\t<a class=\"elementor-button elementor-button-link elementor-size-sm\" href=\"https:\/\/www.citycharge.eu\/no\/kontakt\/\">\n\t\t\t\t\t\t<span class=\"elementor-button-content-wrapper\">\n\t\t\t\t\t\t\t\t\t<span class=\"elementor-button-text\">Be om en konsultasjon<\/span>\n\t\t\t\t\t<\/span>\n\t\t\t\t\t<\/a>\n\t\t\t\t<\/div>\n\t\t\t\t\t\t\t\t<\/div>\n\t\t\t\t<\/div>\n\t\t\t\t<\/div>\n\t\t\t\t\t<\/div>\n\t\t\t\t<\/div>\n\t\t<div class=\"elementor-element elementor-element-6bd6769 e-flex e-con-boxed e-con e-parent\" data-id=\"6bd6769\" data-element_type=\"container\" data-e-type=\"container\" data-settings=\"{&quot;background_background&quot;:&quot;classic&quot;}\">\n\t\t\t\t\t<div class=\"e-con-inner\">\n\t\t<div class=\"elementor-element elementor-element-c30a178 e-con-full e-flex e-con e-child\" data-id=\"c30a178\" data-element_type=\"container\" data-e-type=\"container\">\n\t\t\t\t<div class=\"elementor-element elementor-element-6c59f4d elementor-widget elementor-widget-heading\" data-id=\"6c59f4d\" data-element_type=\"widget\" data-e-type=\"widget\" data-widget_type=\"heading.default\">\n\t\t\t\t<div class=\"elementor-widget-container\">\n\t\t\t\t\t<h2 class=\"elementor-heading-title elementor-size-default\">Prosjektet i korte trekk<\/h2>\t\t\t\t<\/div>\n\t\t\t\t<\/div>\n\t\t\t\t<div class=\"elementor-element elementor-element-90c85b2 elementor-widget elementor-widget-text-editor\" data-id=\"90c85b2\" data-element_type=\"widget\" data-e-type=\"widget\" data-widget_type=\"text-editor.default\">\n\t\t\t\t<div class=\"elementor-widget-container\">\n\t\t\t\t\t\t\t\t\t<p data-path-to-node=\"7\">Etter intensiv forberedelse p\u00e5 12 m\u00e5neder med partnere som RVO og den nederlandske ambassaden i Paris, er byen Beauvais det f\u00f8rste franske stedet som bruker CityCharge-teknologi. \u00c5pningen ble offisielt foretatt av Eric Guerin (president SE60) og Chanez Herbanne (r\u00e5dmann for Hauts-de-France-regionen). <\/p>\t\t\t\t\t\t\t\t<\/div>\n\t\t\t\t<\/div>\n\t\t\t\t<div class=\"elementor-element elementor-element-09664a2 elementor-widget elementor-widget-heading\" data-id=\"09664a2\" data-element_type=\"widget\" data-e-type=\"widget\" data-widget_type=\"heading.default\">\n\t\t\t\t<div class=\"elementor-widget-container\">\n\t\t\t\t\t<h2 class=\"elementor-heading-title elementor-size-default\">Hvorfor dette prosjektet er unikt:<\/h2>\t\t\t\t<\/div>\n\t\t\t\t<\/div>\n\t\t\t\t<div class=\"elementor-element elementor-element-49ac6d1 elementor-widget elementor-widget-text-editor\" data-id=\"49ac6d1\" data-element_type=\"widget\" data-e-type=\"widget\" data-widget_type=\"text-editor.default\">\n\t\t\t\t<div class=\"elementor-widget-container\">\n\t\t\t\t\t\t\t\t\t<ul data-path-to-node=\"9\"><li><p data-path-to-node=\"9,0,0\"><b data-path-to-node=\"9,0,0\" data-index-in-node=\"0\">Integrasjon med \u00abPassPass\u00bb:<\/b> Brukere kan n\u00e5 lade elbilen sin med det velkjente mobilitetskortet som ogs\u00e5 brukes for buss, trikk og metro i Nord-Frankrike.<\/p><\/li><li><p data-path-to-node=\"9,1,0\"><b data-path-to-node=\"9,1,0\" data-index-in-node=\"0\">Smart bruk av plass:<\/b> De s\u00e6regne CityCharge-ladelysmasterne ble valgt, slik at ladeinfrastruktur og gatebelysning kan smelte sammen s\u00f8ml\u00f8st.<\/p><\/li><li><p data-path-to-node=\"9,2,0\"><b data-path-to-node=\"9,2,0\" data-index-in-node=\"0\">Strategisk partnerskap:<\/b> Med denne \u00e5pningen fungerer CityCharge som en <i data-path-to-node=\"9,2,0\" data-index-in-node=\"66\">foretrukket leverand\u00f8r<\/i> for over 6000 kommuner i regionen.<\/p><\/li><\/ul><blockquote data-path-to-node=\"10\"><p data-path-to-node=\"10,0\">Dette steget markerer ikke bare v\u00e5r inntreden i det franske markedet, men beviser ogs\u00e5 at v\u00e5re integrerte ladel\u00f8sninger er perfekt i tr\u00e5d med europeiske ambisjoner for smart urban mobilitet.<\/p><\/blockquote>\t\t\t\t\t\t\t\t<\/div>\n\t\t\t\t<\/div>\n\t\t<div class=\"elementor-element elementor-element-b9ea699 e-con-full elementor-hidden-desktop elementor-hidden-tablet e-flex e-con e-child\" data-id=\"b9ea699\" data-element_type=\"container\" data-e-type=\"container\" data-settings=\"{&quot;background_background&quot;:&quot;classic&quot;}\">\n\t\t\t\t<\/div>\n\t\t\t\t<\/div>\n\t\t<div class=\"elementor-element elementor-element-60453a9 e-con-full elementor-hidden-tablet elementor-hidden-mobile e-flex e-con e-child\" data-id=\"60453a9\" data-element_type=\"container\" data-e-type=\"container\" data-settings=\"{&quot;background_background&quot;:&quot;classic&quot;}\">\n\t\t\t\t<\/div>\n\t\t\t\t\t<\/div>\n\t\t\t\t<\/div>\n\t\t<div class=\"elementor-element elementor-element-7b9b78c e-flex e-con-boxed e-con e-parent\" data-id=\"7b9b78c\" data-element_type=\"container\" data-e-type=\"container\" data-settings=\"{&quot;background_background&quot;:&quot;classic&quot;}\">\n\t\t\t\t\t<div class=\"e-con-inner\">\n\t\t<div class=\"elementor-element elementor-element-a7032f7 e-con-full e-flex e-con e-child\" data-id=\"a7032f7\" data-element_type=\"container\" data-e-type=\"container\" data-settings=\"{&quot;background_background&quot;:&quot;classic&quot;}\">\n\t\t<div class=\"elementor-element elementor-element-1ddb098 e-flex e-con-boxed e-con e-child\" data-id=\"1ddb098\" data-element_type=\"container\" data-e-type=\"container\">\n\t\t\t\t\t<div class=\"e-con-inner\">\n\t\t<div class=\"elementor-element elementor-element-e51556b e-flex e-con-boxed e-con e-child\" data-id=\"e51556b\" data-element_type=\"container\" data-e-type=\"container\">\n\t\t\t\t\t<div class=\"e-con-inner\">\n\t\t\t\t<div class=\"elementor-element elementor-element-f7d38c1 elementor-widget elementor-widget-heading\" data-id=\"f7d38c1\" data-element_type=\"widget\" data-e-type=\"widget\" data-widget_type=\"heading.default\">\n\t\t\t\t<div class=\"elementor-widget-container\">\n\t\t\t\t\t<p class=\"elementor-heading-title elementor-size-default\">\u00abMed CityCharge er ladingen enkel og bekymringsfri. Det er slik det skal v\u00e6re.\u00bb<\/p>\t\t\t\t<\/div>\n\t\t\t\t<\/div>\n\t\t\t\t\t<\/div>\n\t\t\t\t<\/div>\n\t\t\t\t\t<\/div>\n\t\t\t\t<\/div>\n\t\t\t\t<\/div>\n\t\t<div class=\"elementor-element elementor-element-e04f1fe e-con-full e-flex e-con e-child\" data-id=\"e04f1fe\" data-element_type=\"container\" data-e-type=\"container\">\n\t\t\t\t<div class=\"elementor-element elementor-element-f238dbc elementor-widget elementor-widget-heading\" data-id=\"f238dbc\" data-element_type=\"widget\" data-e-type=\"widget\" data-widget_type=\"heading.default\">\n\t\t\t\t<div class=\"elementor-widget-container\">\n\t\t\t\t\t<h2 class=\"elementor-heading-title elementor-size-default\">Vil du ogs\u00e5 lade bekymringsfritt?<\/h2>\t\t\t\t<\/div>\n\t\t\t\t<\/div>\n\t\t\t\t<div class=\"elementor-element elementor-element-f22513c elementor-widget elementor-widget-text-editor\" data-id=\"f22513c\" data-element_type=\"widget\" data-e-type=\"widget\" data-widget_type=\"text-editor.default\">\n\t\t\t\t<div class=\"elementor-widget-container\">\n\t\t\t\t\t\t\t\t\t<p>Er du nysgjerrig p\u00e5 hva CityCharge kan gj\u00f8re for din kommune eller ditt prosjekt? Vi forteller deg gjerne om mulighetene.   <\/p>\t\t\t\t\t\t\t\t<\/div>\n\t\t\t\t<\/div>\n\t\t\t\t<div class=\"elementor-element elementor-element-870f390 elementor-widget elementor-widget-text-editor\" data-id=\"870f390\" data-element_type=\"widget\" data-e-type=\"widget\" data-widget_type=\"text-editor.default\">\n\t\t\t\t<div class=\"elementor-widget-container\">\n\t\t\t\t\t\t\t\t\t<p><strong>Ta kontakt med en av v\u00e5re r\u00e5dgivere.<\/strong><\/p>\t\t\t\t\t\t\t\t<\/div>\n\t\t\t\t<\/div>\n\t\t\t\t<div class=\"elementor-element elementor-element-7e81c61 elementor-mobile-align-left elementor-widget elementor-widget-button\" data-id=\"7e81c61\" data-element_type=\"widget\" data-e-type=\"widget\" data-widget_type=\"button.default\">\n\t\t\t\t<div class=\"elementor-widget-container\">\n\t\t\t\t\t\t\t\t\t<div class=\"elementor-button-wrapper\">\n\t\t\t\t\t<a class=\"elementor-button elementor-button-link elementor-size-sm\" href=\"#\">\n\t\t\t\t\t\t<span class=\"elementor-button-content-wrapper\">\n\t\t\t\t\t\t<span class=\"elementor-button-icon\">\n\t\t\t\t<svg aria-hidden=\"true\" class=\"e-font-icon-svg e-fas-phone-alt\" viewBox=\"0 0 512 512\" xmlns=\"http:\/\/www.w3.org\/2000\/svg\"><path d=\"M497.39 361.8l-112-48a24 24 0 0 0-28 6.9l-49.6 60.6A370.66 370.66 0 0 1 130.6 204.11l60.6-49.6a23.94 23.94 0 0 0 6.9-28l-48-112A24.16 24.16 0 0 0 122.6.61l-104 24A24 24 0 0 0 0 48c0 256.5 207.9 464 464 464a24 24 0 0 0 23.4-18.6l24-104a24.29 24.29 0 0 0-14.01-27.6z\"><\/path><\/svg>\t\t\t<\/span>\n\t\t\t\t\t\t\t\t\t<span class=\"elementor-button-text\">085-0716620<\/span>\n\t\t\t\t\t<\/span>\n\t\t\t\t\t<\/a>\n\t\t\t\t<\/div>\n\t\t\t\t\t\t\t\t<\/div>\n\t\t\t\t<\/div>\n\t\t\t\t<div class=\"elementor-element elementor-element-e7152c3 elementor-align-left animated-fast elementor-invisible elementor-widget elementor-widget-button\" data-id=\"e7152c3\" data-element_type=\"widget\" data-e-type=\"widget\" data-settings=\"{&quot;_animation&quot;:&quot;zoomIn&quot;}\" data-widget_type=\"button.default\">\n\t\t\t\t<div class=\"elementor-widget-container\">\n\t\t\t\t\t\t\t\t\t<div class=\"elementor-button-wrapper\">\n\t\t\t\t\t<a class=\"elementor-button elementor-button-link elementor-size-sm\" href=\"https:\/\/www.citycharge.eu\/no\/kontakt\/\">\n\t\t\t\t\t\t<span class=\"elementor-button-content-wrapper\">\n\t\t\t\t\t\t\t\t\t<span class=\"elementor-button-text\">Kontakt<\/span>\n\t\t\t\t\t<\/span>\n\t\t\t\t\t<\/a>\n\t\t\t\t<\/div>\n\t\t\t\t\t\t\t\t<\/div>\n\t\t\t\t<\/div>\n\t\t\t\t<\/div>\n\t\t\t\t\t<\/div>\n\t\t\t\t<\/div>\n\t\t\t\t<\/div>\n\t\t","protected":false},"excerpt":{"rendered":"<p>Ladestasjon i Frankrike F\u00f8rst i Frankrike: CityCharge \u00e5pner sin f\u00f8rste ladestasjon i Beauvais CityCharge utvider sin internasjonale tilstedev\u00e6relse til Frankrike. I samarbeid med Hauts-de-France-regionen og nettoperat\u00f8ren SE60 ble den f\u00f8rste innovative ladeplassen offisielt \u00e5pnet 6. mars. Dette prosjektet baner vei for en storstilt utrulling i Nord-Frankrike. Be om en konsultasjon Prosjektet i korte trekk Etter [&hellip;]<\/p>\n","protected":false},"author":2,"featured_media":0,"comment_status":"closed","ping_status":"closed","sticky":false,"template":"elementor_header_footer","format":"standard","meta":{"_acf_changed":false,"footnotes":""},"categories":[72],"tags":[],"class_list":["post-11720","post","type-post","status-publish","format-standard","hentry","category-saker"],"acf":[],"yoast_head":"<!-- This site is optimized with the Yoast SEO plugin v27.5 - https:\/\/yoast.com\/product\/yoast-seo-wordpress\/ -->\n<title>Ladestasjon i Frankrike - CityCharge<\/title>\n<meta name=\"description\" content=\"I samarbeid med SE60 \u00e5pner CityCharge sin f\u00f8rste franske ladestasjon. Smart lading via lyktestolper, n\u00e5 ogs\u00e5 koblet til PassPass.\" \/>\n<meta name=\"robots\" content=\"index, follow, max-snippet:-1, max-image-preview:large, max-video-preview:-1\" \/>\n<link rel=\"canonical\" href=\"https:\/\/www.citycharge.eu\/no\/ladestasjon-i-frankrike\/\" \/>\n<meta property=\"og:locale\" content=\"nb_NO\" \/>\n<meta property=\"og:type\" content=\"article\" \/>\n<meta property=\"og:title\" content=\"Ladestasjon i Frankrike - CityCharge\" \/>\n<meta property=\"og:description\" content=\"I samarbeid med SE60 \u00e5pner CityCharge sin f\u00f8rste franske ladestasjon. Smart lading via lyktestolper, n\u00e5 ogs\u00e5 koblet til PassPass.\" \/>\n<meta property=\"og:url\" content=\"https:\/\/www.citycharge.eu\/no\/ladestasjon-i-frankrike\/\" \/>\n<meta property=\"og:site_name\" content=\"CityCharge\" \/>\n<meta property=\"article:published_time\" content=\"2026-03-18T14:56:04+00:00\" \/>\n<meta property=\"article:modified_time\" content=\"2026-03-18T15:08:07+00:00\" \/>\n<meta name=\"author\" content=\"Danique\" \/>\n<meta name=\"twitter:card\" content=\"summary_large_image\" \/>\n<meta name=\"twitter:label1\" content=\"Skrevet av\" \/>\n\t<meta name=\"twitter:data1\" content=\"Danique\" \/>\n\t<meta name=\"twitter:label2\" content=\"Ansl. lesetid\" \/>\n\t<meta name=\"twitter:data2\" content=\"1 minutt\" \/>\n<script type=\"application\/ld+json\" class=\"yoast-schema-graph\">{\"@context\":\"https:\\\/\\\/schema.org\",\"@graph\":[{\"@type\":\"Article\",\"@id\":\"https:\\\/\\\/www.citycharge.eu\\\/no\\\/ladestasjon-i-frankrike\\\/#article\",\"isPartOf\":{\"@id\":\"https:\\\/\\\/www.citycharge.eu\\\/no\\\/ladestasjon-i-frankrike\\\/\"},\"author\":{\"name\":\"Danique\",\"@id\":\"https:\\\/\\\/www.citycharge.eu\\\/no\\\/#\\\/schema\\\/person\\\/139ed150cae75a3610198856265ef602\"},\"headline\":\"Ladestasjon i Frankrike\",\"datePublished\":\"2026-03-18T14:56:04+00:00\",\"dateModified\":\"2026-03-18T15:08:07+00:00\",\"mainEntityOfPage\":{\"@id\":\"https:\\\/\\\/www.citycharge.eu\\\/no\\\/ladestasjon-i-frankrike\\\/\"},\"wordCount\":254,\"publisher\":{\"@id\":\"https:\\\/\\\/www.citycharge.eu\\\/no\\\/#organization\"},\"articleSection\":[\"Saker\"],\"inLanguage\":\"nb-NO\"},{\"@type\":\"WebPage\",\"@id\":\"https:\\\/\\\/www.citycharge.eu\\\/no\\\/ladestasjon-i-frankrike\\\/\",\"url\":\"https:\\\/\\\/www.citycharge.eu\\\/no\\\/ladestasjon-i-frankrike\\\/\",\"name\":\"Ladestasjon i Frankrike - CityCharge\",\"isPartOf\":{\"@id\":\"https:\\\/\\\/www.citycharge.eu\\\/no\\\/#website\"},\"datePublished\":\"2026-03-18T14:56:04+00:00\",\"dateModified\":\"2026-03-18T15:08:07+00:00\",\"description\":\"I samarbeid med SE60 \u00e5pner CityCharge sin f\u00f8rste franske ladestasjon. Smart lading via lyktestolper, n\u00e5 ogs\u00e5 koblet til PassPass.\",\"breadcrumb\":{\"@id\":\"https:\\\/\\\/www.citycharge.eu\\\/no\\\/ladestasjon-i-frankrike\\\/#breadcrumb\"},\"inLanguage\":\"nb-NO\",\"potentialAction\":[{\"@type\":\"ReadAction\",\"target\":[\"https:\\\/\\\/www.citycharge.eu\\\/no\\\/ladestasjon-i-frankrike\\\/\"]}]},{\"@type\":\"BreadcrumbList\",\"@id\":\"https:\\\/\\\/www.citycharge.eu\\\/no\\\/ladestasjon-i-frankrike\\\/#breadcrumb\",\"itemListElement\":[{\"@type\":\"ListItem\",\"position\":1,\"name\":\"Home\",\"item\":\"https:\\\/\\\/www.citycharge.eu\\\/no\\\/\"},{\"@type\":\"ListItem\",\"position\":2,\"name\":\"Ladestasjon i Frankrike\"}]},{\"@type\":\"WebSite\",\"@id\":\"https:\\\/\\\/www.citycharge.eu\\\/no\\\/#website\",\"url\":\"https:\\\/\\\/www.citycharge.eu\\\/no\\\/\",\"name\":\"CityCharge\",\"description\":\"Nieuw licht op laden\",\"publisher\":{\"@id\":\"https:\\\/\\\/www.citycharge.eu\\\/no\\\/#organization\"},\"potentialAction\":[{\"@type\":\"SearchAction\",\"target\":{\"@type\":\"EntryPoint\",\"urlTemplate\":\"https:\\\/\\\/www.citycharge.eu\\\/no\\\/?s={search_term_string}\"},\"query-input\":{\"@type\":\"PropertyValueSpecification\",\"valueRequired\":true,\"valueName\":\"search_term_string\"}}],\"inLanguage\":\"nb-NO\"},{\"@type\":\"Organization\",\"@id\":\"https:\\\/\\\/www.citycharge.eu\\\/no\\\/#organization\",\"name\":\"CityCharge\",\"url\":\"https:\\\/\\\/www.citycharge.eu\\\/no\\\/\",\"logo\":{\"@type\":\"ImageObject\",\"inLanguage\":\"nb-NO\",\"@id\":\"https:\\\/\\\/www.citycharge.eu\\\/no\\\/#\\\/schema\\\/logo\\\/image\\\/\",\"url\":\"https:\\\/\\\/www.citycharge.eu\\\/wp-content\\\/uploads\\\/2024\\\/07\\\/Citycharge_payofff_white.svg\",\"contentUrl\":\"https:\\\/\\\/www.citycharge.eu\\\/wp-content\\\/uploads\\\/2024\\\/07\\\/Citycharge_payofff_white.svg\",\"width\":1920,\"height\":530,\"caption\":\"CityCharge\"},\"image\":{\"@id\":\"https:\\\/\\\/www.citycharge.eu\\\/no\\\/#\\\/schema\\\/logo\\\/image\\\/\"}},{\"@type\":\"Person\",\"@id\":\"https:\\\/\\\/www.citycharge.eu\\\/no\\\/#\\\/schema\\\/person\\\/139ed150cae75a3610198856265ef602\",\"name\":\"Danique\",\"image\":{\"@type\":\"ImageObject\",\"inLanguage\":\"nb-NO\",\"@id\":\"https:\\\/\\\/secure.gravatar.com\\\/avatar\\\/2f3292a2b91653394d5be1d0518dec168aeade35a36c003959a83a0e10a262fb?s=96&d=mm&r=g\",\"url\":\"https:\\\/\\\/secure.gravatar.com\\\/avatar\\\/2f3292a2b91653394d5be1d0518dec168aeade35a36c003959a83a0e10a262fb?s=96&d=mm&r=g\",\"contentUrl\":\"https:\\\/\\\/secure.gravatar.com\\\/avatar\\\/2f3292a2b91653394d5be1d0518dec168aeade35a36c003959a83a0e10a262fb?s=96&d=mm&r=g\",\"caption\":\"Danique\"},\"url\":\"https:\\\/\\\/www.citycharge.eu\\\/no\\\/author\\\/danique\\\/\"}]}<\/script>\n<!-- \/ Yoast SEO plugin. -->","yoast_head_json":{"title":"Ladestasjon i Frankrike - CityCharge","description":"I samarbeid med SE60 \u00e5pner CityCharge sin f\u00f8rste franske ladestasjon. Smart lading via lyktestolper, n\u00e5 ogs\u00e5 koblet til PassPass.","robots":{"index":"index","follow":"follow","max-snippet":"max-snippet:-1","max-image-preview":"max-image-preview:large","max-video-preview":"max-video-preview:-1"},"canonical":"https:\/\/www.citycharge.eu\/no\/ladestasjon-i-frankrike\/","og_locale":"nb_NO","og_type":"article","og_title":"Ladestasjon i Frankrike - CityCharge","og_description":"I samarbeid med SE60 \u00e5pner CityCharge sin f\u00f8rste franske ladestasjon. Smart lading via lyktestolper, n\u00e5 ogs\u00e5 koblet til PassPass.","og_url":"https:\/\/www.citycharge.eu\/no\/ladestasjon-i-frankrike\/","og_site_name":"CityCharge","article_published_time":"2026-03-18T14:56:04+00:00","article_modified_time":"2026-03-18T15:08:07+00:00","author":"Danique","twitter_card":"summary_large_image","twitter_misc":{"Skrevet av":"Danique","Ansl. lesetid":"1 minutt"},"schema":{"@context":"https:\/\/schema.org","@graph":[{"@type":"Article","@id":"https:\/\/www.citycharge.eu\/no\/ladestasjon-i-frankrike\/#article","isPartOf":{"@id":"https:\/\/www.citycharge.eu\/no\/ladestasjon-i-frankrike\/"},"author":{"name":"Danique","@id":"https:\/\/www.citycharge.eu\/no\/#\/schema\/person\/139ed150cae75a3610198856265ef602"},"headline":"Ladestasjon i Frankrike","datePublished":"2026-03-18T14:56:04+00:00","dateModified":"2026-03-18T15:08:07+00:00","mainEntityOfPage":{"@id":"https:\/\/www.citycharge.eu\/no\/ladestasjon-i-frankrike\/"},"wordCount":254,"publisher":{"@id":"https:\/\/www.citycharge.eu\/no\/#organization"},"articleSection":["Saker"],"inLanguage":"nb-NO"},{"@type":"WebPage","@id":"https:\/\/www.citycharge.eu\/no\/ladestasjon-i-frankrike\/","url":"https:\/\/www.citycharge.eu\/no\/ladestasjon-i-frankrike\/","name":"Ladestasjon i Frankrike - CityCharge","isPartOf":{"@id":"https:\/\/www.citycharge.eu\/no\/#website"},"datePublished":"2026-03-18T14:56:04+00:00","dateModified":"2026-03-18T15:08:07+00:00","description":"I samarbeid med SE60 \u00e5pner CityCharge sin f\u00f8rste franske ladestasjon. Smart lading via lyktestolper, n\u00e5 ogs\u00e5 koblet til PassPass.","breadcrumb":{"@id":"https:\/\/www.citycharge.eu\/no\/ladestasjon-i-frankrike\/#breadcrumb"},"inLanguage":"nb-NO","potentialAction":[{"@type":"ReadAction","target":["https:\/\/www.citycharge.eu\/no\/ladestasjon-i-frankrike\/"]}]},{"@type":"BreadcrumbList","@id":"https:\/\/www.citycharge.eu\/no\/ladestasjon-i-frankrike\/#breadcrumb","itemListElement":[{"@type":"ListItem","position":1,"name":"Home","item":"https:\/\/www.citycharge.eu\/no\/"},{"@type":"ListItem","position":2,"name":"Ladestasjon i Frankrike"}]},{"@type":"WebSite","@id":"https:\/\/www.citycharge.eu\/no\/#website","url":"https:\/\/www.citycharge.eu\/no\/","name":"CityCharge","description":"Nieuw licht op laden","publisher":{"@id":"https:\/\/www.citycharge.eu\/no\/#organization"},"potentialAction":[{"@type":"SearchAction","target":{"@type":"EntryPoint","urlTemplate":"https:\/\/www.citycharge.eu\/no\/?s={search_term_string}"},"query-input":{"@type":"PropertyValueSpecification","valueRequired":true,"valueName":"search_term_string"}}],"inLanguage":"nb-NO"},{"@type":"Organization","@id":"https:\/\/www.citycharge.eu\/no\/#organization","name":"CityCharge","url":"https:\/\/www.citycharge.eu\/no\/","logo":{"@type":"ImageObject","inLanguage":"nb-NO","@id":"https:\/\/www.citycharge.eu\/no\/#\/schema\/logo\/image\/","url":"https:\/\/www.citycharge.eu\/wp-content\/uploads\/2024\/07\/Citycharge_payofff_white.svg","contentUrl":"https:\/\/www.citycharge.eu\/wp-content\/uploads\/2024\/07\/Citycharge_payofff_white.svg","width":1920,"height":530,"caption":"CityCharge"},"image":{"@id":"https:\/\/www.citycharge.eu\/no\/#\/schema\/logo\/image\/"}},{"@type":"Person","@id":"https:\/\/www.citycharge.eu\/no\/#\/schema\/person\/139ed150cae75a3610198856265ef602","name":"Danique","image":{"@type":"ImageObject","inLanguage":"nb-NO","@id":"https:\/\/secure.gravatar.com\/avatar\/2f3292a2b91653394d5be1d0518dec168aeade35a36c003959a83a0e10a262fb?s=96&d=mm&r=g","url":"https:\/\/secure.gravatar.com\/avatar\/2f3292a2b91653394d5be1d0518dec168aeade35a36c003959a83a0e10a262fb?s=96&d=mm&r=g","contentUrl":"https:\/\/secure.gravatar.com\/avatar\/2f3292a2b91653394d5be1d0518dec168aeade35a36c003959a83a0e10a262fb?s=96&d=mm&r=g","caption":"Danique"},"url":"https:\/\/www.citycharge.eu\/no\/author\/danique\/"}]}},"_links":{"self":[{"href":"https:\/\/www.citycharge.eu\/no\/wp-json\/wp\/v2\/posts\/11720","targetHints":{"allow":["GET"]}}],"collection":[{"href":"https:\/\/www.citycharge.eu\/no\/wp-json\/wp\/v2\/posts"}],"about":[{"href":"https:\/\/www.citycharge.eu\/no\/wp-json\/wp\/v2\/types\/post"}],"author":[{"embeddable":true,"href":"https:\/\/www.citycharge.eu\/no\/wp-json\/wp\/v2\/users\/2"}],"replies":[{"embeddable":true,"href":"https:\/\/www.citycharge.eu\/no\/wp-json\/wp\/v2\/comments?post=11720"}],"version-history":[{"count":1,"href":"https:\/\/www.citycharge.eu\/no\/wp-json\/wp\/v2\/posts\/11720\/revisions"}],"predecessor-version":[{"id":11721,"href":"https:\/\/www.citycharge.eu\/no\/wp-json\/wp\/v2\/posts\/11720\/revisions\/11721"}],"wp:attachment":[{"href":"https:\/\/www.citycharge.eu\/no\/wp-json\/wp\/v2\/media?parent=11720"}],"wp:term":[{"taxonomy":"category","embeddable":true,"href":"https:\/\/www.citycharge.eu\/no\/wp-json\/wp\/v2\/categories?post=11720"},{"taxonomy":"post_tag","embeddable":true,"href":"https:\/\/www.citycharge.eu\/no\/wp-json\/wp\/v2\/tags?post=11720"}],"curies":[{"name":"wp","href":"https:\/\/api.w.org\/{rel}","templated":true}]}}