{"id":9400,"date":"2021-09-30T15:43:43","date_gmt":"2021-09-30T15:43:43","guid":{"rendered":"https:\/\/www.citycharge.eu\/primevest-forvandler-lyktestolpen-til-smart-ladepunkt-for-a-legge-til-rette-for-eksplosiv-vekst-av-elbiler\/"},"modified":"2021-09-30T15:43:43","modified_gmt":"2021-09-30T15:43:43","slug":"primevest-forvandler-lyktestolpen-til-smart-ladepunkt-for-a-legge-til-rette-for-eksplosiv-vekst-av-elbiler","status":"publish","type":"post","link":"https:\/\/www.citycharge.eu\/no\/primevest-forvandler-lyktestolpen-til-smart-ladepunkt-for-a-legge-til-rette-for-eksplosiv-vekst-av-elbiler\/","title":{"rendered":"Primevest forvandler lyktestolpen til smart ladepunkt for \u00e5 legge til rette for eksplosiv vekst av elbiler"},"content":{"rendered":"<div class=\"halfpage-ad-nodepage sticky-container\" data-sticky-container=\"\">\n<div class=\"sticky is-anchored is-at-top\" data-sticky=\"\" data-anchor=\"sticky-parent\" data-margin-top=\"7\" data-resize=\"i78ge7-sticky\" data-mutate=\"i78ge7-sticky\" data-i=\"536yve-i\" data-events=\"resize\">\n<div id=\"dfp-halfpage1\" data-google-query-id=\"CMuj1JP6-PECFZC43godwRcBbA\">\n<div id=\"google_ads_iframe_\/21730500021\/rtl-nieuws\/web\/detail_4__container__\">\n<p><strong>Verdens eldste gateteknologi, lyktestolpen, transformeres av Primevest Capital Partners og partnerne Dutch Charge, Nedal og CityTec til et multifunksjonelt, digitalt ladepunkt for \u00e5 m\u00f8te den enorme mangelen p\u00e5 ladepunkter for elbiler over hele Europa. Den nederlandske kommunen Renkum n\u00e6r Arnhem ble nylig det f\u00f8rste &laquo;smarte&raquo; distriktet i Europa etter \u00e5 ha installert denne b\u00e6rekraftige og tilpasningsdyktige formen for gatebelysning. Andre kommuner og byer andre steder i Nederland og utover forventes \u00e5 f\u00f8lge etter p\u00e5 grunn av den enorme og \u00f8kende mangelen p\u00e5 elektriske ladepunkter.  <\/strong><\/p>\n<p>Minst \u00e9n million elektriske kj\u00f8ret\u00f8y selges over hele Europa p\u00e5 \u00e5rsbasis, og dette tallet forventes \u00e5 n\u00e5 over 30 millioner i l\u00f8pet av de neste 10 \u00e5rene, if\u00f8lge data fra Det internasjonale energibyr\u00e5et (IEA).<\/p>\n<p><strong>Peter Helfrich, Managing Partner i Primevest Capital Partners, sa:<\/strong>  \u2013 Potensialet til dette markedet er enormt, spesielt i v\u00e5re hjemmemarkeder Nederland og Tyskland, men ogs\u00e5 i Storbritannia, Frankrike og Skandinavia. Bare i Nederland ser vi en eksponentiell vekst i ettersp\u00f8rselen etter ladestasjoner for elbiler, og over 1,7 millioner ladepunkter vil v\u00e6re n\u00f8dvendig innen 2030. Bare 45 ladepunkter blir installert om dagen for tiden, som m\u00e5 tiddobles til 600 daglig for \u00e5 m\u00e5le dagens ettersp\u00f8rsel. V\u00e5re partnere Dutch Charge, CityTec og Nedal har sluttet seg til oss for \u00e5 svare p\u00e5 denne utviklingen og leverer omfattende Citycharge lyktestolper der moduler for elektrisk lading og i fremtiden ogs\u00e5 Internet of Things, kameraoverv\u00e5king og 5G kan integreres.\u00bb<\/p>\n<figure id=\"attachment_7171\" aria-describedby=\"caption-attachment-7171\" style=\"width: 311px\" class=\"wp-caption alignright\"><img fetchpriority=\"high\" decoding=\"async\" class=\"wp-image-7171\" src=\"https:\/\/www.dutchcharge.nl\/wp-content\/uploads\/2021\/09\/Gemeente-Renkum-Persmoment-2-200x300.jpeg\" alt=\"\" width=\"311\" height=\"466\"><figcaption id=\"caption-attachment-7171\" class=\"wp-caption-text\">Joa Maouche<\/figcaption><\/figure>\n<p><strong>Joa Maouche, r\u00e5dmann for klima og b\u00e6rekraft i Renkum kommune, la til:<\/strong>  \u00abRenkum kommune har erstattet nesten alle sine 6300 lyktestolper med de smarte, b\u00e6rekraftige versjonene levert av Primevest CP og partnerne. Disse lyktestolpene blir n\u00e5 utstyrt med nye funksjoner, som kameraoverv\u00e5king, og senere i h\u00f8st kommer de f\u00f8rste Citycharge-ladestasjonene sertifisert av Dutch E-Charging Foundation. Ved \u00e5 legge til disse nye funksjonene skaper vi en ny form for gatebelysning som er virkelig &laquo;smart&raquo;. Vi er glade for at kommunen v\u00e5r har bidratt til denne utviklingen som kan hjelpe flere kommuner til \u00e5 n\u00e5 sine b\u00e6rekraftsm\u00e5l og bekjempe det \u00f8kende rotet i v\u00e5re offentlige rom p\u00e5 grunn av nye typer fasiliteter.\u00bb Antall elbiler i bruk globalt forventes \u00e5 eksplodere i l\u00f8pet av de neste 10 \u00e5rene fra 11 millioner i 2020 til 145 millioner i 2030, if\u00f8lge IEA-estimater. I Europa er det Norge (18,1 %), Island (5,5 %) og Sverige (3,7 %) som leder an n\u00e5r det gjelder markedsandelen til elbiler kontra totalbeholdning. Storbritannia har som m\u00e5l \u00e5 \u00f8ke antallet fra 450 000 i 2020 til \u00e5tte millioner innen 2030. Tyskland er for tiden det st\u00f8rste markedet i Europa for elbiler: innen 2020 var 14 % av alle solgte nye biler elektriske og det totale antallet er n\u00e5 over 700 000 . Ladepunkter for elbiler er bare en av de nye typene gatem\u00f8bler som legges til i offentlige rom. I Nederland m\u00e5 mobiltelekomleverand\u00f8rer ha tilgang til 5G-master i henhold til krav fastsatt av det nederlandske \u00f8konomidepartementet for \u00e5 delta i auksjonen for nasjonale 5G-frekvenser. Nederlandske kommuner er ogs\u00e5 p\u00e5lagt \u00e5 redusere energiforbruket med 55 % innen 2030 (EU passer for 55) og CO2-utslippene med tilsvarende prosent for \u00e5 overholde den nederlandske klimaavtalen. Smarte multifunksjonelle lyktestolper utstyrt med LED-belysning kan gi et stort bidrag til \u00e5 n\u00e5 dette m\u00e5let.<\/p>\n<p><strong>Heimen Visser, Fund Manager Communication Infrastructure &amp; Smart Cities i Primevest CP, konkluderte:<\/strong>  \u00abRenkum kommune er en pioner i Nederland og kanskje verden med installasjonen av denne smarte infrastrukturen. Vi forventer at andre kommuner i Nederland, men ogs\u00e5 andre steder i Europa, snart vil f\u00f8lge Renkums eksempel og rulle ut v\u00e5re multifunksjonelle lyktestolper. V\u00e5r Smart City Netherlands-modell, som vi har utviklet i samarbeid med den nederlandske kommunebanken BNG Bank, kan enkelt skaleres opp. Og takket v\u00e6re dens multifunksjonelle karakter, er v\u00e5re smarte master ogs\u00e5 mye mer b\u00e6rekraftige og billigere \u00e5 kj\u00f8pe og vedlikeholde enn den tradisjonelle lyktestolpen.\u00bb<\/p>\n<p><img decoding=\"async\" class=\"alignnone wp-image-7186 size-full\" src=\"https:\/\/www.dutchcharge.nl\/wp-content\/uploads\/2021\/09\/Gemeente-Renkum-persmoment-1.jpeg\" alt=\"\" width=\"1920\" height=\"1280\"><\/p>\n<p><strong>Om Primevest Capital Partners<\/strong><br \/>\n Primevest Capital Partners er en pan-europeisk investeringsbutikk som spesialiserer seg p\u00e5 innovative eiendoms- og eiendomsinvesteringer. Hos Primevest Capital Partners er visjonen v\u00e5r \u00e5 fremtidssikre byene v\u00e5re ved \u00e5 levere bedre byliv, tilkobling og mobilitet mens vi investerer over hele Europa i moderne, rimelige hjem, kommunikasjonsinfrastruktur og parkeringsplasser. V\u00e5r investeringsfilosofi og visjon er drevet av den n\u00e5v\u00e6rende trenden med urbanisering og evnen til \u00e5 oppfylle de moderne behovene til storbysamfunn, samtidig som kvaliteten og b\u00e6rekraften til folks liv forbedres. Fra v\u00e5re kontorer i Utrecht og Berlin forvalter et team p\u00e5 40 fagfolk 1,8 milliarder euro i aktiva fordelt p\u00e5 seks sektorfokuserte fond og to individuelle institusjonelle mandater. <strong>For mer informasjon, vennligst kontakt:<\/strong><br \/>\n Primevest Capital Partners<br \/>\n Lisette van der Ham<br \/>\n Leder for markedsf\u00f8ring og bedriftskommunikasjon<br \/>\n T: +31 6 832 005 61   <\/p>\n<p><a href=\"mailto:lisette.vanderham@primevestcp.com\">lisette.vanderham@primevestcp.com<\/a><br \/>\n<a href=\"http:\/\/www.primevestcp.com\/\" target=\"_blank\" rel=\"noopener\">www.primevestcp.com<\/a><\/p>\n<\/div>\n<\/div>\n<\/div>\n<\/div>\n","protected":false},"excerpt":{"rendered":"<p>Verdens eldste gateteknologi, lyktestolpen, transformeres av Primevest Capital Partners og partnerne Dutch Charge, Nedal og CityTec til et multifunksjonelt, digitalt ladepunkt for \u00e5 m\u00f8te den enorme mangelen p\u00e5 ladepunkter for elbiler over hele Europa. Den nederlandske kommunen Renkum n\u00e6r Arnhem ble nylig det f\u00f8rste &laquo;smarte&raquo; distriktet i Europa etter \u00e5 ha installert denne b\u00e6rekraftige og [&hellip;]<\/p>\n","protected":false},"author":1,"featured_media":8842,"comment_status":"closed","ping_status":"closed","sticky":false,"template":"","format":"standard","meta":{"_acf_changed":false,"footnotes":""},"categories":[62],"tags":[],"class_list":["post-9400","post","type-post","status-publish","format-standard","has-post-thumbnail","hentry","category-nyheter-no"],"acf":[],"yoast_head":"<!-- This site is optimized with the Yoast SEO plugin v27.4 - https:\/\/yoast.com\/product\/yoast-seo-wordpress\/ -->\n<title>Primevest forvandler lyktestolpen til smart ladepunkt for \u00e5 legge til rette for eksplosiv vekst av elbiler - CityCharge<\/title>\n<meta name=\"robots\" content=\"index, follow, max-snippet:-1, max-image-preview:large, max-video-preview:-1\" \/>\n<link rel=\"canonical\" href=\"https:\/\/www.citycharge.eu\/no\/primevest-forvandler-lyktestolpen-til-smart-ladepunkt-for-a-legge-til-rette-for-eksplosiv-vekst-av-elbiler\/\" \/>\n<meta property=\"og:locale\" content=\"nb_NO\" \/>\n<meta property=\"og:type\" content=\"article\" \/>\n<meta property=\"og:title\" content=\"Primevest forvandler lyktestolpen til smart ladepunkt for \u00e5 legge til rette for eksplosiv vekst av elbiler - CityCharge\" \/>\n<meta property=\"og:description\" content=\"Verdens eldste gateteknologi, lyktestolpen, transformeres av Primevest Capital Partners og partnerne Dutch Charge, Nedal og CityTec til et multifunksjonelt, digitalt ladepunkt for \u00e5 m\u00f8te den enorme mangelen p\u00e5 ladepunkter for elbiler over hele Europa. Den nederlandske kommunen Renkum n\u00e6r Arnhem ble nylig det f\u00f8rste &laquo;smarte&raquo; distriktet i Europa etter \u00e5 ha installert denne b\u00e6rekraftige og [&hellip;]\" \/>\n<meta property=\"og:url\" content=\"https:\/\/www.citycharge.eu\/no\/primevest-forvandler-lyktestolpen-til-smart-ladepunkt-for-a-legge-til-rette-for-eksplosiv-vekst-av-elbiler\/\" \/>\n<meta property=\"og:site_name\" content=\"CityCharge\" \/>\n<meta property=\"article:published_time\" content=\"2021-09-30T15:43:43+00:00\" \/>\n<meta property=\"og:image\" content=\"https:\/\/www.citycharge.eu\/wp-content\/uploads\/2022\/12\/african-american-girl-charging-electro-car-at-the-2023-11-27-05-13-45-utc-scaled.jpg\" \/>\n\t<meta property=\"og:image:width\" content=\"2560\" \/>\n\t<meta property=\"og:image:height\" content=\"1707\" \/>\n\t<meta property=\"og:image:type\" content=\"image\/jpeg\" \/>\n<meta name=\"author\" content=\"admin\" \/>\n<meta name=\"twitter:card\" content=\"summary_large_image\" \/>\n<meta name=\"twitter:label1\" content=\"Skrevet av\" \/>\n\t<meta name=\"twitter:data1\" content=\"admin\" \/>\n\t<meta name=\"twitter:label2\" content=\"Ansl. lesetid\" \/>\n\t<meta name=\"twitter:data2\" content=\"4 minutter\" \/>\n<script type=\"application\/ld+json\" class=\"yoast-schema-graph\">{\"@context\":\"https:\\\/\\\/schema.org\",\"@graph\":[{\"@type\":\"Article\",\"@id\":\"https:\\\/\\\/www.citycharge.eu\\\/no\\\/primevest-forvandler-lyktestolpen-til-smart-ladepunkt-for-a-legge-til-rette-for-eksplosiv-vekst-av-elbiler\\\/#article\",\"isPartOf\":{\"@id\":\"https:\\\/\\\/www.citycharge.eu\\\/no\\\/primevest-forvandler-lyktestolpen-til-smart-ladepunkt-for-a-legge-til-rette-for-eksplosiv-vekst-av-elbiler\\\/\"},\"author\":{\"name\":\"admin\",\"@id\":\"https:\\\/\\\/www.citycharge.eu\\\/no\\\/#\\\/schema\\\/person\\\/0a798ff10afa77f3d0c65789b5d62f17\"},\"headline\":\"Primevest forvandler lyktestolpen til smart ladepunkt for \u00e5 legge til rette for eksplosiv vekst av elbiler\",\"datePublished\":\"2021-09-30T15:43:43+00:00\",\"mainEntityOfPage\":{\"@id\":\"https:\\\/\\\/www.citycharge.eu\\\/no\\\/primevest-forvandler-lyktestolpen-til-smart-ladepunkt-for-a-legge-til-rette-for-eksplosiv-vekst-av-elbiler\\\/\"},\"wordCount\":785,\"publisher\":{\"@id\":\"https:\\\/\\\/www.citycharge.eu\\\/no\\\/#organization\"},\"image\":{\"@id\":\"https:\\\/\\\/www.citycharge.eu\\\/no\\\/primevest-forvandler-lyktestolpen-til-smart-ladepunkt-for-a-legge-til-rette-for-eksplosiv-vekst-av-elbiler\\\/#primaryimage\"},\"thumbnailUrl\":\"https:\\\/\\\/www.citycharge.eu\\\/wp-content\\\/uploads\\\/2022\\\/12\\\/african-american-girl-charging-electro-car-at-the-2023-11-27-05-13-45-utc-scaled.jpg\",\"articleSection\":[\"Nyheter\"],\"inLanguage\":\"nb-NO\"},{\"@type\":\"WebPage\",\"@id\":\"https:\\\/\\\/www.citycharge.eu\\\/no\\\/primevest-forvandler-lyktestolpen-til-smart-ladepunkt-for-a-legge-til-rette-for-eksplosiv-vekst-av-elbiler\\\/\",\"url\":\"https:\\\/\\\/www.citycharge.eu\\\/no\\\/primevest-forvandler-lyktestolpen-til-smart-ladepunkt-for-a-legge-til-rette-for-eksplosiv-vekst-av-elbiler\\\/\",\"name\":\"Primevest forvandler lyktestolpen til smart ladepunkt for \u00e5 legge til rette for eksplosiv vekst av elbiler - CityCharge\",\"isPartOf\":{\"@id\":\"https:\\\/\\\/www.citycharge.eu\\\/no\\\/#website\"},\"primaryImageOfPage\":{\"@id\":\"https:\\\/\\\/www.citycharge.eu\\\/no\\\/primevest-forvandler-lyktestolpen-til-smart-ladepunkt-for-a-legge-til-rette-for-eksplosiv-vekst-av-elbiler\\\/#primaryimage\"},\"image\":{\"@id\":\"https:\\\/\\\/www.citycharge.eu\\\/no\\\/primevest-forvandler-lyktestolpen-til-smart-ladepunkt-for-a-legge-til-rette-for-eksplosiv-vekst-av-elbiler\\\/#primaryimage\"},\"thumbnailUrl\":\"https:\\\/\\\/www.citycharge.eu\\\/wp-content\\\/uploads\\\/2022\\\/12\\\/african-american-girl-charging-electro-car-at-the-2023-11-27-05-13-45-utc-scaled.jpg\",\"datePublished\":\"2021-09-30T15:43:43+00:00\",\"breadcrumb\":{\"@id\":\"https:\\\/\\\/www.citycharge.eu\\\/no\\\/primevest-forvandler-lyktestolpen-til-smart-ladepunkt-for-a-legge-til-rette-for-eksplosiv-vekst-av-elbiler\\\/#breadcrumb\"},\"inLanguage\":\"nb-NO\",\"potentialAction\":[{\"@type\":\"ReadAction\",\"target\":[\"https:\\\/\\\/www.citycharge.eu\\\/no\\\/primevest-forvandler-lyktestolpen-til-smart-ladepunkt-for-a-legge-til-rette-for-eksplosiv-vekst-av-elbiler\\\/\"]}]},{\"@type\":\"ImageObject\",\"inLanguage\":\"nb-NO\",\"@id\":\"https:\\\/\\\/www.citycharge.eu\\\/no\\\/primevest-forvandler-lyktestolpen-til-smart-ladepunkt-for-a-legge-til-rette-for-eksplosiv-vekst-av-elbiler\\\/#primaryimage\",\"url\":\"https:\\\/\\\/www.citycharge.eu\\\/wp-content\\\/uploads\\\/2022\\\/12\\\/african-american-girl-charging-electro-car-at-the-2023-11-27-05-13-45-utc-scaled.jpg\",\"contentUrl\":\"https:\\\/\\\/www.citycharge.eu\\\/wp-content\\\/uploads\\\/2022\\\/12\\\/african-american-girl-charging-electro-car-at-the-2023-11-27-05-13-45-utc-scaled.jpg\",\"width\":2560,\"height\":1707,\"caption\":\"Islam black girl charging electro car. Eco car.\"},{\"@type\":\"BreadcrumbList\",\"@id\":\"https:\\\/\\\/www.citycharge.eu\\\/no\\\/primevest-forvandler-lyktestolpen-til-smart-ladepunkt-for-a-legge-til-rette-for-eksplosiv-vekst-av-elbiler\\\/#breadcrumb\",\"itemListElement\":[{\"@type\":\"ListItem\",\"position\":1,\"name\":\"Home\",\"item\":\"https:\\\/\\\/www.citycharge.eu\\\/no\\\/\"},{\"@type\":\"ListItem\",\"position\":2,\"name\":\"Primevest forvandler lyktestolpen til smart ladepunkt for \u00e5 legge til rette for eksplosiv vekst av elbiler\"}]},{\"@type\":\"WebSite\",\"@id\":\"https:\\\/\\\/www.citycharge.eu\\\/no\\\/#website\",\"url\":\"https:\\\/\\\/www.citycharge.eu\\\/no\\\/\",\"name\":\"CityCharge\",\"description\":\"Nieuw licht op laden\",\"publisher\":{\"@id\":\"https:\\\/\\\/www.citycharge.eu\\\/no\\\/#organization\"},\"potentialAction\":[{\"@type\":\"SearchAction\",\"target\":{\"@type\":\"EntryPoint\",\"urlTemplate\":\"https:\\\/\\\/www.citycharge.eu\\\/no\\\/?s={search_term_string}\"},\"query-input\":{\"@type\":\"PropertyValueSpecification\",\"valueRequired\":true,\"valueName\":\"search_term_string\"}}],\"inLanguage\":\"nb-NO\"},{\"@type\":\"Organization\",\"@id\":\"https:\\\/\\\/www.citycharge.eu\\\/no\\\/#organization\",\"name\":\"CityCharge\",\"url\":\"https:\\\/\\\/www.citycharge.eu\\\/no\\\/\",\"logo\":{\"@type\":\"ImageObject\",\"inLanguage\":\"nb-NO\",\"@id\":\"https:\\\/\\\/www.citycharge.eu\\\/no\\\/#\\\/schema\\\/logo\\\/image\\\/\",\"url\":\"https:\\\/\\\/www.citycharge.eu\\\/wp-content\\\/uploads\\\/2024\\\/07\\\/Citycharge_payofff_white.svg\",\"contentUrl\":\"https:\\\/\\\/www.citycharge.eu\\\/wp-content\\\/uploads\\\/2024\\\/07\\\/Citycharge_payofff_white.svg\",\"width\":1920,\"height\":530,\"caption\":\"CityCharge\"},\"image\":{\"@id\":\"https:\\\/\\\/www.citycharge.eu\\\/no\\\/#\\\/schema\\\/logo\\\/image\\\/\"}},{\"@type\":\"Person\",\"@id\":\"https:\\\/\\\/www.citycharge.eu\\\/no\\\/#\\\/schema\\\/person\\\/0a798ff10afa77f3d0c65789b5d62f17\",\"name\":\"admin\",\"image\":{\"@type\":\"ImageObject\",\"inLanguage\":\"nb-NO\",\"@id\":\"https:\\\/\\\/secure.gravatar.com\\\/avatar\\\/b382f2b0baf85cf8d841621555daa4ae2420c7929b964e5ca4e287310b061056?s=96&d=mm&r=g\",\"url\":\"https:\\\/\\\/secure.gravatar.com\\\/avatar\\\/b382f2b0baf85cf8d841621555daa4ae2420c7929b964e5ca4e287310b061056?s=96&d=mm&r=g\",\"contentUrl\":\"https:\\\/\\\/secure.gravatar.com\\\/avatar\\\/b382f2b0baf85cf8d841621555daa4ae2420c7929b964e5ca4e287310b061056?s=96&d=mm&r=g\",\"caption\":\"admin\"},\"sameAs\":[\"http:\\\/\\\/www.citycharge.eu\"],\"url\":\"https:\\\/\\\/www.citycharge.eu\\\/no\\\/author\\\/admin\\\/\"}]}<\/script>\n<!-- \/ Yoast SEO plugin. -->","yoast_head_json":{"title":"Primevest forvandler lyktestolpen til smart ladepunkt for \u00e5 legge til rette for eksplosiv vekst av elbiler - CityCharge","robots":{"index":"index","follow":"follow","max-snippet":"max-snippet:-1","max-image-preview":"max-image-preview:large","max-video-preview":"max-video-preview:-1"},"canonical":"https:\/\/www.citycharge.eu\/no\/primevest-forvandler-lyktestolpen-til-smart-ladepunkt-for-a-legge-til-rette-for-eksplosiv-vekst-av-elbiler\/","og_locale":"nb_NO","og_type":"article","og_title":"Primevest forvandler lyktestolpen til smart ladepunkt for \u00e5 legge til rette for eksplosiv vekst av elbiler - CityCharge","og_description":"Verdens eldste gateteknologi, lyktestolpen, transformeres av Primevest Capital Partners og partnerne Dutch Charge, Nedal og CityTec til et multifunksjonelt, digitalt ladepunkt for \u00e5 m\u00f8te den enorme mangelen p\u00e5 ladepunkter for elbiler over hele Europa. Den nederlandske kommunen Renkum n\u00e6r Arnhem ble nylig det f\u00f8rste &laquo;smarte&raquo; distriktet i Europa etter \u00e5 ha installert denne b\u00e6rekraftige og [&hellip;]","og_url":"https:\/\/www.citycharge.eu\/no\/primevest-forvandler-lyktestolpen-til-smart-ladepunkt-for-a-legge-til-rette-for-eksplosiv-vekst-av-elbiler\/","og_site_name":"CityCharge","article_published_time":"2021-09-30T15:43:43+00:00","og_image":[{"width":2560,"height":1707,"url":"https:\/\/www.citycharge.eu\/wp-content\/uploads\/2022\/12\/african-american-girl-charging-electro-car-at-the-2023-11-27-05-13-45-utc-scaled.jpg","type":"image\/jpeg"}],"author":"admin","twitter_card":"summary_large_image","twitter_misc":{"Skrevet av":"admin","Ansl. lesetid":"4 minutter"},"schema":{"@context":"https:\/\/schema.org","@graph":[{"@type":"Article","@id":"https:\/\/www.citycharge.eu\/no\/primevest-forvandler-lyktestolpen-til-smart-ladepunkt-for-a-legge-til-rette-for-eksplosiv-vekst-av-elbiler\/#article","isPartOf":{"@id":"https:\/\/www.citycharge.eu\/no\/primevest-forvandler-lyktestolpen-til-smart-ladepunkt-for-a-legge-til-rette-for-eksplosiv-vekst-av-elbiler\/"},"author":{"name":"admin","@id":"https:\/\/www.citycharge.eu\/no\/#\/schema\/person\/0a798ff10afa77f3d0c65789b5d62f17"},"headline":"Primevest forvandler lyktestolpen til smart ladepunkt for \u00e5 legge til rette for eksplosiv vekst av elbiler","datePublished":"2021-09-30T15:43:43+00:00","mainEntityOfPage":{"@id":"https:\/\/www.citycharge.eu\/no\/primevest-forvandler-lyktestolpen-til-smart-ladepunkt-for-a-legge-til-rette-for-eksplosiv-vekst-av-elbiler\/"},"wordCount":785,"publisher":{"@id":"https:\/\/www.citycharge.eu\/no\/#organization"},"image":{"@id":"https:\/\/www.citycharge.eu\/no\/primevest-forvandler-lyktestolpen-til-smart-ladepunkt-for-a-legge-til-rette-for-eksplosiv-vekst-av-elbiler\/#primaryimage"},"thumbnailUrl":"https:\/\/www.citycharge.eu\/wp-content\/uploads\/2022\/12\/african-american-girl-charging-electro-car-at-the-2023-11-27-05-13-45-utc-scaled.jpg","articleSection":["Nyheter"],"inLanguage":"nb-NO"},{"@type":"WebPage","@id":"https:\/\/www.citycharge.eu\/no\/primevest-forvandler-lyktestolpen-til-smart-ladepunkt-for-a-legge-til-rette-for-eksplosiv-vekst-av-elbiler\/","url":"https:\/\/www.citycharge.eu\/no\/primevest-forvandler-lyktestolpen-til-smart-ladepunkt-for-a-legge-til-rette-for-eksplosiv-vekst-av-elbiler\/","name":"Primevest forvandler lyktestolpen til smart ladepunkt for \u00e5 legge til rette for eksplosiv vekst av elbiler - CityCharge","isPartOf":{"@id":"https:\/\/www.citycharge.eu\/no\/#website"},"primaryImageOfPage":{"@id":"https:\/\/www.citycharge.eu\/no\/primevest-forvandler-lyktestolpen-til-smart-ladepunkt-for-a-legge-til-rette-for-eksplosiv-vekst-av-elbiler\/#primaryimage"},"image":{"@id":"https:\/\/www.citycharge.eu\/no\/primevest-forvandler-lyktestolpen-til-smart-ladepunkt-for-a-legge-til-rette-for-eksplosiv-vekst-av-elbiler\/#primaryimage"},"thumbnailUrl":"https:\/\/www.citycharge.eu\/wp-content\/uploads\/2022\/12\/african-american-girl-charging-electro-car-at-the-2023-11-27-05-13-45-utc-scaled.jpg","datePublished":"2021-09-30T15:43:43+00:00","breadcrumb":{"@id":"https:\/\/www.citycharge.eu\/no\/primevest-forvandler-lyktestolpen-til-smart-ladepunkt-for-a-legge-til-rette-for-eksplosiv-vekst-av-elbiler\/#breadcrumb"},"inLanguage":"nb-NO","potentialAction":[{"@type":"ReadAction","target":["https:\/\/www.citycharge.eu\/no\/primevest-forvandler-lyktestolpen-til-smart-ladepunkt-for-a-legge-til-rette-for-eksplosiv-vekst-av-elbiler\/"]}]},{"@type":"ImageObject","inLanguage":"nb-NO","@id":"https:\/\/www.citycharge.eu\/no\/primevest-forvandler-lyktestolpen-til-smart-ladepunkt-for-a-legge-til-rette-for-eksplosiv-vekst-av-elbiler\/#primaryimage","url":"https:\/\/www.citycharge.eu\/wp-content\/uploads\/2022\/12\/african-american-girl-charging-electro-car-at-the-2023-11-27-05-13-45-utc-scaled.jpg","contentUrl":"https:\/\/www.citycharge.eu\/wp-content\/uploads\/2022\/12\/african-american-girl-charging-electro-car-at-the-2023-11-27-05-13-45-utc-scaled.jpg","width":2560,"height":1707,"caption":"Islam black girl charging electro car. Eco car."},{"@type":"BreadcrumbList","@id":"https:\/\/www.citycharge.eu\/no\/primevest-forvandler-lyktestolpen-til-smart-ladepunkt-for-a-legge-til-rette-for-eksplosiv-vekst-av-elbiler\/#breadcrumb","itemListElement":[{"@type":"ListItem","position":1,"name":"Home","item":"https:\/\/www.citycharge.eu\/no\/"},{"@type":"ListItem","position":2,"name":"Primevest forvandler lyktestolpen til smart ladepunkt for \u00e5 legge til rette for eksplosiv vekst av elbiler"}]},{"@type":"WebSite","@id":"https:\/\/www.citycharge.eu\/no\/#website","url":"https:\/\/www.citycharge.eu\/no\/","name":"CityCharge","description":"Nieuw licht op laden","publisher":{"@id":"https:\/\/www.citycharge.eu\/no\/#organization"},"potentialAction":[{"@type":"SearchAction","target":{"@type":"EntryPoint","urlTemplate":"https:\/\/www.citycharge.eu\/no\/?s={search_term_string}"},"query-input":{"@type":"PropertyValueSpecification","valueRequired":true,"valueName":"search_term_string"}}],"inLanguage":"nb-NO"},{"@type":"Organization","@id":"https:\/\/www.citycharge.eu\/no\/#organization","name":"CityCharge","url":"https:\/\/www.citycharge.eu\/no\/","logo":{"@type":"ImageObject","inLanguage":"nb-NO","@id":"https:\/\/www.citycharge.eu\/no\/#\/schema\/logo\/image\/","url":"https:\/\/www.citycharge.eu\/wp-content\/uploads\/2024\/07\/Citycharge_payofff_white.svg","contentUrl":"https:\/\/www.citycharge.eu\/wp-content\/uploads\/2024\/07\/Citycharge_payofff_white.svg","width":1920,"height":530,"caption":"CityCharge"},"image":{"@id":"https:\/\/www.citycharge.eu\/no\/#\/schema\/logo\/image\/"}},{"@type":"Person","@id":"https:\/\/www.citycharge.eu\/no\/#\/schema\/person\/0a798ff10afa77f3d0c65789b5d62f17","name":"admin","image":{"@type":"ImageObject","inLanguage":"nb-NO","@id":"https:\/\/secure.gravatar.com\/avatar\/b382f2b0baf85cf8d841621555daa4ae2420c7929b964e5ca4e287310b061056?s=96&d=mm&r=g","url":"https:\/\/secure.gravatar.com\/avatar\/b382f2b0baf85cf8d841621555daa4ae2420c7929b964e5ca4e287310b061056?s=96&d=mm&r=g","contentUrl":"https:\/\/secure.gravatar.com\/avatar\/b382f2b0baf85cf8d841621555daa4ae2420c7929b964e5ca4e287310b061056?s=96&d=mm&r=g","caption":"admin"},"sameAs":["http:\/\/www.citycharge.eu"],"url":"https:\/\/www.citycharge.eu\/no\/author\/admin\/"}]}},"_links":{"self":[{"href":"https:\/\/www.citycharge.eu\/no\/wp-json\/wp\/v2\/posts\/9400","targetHints":{"allow":["GET"]}}],"collection":[{"href":"https:\/\/www.citycharge.eu\/no\/wp-json\/wp\/v2\/posts"}],"about":[{"href":"https:\/\/www.citycharge.eu\/no\/wp-json\/wp\/v2\/types\/post"}],"author":[{"embeddable":true,"href":"https:\/\/www.citycharge.eu\/no\/wp-json\/wp\/v2\/users\/1"}],"replies":[{"embeddable":true,"href":"https:\/\/www.citycharge.eu\/no\/wp-json\/wp\/v2\/comments?post=9400"}],"version-history":[{"count":0,"href":"https:\/\/www.citycharge.eu\/no\/wp-json\/wp\/v2\/posts\/9400\/revisions"}],"wp:featuredmedia":[{"embeddable":true,"href":"https:\/\/www.citycharge.eu\/no\/wp-json\/wp\/v2\/media\/8842"}],"wp:attachment":[{"href":"https:\/\/www.citycharge.eu\/no\/wp-json\/wp\/v2\/media?parent=9400"}],"wp:term":[{"taxonomy":"category","embeddable":true,"href":"https:\/\/www.citycharge.eu\/no\/wp-json\/wp\/v2\/categories?post=9400"},{"taxonomy":"post_tag","embeddable":true,"href":"https:\/\/www.citycharge.eu\/no\/wp-json\/wp\/v2\/tags?post=9400"}],"curies":[{"name":"wp","href":"https:\/\/api.w.org\/{rel}","templated":true}]}}