{"id":9742,"date":"2024-12-19T11:31:03","date_gmt":"2024-12-19T11:31:03","guid":{"rendered":"https:\/\/www.citycharge.eu\/oostnl-investering-for-smarte-ladepunkter-i-lyktestolper\/"},"modified":"2024-12-19T11:31:03","modified_gmt":"2024-12-19T11:31:03","slug":"oostnl-investering-for-smarte-ladepunkter-i-lyktestolper","status":"publish","type":"post","link":"https:\/\/www.citycharge.eu\/no\/oostnl-investering-for-smarte-ladepunkter-i-lyktestolper\/","title":{"rendered":"OostNL: Investering for smarte ladepunkter i lyktestolper"},"content":{"rendered":"<p><img fetchpriority=\"high\" decoding=\"async\" class=\"alignnone wp-image-7232 size-full\" src=\"https:\/\/www.citycharge.eu\/wp-content\/uploads\/2024\/12\/Investering-voor-slimme-laadpunten-2.jpg\" alt=\"\" width=\"2240\" height=\"1260\" srcset=\"https:\/\/www.citycharge.eu\/wp-content\/uploads\/2024\/12\/Investering-voor-slimme-laadpunten-2.jpg 2240w, https:\/\/www.citycharge.eu\/wp-content\/uploads\/2024\/12\/Investering-voor-slimme-laadpunten-2-300x169.jpg 300w, https:\/\/www.citycharge.eu\/wp-content\/uploads\/2024\/12\/Investering-voor-slimme-laadpunten-2-1024x576.jpg 1024w, https:\/\/www.citycharge.eu\/wp-content\/uploads\/2024\/12\/Investering-voor-slimme-laadpunten-2-768x432.jpg 768w, https:\/\/www.citycharge.eu\/wp-content\/uploads\/2024\/12\/Investering-voor-slimme-laadpunten-2-1536x864.jpg 1536w, https:\/\/www.citycharge.eu\/wp-content\/uploads\/2024\/12\/Investering-voor-slimme-laadpunten-2-2048x1152.jpg 2048w\" sizes=\"(max-width: 2240px) 100vw, 2240px\" \/><\/p>\n<p class=\"p2\"><i>Mer b\u00e6rekraftige ladepunkter og mindre rot i gatebildet<b><img decoding=\"async\" class=\"alignright wp-image-7238 size-thumbnail\" src=\"https:\/\/www.citycharge.eu\/wp-content\/uploads\/2024\/12\/oost-nl-logo-150x150.png\" alt=\"\" width=\"150\" height=\"150\"><\/b><\/i><\/p>\n<p class=\"p3\"><b>CityCharge produserer sm\u00e5 ladepunkter for elbiler som er fullt integrert i lyktestolper. Med en investering fra det finske Purso og Innovation and Energy Fund Gelderland (IEG) kan selskapet vokse ytterligere og forbedre ladepunktene sine. IEG er et fond i provinsen Gelderland forvaltet av Oost NL. CityCharge etablerer seg i Arnhem.   <\/b><\/p>\n<p class=\"p3\">Elektrisk kj\u00f8ring er i \u00f8kende grad normen. Dette krever flere ladepunkter. Mange har ikke egen innkj\u00f8rsel, noe som skaper behov for ekstra ladepunkter i gata. Dette f\u00f8rer til en \u00f8kning i ladestasjoner. National Charging Infrastructure Agenda ansl\u00e5r at det vil v\u00e6re behov for 4,3 millioner ladepunkter innen 2050. Det er n\u00e5 omtrent 450 000 igjen i Nederland. Med deres l\u00f8sning lager CityCharge ladepunkter fra vanlige lyktestolper. Slik kan kommunene \u00f8ke utvalget av ladepunkter uten \u00e5 rote i gatebildet.       <\/p>\n<p class=\"p3\">Heimen Visser, administrerende direkt\u00f8r i CityCharge: \u00abMed v\u00e5r innovasjon er det mulig \u00e5 bruke lyktestolpeplasseringer til en annen funksjon, nemlig lading av elbiler, motorsykler og til og med elektriske b\u00e5ter fra kanalen. Det er mer enn 3,5 millioner lyktestolper i Nederland, hvorav mer enn 400 000 er plassert n\u00f8yaktig mellom to parkeringsplasser. Ideell for \u00e5 lade to biler samtidig, med samme hastighet som en vanlig ladestasjon. Dessuten er det en mye mer b\u00e6rekraftig l\u00f8sning som resulterer i mer enn 58 % CO2-besparelser sammenlignet med vanlige ladestasjoner.\u00bb Ladepunktene er utviklet og produsert i sin helhet i Nederland. <\/p>\n<p class=\"p3\"><span class=\"s1\"><a href=\"https:\/\/www.citycharge.eu\/\">CityCharge<\/a><\/span> samarbeider med ulike ladepunktoperat\u00f8rer (ladeoperat\u00f8rer) og kommuner<span class=\"Apple-converted-space\">  <\/span>\u00e5 implementere denne b\u00e6rekraftige ladelyktestolpel\u00f8sningen. CityChargeR-ladelampestolpene er n\u00e5 installert i mer enn 16 kommuner, inkludert Arnhem, Renkum, Zaltbommel, Alkmaar, Haarlemmermeer, Eindhoven og Oosterhout, og selskapet mottar mange foresp\u00f8rsler fra utlandet. <\/p>\n<h2 class=\"p3\"><b>Investering i smarte ladepunkter for videre vekst<\/b><\/h2>\n<p class=\"p3\">Investeringen gj\u00f8r at selskapet kan komme videre i utviklingen. \u00abFinansieringen hjelper oss \u00e5 implementere innovasjoner raskere, skalere opp produksjonen og fokusere mer p\u00e5 \u00e5 kommunisere l\u00f8sningen til alle kommuner i Nederland. V\u00e5rt CityCharge-ladeprodukt skal kontinuerlig v\u00e6re i forkant. Med Purso har vi en strategisk partner om bord. Og en investor med offentlig karakter som Oost NL tilbyr komfort for potensielle offentlige kunder, sier Visser om den nye drivkraften for CityCharge. <\/p>\n<p class=\"p3\">Finske Purso, som blant annet produserer lyss\u00f8yler i aluminium, leder investeringsrunden Timo Suuriniemi, finansdirekt\u00f8r i Purso: \u00abSammen kan vi akselerere utviklingen av lyss\u00f8yler og ladepunkter. Vi ser alltid p\u00e5 hvordan vi kan forbedre CityChargeR-produktet ytterligere, og vi unders\u00f8ker ytterligere mulige innovasjoner. Dette er en smart m\u00e5te \u00e5 m\u00f8te den \u00f8kende ettersp\u00f8rselen etter ladepunkter.\u00bb<\/p>\n<p class=\"p3\">Jeroen Gierveld, energiinvesteringssjef i Oost NL: \u00abFor en vellykket energiomstilling m\u00e5 transport bli mer b\u00e6rekraftig. Flere og flere biler vil bli elektrisk drevet i fremtiden. Det trengs infrastruktur for det. CityCharge er en <i>muliggj\u00f8rer<\/i> som gir mange b\u00e6rekraftige ladepunkter. Metoden med utbygging gjennom ladegater bidrar ogs\u00e5 til \u00e5 bekjempe overbelastning av nett. Det er flott at vi kan bidra til dette fra Gelderland Innovation and Energy Fund.\u00bb     <\/p>\n<h2 class=\"p3\"><b>Etablering ved IPKW og samarbeid med regionen<\/b><\/h2>\n<p class=\"p3\">Som en del av investeringen etablerer CityCharge seg i Gelderland ved <a href=\"https:\/\/www.ipkw.nl\/\"><span class=\"s1\">Kleefse Waard Industrial Park<\/span><\/a> (Cleantech Arnhem-regionen). Dette gj\u00f8r selskapet til et verdifullt tillegg til \u00f8kosystemet rundt ladeinfrastruktur i Arnhem, inkludert selskaper som ElaadNL, Allego og Milence og fasilitetene som <a href=\"https:\/\/www.connectr.nu\/\"><span class=\"s1\">Connectr<\/span><\/a> tilbyr. <\/p>\n<p><img decoding=\"async\" class=\"alignnone wp-image-7233 size-full\" src=\"https:\/\/www.citycharge.eu\/wp-content\/uploads\/2024\/12\/Investering-voor-slimme-laadpunten.jpg\" alt=\"fra venstre til h\u00f8yre Michel Versteeg, Jeroen Gierveld og Heimen Visser\" width=\"2240\" height=\"1260\" srcset=\"https:\/\/www.citycharge.eu\/wp-content\/uploads\/2024\/12\/Investering-voor-slimme-laadpunten.jpg 2240w, https:\/\/www.citycharge.eu\/wp-content\/uploads\/2024\/12\/Investering-voor-slimme-laadpunten-300x169.jpg 300w, https:\/\/www.citycharge.eu\/wp-content\/uploads\/2024\/12\/Investering-voor-slimme-laadpunten-1024x576.jpg 1024w, https:\/\/www.citycharge.eu\/wp-content\/uploads\/2024\/12\/Investering-voor-slimme-laadpunten-768x432.jpg 768w, https:\/\/www.citycharge.eu\/wp-content\/uploads\/2024\/12\/Investering-voor-slimme-laadpunten-1536x864.jpg 1536w, https:\/\/www.citycharge.eu\/wp-content\/uploads\/2024\/12\/Investering-voor-slimme-laadpunten-2048x1152.jpg 2048w\" sizes=\"(max-width: 2240px) 100vw, 2240px\" \/><\/p>\n<p class=\"p4\"><i>Fra venstre til h\u00f8yre Michel Versteeg, CTO CityCharge, Jeroen Gierveld, investeringssjef Oost NL og Heimen Visser, CEO CityCharge<\/i><\/p>\n","protected":false},"excerpt":{"rendered":"<p>Mer b\u00e6rekraftige ladepunkter og mindre rot i gatebildet CityCharge produserer sm\u00e5 ladepunkter for elbiler som er fullt integrert i lyktestolper. Med en investering fra det finske Purso og Innovation and Energy Fund Gelderland (IEG) kan selskapet vokse ytterligere og forbedre ladepunktene sine. IEG er et fond i provinsen Gelderland forvaltet av Oost NL. CityCharge etablerer [&hellip;]<\/p>\n","protected":false},"author":2,"featured_media":9139,"comment_status":"open","ping_status":"open","sticky":false,"template":"","format":"standard","meta":{"_acf_changed":false,"footnotes":""},"categories":[62],"tags":[],"class_list":["post-9742","post","type-post","status-publish","format-standard","has-post-thumbnail","hentry","category-nyheter-no"],"acf":[],"yoast_head":"<!-- This site is optimized with the Yoast SEO plugin v27.5 - https:\/\/yoast.com\/product\/yoast-seo-wordpress\/ -->\n<title>Investering i smarte ladepunkter - CityCharge<\/title>\n<meta name=\"description\" content=\"En investering i smarte ladepunkter for elbiler som er fullt integrert i lyktestolper. CityCharge har l\u00f8sningen.\" \/>\n<meta name=\"robots\" content=\"index, follow, max-snippet:-1, max-image-preview:large, max-video-preview:-1\" \/>\n<link rel=\"canonical\" href=\"https:\/\/www.citycharge.eu\/no\/oostnl-investering-for-smarte-ladepunkter-i-lyktestolper\/\" \/>\n<meta property=\"og:locale\" content=\"nb_NO\" \/>\n<meta property=\"og:type\" content=\"article\" \/>\n<meta property=\"og:title\" content=\"Investering i smarte ladepunkter - CityCharge\" \/>\n<meta property=\"og:description\" content=\"En investering i smarte ladepunkter for elbiler som er fullt integrert i lyktestolper. CityCharge har l\u00f8sningen.\" \/>\n<meta property=\"og:url\" content=\"https:\/\/www.citycharge.eu\/no\/oostnl-investering-for-smarte-ladepunkter-i-lyktestolper\/\" \/>\n<meta property=\"og:site_name\" content=\"CityCharge\" \/>\n<meta property=\"article:published_time\" content=\"2024-12-19T11:31:03+00:00\" \/>\n<meta property=\"og:image\" content=\"https:\/\/www.citycharge.eu\/wp-content\/uploads\/2024\/12\/Investering-voor-slimme-laadpunten.jpg\" \/>\n\t<meta property=\"og:image:width\" content=\"2240\" \/>\n\t<meta property=\"og:image:height\" content=\"1260\" \/>\n\t<meta property=\"og:image:type\" content=\"image\/jpeg\" \/>\n<meta name=\"author\" content=\"Danique\" \/>\n<meta name=\"twitter:card\" content=\"summary_large_image\" \/>\n<meta name=\"twitter:label1\" content=\"Skrevet av\" \/>\n\t<meta name=\"twitter:data1\" content=\"Danique\" \/>\n\t<meta name=\"twitter:label2\" content=\"Ansl. lesetid\" \/>\n\t<meta name=\"twitter:data2\" content=\"3 minutter\" \/>\n<script type=\"application\/ld+json\" class=\"yoast-schema-graph\">{\"@context\":\"https:\\\/\\\/schema.org\",\"@graph\":[{\"@type\":\"Article\",\"@id\":\"https:\\\/\\\/www.citycharge.eu\\\/no\\\/oostnl-investering-for-smarte-ladepunkter-i-lyktestolper\\\/#article\",\"isPartOf\":{\"@id\":\"https:\\\/\\\/www.citycharge.eu\\\/no\\\/oostnl-investering-for-smarte-ladepunkter-i-lyktestolper\\\/\"},\"author\":{\"name\":\"Danique\",\"@id\":\"https:\\\/\\\/www.citycharge.eu\\\/no\\\/#\\\/schema\\\/person\\\/139ed150cae75a3610198856265ef602\"},\"headline\":\"OostNL: Investering for smarte ladepunkter i lyktestolper\",\"datePublished\":\"2024-12-19T11:31:03+00:00\",\"mainEntityOfPage\":{\"@id\":\"https:\\\/\\\/www.citycharge.eu\\\/no\\\/oostnl-investering-for-smarte-ladepunkter-i-lyktestolper\\\/\"},\"wordCount\":558,\"commentCount\":0,\"publisher\":{\"@id\":\"https:\\\/\\\/www.citycharge.eu\\\/no\\\/#organization\"},\"image\":{\"@id\":\"https:\\\/\\\/www.citycharge.eu\\\/no\\\/oostnl-investering-for-smarte-ladepunkter-i-lyktestolper\\\/#primaryimage\"},\"thumbnailUrl\":\"https:\\\/\\\/www.citycharge.eu\\\/wp-content\\\/uploads\\\/2024\\\/12\\\/Investering-voor-slimme-laadpunten.jpg\",\"articleSection\":[\"Nyheter\"],\"inLanguage\":\"nb-NO\",\"potentialAction\":[{\"@type\":\"CommentAction\",\"name\":\"Comment\",\"target\":[\"https:\\\/\\\/www.citycharge.eu\\\/no\\\/oostnl-investering-for-smarte-ladepunkter-i-lyktestolper\\\/#respond\"]}]},{\"@type\":\"WebPage\",\"@id\":\"https:\\\/\\\/www.citycharge.eu\\\/no\\\/oostnl-investering-for-smarte-ladepunkter-i-lyktestolper\\\/\",\"url\":\"https:\\\/\\\/www.citycharge.eu\\\/no\\\/oostnl-investering-for-smarte-ladepunkter-i-lyktestolper\\\/\",\"name\":\"Investering i smarte ladepunkter - CityCharge\",\"isPartOf\":{\"@id\":\"https:\\\/\\\/www.citycharge.eu\\\/no\\\/#website\"},\"primaryImageOfPage\":{\"@id\":\"https:\\\/\\\/www.citycharge.eu\\\/no\\\/oostnl-investering-for-smarte-ladepunkter-i-lyktestolper\\\/#primaryimage\"},\"image\":{\"@id\":\"https:\\\/\\\/www.citycharge.eu\\\/no\\\/oostnl-investering-for-smarte-ladepunkter-i-lyktestolper\\\/#primaryimage\"},\"thumbnailUrl\":\"https:\\\/\\\/www.citycharge.eu\\\/wp-content\\\/uploads\\\/2024\\\/12\\\/Investering-voor-slimme-laadpunten.jpg\",\"datePublished\":\"2024-12-19T11:31:03+00:00\",\"description\":\"En investering i smarte ladepunkter for elbiler som er fullt integrert i lyktestolper. CityCharge har l\u00f8sningen.\",\"breadcrumb\":{\"@id\":\"https:\\\/\\\/www.citycharge.eu\\\/no\\\/oostnl-investering-for-smarte-ladepunkter-i-lyktestolper\\\/#breadcrumb\"},\"inLanguage\":\"nb-NO\",\"potentialAction\":[{\"@type\":\"ReadAction\",\"target\":[\"https:\\\/\\\/www.citycharge.eu\\\/no\\\/oostnl-investering-for-smarte-ladepunkter-i-lyktestolper\\\/\"]}]},{\"@type\":\"ImageObject\",\"inLanguage\":\"nb-NO\",\"@id\":\"https:\\\/\\\/www.citycharge.eu\\\/no\\\/oostnl-investering-for-smarte-ladepunkter-i-lyktestolper\\\/#primaryimage\",\"url\":\"https:\\\/\\\/www.citycharge.eu\\\/wp-content\\\/uploads\\\/2024\\\/12\\\/Investering-voor-slimme-laadpunten.jpg\",\"contentUrl\":\"https:\\\/\\\/www.citycharge.eu\\\/wp-content\\\/uploads\\\/2024\\\/12\\\/Investering-voor-slimme-laadpunten.jpg\",\"width\":2240,\"height\":1260},{\"@type\":\"BreadcrumbList\",\"@id\":\"https:\\\/\\\/www.citycharge.eu\\\/no\\\/oostnl-investering-for-smarte-ladepunkter-i-lyktestolper\\\/#breadcrumb\",\"itemListElement\":[{\"@type\":\"ListItem\",\"position\":1,\"name\":\"Home\",\"item\":\"https:\\\/\\\/www.citycharge.eu\\\/no\\\/\"},{\"@type\":\"ListItem\",\"position\":2,\"name\":\"OostNL: Investering for smarte ladepunkter i lyktestolper\"}]},{\"@type\":\"WebSite\",\"@id\":\"https:\\\/\\\/www.citycharge.eu\\\/no\\\/#website\",\"url\":\"https:\\\/\\\/www.citycharge.eu\\\/no\\\/\",\"name\":\"CityCharge\",\"description\":\"Nieuw licht op laden\",\"publisher\":{\"@id\":\"https:\\\/\\\/www.citycharge.eu\\\/no\\\/#organization\"},\"potentialAction\":[{\"@type\":\"SearchAction\",\"target\":{\"@type\":\"EntryPoint\",\"urlTemplate\":\"https:\\\/\\\/www.citycharge.eu\\\/no\\\/?s={search_term_string}\"},\"query-input\":{\"@type\":\"PropertyValueSpecification\",\"valueRequired\":true,\"valueName\":\"search_term_string\"}}],\"inLanguage\":\"nb-NO\"},{\"@type\":\"Organization\",\"@id\":\"https:\\\/\\\/www.citycharge.eu\\\/no\\\/#organization\",\"name\":\"CityCharge\",\"url\":\"https:\\\/\\\/www.citycharge.eu\\\/no\\\/\",\"logo\":{\"@type\":\"ImageObject\",\"inLanguage\":\"nb-NO\",\"@id\":\"https:\\\/\\\/www.citycharge.eu\\\/no\\\/#\\\/schema\\\/logo\\\/image\\\/\",\"url\":\"https:\\\/\\\/www.citycharge.eu\\\/wp-content\\\/uploads\\\/2024\\\/07\\\/Citycharge_payofff_white.svg\",\"contentUrl\":\"https:\\\/\\\/www.citycharge.eu\\\/wp-content\\\/uploads\\\/2024\\\/07\\\/Citycharge_payofff_white.svg\",\"width\":1920,\"height\":530,\"caption\":\"CityCharge\"},\"image\":{\"@id\":\"https:\\\/\\\/www.citycharge.eu\\\/no\\\/#\\\/schema\\\/logo\\\/image\\\/\"}},{\"@type\":\"Person\",\"@id\":\"https:\\\/\\\/www.citycharge.eu\\\/no\\\/#\\\/schema\\\/person\\\/139ed150cae75a3610198856265ef602\",\"name\":\"Danique\",\"image\":{\"@type\":\"ImageObject\",\"inLanguage\":\"nb-NO\",\"@id\":\"https:\\\/\\\/secure.gravatar.com\\\/avatar\\\/2f3292a2b91653394d5be1d0518dec168aeade35a36c003959a83a0e10a262fb?s=96&d=mm&r=g\",\"url\":\"https:\\\/\\\/secure.gravatar.com\\\/avatar\\\/2f3292a2b91653394d5be1d0518dec168aeade35a36c003959a83a0e10a262fb?s=96&d=mm&r=g\",\"contentUrl\":\"https:\\\/\\\/secure.gravatar.com\\\/avatar\\\/2f3292a2b91653394d5be1d0518dec168aeade35a36c003959a83a0e10a262fb?s=96&d=mm&r=g\",\"caption\":\"Danique\"},\"url\":\"https:\\\/\\\/www.citycharge.eu\\\/no\\\/author\\\/danique\\\/\"}]}<\/script>\n<!-- \/ Yoast SEO plugin. -->","yoast_head_json":{"title":"Investering i smarte ladepunkter - CityCharge","description":"En investering i smarte ladepunkter for elbiler som er fullt integrert i lyktestolper. CityCharge har l\u00f8sningen.","robots":{"index":"index","follow":"follow","max-snippet":"max-snippet:-1","max-image-preview":"max-image-preview:large","max-video-preview":"max-video-preview:-1"},"canonical":"https:\/\/www.citycharge.eu\/no\/oostnl-investering-for-smarte-ladepunkter-i-lyktestolper\/","og_locale":"nb_NO","og_type":"article","og_title":"Investering i smarte ladepunkter - CityCharge","og_description":"En investering i smarte ladepunkter for elbiler som er fullt integrert i lyktestolper. CityCharge har l\u00f8sningen.","og_url":"https:\/\/www.citycharge.eu\/no\/oostnl-investering-for-smarte-ladepunkter-i-lyktestolper\/","og_site_name":"CityCharge","article_published_time":"2024-12-19T11:31:03+00:00","og_image":[{"width":2240,"height":1260,"url":"https:\/\/www.citycharge.eu\/wp-content\/uploads\/2024\/12\/Investering-voor-slimme-laadpunten.jpg","type":"image\/jpeg"}],"author":"Danique","twitter_card":"summary_large_image","twitter_misc":{"Skrevet av":"Danique","Ansl. lesetid":"3 minutter"},"schema":{"@context":"https:\/\/schema.org","@graph":[{"@type":"Article","@id":"https:\/\/www.citycharge.eu\/no\/oostnl-investering-for-smarte-ladepunkter-i-lyktestolper\/#article","isPartOf":{"@id":"https:\/\/www.citycharge.eu\/no\/oostnl-investering-for-smarte-ladepunkter-i-lyktestolper\/"},"author":{"name":"Danique","@id":"https:\/\/www.citycharge.eu\/no\/#\/schema\/person\/139ed150cae75a3610198856265ef602"},"headline":"OostNL: Investering for smarte ladepunkter i lyktestolper","datePublished":"2024-12-19T11:31:03+00:00","mainEntityOfPage":{"@id":"https:\/\/www.citycharge.eu\/no\/oostnl-investering-for-smarte-ladepunkter-i-lyktestolper\/"},"wordCount":558,"commentCount":0,"publisher":{"@id":"https:\/\/www.citycharge.eu\/no\/#organization"},"image":{"@id":"https:\/\/www.citycharge.eu\/no\/oostnl-investering-for-smarte-ladepunkter-i-lyktestolper\/#primaryimage"},"thumbnailUrl":"https:\/\/www.citycharge.eu\/wp-content\/uploads\/2024\/12\/Investering-voor-slimme-laadpunten.jpg","articleSection":["Nyheter"],"inLanguage":"nb-NO","potentialAction":[{"@type":"CommentAction","name":"Comment","target":["https:\/\/www.citycharge.eu\/no\/oostnl-investering-for-smarte-ladepunkter-i-lyktestolper\/#respond"]}]},{"@type":"WebPage","@id":"https:\/\/www.citycharge.eu\/no\/oostnl-investering-for-smarte-ladepunkter-i-lyktestolper\/","url":"https:\/\/www.citycharge.eu\/no\/oostnl-investering-for-smarte-ladepunkter-i-lyktestolper\/","name":"Investering i smarte ladepunkter - CityCharge","isPartOf":{"@id":"https:\/\/www.citycharge.eu\/no\/#website"},"primaryImageOfPage":{"@id":"https:\/\/www.citycharge.eu\/no\/oostnl-investering-for-smarte-ladepunkter-i-lyktestolper\/#primaryimage"},"image":{"@id":"https:\/\/www.citycharge.eu\/no\/oostnl-investering-for-smarte-ladepunkter-i-lyktestolper\/#primaryimage"},"thumbnailUrl":"https:\/\/www.citycharge.eu\/wp-content\/uploads\/2024\/12\/Investering-voor-slimme-laadpunten.jpg","datePublished":"2024-12-19T11:31:03+00:00","description":"En investering i smarte ladepunkter for elbiler som er fullt integrert i lyktestolper. CityCharge har l\u00f8sningen.","breadcrumb":{"@id":"https:\/\/www.citycharge.eu\/no\/oostnl-investering-for-smarte-ladepunkter-i-lyktestolper\/#breadcrumb"},"inLanguage":"nb-NO","potentialAction":[{"@type":"ReadAction","target":["https:\/\/www.citycharge.eu\/no\/oostnl-investering-for-smarte-ladepunkter-i-lyktestolper\/"]}]},{"@type":"ImageObject","inLanguage":"nb-NO","@id":"https:\/\/www.citycharge.eu\/no\/oostnl-investering-for-smarte-ladepunkter-i-lyktestolper\/#primaryimage","url":"https:\/\/www.citycharge.eu\/wp-content\/uploads\/2024\/12\/Investering-voor-slimme-laadpunten.jpg","contentUrl":"https:\/\/www.citycharge.eu\/wp-content\/uploads\/2024\/12\/Investering-voor-slimme-laadpunten.jpg","width":2240,"height":1260},{"@type":"BreadcrumbList","@id":"https:\/\/www.citycharge.eu\/no\/oostnl-investering-for-smarte-ladepunkter-i-lyktestolper\/#breadcrumb","itemListElement":[{"@type":"ListItem","position":1,"name":"Home","item":"https:\/\/www.citycharge.eu\/no\/"},{"@type":"ListItem","position":2,"name":"OostNL: Investering for smarte ladepunkter i lyktestolper"}]},{"@type":"WebSite","@id":"https:\/\/www.citycharge.eu\/no\/#website","url":"https:\/\/www.citycharge.eu\/no\/","name":"CityCharge","description":"Nieuw licht op laden","publisher":{"@id":"https:\/\/www.citycharge.eu\/no\/#organization"},"potentialAction":[{"@type":"SearchAction","target":{"@type":"EntryPoint","urlTemplate":"https:\/\/www.citycharge.eu\/no\/?s={search_term_string}"},"query-input":{"@type":"PropertyValueSpecification","valueRequired":true,"valueName":"search_term_string"}}],"inLanguage":"nb-NO"},{"@type":"Organization","@id":"https:\/\/www.citycharge.eu\/no\/#organization","name":"CityCharge","url":"https:\/\/www.citycharge.eu\/no\/","logo":{"@type":"ImageObject","inLanguage":"nb-NO","@id":"https:\/\/www.citycharge.eu\/no\/#\/schema\/logo\/image\/","url":"https:\/\/www.citycharge.eu\/wp-content\/uploads\/2024\/07\/Citycharge_payofff_white.svg","contentUrl":"https:\/\/www.citycharge.eu\/wp-content\/uploads\/2024\/07\/Citycharge_payofff_white.svg","width":1920,"height":530,"caption":"CityCharge"},"image":{"@id":"https:\/\/www.citycharge.eu\/no\/#\/schema\/logo\/image\/"}},{"@type":"Person","@id":"https:\/\/www.citycharge.eu\/no\/#\/schema\/person\/139ed150cae75a3610198856265ef602","name":"Danique","image":{"@type":"ImageObject","inLanguage":"nb-NO","@id":"https:\/\/secure.gravatar.com\/avatar\/2f3292a2b91653394d5be1d0518dec168aeade35a36c003959a83a0e10a262fb?s=96&d=mm&r=g","url":"https:\/\/secure.gravatar.com\/avatar\/2f3292a2b91653394d5be1d0518dec168aeade35a36c003959a83a0e10a262fb?s=96&d=mm&r=g","contentUrl":"https:\/\/secure.gravatar.com\/avatar\/2f3292a2b91653394d5be1d0518dec168aeade35a36c003959a83a0e10a262fb?s=96&d=mm&r=g","caption":"Danique"},"url":"https:\/\/www.citycharge.eu\/no\/author\/danique\/"}]}},"_links":{"self":[{"href":"https:\/\/www.citycharge.eu\/no\/wp-json\/wp\/v2\/posts\/9742","targetHints":{"allow":["GET"]}}],"collection":[{"href":"https:\/\/www.citycharge.eu\/no\/wp-json\/wp\/v2\/posts"}],"about":[{"href":"https:\/\/www.citycharge.eu\/no\/wp-json\/wp\/v2\/types\/post"}],"author":[{"embeddable":true,"href":"https:\/\/www.citycharge.eu\/no\/wp-json\/wp\/v2\/users\/2"}],"replies":[{"embeddable":true,"href":"https:\/\/www.citycharge.eu\/no\/wp-json\/wp\/v2\/comments?post=9742"}],"version-history":[{"count":0,"href":"https:\/\/www.citycharge.eu\/no\/wp-json\/wp\/v2\/posts\/9742\/revisions"}],"wp:featuredmedia":[{"embeddable":true,"href":"https:\/\/www.citycharge.eu\/no\/wp-json\/wp\/v2\/media\/9139"}],"wp:attachment":[{"href":"https:\/\/www.citycharge.eu\/no\/wp-json\/wp\/v2\/media?parent=9742"}],"wp:term":[{"taxonomy":"category","embeddable":true,"href":"https:\/\/www.citycharge.eu\/no\/wp-json\/wp\/v2\/categories?post=9742"},{"taxonomy":"post_tag","embeddable":true,"href":"https:\/\/www.citycharge.eu\/no\/wp-json\/wp\/v2\/tags?post=9742"}],"curies":[{"name":"wp","href":"https:\/\/api.w.org\/{rel}","templated":true}]}}