{"id":9818,"date":"2023-01-03T08:26:36","date_gmt":"2023-01-03T08:26:36","guid":{"rendered":"https:\/\/www.citycharge.eu\/en-forste-for-eindhoven-og-andre-i-nederland-lyktestolpe-med-stikkontakt-for-a-lade-elbiler\/"},"modified":"2023-01-03T08:26:36","modified_gmt":"2023-01-03T08:26:36","slug":"en-forste-for-eindhoven-og-andre-i-nederland-lyktestolpe-med-stikkontakt-for-a-lade-elbiler","status":"publish","type":"post","link":"https:\/\/www.citycharge.eu\/no\/en-forste-for-eindhoven-og-andre-i-nederland-lyktestolpe-med-stikkontakt-for-a-lade-elbiler\/","title":{"rendered":"En f\u00f8rste for Eindhoven (og andre i Nederland): lyktestolpe med stikkontakt for \u00e5 lade elbiler"},"content":{"rendered":"<p><img fetchpriority=\"high\" decoding=\"async\" class=\"wp-image-5800 size-large aligncenter\" src=\"http:\/\/www.citycharge.eu\/wp-content\/uploads\/2023\/01\/Wethouder-Rik-Thijs-1024x683.jpeg\" alt=\"\" width=\"1024\" height=\"683\" srcset=\"https:\/\/www.citycharge.eu\/wp-content\/uploads\/2023\/01\/Wethouder-Rik-Thijs-1024x683.jpeg 1024w, https:\/\/www.citycharge.eu\/wp-content\/uploads\/2023\/01\/Wethouder-Rik-Thijs-300x200.jpeg 300w, https:\/\/www.citycharge.eu\/wp-content\/uploads\/2023\/01\/Wethouder-Rik-Thijs-768x512.jpeg 768w, https:\/\/www.citycharge.eu\/wp-content\/uploads\/2023\/01\/Wethouder-Rik-Thijs.jpeg 1350w\" sizes=\"(max-width: 1024px) 100vw, 1024px\" \/><\/p>\n<p>EINDHOVEN &#8211; En sentral ladestasjon som distribusjonspunkt for syv og snart fjorten elbiler. Buurtschap Te Veld i Woensel har scoopet for Eindhoven. Den nyoppf\u00f8rte parkeringsplassen ved Kwartier i Te Veld-grenda har sju lyktestolper. De fungerer ogs\u00e5 som ladestasjon for elbiler. Til dette f\u00e5r de str\u00f8m fra \u00e9n sentral ladestasjon. Det er det f\u00f8rste stedet i Eindhoven hvor dette anlegget er installert og det andre i Nederland etter Renkum, if\u00f8lge Michel Versteeg fra installasjonsselskapet Dutch Charge. I g\u00e5r var det offisiell presentasjon, i n\u00e6rv\u00e6r av r\u00e5dmann Rik Thijs (energi). <\/p>\n<h2>Mot &#8216;rot&#8217; i gatebildet<\/h2>\n<p>If\u00f8lge Dutch Charge og Eindhoven kommune er det flere fordeler med denne konstruksjonen. De tilh\u00f8rende parkeringsplassene kan ogs\u00e5 brukes til drivstoffdrevne biler, noe som kan \u00f8ke oppslutningen blant beboerne. I tillegg hindrer bruk av lyktestolper \u00abrotet\u00bb i gatebildet. Dessuten er installasjonen billigere enn tradisjonelle ladestasjoner. Versteeg er ogs\u00e5 stolt av det han kaller \u00absmart kontroll\u00bb. \u00abN\u00e5r parkeringsplassen fylles opp mellom klokken fem og seks p\u00e5 ettermiddagen og lysene tennes overalt i husene, er ettersp\u00f8rselen etter str\u00f8m stor. Denne ladestasjonen leverer da i et lavere tempo, fordi de fleste biler bare brukes igjen senere p\u00e5 kvelden eller til og med neste morgen.&raquo;      <\/p>\n<p><iframe title=\"Eerste &#039;laadlantaarns&#039; in Eindhoven in gebruik genomen\" width=\"800\" height=\"450\" src=\"https:\/\/www.youtube.com\/embed\/-I2thSu_Lzo?feature=oembed\" frameborder=\"0\" allow=\"accelerometer; autoplay; clipboard-write; encrypted-media; gyroscope; picture-in-picture; web-share\" referrerpolicy=\"strict-origin-when-cross-origin\" allowfullscreen><\/iframe><\/p>\n<h2>Bankkort eller telefon<\/h2>\n<p>De syv ladepunktene er allerede i drift, men ytterligere forbedringer vil bli gjort i n\u00e6r fremtid. Dette gir dem en ekstra tilkobling, slik at to biler kan kobles sammen om gangen, akkurat som med andre ladestasjoner. Det vil ogs\u00e5 v\u00e6re en kortleser, slik at brukerne kan betale med bankkort eller telefon. Thijs er glad for denne innovasjonen og annonserte at det forskes p\u00e5 om eksisterende lyktestolper kan gj\u00f8res om til et ladepunkt. Og n\u00e5r gater redesignes, har ogs\u00e5 nye gatelykter en dobbel funksjon, sier Linda van de Ven, prosjektleder i Eindhoven kommune. Hun nevner Boschdijk innenfor ringen som et eksempel. En logisk utvikling if\u00f8lge Versteeg. &laquo;Fordi vi m\u00e5 ha 1,7 millioner ladepunkter i hele Nederland.&raquo; Van de Ven forteller at beboerne i bydelen Te Veld ikke var med p\u00e5 valget om \u00e5 installere ladepunktene. Fordi parkeringsplassene ikke er forbeholdt elbiler, vil nok alle v\u00e6re forn\u00f8yde med det. Thijs vet at andre kommuner ser p\u00e5 forslag fra innbyggere for \u00e5 gj\u00f8re ladingen enklere, som \u00e5 installere kabelkanaler i fortauet. \u00abVi kommer ikke til \u00e5 gj\u00f8re det forel\u00f8pig. Vi velger denne l\u00f8sningen, ogs\u00e5 p\u00e5 grunn av gatebildet.\u00bb Kilde: <a href=\"https:\/\/www.ed.nl\/eindhoven\/primeur-voor-eindhoven-en-tweede-in-nederland-lantaarnpaal-met-stopcontact-om-elektrische-auto-op-te-laden~ab3d0ce2\/\" target=\"_blank\" rel=\"noopener\">Eindhovens Dagblad<\/a>       <\/p>\n","protected":false},"excerpt":{"rendered":"<p>EINDHOVEN &#8211; En sentral ladestasjon som distribusjonspunkt for syv og snart fjorten elbiler. Buurtschap Te Veld i Woensel har scoopet for Eindhoven. Den nyoppf\u00f8rte parkeringsplassen ved Kwartier i Te Veld-grenda har sju lyktestolper. De fungerer ogs\u00e5 som ladestasjon for elbiler. Til dette f\u00e5r de str\u00f8m fra \u00e9n sentral ladestasjon. Det er det f\u00f8rste stedet i [&hellip;]<\/p>\n","protected":false},"author":1,"featured_media":8336,"comment_status":"closed","ping_status":"closed","sticky":false,"template":"","format":"standard","meta":{"_acf_changed":false,"footnotes":""},"categories":[62],"tags":[],"class_list":["post-9818","post","type-post","status-publish","format-standard","has-post-thumbnail","hentry","category-nyheter-no"],"acf":[],"yoast_head":"<!-- This site is optimized with the Yoast SEO plugin v27.5 - https:\/\/yoast.com\/product\/yoast-seo-wordpress\/ -->\n<title>En f\u00f8rste for Eindhoven (og andre i Nederland): lyktestolpe med stikkontakt for \u00e5 lade elbiler - CityCharge<\/title>\n<meta name=\"description\" content=\"En f\u00f8rste for Eindhoven (og andre i Nederland): lyktestolpe med stikkontakt for \u00e5 lade elbiler\" \/>\n<meta name=\"robots\" content=\"index, follow, max-snippet:-1, max-image-preview:large, max-video-preview:-1\" \/>\n<link rel=\"canonical\" href=\"https:\/\/www.citycharge.eu\/no\/en-forste-for-eindhoven-og-andre-i-nederland-lyktestolpe-med-stikkontakt-for-a-lade-elbiler\/\" \/>\n<meta property=\"og:locale\" content=\"nb_NO\" \/>\n<meta property=\"og:type\" content=\"article\" \/>\n<meta property=\"og:title\" content=\"En f\u00f8rste for Eindhoven (og andre i Nederland): lyktestolpe med stikkontakt for \u00e5 lade elbiler - CityCharge\" \/>\n<meta property=\"og:description\" content=\"En f\u00f8rste for Eindhoven (og andre i Nederland): lyktestolpe med stikkontakt for \u00e5 lade elbiler\" \/>\n<meta property=\"og:url\" content=\"https:\/\/www.citycharge.eu\/no\/en-forste-for-eindhoven-og-andre-i-nederland-lyktestolpe-med-stikkontakt-for-a-lade-elbiler\/\" \/>\n<meta property=\"og:site_name\" content=\"CityCharge\" \/>\n<meta property=\"article:published_time\" content=\"2023-01-03T08:26:36+00:00\" \/>\n<meta property=\"og:image\" content=\"https:\/\/www.citycharge.eu\/wp-content\/uploads\/2023\/01\/Wethouder-Rik-Thijs.jpeg\" \/>\n\t<meta property=\"og:image:width\" content=\"1350\" \/>\n\t<meta property=\"og:image:height\" content=\"900\" \/>\n\t<meta property=\"og:image:type\" content=\"image\/jpeg\" \/>\n<meta name=\"author\" content=\"admin\" \/>\n<meta name=\"twitter:card\" content=\"summary_large_image\" \/>\n<meta name=\"twitter:label1\" content=\"Skrevet av\" \/>\n\t<meta name=\"twitter:data1\" content=\"admin\" \/>\n\t<meta name=\"twitter:label2\" content=\"Ansl. lesetid\" \/>\n\t<meta name=\"twitter:data2\" content=\"2 minutter\" \/>\n<script type=\"application\/ld+json\" class=\"yoast-schema-graph\">{\"@context\":\"https:\\\/\\\/schema.org\",\"@graph\":[{\"@type\":\"Article\",\"@id\":\"https:\\\/\\\/www.citycharge.eu\\\/no\\\/en-forste-for-eindhoven-og-andre-i-nederland-lyktestolpe-med-stikkontakt-for-a-lade-elbiler\\\/#article\",\"isPartOf\":{\"@id\":\"https:\\\/\\\/www.citycharge.eu\\\/no\\\/en-forste-for-eindhoven-og-andre-i-nederland-lyktestolpe-med-stikkontakt-for-a-lade-elbiler\\\/\"},\"author\":{\"name\":\"admin\",\"@id\":\"https:\\\/\\\/www.citycharge.eu\\\/no\\\/#\\\/schema\\\/person\\\/0a798ff10afa77f3d0c65789b5d62f17\"},\"headline\":\"En f\u00f8rste for Eindhoven (og andre i Nederland): lyktestolpe med stikkontakt for \u00e5 lade elbiler\",\"datePublished\":\"2023-01-03T08:26:36+00:00\",\"mainEntityOfPage\":{\"@id\":\"https:\\\/\\\/www.citycharge.eu\\\/no\\\/en-forste-for-eindhoven-og-andre-i-nederland-lyktestolpe-med-stikkontakt-for-a-lade-elbiler\\\/\"},\"wordCount\":430,\"publisher\":{\"@id\":\"https:\\\/\\\/www.citycharge.eu\\\/no\\\/#organization\"},\"image\":{\"@id\":\"https:\\\/\\\/www.citycharge.eu\\\/no\\\/en-forste-for-eindhoven-og-andre-i-nederland-lyktestolpe-med-stikkontakt-for-a-lade-elbiler\\\/#primaryimage\"},\"thumbnailUrl\":\"https:\\\/\\\/www.citycharge.eu\\\/wp-content\\\/uploads\\\/2023\\\/01\\\/Wethouder-Rik-Thijs.jpeg\",\"articleSection\":[\"Nyheter\"],\"inLanguage\":\"nb-NO\"},{\"@type\":\"WebPage\",\"@id\":\"https:\\\/\\\/www.citycharge.eu\\\/no\\\/en-forste-for-eindhoven-og-andre-i-nederland-lyktestolpe-med-stikkontakt-for-a-lade-elbiler\\\/\",\"url\":\"https:\\\/\\\/www.citycharge.eu\\\/no\\\/en-forste-for-eindhoven-og-andre-i-nederland-lyktestolpe-med-stikkontakt-for-a-lade-elbiler\\\/\",\"name\":\"En f\u00f8rste for Eindhoven (og andre i Nederland): lyktestolpe med stikkontakt for \u00e5 lade elbiler - CityCharge\",\"isPartOf\":{\"@id\":\"https:\\\/\\\/www.citycharge.eu\\\/no\\\/#website\"},\"primaryImageOfPage\":{\"@id\":\"https:\\\/\\\/www.citycharge.eu\\\/no\\\/en-forste-for-eindhoven-og-andre-i-nederland-lyktestolpe-med-stikkontakt-for-a-lade-elbiler\\\/#primaryimage\"},\"image\":{\"@id\":\"https:\\\/\\\/www.citycharge.eu\\\/no\\\/en-forste-for-eindhoven-og-andre-i-nederland-lyktestolpe-med-stikkontakt-for-a-lade-elbiler\\\/#primaryimage\"},\"thumbnailUrl\":\"https:\\\/\\\/www.citycharge.eu\\\/wp-content\\\/uploads\\\/2023\\\/01\\\/Wethouder-Rik-Thijs.jpeg\",\"datePublished\":\"2023-01-03T08:26:36+00:00\",\"description\":\"En f\u00f8rste for Eindhoven (og andre i Nederland): lyktestolpe med stikkontakt for \u00e5 lade elbiler\",\"breadcrumb\":{\"@id\":\"https:\\\/\\\/www.citycharge.eu\\\/no\\\/en-forste-for-eindhoven-og-andre-i-nederland-lyktestolpe-med-stikkontakt-for-a-lade-elbiler\\\/#breadcrumb\"},\"inLanguage\":\"nb-NO\",\"potentialAction\":[{\"@type\":\"ReadAction\",\"target\":[\"https:\\\/\\\/www.citycharge.eu\\\/no\\\/en-forste-for-eindhoven-og-andre-i-nederland-lyktestolpe-med-stikkontakt-for-a-lade-elbiler\\\/\"]}]},{\"@type\":\"ImageObject\",\"inLanguage\":\"nb-NO\",\"@id\":\"https:\\\/\\\/www.citycharge.eu\\\/no\\\/en-forste-for-eindhoven-og-andre-i-nederland-lyktestolpe-med-stikkontakt-for-a-lade-elbiler\\\/#primaryimage\",\"url\":\"https:\\\/\\\/www.citycharge.eu\\\/wp-content\\\/uploads\\\/2023\\\/01\\\/Wethouder-Rik-Thijs.jpeg\",\"contentUrl\":\"https:\\\/\\\/www.citycharge.eu\\\/wp-content\\\/uploads\\\/2023\\\/01\\\/Wethouder-Rik-Thijs.jpeg\",\"width\":1350,\"height\":900},{\"@type\":\"BreadcrumbList\",\"@id\":\"https:\\\/\\\/www.citycharge.eu\\\/no\\\/en-forste-for-eindhoven-og-andre-i-nederland-lyktestolpe-med-stikkontakt-for-a-lade-elbiler\\\/#breadcrumb\",\"itemListElement\":[{\"@type\":\"ListItem\",\"position\":1,\"name\":\"Home\",\"item\":\"https:\\\/\\\/www.citycharge.eu\\\/no\\\/\"},{\"@type\":\"ListItem\",\"position\":2,\"name\":\"En f\u00f8rste for Eindhoven (og andre i Nederland): lyktestolpe med stikkontakt for \u00e5 lade elbiler\"}]},{\"@type\":\"WebSite\",\"@id\":\"https:\\\/\\\/www.citycharge.eu\\\/no\\\/#website\",\"url\":\"https:\\\/\\\/www.citycharge.eu\\\/no\\\/\",\"name\":\"CityCharge\",\"description\":\"Nieuw licht op laden\",\"publisher\":{\"@id\":\"https:\\\/\\\/www.citycharge.eu\\\/no\\\/#organization\"},\"potentialAction\":[{\"@type\":\"SearchAction\",\"target\":{\"@type\":\"EntryPoint\",\"urlTemplate\":\"https:\\\/\\\/www.citycharge.eu\\\/no\\\/?s={search_term_string}\"},\"query-input\":{\"@type\":\"PropertyValueSpecification\",\"valueRequired\":true,\"valueName\":\"search_term_string\"}}],\"inLanguage\":\"nb-NO\"},{\"@type\":\"Organization\",\"@id\":\"https:\\\/\\\/www.citycharge.eu\\\/no\\\/#organization\",\"name\":\"CityCharge\",\"url\":\"https:\\\/\\\/www.citycharge.eu\\\/no\\\/\",\"logo\":{\"@type\":\"ImageObject\",\"inLanguage\":\"nb-NO\",\"@id\":\"https:\\\/\\\/www.citycharge.eu\\\/no\\\/#\\\/schema\\\/logo\\\/image\\\/\",\"url\":\"https:\\\/\\\/www.citycharge.eu\\\/wp-content\\\/uploads\\\/2024\\\/07\\\/Citycharge_payofff_white.svg\",\"contentUrl\":\"https:\\\/\\\/www.citycharge.eu\\\/wp-content\\\/uploads\\\/2024\\\/07\\\/Citycharge_payofff_white.svg\",\"width\":1920,\"height\":530,\"caption\":\"CityCharge\"},\"image\":{\"@id\":\"https:\\\/\\\/www.citycharge.eu\\\/no\\\/#\\\/schema\\\/logo\\\/image\\\/\"}},{\"@type\":\"Person\",\"@id\":\"https:\\\/\\\/www.citycharge.eu\\\/no\\\/#\\\/schema\\\/person\\\/0a798ff10afa77f3d0c65789b5d62f17\",\"name\":\"admin\",\"image\":{\"@type\":\"ImageObject\",\"inLanguage\":\"nb-NO\",\"@id\":\"https:\\\/\\\/secure.gravatar.com\\\/avatar\\\/b382f2b0baf85cf8d841621555daa4ae2420c7929b964e5ca4e287310b061056?s=96&d=mm&r=g\",\"url\":\"https:\\\/\\\/secure.gravatar.com\\\/avatar\\\/b382f2b0baf85cf8d841621555daa4ae2420c7929b964e5ca4e287310b061056?s=96&d=mm&r=g\",\"contentUrl\":\"https:\\\/\\\/secure.gravatar.com\\\/avatar\\\/b382f2b0baf85cf8d841621555daa4ae2420c7929b964e5ca4e287310b061056?s=96&d=mm&r=g\",\"caption\":\"admin\"},\"sameAs\":[\"http:\\\/\\\/www.citycharge.eu\"],\"url\":\"https:\\\/\\\/www.citycharge.eu\\\/no\\\/author\\\/admin\\\/\"}]}<\/script>\n<!-- \/ Yoast SEO plugin. -->","yoast_head_json":{"title":"En f\u00f8rste for Eindhoven (og andre i Nederland): lyktestolpe med stikkontakt for \u00e5 lade elbiler - CityCharge","description":"En f\u00f8rste for Eindhoven (og andre i Nederland): lyktestolpe med stikkontakt for \u00e5 lade elbiler","robots":{"index":"index","follow":"follow","max-snippet":"max-snippet:-1","max-image-preview":"max-image-preview:large","max-video-preview":"max-video-preview:-1"},"canonical":"https:\/\/www.citycharge.eu\/no\/en-forste-for-eindhoven-og-andre-i-nederland-lyktestolpe-med-stikkontakt-for-a-lade-elbiler\/","og_locale":"nb_NO","og_type":"article","og_title":"En f\u00f8rste for Eindhoven (og andre i Nederland): lyktestolpe med stikkontakt for \u00e5 lade elbiler - CityCharge","og_description":"En f\u00f8rste for Eindhoven (og andre i Nederland): lyktestolpe med stikkontakt for \u00e5 lade elbiler","og_url":"https:\/\/www.citycharge.eu\/no\/en-forste-for-eindhoven-og-andre-i-nederland-lyktestolpe-med-stikkontakt-for-a-lade-elbiler\/","og_site_name":"CityCharge","article_published_time":"2023-01-03T08:26:36+00:00","og_image":[{"width":1350,"height":900,"url":"https:\/\/www.citycharge.eu\/wp-content\/uploads\/2023\/01\/Wethouder-Rik-Thijs.jpeg","type":"image\/jpeg"}],"author":"admin","twitter_card":"summary_large_image","twitter_misc":{"Skrevet av":"admin","Ansl. lesetid":"2 minutter"},"schema":{"@context":"https:\/\/schema.org","@graph":[{"@type":"Article","@id":"https:\/\/www.citycharge.eu\/no\/en-forste-for-eindhoven-og-andre-i-nederland-lyktestolpe-med-stikkontakt-for-a-lade-elbiler\/#article","isPartOf":{"@id":"https:\/\/www.citycharge.eu\/no\/en-forste-for-eindhoven-og-andre-i-nederland-lyktestolpe-med-stikkontakt-for-a-lade-elbiler\/"},"author":{"name":"admin","@id":"https:\/\/www.citycharge.eu\/no\/#\/schema\/person\/0a798ff10afa77f3d0c65789b5d62f17"},"headline":"En f\u00f8rste for Eindhoven (og andre i Nederland): lyktestolpe med stikkontakt for \u00e5 lade elbiler","datePublished":"2023-01-03T08:26:36+00:00","mainEntityOfPage":{"@id":"https:\/\/www.citycharge.eu\/no\/en-forste-for-eindhoven-og-andre-i-nederland-lyktestolpe-med-stikkontakt-for-a-lade-elbiler\/"},"wordCount":430,"publisher":{"@id":"https:\/\/www.citycharge.eu\/no\/#organization"},"image":{"@id":"https:\/\/www.citycharge.eu\/no\/en-forste-for-eindhoven-og-andre-i-nederland-lyktestolpe-med-stikkontakt-for-a-lade-elbiler\/#primaryimage"},"thumbnailUrl":"https:\/\/www.citycharge.eu\/wp-content\/uploads\/2023\/01\/Wethouder-Rik-Thijs.jpeg","articleSection":["Nyheter"],"inLanguage":"nb-NO"},{"@type":"WebPage","@id":"https:\/\/www.citycharge.eu\/no\/en-forste-for-eindhoven-og-andre-i-nederland-lyktestolpe-med-stikkontakt-for-a-lade-elbiler\/","url":"https:\/\/www.citycharge.eu\/no\/en-forste-for-eindhoven-og-andre-i-nederland-lyktestolpe-med-stikkontakt-for-a-lade-elbiler\/","name":"En f\u00f8rste for Eindhoven (og andre i Nederland): lyktestolpe med stikkontakt for \u00e5 lade elbiler - CityCharge","isPartOf":{"@id":"https:\/\/www.citycharge.eu\/no\/#website"},"primaryImageOfPage":{"@id":"https:\/\/www.citycharge.eu\/no\/en-forste-for-eindhoven-og-andre-i-nederland-lyktestolpe-med-stikkontakt-for-a-lade-elbiler\/#primaryimage"},"image":{"@id":"https:\/\/www.citycharge.eu\/no\/en-forste-for-eindhoven-og-andre-i-nederland-lyktestolpe-med-stikkontakt-for-a-lade-elbiler\/#primaryimage"},"thumbnailUrl":"https:\/\/www.citycharge.eu\/wp-content\/uploads\/2023\/01\/Wethouder-Rik-Thijs.jpeg","datePublished":"2023-01-03T08:26:36+00:00","description":"En f\u00f8rste for Eindhoven (og andre i Nederland): lyktestolpe med stikkontakt for \u00e5 lade elbiler","breadcrumb":{"@id":"https:\/\/www.citycharge.eu\/no\/en-forste-for-eindhoven-og-andre-i-nederland-lyktestolpe-med-stikkontakt-for-a-lade-elbiler\/#breadcrumb"},"inLanguage":"nb-NO","potentialAction":[{"@type":"ReadAction","target":["https:\/\/www.citycharge.eu\/no\/en-forste-for-eindhoven-og-andre-i-nederland-lyktestolpe-med-stikkontakt-for-a-lade-elbiler\/"]}]},{"@type":"ImageObject","inLanguage":"nb-NO","@id":"https:\/\/www.citycharge.eu\/no\/en-forste-for-eindhoven-og-andre-i-nederland-lyktestolpe-med-stikkontakt-for-a-lade-elbiler\/#primaryimage","url":"https:\/\/www.citycharge.eu\/wp-content\/uploads\/2023\/01\/Wethouder-Rik-Thijs.jpeg","contentUrl":"https:\/\/www.citycharge.eu\/wp-content\/uploads\/2023\/01\/Wethouder-Rik-Thijs.jpeg","width":1350,"height":900},{"@type":"BreadcrumbList","@id":"https:\/\/www.citycharge.eu\/no\/en-forste-for-eindhoven-og-andre-i-nederland-lyktestolpe-med-stikkontakt-for-a-lade-elbiler\/#breadcrumb","itemListElement":[{"@type":"ListItem","position":1,"name":"Home","item":"https:\/\/www.citycharge.eu\/no\/"},{"@type":"ListItem","position":2,"name":"En f\u00f8rste for Eindhoven (og andre i Nederland): lyktestolpe med stikkontakt for \u00e5 lade elbiler"}]},{"@type":"WebSite","@id":"https:\/\/www.citycharge.eu\/no\/#website","url":"https:\/\/www.citycharge.eu\/no\/","name":"CityCharge","description":"Nieuw licht op laden","publisher":{"@id":"https:\/\/www.citycharge.eu\/no\/#organization"},"potentialAction":[{"@type":"SearchAction","target":{"@type":"EntryPoint","urlTemplate":"https:\/\/www.citycharge.eu\/no\/?s={search_term_string}"},"query-input":{"@type":"PropertyValueSpecification","valueRequired":true,"valueName":"search_term_string"}}],"inLanguage":"nb-NO"},{"@type":"Organization","@id":"https:\/\/www.citycharge.eu\/no\/#organization","name":"CityCharge","url":"https:\/\/www.citycharge.eu\/no\/","logo":{"@type":"ImageObject","inLanguage":"nb-NO","@id":"https:\/\/www.citycharge.eu\/no\/#\/schema\/logo\/image\/","url":"https:\/\/www.citycharge.eu\/wp-content\/uploads\/2024\/07\/Citycharge_payofff_white.svg","contentUrl":"https:\/\/www.citycharge.eu\/wp-content\/uploads\/2024\/07\/Citycharge_payofff_white.svg","width":1920,"height":530,"caption":"CityCharge"},"image":{"@id":"https:\/\/www.citycharge.eu\/no\/#\/schema\/logo\/image\/"}},{"@type":"Person","@id":"https:\/\/www.citycharge.eu\/no\/#\/schema\/person\/0a798ff10afa77f3d0c65789b5d62f17","name":"admin","image":{"@type":"ImageObject","inLanguage":"nb-NO","@id":"https:\/\/secure.gravatar.com\/avatar\/b382f2b0baf85cf8d841621555daa4ae2420c7929b964e5ca4e287310b061056?s=96&d=mm&r=g","url":"https:\/\/secure.gravatar.com\/avatar\/b382f2b0baf85cf8d841621555daa4ae2420c7929b964e5ca4e287310b061056?s=96&d=mm&r=g","contentUrl":"https:\/\/secure.gravatar.com\/avatar\/b382f2b0baf85cf8d841621555daa4ae2420c7929b964e5ca4e287310b061056?s=96&d=mm&r=g","caption":"admin"},"sameAs":["http:\/\/www.citycharge.eu"],"url":"https:\/\/www.citycharge.eu\/no\/author\/admin\/"}]}},"_links":{"self":[{"href":"https:\/\/www.citycharge.eu\/no\/wp-json\/wp\/v2\/posts\/9818","targetHints":{"allow":["GET"]}}],"collection":[{"href":"https:\/\/www.citycharge.eu\/no\/wp-json\/wp\/v2\/posts"}],"about":[{"href":"https:\/\/www.citycharge.eu\/no\/wp-json\/wp\/v2\/types\/post"}],"author":[{"embeddable":true,"href":"https:\/\/www.citycharge.eu\/no\/wp-json\/wp\/v2\/users\/1"}],"replies":[{"embeddable":true,"href":"https:\/\/www.citycharge.eu\/no\/wp-json\/wp\/v2\/comments?post=9818"}],"version-history":[{"count":0,"href":"https:\/\/www.citycharge.eu\/no\/wp-json\/wp\/v2\/posts\/9818\/revisions"}],"wp:featuredmedia":[{"embeddable":true,"href":"https:\/\/www.citycharge.eu\/no\/wp-json\/wp\/v2\/media\/8336"}],"wp:attachment":[{"href":"https:\/\/www.citycharge.eu\/no\/wp-json\/wp\/v2\/media?parent=9818"}],"wp:term":[{"taxonomy":"category","embeddable":true,"href":"https:\/\/www.citycharge.eu\/no\/wp-json\/wp\/v2\/categories?post=9818"},{"taxonomy":"post_tag","embeddable":true,"href":"https:\/\/www.citycharge.eu\/no\/wp-json\/wp\/v2\/tags?post=9818"}],"curies":[{"name":"wp","href":"https:\/\/api.w.org\/{rel}","templated":true}]}}