{"id":9398,"date":"2021-09-30T15:43:43","date_gmt":"2021-09-30T15:43:43","guid":{"rendered":"https:\/\/www.citycharge.eu\/primevest-przeksztalca-latarnie-w-inteligentny-punkt-ladowania-aby-ulatwic-gwaltowny-rozwoj-samochodow-elektrycznych\/"},"modified":"2021-09-30T15:43:43","modified_gmt":"2021-09-30T15:43:43","slug":"primevest-przeksztalca-latarnie-w-inteligentny-punkt-ladowania-aby-ulatwic-gwaltowny-rozwoj-samochodow-elektrycznych","status":"publish","type":"post","link":"https:\/\/www.citycharge.eu\/pl\/primevest-przeksztalca-latarnie-w-inteligentny-punkt-ladowania-aby-ulatwic-gwaltowny-rozwoj-samochodow-elektrycznych\/","title":{"rendered":"Primevest przekszta\u0142ca latarni\u0119 w inteligentny punkt \u0142adowania, aby u\u0142atwi\u0107 gwa\u0142towny rozw\u00f3j samochod\u00f3w elektrycznych"},"content":{"rendered":"<div class=\"halfpage-ad-nodepage sticky-container\" data-sticky-container=\"\">\n<div class=\"sticky is-anchored is-at-top\" data-sticky=\"\" data-anchor=\"sticky-parent\" data-margin-top=\"7\" data-resize=\"i78ge7-sticky\" data-mutate=\"i78ge7-sticky\" data-i=\"536yve-i\" data-events=\"resize\">\n<div id=\"dfp-halfpage1\" data-google-query-id=\"CMuj1JP6-PECFZC43godwRcBbA\">\n<div id=\"google_ads_iframe_\/21730500021\/rtl-nieuws\/web\/detail_4__container__\">\n<p><strong>Najstarsza na \u015bwiecie technologia uliczna, latarnia, jest przekszta\u0142cana przez Primevest Capital Partners i jej partner\u00f3w Dutch Charge, Nedal i CityTec w wielofunkcyjny, cyfrowy punkt \u0142adowania, aby zaradzi\u0107 ogromnemu niedoborowi punkt\u00f3w \u0142adowania samochod\u00f3w elektrycznych w ca\u0142ej Europie. Holenderska gmina Renkum niedaleko Arnhem sta\u0142a si\u0119 niedawno pierwsz\u0105 \u201einteligentn\u0105\u201d dzielnic\u0105 w Europie po zainstalowaniu tej zr\u00f3wnowa\u017conej i elastycznej formy o\u015bwietlenia ulicznego. Oczekuje si\u0119, \u017ce inne gminy i miasta w innych cz\u0119\u015bciach Holandii i poza ni\u0105 p\u00f3jd\u0105 ich \u015bladem ze wzgl\u0119du na ogromny i rosn\u0105cy niedob\u00f3r punkt\u00f3w \u0142adowania elektrycznego.  <\/strong><\/p>\n<p>Wed\u0142ug danych Mi\u0119dzynarodowej Agencji Energetycznej (IEA) w Europie sprzedaje si\u0119 co roku co najmniej milion pojazd\u00f3w elektrycznych, a w ci\u0105gu najbli\u017cszych 10 lat liczba ta ma osi\u0105gn\u0105\u0107 ponad 30 milion\u00f3w.<\/p>\n<p><strong>Peter Helfrich, partner zarz\u0105dzaj\u0105cy w Primevest Capital Partners, powiedzia\u0142:<\/strong>  \u201ePotencja\u0142 tego rynku jest ogromny, szczeg\u00f3lnie na naszych rodzimych rynkach w Holandii i Niemczech, ale tak\u017ce w Wielkiej Brytanii, Francji i Skandynawii. W samej Holandii obserwujemy wyk\u0142adniczy wzrost zapotrzebowania na stacje \u0142adowania pojazd\u00f3w elektrycznych i do 2030 r. potrzebnych b\u0119dzie ponad 1,7 miliona punkt\u00f3w \u0142adowania. Obecnie instalowanych jest zaledwie 45 punkt\u00f3w \u0142adowania dziennie, co musi wzrosn\u0105\u0107 ponad dziesi\u0119ciokrotnie do 600 codziennie, aby zmierzy\u0107 bie\u017c\u0105ce zapotrzebowanie. Nasi partnerzy, Dutch Charge, CityTec i Nedal, do\u0142\u0105czyli do nas, reaguj\u0105c na ten rozw\u00f3j i dostarczaj\u0105 kompleksowe s\u0142upy o\u015bwietleniowe Citycharge, w kt\u00f3rych mo\u017cna zintegrowa\u0107 modu\u0142y do \u200b\u200b\u0142adowania elektrycznego, a w przysz\u0142o\u015bci tak\u017ce Internetu rzeczy, nadzoru kamer i 5G.<\/p>\n<figure id=\"attachment_7171\" aria-describedby=\"caption-attachment-7171\" style=\"width: 311px\" class=\"wp-caption alignright\"><img fetchpriority=\"high\" decoding=\"async\" class=\"wp-image-7171\" src=\"https:\/\/www.dutchcharge.nl\/wp-content\/uploads\/2021\/09\/Gemeente-Renkum-Persmoment-2-200x300.jpeg\" alt=\"\" width=\"311\" height=\"466\"><figcaption id=\"caption-attachment-7171\" class=\"wp-caption-text\">Joa Maouche<\/figcaption><\/figure>\n<p><strong>Joa Maouche, radna ds. klimatu i zr\u00f3wnowa\u017conego rozwoju w gminie Renkum, doda\u0142a:<\/strong>  \u201eGmina Renkum wymieni\u0142a prawie wszystkie ze swoich 6300 latarni na inteligentne i zr\u00f3wnowa\u017cone wersje dostarczone przez firm\u0119 Primevest CP i jej partner\u00f3w. Te latarnie s\u0105 obecnie wyposa\u017cane w nowe funkcje, takie jak nadz\u00f3r kamer, a jeszcze tej jesieni zostan\u0105 dodane pierwsze stacje \u0142adowania Citycharge certyfikowane przez holendersk\u0105 fundacj\u0119 E-Charging Foundation. Dodaj\u0105c te nowe funkcje, tworzymy now\u0105 form\u0119 o\u015bwietlenia ulicznego, kt\u00f3ra jest naprawd\u0119 \u201einteligentna\u201d. Cieszymy si\u0119, \u017ce nasza gmina przyczyni\u0142a si\u0119 do tego rozwoju, kt\u00f3ry mo\u017ce pom\u00f3c wi\u0119kszej liczbie gmin w osi\u0105gni\u0119ciu cel\u00f3w w zakresie zr\u00f3wnowa\u017conego rozwoju i walce z rosn\u0105cym ba\u0142aganem w przestrzeni publicznej dzi\u0119ki dodaniu nowych rodzaj\u00f3w udogodnie\u0144\u201d. Wed\u0142ug szacunk\u00f3w IEA liczba samochod\u00f3w elektrycznych u\u017cywanych na ca\u0142ym \u015bwiecie gwa\u0142townie wzro\u015bnie w ci\u0105gu najbli\u017cszych 10 lat z 11 milion\u00f3w w 2020 r. do 145 milion\u00f3w w 2030 r. W Europie liderem pod wzgl\u0119dem udzia\u0142u w rynku samochod\u00f3w elektrycznych w stosunku do ca\u0142kowitego zapasu s\u0105 Norwegia (18,1%), Islandia (5,5%) i Szwecja (3,7%). Wielka Brytania zamierza zwi\u0119kszy\u0107 t\u0119 liczb\u0119 z 450 000 w 2020 r. do 8 milion\u00f3w do 2030 r. Niemcy s\u0105 obecnie najwi\u0119kszym rynkiem samochod\u00f3w elektrycznych w Europie: do 2020 r. 14% wszystkich nowych sprzedanych samochod\u00f3w by\u0142o elektrycznych, a \u0142\u0105czna liczba wynosi obecnie ponad 700 000 . Punkty \u0142adowania samochod\u00f3w elektrycznych to tylko jeden z nowych typ\u00f3w element\u00f3w ma\u0142ej architektury pojawiaj\u0105cych si\u0119 w przestrzeni publicznej. W Holandii dostawcy us\u0142ug telefonii kom\u00f3rkowej musz\u0105 mie\u0107 dost\u0119p do maszt\u00f3w 5G zgodnie z wymogami okre\u015blonymi przez holenderskie ministerstwo spraw gospodarczych w celu udzia\u0142u w aukcji na krajowe cz\u0119stotliwo\u015bci 5G. Aby spe\u0142ni\u0107 wymogi holenderskiego porozumienia klimatycznego, holenderskie gminy s\u0105 r\u00f3wnie\u017c zobowi\u0105zane do zmniejszenia zu\u017cycia energii o 55% do 2030 r. (UE spe\u0142nia wymogi 55) i emisji CO2 o podobny odsetek. Inteligentne, wielofunkcyjne latarnie wyposa\u017cone w o\u015bwietlenie LED mog\u0105 znacz\u0105co przyczyni\u0107 si\u0119 do osi\u0105gni\u0119cia tego celu.<\/p>\n<p><strong>Heimen Visser, zarz\u0105dzaj\u0105cy funduszem ds. infrastruktury komunikacyjnej i inteligentnych miast w Primevest CP, podsumowa\u0142:<\/strong>  \u201eGmina Renkum jest pionierem w Holandii i by\u0107 mo\u017ce na \u015bwiecie w instalacji tej inteligentnej infrastruktury. Oczekujemy, \u017ce inne gminy w Holandii, ale tak\u017ce w ca\u0142ej Europie, wkr\u00f3tce p\u00f3jd\u0105 za przyk\u0142adem Renkum i wdro\u017c\u0105 nasze wielofunkcyjne latarnie. Nasz model Smart City Holandia, kt\u00f3ry opracowali\u015bmy we wsp\u00f3\u0142pracy z holenderskim bankiem gminnym BNG Bank, mo\u017cna \u0142atwo skalowa\u0107. A dzi\u0119ki swojemu wielofunkcyjnemu charakterowi nasze inteligentne maszty s\u0105 r\u00f3wnie\u017c znacznie bardziej zr\u00f3wnowa\u017cone oraz ta\u0144sze w zakupie i utrzymaniu ni\u017c tradycyjne latarnie.<\/p>\n<p><img decoding=\"async\" class=\"alignnone wp-image-7186 size-full\" src=\"https:\/\/www.dutchcharge.nl\/wp-content\/uploads\/2021\/09\/Gemeente-Renkum-persmoment-1.jpeg\" alt=\"\" width=\"1920\" height=\"1280\"><\/p>\n<p><strong>O Primevest Capital Partners<\/strong><br \/>\n Primevest Capital Partners to og\u00f3lnoeuropejski butik inwestycyjny specjalizuj\u0105cy si\u0119 w innowacyjnych inwestycjach w nieruchomo\u015bci i nieruchomo\u015bci. Nasz\u0105 wizj\u0105 Primevest Capital Partners jest zabezpieczenie naszych miast na przysz\u0142o\u015b\u0107 poprzez zapewnienie lepszego \u017cycia w miastach, \u0142\u0105czno\u015bci i mobilno\u015bci w drodze inwestycji w ca\u0142ej Europie we wsp\u00f3\u0142czesne, niedrogie domy, infrastruktur\u0119 komunikacyjn\u0105 i parkingi. Nasz\u0105 filozofi\u0119 i wizj\u0119 inwestycyjn\u0105 nap\u0119dza obecny trend urbanizacji i zdolno\u015b\u0107 do zaspokajania wsp\u00f3\u0142czesnych potrzeb spo\u0142eczno\u015bci metropolitalnych, przy jednoczesnym podnoszeniu jako\u015bci i zr\u00f3wnowa\u017conego rozwoju \u017cycia ludzi. W naszych biurach w Utrechcie i Berlinie zesp\u00f3\u0142 40 specjalist\u00f3w zarz\u0105dza aktywami o warto\u015bci 1,8 miliarda euro w ramach sze\u015bciu funduszy sektorowych i dw\u00f3ch indywidualnych zada\u0144 instytucjonalnych. <strong>Aby uzyska\u0107 wi\u0119cej informacji, prosimy o kontakt:<\/strong><br \/>\n Primevest Capital Partners<br \/>\n Lisette van der Ham<br \/>\n Szef marketingu i komunikacji korporacyjnej<br \/>\n T: +31 6 832 005 61   <\/p>\n<p><a href=\"mailto:lisette.vanderham@primevestcp.com\">lisette.vanderham@primevestcp.com<\/a><br \/>\n<a href=\"http:\/\/www.primevestcp.com\/\" target=\"_blank\" rel=\"noopener\">www.primevestcp.com<\/a><\/p>\n<\/div>\n<\/div>\n<\/div>\n<\/div>\n","protected":false},"excerpt":{"rendered":"<p>Najstarsza na \u015bwiecie technologia uliczna, latarnia, jest przekszta\u0142cana przez Primevest Capital Partners i jej partner\u00f3w Dutch Charge, Nedal i CityTec w wielofunkcyjny, cyfrowy punkt \u0142adowania, aby zaradzi\u0107 ogromnemu niedoborowi punkt\u00f3w \u0142adowania samochod\u00f3w elektrycznych w ca\u0142ej Europie. Holenderska gmina Renkum niedaleko Arnhem sta\u0142a si\u0119 niedawno pierwsz\u0105 \u201einteligentn\u0105\u201d dzielnic\u0105 w Europie po zainstalowaniu tej zr\u00f3wnowa\u017conej i elastycznej [&hellip;]<\/p>\n","protected":false},"author":1,"featured_media":8843,"comment_status":"closed","ping_status":"closed","sticky":false,"template":"","format":"standard","meta":{"_acf_changed":false,"footnotes":""},"categories":[60],"tags":[],"class_list":["post-9398","post","type-post","status-publish","format-standard","has-post-thumbnail","hentry","category-aktualnosci"],"acf":[],"yoast_head":"<!-- This site is optimized with the Yoast SEO plugin v27.5 - https:\/\/yoast.com\/product\/yoast-seo-wordpress\/ -->\n<title>Primevest przekszta\u0142ca latarni\u0119 w inteligentny punkt \u0142adowania, aby u\u0142atwi\u0107 gwa\u0142towny rozw\u00f3j samochod\u00f3w elektrycznych - CityCharge<\/title>\n<meta name=\"robots\" content=\"index, follow, max-snippet:-1, max-image-preview:large, max-video-preview:-1\" \/>\n<link rel=\"canonical\" href=\"https:\/\/www.citycharge.eu\/pl\/primevest-przeksztalca-latarnie-w-inteligentny-punkt-ladowania-aby-ulatwic-gwaltowny-rozwoj-samochodow-elektrycznych\/\" \/>\n<meta property=\"og:locale\" content=\"pl_PL\" \/>\n<meta property=\"og:type\" content=\"article\" \/>\n<meta property=\"og:title\" content=\"Primevest przekszta\u0142ca latarni\u0119 w inteligentny punkt \u0142adowania, aby u\u0142atwi\u0107 gwa\u0142towny rozw\u00f3j samochod\u00f3w elektrycznych - CityCharge\" \/>\n<meta property=\"og:description\" content=\"Najstarsza na \u015bwiecie technologia uliczna, latarnia, jest przekszta\u0142cana przez Primevest Capital Partners i jej partner\u00f3w Dutch Charge, Nedal i CityTec w wielofunkcyjny, cyfrowy punkt \u0142adowania, aby zaradzi\u0107 ogromnemu niedoborowi punkt\u00f3w \u0142adowania samochod\u00f3w elektrycznych w ca\u0142ej Europie. Holenderska gmina Renkum niedaleko Arnhem sta\u0142a si\u0119 niedawno pierwsz\u0105 \u201einteligentn\u0105\u201d dzielnic\u0105 w Europie po zainstalowaniu tej zr\u00f3wnowa\u017conej i elastycznej [&hellip;]\" \/>\n<meta property=\"og:url\" content=\"https:\/\/www.citycharge.eu\/pl\/primevest-przeksztalca-latarnie-w-inteligentny-punkt-ladowania-aby-ulatwic-gwaltowny-rozwoj-samochodow-elektrycznych\/\" \/>\n<meta property=\"og:site_name\" content=\"CityCharge\" \/>\n<meta property=\"article:published_time\" content=\"2021-09-30T15:43:43+00:00\" \/>\n<meta property=\"og:image\" content=\"https:\/\/www.citycharge.eu\/wp-content\/uploads\/2022\/12\/african-american-girl-charging-electro-car-at-the-2023-11-27-05-13-45-utc-scaled.jpg\" \/>\n\t<meta property=\"og:image:width\" content=\"2560\" \/>\n\t<meta property=\"og:image:height\" content=\"1707\" \/>\n\t<meta property=\"og:image:type\" content=\"image\/jpeg\" \/>\n<meta name=\"author\" content=\"admin\" \/>\n<meta name=\"twitter:card\" content=\"summary_large_image\" \/>\n<meta name=\"twitter:label1\" content=\"Napisane przez\" \/>\n\t<meta name=\"twitter:data1\" content=\"admin\" \/>\n\t<meta name=\"twitter:label2\" content=\"Szacowany czas czytania\" \/>\n\t<meta name=\"twitter:data2\" content=\"4 minuty\" \/>\n<script type=\"application\/ld+json\" class=\"yoast-schema-graph\">{\"@context\":\"https:\\\/\\\/schema.org\",\"@graph\":[{\"@type\":\"Article\",\"@id\":\"https:\\\/\\\/www.citycharge.eu\\\/pl\\\/primevest-przeksztalca-latarnie-w-inteligentny-punkt-ladowania-aby-ulatwic-gwaltowny-rozwoj-samochodow-elektrycznych\\\/#article\",\"isPartOf\":{\"@id\":\"https:\\\/\\\/www.citycharge.eu\\\/pl\\\/primevest-przeksztalca-latarnie-w-inteligentny-punkt-ladowania-aby-ulatwic-gwaltowny-rozwoj-samochodow-elektrycznych\\\/\"},\"author\":{\"name\":\"admin\",\"@id\":\"https:\\\/\\\/www.citycharge.eu\\\/pl\\\/#\\\/schema\\\/person\\\/0a798ff10afa77f3d0c65789b5d62f17\"},\"headline\":\"Primevest przekszta\u0142ca latarni\u0119 w inteligentny punkt \u0142adowania, aby u\u0142atwi\u0107 gwa\u0142towny rozw\u00f3j samochod\u00f3w elektrycznych\",\"datePublished\":\"2021-09-30T15:43:43+00:00\",\"mainEntityOfPage\":{\"@id\":\"https:\\\/\\\/www.citycharge.eu\\\/pl\\\/primevest-przeksztalca-latarnie-w-inteligentny-punkt-ladowania-aby-ulatwic-gwaltowny-rozwoj-samochodow-elektrycznych\\\/\"},\"wordCount\":904,\"publisher\":{\"@id\":\"https:\\\/\\\/www.citycharge.eu\\\/pl\\\/#organization\"},\"image\":{\"@id\":\"https:\\\/\\\/www.citycharge.eu\\\/pl\\\/primevest-przeksztalca-latarnie-w-inteligentny-punkt-ladowania-aby-ulatwic-gwaltowny-rozwoj-samochodow-elektrycznych\\\/#primaryimage\"},\"thumbnailUrl\":\"https:\\\/\\\/www.citycharge.eu\\\/wp-content\\\/uploads\\\/2022\\\/12\\\/african-american-girl-charging-electro-car-at-the-2023-11-27-05-13-45-utc-scaled.jpg\",\"articleSection\":[\"Aktualno\u015bci\"],\"inLanguage\":\"pl-PL\"},{\"@type\":\"WebPage\",\"@id\":\"https:\\\/\\\/www.citycharge.eu\\\/pl\\\/primevest-przeksztalca-latarnie-w-inteligentny-punkt-ladowania-aby-ulatwic-gwaltowny-rozwoj-samochodow-elektrycznych\\\/\",\"url\":\"https:\\\/\\\/www.citycharge.eu\\\/pl\\\/primevest-przeksztalca-latarnie-w-inteligentny-punkt-ladowania-aby-ulatwic-gwaltowny-rozwoj-samochodow-elektrycznych\\\/\",\"name\":\"Primevest przekszta\u0142ca latarni\u0119 w inteligentny punkt \u0142adowania, aby u\u0142atwi\u0107 gwa\u0142towny rozw\u00f3j samochod\u00f3w elektrycznych - CityCharge\",\"isPartOf\":{\"@id\":\"https:\\\/\\\/www.citycharge.eu\\\/pl\\\/#website\"},\"primaryImageOfPage\":{\"@id\":\"https:\\\/\\\/www.citycharge.eu\\\/pl\\\/primevest-przeksztalca-latarnie-w-inteligentny-punkt-ladowania-aby-ulatwic-gwaltowny-rozwoj-samochodow-elektrycznych\\\/#primaryimage\"},\"image\":{\"@id\":\"https:\\\/\\\/www.citycharge.eu\\\/pl\\\/primevest-przeksztalca-latarnie-w-inteligentny-punkt-ladowania-aby-ulatwic-gwaltowny-rozwoj-samochodow-elektrycznych\\\/#primaryimage\"},\"thumbnailUrl\":\"https:\\\/\\\/www.citycharge.eu\\\/wp-content\\\/uploads\\\/2022\\\/12\\\/african-american-girl-charging-electro-car-at-the-2023-11-27-05-13-45-utc-scaled.jpg\",\"datePublished\":\"2021-09-30T15:43:43+00:00\",\"breadcrumb\":{\"@id\":\"https:\\\/\\\/www.citycharge.eu\\\/pl\\\/primevest-przeksztalca-latarnie-w-inteligentny-punkt-ladowania-aby-ulatwic-gwaltowny-rozwoj-samochodow-elektrycznych\\\/#breadcrumb\"},\"inLanguage\":\"pl-PL\",\"potentialAction\":[{\"@type\":\"ReadAction\",\"target\":[\"https:\\\/\\\/www.citycharge.eu\\\/pl\\\/primevest-przeksztalca-latarnie-w-inteligentny-punkt-ladowania-aby-ulatwic-gwaltowny-rozwoj-samochodow-elektrycznych\\\/\"]}]},{\"@type\":\"ImageObject\",\"inLanguage\":\"pl-PL\",\"@id\":\"https:\\\/\\\/www.citycharge.eu\\\/pl\\\/primevest-przeksztalca-latarnie-w-inteligentny-punkt-ladowania-aby-ulatwic-gwaltowny-rozwoj-samochodow-elektrycznych\\\/#primaryimage\",\"url\":\"https:\\\/\\\/www.citycharge.eu\\\/wp-content\\\/uploads\\\/2022\\\/12\\\/african-american-girl-charging-electro-car-at-the-2023-11-27-05-13-45-utc-scaled.jpg\",\"contentUrl\":\"https:\\\/\\\/www.citycharge.eu\\\/wp-content\\\/uploads\\\/2022\\\/12\\\/african-american-girl-charging-electro-car-at-the-2023-11-27-05-13-45-utc-scaled.jpg\",\"width\":2560,\"height\":1707,\"caption\":\"Islam black girl charging electro car. Eco car.\"},{\"@type\":\"BreadcrumbList\",\"@id\":\"https:\\\/\\\/www.citycharge.eu\\\/pl\\\/primevest-przeksztalca-latarnie-w-inteligentny-punkt-ladowania-aby-ulatwic-gwaltowny-rozwoj-samochodow-elektrycznych\\\/#breadcrumb\",\"itemListElement\":[{\"@type\":\"ListItem\",\"position\":1,\"name\":\"Home\",\"item\":\"https:\\\/\\\/www.citycharge.eu\\\/pl\\\/\"},{\"@type\":\"ListItem\",\"position\":2,\"name\":\"Primevest przekszta\u0142ca latarni\u0119 w inteligentny punkt \u0142adowania, aby u\u0142atwi\u0107 gwa\u0142towny rozw\u00f3j samochod\u00f3w elektrycznych\"}]},{\"@type\":\"WebSite\",\"@id\":\"https:\\\/\\\/www.citycharge.eu\\\/pl\\\/#website\",\"url\":\"https:\\\/\\\/www.citycharge.eu\\\/pl\\\/\",\"name\":\"CityCharge\",\"description\":\"Nieuw licht op laden\",\"publisher\":{\"@id\":\"https:\\\/\\\/www.citycharge.eu\\\/pl\\\/#organization\"},\"potentialAction\":[{\"@type\":\"SearchAction\",\"target\":{\"@type\":\"EntryPoint\",\"urlTemplate\":\"https:\\\/\\\/www.citycharge.eu\\\/pl\\\/?s={search_term_string}\"},\"query-input\":{\"@type\":\"PropertyValueSpecification\",\"valueRequired\":true,\"valueName\":\"search_term_string\"}}],\"inLanguage\":\"pl-PL\"},{\"@type\":\"Organization\",\"@id\":\"https:\\\/\\\/www.citycharge.eu\\\/pl\\\/#organization\",\"name\":\"CityCharge\",\"url\":\"https:\\\/\\\/www.citycharge.eu\\\/pl\\\/\",\"logo\":{\"@type\":\"ImageObject\",\"inLanguage\":\"pl-PL\",\"@id\":\"https:\\\/\\\/www.citycharge.eu\\\/pl\\\/#\\\/schema\\\/logo\\\/image\\\/\",\"url\":\"https:\\\/\\\/www.citycharge.eu\\\/wp-content\\\/uploads\\\/2024\\\/07\\\/Citycharge_payofff_white.svg\",\"contentUrl\":\"https:\\\/\\\/www.citycharge.eu\\\/wp-content\\\/uploads\\\/2024\\\/07\\\/Citycharge_payofff_white.svg\",\"width\":1920,\"height\":530,\"caption\":\"CityCharge\"},\"image\":{\"@id\":\"https:\\\/\\\/www.citycharge.eu\\\/pl\\\/#\\\/schema\\\/logo\\\/image\\\/\"}},{\"@type\":\"Person\",\"@id\":\"https:\\\/\\\/www.citycharge.eu\\\/pl\\\/#\\\/schema\\\/person\\\/0a798ff10afa77f3d0c65789b5d62f17\",\"name\":\"admin\",\"image\":{\"@type\":\"ImageObject\",\"inLanguage\":\"pl-PL\",\"@id\":\"https:\\\/\\\/secure.gravatar.com\\\/avatar\\\/b382f2b0baf85cf8d841621555daa4ae2420c7929b964e5ca4e287310b061056?s=96&d=mm&r=g\",\"url\":\"https:\\\/\\\/secure.gravatar.com\\\/avatar\\\/b382f2b0baf85cf8d841621555daa4ae2420c7929b964e5ca4e287310b061056?s=96&d=mm&r=g\",\"contentUrl\":\"https:\\\/\\\/secure.gravatar.com\\\/avatar\\\/b382f2b0baf85cf8d841621555daa4ae2420c7929b964e5ca4e287310b061056?s=96&d=mm&r=g\",\"caption\":\"admin\"},\"sameAs\":[\"http:\\\/\\\/www.citycharge.eu\"],\"url\":\"https:\\\/\\\/www.citycharge.eu\\\/pl\\\/author\\\/admin\\\/\"}]}<\/script>\n<!-- \/ Yoast SEO plugin. -->","yoast_head_json":{"title":"Primevest przekszta\u0142ca latarni\u0119 w inteligentny punkt \u0142adowania, aby u\u0142atwi\u0107 gwa\u0142towny rozw\u00f3j samochod\u00f3w elektrycznych - CityCharge","robots":{"index":"index","follow":"follow","max-snippet":"max-snippet:-1","max-image-preview":"max-image-preview:large","max-video-preview":"max-video-preview:-1"},"canonical":"https:\/\/www.citycharge.eu\/pl\/primevest-przeksztalca-latarnie-w-inteligentny-punkt-ladowania-aby-ulatwic-gwaltowny-rozwoj-samochodow-elektrycznych\/","og_locale":"pl_PL","og_type":"article","og_title":"Primevest przekszta\u0142ca latarni\u0119 w inteligentny punkt \u0142adowania, aby u\u0142atwi\u0107 gwa\u0142towny rozw\u00f3j samochod\u00f3w elektrycznych - CityCharge","og_description":"Najstarsza na \u015bwiecie technologia uliczna, latarnia, jest przekszta\u0142cana przez Primevest Capital Partners i jej partner\u00f3w Dutch Charge, Nedal i CityTec w wielofunkcyjny, cyfrowy punkt \u0142adowania, aby zaradzi\u0107 ogromnemu niedoborowi punkt\u00f3w \u0142adowania samochod\u00f3w elektrycznych w ca\u0142ej Europie. Holenderska gmina Renkum niedaleko Arnhem sta\u0142a si\u0119 niedawno pierwsz\u0105 \u201einteligentn\u0105\u201d dzielnic\u0105 w Europie po zainstalowaniu tej zr\u00f3wnowa\u017conej i elastycznej [&hellip;]","og_url":"https:\/\/www.citycharge.eu\/pl\/primevest-przeksztalca-latarnie-w-inteligentny-punkt-ladowania-aby-ulatwic-gwaltowny-rozwoj-samochodow-elektrycznych\/","og_site_name":"CityCharge","article_published_time":"2021-09-30T15:43:43+00:00","og_image":[{"width":2560,"height":1707,"url":"https:\/\/www.citycharge.eu\/wp-content\/uploads\/2022\/12\/african-american-girl-charging-electro-car-at-the-2023-11-27-05-13-45-utc-scaled.jpg","type":"image\/jpeg"}],"author":"admin","twitter_card":"summary_large_image","twitter_misc":{"Napisane przez":"admin","Szacowany czas czytania":"4 minuty"},"schema":{"@context":"https:\/\/schema.org","@graph":[{"@type":"Article","@id":"https:\/\/www.citycharge.eu\/pl\/primevest-przeksztalca-latarnie-w-inteligentny-punkt-ladowania-aby-ulatwic-gwaltowny-rozwoj-samochodow-elektrycznych\/#article","isPartOf":{"@id":"https:\/\/www.citycharge.eu\/pl\/primevest-przeksztalca-latarnie-w-inteligentny-punkt-ladowania-aby-ulatwic-gwaltowny-rozwoj-samochodow-elektrycznych\/"},"author":{"name":"admin","@id":"https:\/\/www.citycharge.eu\/pl\/#\/schema\/person\/0a798ff10afa77f3d0c65789b5d62f17"},"headline":"Primevest przekszta\u0142ca latarni\u0119 w inteligentny punkt \u0142adowania, aby u\u0142atwi\u0107 gwa\u0142towny rozw\u00f3j samochod\u00f3w elektrycznych","datePublished":"2021-09-30T15:43:43+00:00","mainEntityOfPage":{"@id":"https:\/\/www.citycharge.eu\/pl\/primevest-przeksztalca-latarnie-w-inteligentny-punkt-ladowania-aby-ulatwic-gwaltowny-rozwoj-samochodow-elektrycznych\/"},"wordCount":904,"publisher":{"@id":"https:\/\/www.citycharge.eu\/pl\/#organization"},"image":{"@id":"https:\/\/www.citycharge.eu\/pl\/primevest-przeksztalca-latarnie-w-inteligentny-punkt-ladowania-aby-ulatwic-gwaltowny-rozwoj-samochodow-elektrycznych\/#primaryimage"},"thumbnailUrl":"https:\/\/www.citycharge.eu\/wp-content\/uploads\/2022\/12\/african-american-girl-charging-electro-car-at-the-2023-11-27-05-13-45-utc-scaled.jpg","articleSection":["Aktualno\u015bci"],"inLanguage":"pl-PL"},{"@type":"WebPage","@id":"https:\/\/www.citycharge.eu\/pl\/primevest-przeksztalca-latarnie-w-inteligentny-punkt-ladowania-aby-ulatwic-gwaltowny-rozwoj-samochodow-elektrycznych\/","url":"https:\/\/www.citycharge.eu\/pl\/primevest-przeksztalca-latarnie-w-inteligentny-punkt-ladowania-aby-ulatwic-gwaltowny-rozwoj-samochodow-elektrycznych\/","name":"Primevest przekszta\u0142ca latarni\u0119 w inteligentny punkt \u0142adowania, aby u\u0142atwi\u0107 gwa\u0142towny rozw\u00f3j samochod\u00f3w elektrycznych - CityCharge","isPartOf":{"@id":"https:\/\/www.citycharge.eu\/pl\/#website"},"primaryImageOfPage":{"@id":"https:\/\/www.citycharge.eu\/pl\/primevest-przeksztalca-latarnie-w-inteligentny-punkt-ladowania-aby-ulatwic-gwaltowny-rozwoj-samochodow-elektrycznych\/#primaryimage"},"image":{"@id":"https:\/\/www.citycharge.eu\/pl\/primevest-przeksztalca-latarnie-w-inteligentny-punkt-ladowania-aby-ulatwic-gwaltowny-rozwoj-samochodow-elektrycznych\/#primaryimage"},"thumbnailUrl":"https:\/\/www.citycharge.eu\/wp-content\/uploads\/2022\/12\/african-american-girl-charging-electro-car-at-the-2023-11-27-05-13-45-utc-scaled.jpg","datePublished":"2021-09-30T15:43:43+00:00","breadcrumb":{"@id":"https:\/\/www.citycharge.eu\/pl\/primevest-przeksztalca-latarnie-w-inteligentny-punkt-ladowania-aby-ulatwic-gwaltowny-rozwoj-samochodow-elektrycznych\/#breadcrumb"},"inLanguage":"pl-PL","potentialAction":[{"@type":"ReadAction","target":["https:\/\/www.citycharge.eu\/pl\/primevest-przeksztalca-latarnie-w-inteligentny-punkt-ladowania-aby-ulatwic-gwaltowny-rozwoj-samochodow-elektrycznych\/"]}]},{"@type":"ImageObject","inLanguage":"pl-PL","@id":"https:\/\/www.citycharge.eu\/pl\/primevest-przeksztalca-latarnie-w-inteligentny-punkt-ladowania-aby-ulatwic-gwaltowny-rozwoj-samochodow-elektrycznych\/#primaryimage","url":"https:\/\/www.citycharge.eu\/wp-content\/uploads\/2022\/12\/african-american-girl-charging-electro-car-at-the-2023-11-27-05-13-45-utc-scaled.jpg","contentUrl":"https:\/\/www.citycharge.eu\/wp-content\/uploads\/2022\/12\/african-american-girl-charging-electro-car-at-the-2023-11-27-05-13-45-utc-scaled.jpg","width":2560,"height":1707,"caption":"Islam black girl charging electro car. Eco car."},{"@type":"BreadcrumbList","@id":"https:\/\/www.citycharge.eu\/pl\/primevest-przeksztalca-latarnie-w-inteligentny-punkt-ladowania-aby-ulatwic-gwaltowny-rozwoj-samochodow-elektrycznych\/#breadcrumb","itemListElement":[{"@type":"ListItem","position":1,"name":"Home","item":"https:\/\/www.citycharge.eu\/pl\/"},{"@type":"ListItem","position":2,"name":"Primevest przekszta\u0142ca latarni\u0119 w inteligentny punkt \u0142adowania, aby u\u0142atwi\u0107 gwa\u0142towny rozw\u00f3j samochod\u00f3w elektrycznych"}]},{"@type":"WebSite","@id":"https:\/\/www.citycharge.eu\/pl\/#website","url":"https:\/\/www.citycharge.eu\/pl\/","name":"CityCharge","description":"Nieuw licht op laden","publisher":{"@id":"https:\/\/www.citycharge.eu\/pl\/#organization"},"potentialAction":[{"@type":"SearchAction","target":{"@type":"EntryPoint","urlTemplate":"https:\/\/www.citycharge.eu\/pl\/?s={search_term_string}"},"query-input":{"@type":"PropertyValueSpecification","valueRequired":true,"valueName":"search_term_string"}}],"inLanguage":"pl-PL"},{"@type":"Organization","@id":"https:\/\/www.citycharge.eu\/pl\/#organization","name":"CityCharge","url":"https:\/\/www.citycharge.eu\/pl\/","logo":{"@type":"ImageObject","inLanguage":"pl-PL","@id":"https:\/\/www.citycharge.eu\/pl\/#\/schema\/logo\/image\/","url":"https:\/\/www.citycharge.eu\/wp-content\/uploads\/2024\/07\/Citycharge_payofff_white.svg","contentUrl":"https:\/\/www.citycharge.eu\/wp-content\/uploads\/2024\/07\/Citycharge_payofff_white.svg","width":1920,"height":530,"caption":"CityCharge"},"image":{"@id":"https:\/\/www.citycharge.eu\/pl\/#\/schema\/logo\/image\/"}},{"@type":"Person","@id":"https:\/\/www.citycharge.eu\/pl\/#\/schema\/person\/0a798ff10afa77f3d0c65789b5d62f17","name":"admin","image":{"@type":"ImageObject","inLanguage":"pl-PL","@id":"https:\/\/secure.gravatar.com\/avatar\/b382f2b0baf85cf8d841621555daa4ae2420c7929b964e5ca4e287310b061056?s=96&d=mm&r=g","url":"https:\/\/secure.gravatar.com\/avatar\/b382f2b0baf85cf8d841621555daa4ae2420c7929b964e5ca4e287310b061056?s=96&d=mm&r=g","contentUrl":"https:\/\/secure.gravatar.com\/avatar\/b382f2b0baf85cf8d841621555daa4ae2420c7929b964e5ca4e287310b061056?s=96&d=mm&r=g","caption":"admin"},"sameAs":["http:\/\/www.citycharge.eu"],"url":"https:\/\/www.citycharge.eu\/pl\/author\/admin\/"}]}},"_links":{"self":[{"href":"https:\/\/www.citycharge.eu\/pl\/wp-json\/wp\/v2\/posts\/9398","targetHints":{"allow":["GET"]}}],"collection":[{"href":"https:\/\/www.citycharge.eu\/pl\/wp-json\/wp\/v2\/posts"}],"about":[{"href":"https:\/\/www.citycharge.eu\/pl\/wp-json\/wp\/v2\/types\/post"}],"author":[{"embeddable":true,"href":"https:\/\/www.citycharge.eu\/pl\/wp-json\/wp\/v2\/users\/1"}],"replies":[{"embeddable":true,"href":"https:\/\/www.citycharge.eu\/pl\/wp-json\/wp\/v2\/comments?post=9398"}],"version-history":[{"count":0,"href":"https:\/\/www.citycharge.eu\/pl\/wp-json\/wp\/v2\/posts\/9398\/revisions"}],"wp:featuredmedia":[{"embeddable":true,"href":"https:\/\/www.citycharge.eu\/pl\/wp-json\/wp\/v2\/media\/8843"}],"wp:attachment":[{"href":"https:\/\/www.citycharge.eu\/pl\/wp-json\/wp\/v2\/media?parent=9398"}],"wp:term":[{"taxonomy":"category","embeddable":true,"href":"https:\/\/www.citycharge.eu\/pl\/wp-json\/wp\/v2\/categories?post=9398"},{"taxonomy":"post_tag","embeddable":true,"href":"https:\/\/www.citycharge.eu\/pl\/wp-json\/wp\/v2\/tags?post=9398"}],"curies":[{"name":"wp","href":"https:\/\/api.w.org\/{rel}","templated":true}]}}