{"id":10664,"date":"2024-12-30T14:22:32","date_gmt":"2024-12-30T14:22:32","guid":{"rendered":"https:\/\/www.citycharge.eu\/municipiul-arnhem\/"},"modified":"2026-03-05T06:17:33","modified_gmt":"2026-03-05T06:17:33","slug":"municipiul-arnhem","status":"publish","type":"post","link":"https:\/\/www.citycharge.eu\/ro\/municipiul-arnhem\/","title":{"rendered":"Municipiul Arnhem"},"content":{"rendered":"\t\t<div data-elementor-type=\"wp-post\" data-elementor-id=\"10664\" class=\"elementor elementor-10664 elementor-10635\" data-elementor-post-type=\"post\">\n\t\t\t\t<div class=\"elementor-element elementor-element-8960bec e-flex e-con-boxed e-con e-parent\" data-id=\"8960bec\" data-element_type=\"container\" data-e-type=\"container\" data-settings=\"{&quot;background_background&quot;:&quot;classic&quot;}\">\n\t\t\t\t\t<div class=\"e-con-inner\">\n\t\t\t\t<div class=\"elementor-element elementor-element-1b1513c elementor-widget elementor-widget-heading\" data-id=\"1b1513c\" data-element_type=\"widget\" data-e-type=\"widget\" data-widget_type=\"heading.default\">\n\t\t\t\t<div class=\"elementor-widget-container\">\n\t\t\t\t\t<h1 class=\"elementor-heading-title elementor-size-default\">Municipiul Arnhem<\/h1>\t\t\t\t<\/div>\n\t\t\t\t<\/div>\n\t\t\t\t\t<\/div>\n\t\t\t\t<\/div>\n\t\t<div class=\"elementor-element elementor-element-e98a54e e-flex e-con-boxed e-con e-parent\" data-id=\"e98a54e\" data-element_type=\"container\" data-e-type=\"container\" data-settings=\"{&quot;background_background&quot;:&quot;classic&quot;}\">\n\t\t\t\t\t<div class=\"e-con-inner\">\n\t\t<div class=\"elementor-element elementor-element-8df9310 e-con-full e-flex e-con e-child\" data-id=\"8df9310\" data-element_type=\"container\" data-e-type=\"container\" data-settings=\"{&quot;background_background&quot;:&quot;classic&quot;}\">\n\t\t\t\t<\/div>\n\t\t<div class=\"elementor-element elementor-element-4251ba8 e-con-full e-flex e-con e-child\" data-id=\"4251ba8\" data-element_type=\"container\" data-e-type=\"container\">\n\t\t\t\t<div class=\"elementor-element elementor-element-051fab9 elementor-widget elementor-widget-heading\" data-id=\"051fab9\" data-element_type=\"widget\" data-e-type=\"widget\" data-widget_type=\"heading.default\">\n\t\t\t\t<div class=\"elementor-widget-container\">\n\t\t\t\t\t<h2 class=\"elementor-heading-title elementor-size-default\">Municipiul Arnhem<\/h2>\t\t\t\t<\/div>\n\t\t\t\t<\/div>\n\t\t\t\t<div class=\"elementor-element elementor-element-ec87575 elementor-widget elementor-widget-text-editor\" data-id=\"ec87575\" data-element_type=\"widget\" data-e-type=\"widget\" data-widget_type=\"text-editor.default\">\n\t\t\t\t<div class=\"elementor-widget-container\">\n\t\t\t\t\t\t\t\t\t<p>Arnhem va avea aproximativ 150 de noi sta\u021bii de \u00eenc\u0103rcare \u00eencep\u00e2nd cu 2023. Noile cartiere din Arnhem, Schuytgraaf, Stadhouderskwartier \u0219i Blauwe Golven, vor avea sta\u021bii de \u00eenc\u0103rcare standard pentru ma\u0219inile electrice integrate \u00een st\u00e2lpii de iluminat. Licita\u021bia pentru construc\u021bia celor aproximativ 150 de sta\u021bii de \u00eenc\u0103rcare este facilitat\u0103 par\u021bial de un consor\u021biu format din Dutch Charge \u0219i Heijmans Emobility.  <\/p>\t\t\t\t\t\t\t\t<\/div>\n\t\t\t\t<\/div>\n\t\t\t\t<div class=\"elementor-element elementor-element-50d993d elementor-widget elementor-widget-text-editor\" data-id=\"50d993d\" data-element_type=\"widget\" data-e-type=\"widget\" data-widget_type=\"text-editor.default\">\n\t\t\t\t<div class=\"elementor-widget-container\">\n\t\t\t\t\t\t\t\t\t<h3><strong>Putere curat\u0103 pentru trafic curat<\/strong><\/h3><p>Consilierul pentru Mobilitate Durabil\u0103 Nermina Kundi\u0107 spune urm\u0103toarele despre acest pas grozav pentru un viitor mai curat: \u201eAcest pas se potrive\u0219te perfect cu ambi\u021bia noastr\u0103 pentru un transport mai curat \u0219i mai lini\u0219tit \u00een Arnhem. Din ce \u00een ce mai mul\u021bi locuitori opteaz\u0103 pentru transport f\u0103r\u0103 emisii. Depinde de noi s\u0103 ne asigur\u0103m c\u0103 \u00ee\u0219i pot \u00eenc\u0103rca ma\u0219ina electric\u0103 \u00een locuri suficiente. Combina\u021bia dintre punctul de \u00eenc\u0103rcare \u0219i lamp\u0103 stradal\u0103 are ca rezultat, de asemenea, mai pu\u021bin mobilier stradal. Mai mult, electricitatea pentru sta\u021biile de \u00eenc\u0103rcare este \u201everde \u00eenchis\u201d: provine din parcul solar de-a lungul traseului Pley.&#8217;<\/p>\t\t\t\t\t\t\t\t<\/div>\n\t\t\t\t<\/div>\n\t\t\t\t<div class=\"elementor-element elementor-element-f701f3e elementor-widget elementor-widget-text-editor\" data-id=\"f701f3e\" data-element_type=\"widget\" data-e-type=\"widget\" data-widget_type=\"text-editor.default\">\n\t\t\t\t<div class=\"elementor-widget-container\">\n\t\t\t\t\t\t\t\t\t<h3><strong>1 din 5 este electric<\/strong><\/h3><p>Num\u0103rul de ma\u0219ini electrice a crescut brusc \u00een ultimii ani. \u00cen prima jum\u0103tate a anului 2022, 1 din cinci ma\u0219ini noi v\u00e2ndute a fost electric\u0103. Este dublu fa\u021b\u0103 de un an mai devreme. Acest lucru duce la o cerere tot mai mare de puncte de \u00eenc\u0103rcare. \u00cen urm\u0103 cu c\u00e2\u021biva ani, 22 dintre st\u00e2lpii de \u00eenc\u0103rcare au fost deja instala\u021bi \u00een De Kiem Ecowijk. Acolo, utilizarea a crescut de la 160 la 1.660 pe an \u00eentr-un an. Municipalitatea din Arnhem a ales s\u0103 includ\u0103 puncte de \u00eenc\u0103rcare \u00een proiectarea noilor zone reziden\u021biale. Ca urmare, integrarea \u00een re\u021beaua electric\u0103 a fost deja inclus\u0103 \u00een proiect. Acest lucru asigur\u0103 c\u0103 nu vor ap\u0103rea probleme \u00een re\u021beaua electric\u0103 \u0219i nu vor exista pacoste spa\u021biilor publice.        <\/p>\t\t\t\t\t\t\t\t<\/div>\n\t\t\t\t<\/div>\n\t\t\t\t<div class=\"elementor-element elementor-element-d0dadbd elementor-align-left animated-fast elementor-invisible elementor-widget elementor-widget-button\" data-id=\"d0dadbd\" data-element_type=\"widget\" data-e-type=\"widget\" data-settings=\"{&quot;_animation&quot;:&quot;zoomIn&quot;}\" data-widget_type=\"button.default\">\n\t\t\t\t<div class=\"elementor-widget-container\">\n\t\t\t\t\t\t\t\t\t<div class=\"elementor-button-wrapper\">\n\t\t\t\t\t<a class=\"elementor-button elementor-button-link elementor-size-sm\" href=\"https:\/\/www.citycharge.eu\/ro\/contact\/\">\n\t\t\t\t\t\t<span class=\"elementor-button-content-wrapper\">\n\t\t\t\t\t\t\t\t\t<span class=\"elementor-button-text\">Solicita\u021bi o consulta\u021bie<\/span>\n\t\t\t\t\t<\/span>\n\t\t\t\t\t<\/a>\n\t\t\t\t<\/div>\n\t\t\t\t\t\t\t\t<\/div>\n\t\t\t\t<\/div>\n\t\t\t\t<\/div>\n\t\t\t\t\t<\/div>\n\t\t\t\t<\/div>\n\t\t<div class=\"elementor-element elementor-element-6bd6769 e-flex e-con-boxed e-con e-parent\" data-id=\"6bd6769\" data-element_type=\"container\" data-e-type=\"container\" data-settings=\"{&quot;background_background&quot;:&quot;classic&quot;}\">\n\t\t\t\t\t<div class=\"e-con-inner\">\n\t\t<div class=\"elementor-element elementor-element-b9ea699 e-con-full e-flex e-con e-child\" data-id=\"b9ea699\" data-element_type=\"container\" data-e-type=\"container\">\n\t\t\t\t<div class=\"elementor-element elementor-element-362280a elementor-widget elementor-widget-text-editor\" data-id=\"362280a\" data-element_type=\"widget\" data-e-type=\"widget\" data-widget_type=\"text-editor.default\">\n\t\t\t\t<div class=\"elementor-widget-container\">\n\t\t\t\t\t\t\t\t\t<h3><strong>600 de puncte de \u00eenc\u0103rcare \u00een Arnhem<\/strong><\/h3><p>Locurile de parcare de la punctele de \u00eenc\u0103rcare nu sunt rezervate ma\u0219inilor electrice, deoarece exist\u0103 \u00eentotdeauna un loc de parcare gratuit l\u00e2ng\u0103 un punct de \u00eenc\u0103rcare. Acest lucru asigur\u0103 mai pu\u021bin\u0103 iritare cu privire la locurile de parcare disponibile. Licita\u021bia implic\u0103 150 de st\u00e2lpi de iluminat cu 300 de puncte de \u00eenc\u0103rcare. Alte 1.200 de case vor fi construite \u00een urm\u0103torii ani. Un astfel de cartier nou este preg\u0103tit apoi pentru cre\u0219terea ma\u0219inilor electrice. Mai t\u00e2rziu vor urma mai multe felinare cu puncte de \u00eenc\u0103rcare \u00een cartierele nou-construite, dar \u0219i \u00een cartierele existente.     <\/p>\t\t\t\t\t\t\t\t<\/div>\n\t\t\t\t<\/div>\n\t\t\t\t<div class=\"elementor-element elementor-element-ea96053 elementor-widget elementor-widget-text-editor\" data-id=\"ea96053\" data-element_type=\"widget\" data-e-type=\"widget\" data-widget_type=\"text-editor.default\">\n\t\t\t\t<div class=\"elementor-widget-container\">\n\t\t\t\t\t\t\t\t\t<h3><strong>\u201eAcesta este viitorul\u201d<\/strong><\/h3><p>\u201eAceste tipuri de solu\u021bii de \u00eenc\u0103rcare multifunc\u021bionale sunt viitorul\u201d, spune Michel Versteeg, CEO al Dutch Charge, \u00een numele consor\u021biului. \u201eAceast\u0103 combina\u021bie de lamp\u0103 \u0219i punct de \u00eenc\u0103rcare asigur\u0103 utilizarea optim\u0103 a spa\u021biului public, f\u0103r\u0103 a provoca dezordine. Furniz\u0103m at\u00e2t lampul combinat cu punct de \u00eenc\u0103rcare, c\u00e2t \u0219i serviciul de \u00eenc\u0103rcare \u00een sine pentru urm\u0103torii 10 ani.&#8217; <\/p>\t\t\t\t\t\t\t\t<\/div>\n\t\t\t\t<\/div>\n\t\t\t\t<\/div>\n\t\t\t\t\t<\/div>\n\t\t\t\t<\/div>\n\t\t<div class=\"elementor-element elementor-element-7b9b78c e-flex e-con-boxed e-con e-parent\" data-id=\"7b9b78c\" data-element_type=\"container\" data-e-type=\"container\" data-settings=\"{&quot;background_background&quot;:&quot;classic&quot;}\">\n\t\t\t\t\t<div class=\"e-con-inner\">\n\t\t<div class=\"elementor-element elementor-element-a7032f7 e-con-full e-flex e-con e-child\" data-id=\"a7032f7\" data-element_type=\"container\" data-e-type=\"container\" data-settings=\"{&quot;background_background&quot;:&quot;classic&quot;}\">\n\t\t<div class=\"elementor-element elementor-element-1ddb098 e-flex e-con-boxed e-con e-child\" data-id=\"1ddb098\" data-element_type=\"container\" data-e-type=\"container\">\n\t\t\t\t\t<div class=\"e-con-inner\">\n\t\t<div class=\"elementor-element elementor-element-e51556b e-flex e-con-boxed e-con e-child\" data-id=\"e51556b\" data-element_type=\"container\" data-e-type=\"container\">\n\t\t\t\t\t<div class=\"e-con-inner\">\n\t\t\t\t<div class=\"elementor-element elementor-element-f7d38c1 elementor-widget elementor-widget-heading\" data-id=\"f7d38c1\" data-element_type=\"widget\" data-e-type=\"widget\" data-widget_type=\"heading.default\">\n\t\t\t\t<div class=\"elementor-widget-container\">\n\t\t\t\t\t<p class=\"elementor-heading-title elementor-size-default\">\u201eCu CityCharge, \u00eenc\u0103rcarea este f\u0103r\u0103 efort \u0219i f\u0103r\u0103 griji. A\u0219a ar trebui s\u0103 fie.\u201d<\/p>\t\t\t\t<\/div>\n\t\t\t\t<\/div>\n\t\t\t\t\t<\/div>\n\t\t\t\t<\/div>\n\t\t\t\t\t<\/div>\n\t\t\t\t<\/div>\n\t\t\t\t<\/div>\n\t\t<div class=\"elementor-element elementor-element-e04f1fe e-con-full e-flex e-con e-child\" data-id=\"e04f1fe\" data-element_type=\"container\" data-e-type=\"container\">\n\t\t\t\t<div class=\"elementor-element elementor-element-f238dbc elementor-widget elementor-widget-heading\" data-id=\"f238dbc\" data-element_type=\"widget\" data-e-type=\"widget\" data-widget_type=\"heading.default\">\n\t\t\t\t<div class=\"elementor-widget-container\">\n\t\t\t\t\t<h2 class=\"elementor-heading-title elementor-size-default\">De asemenea, a\u021bi dori s\u0103 \u00eenc\u0103rca\u021bi f\u0103r\u0103 griji?<\/h2>\t\t\t\t<\/div>\n\t\t\t\t<\/div>\n\t\t\t\t<div class=\"elementor-element elementor-element-f22513c elementor-widget elementor-widget-text-editor\" data-id=\"f22513c\" data-element_type=\"widget\" data-e-type=\"widget\" data-widget_type=\"text-editor.default\">\n\t\t\t\t<div class=\"elementor-widget-container\">\n\t\t\t\t\t\t\t\t\t<p>E\u0219ti curios ce poate face CityCharge pentru municipalitatea sau proiectul t\u0103u?\nSuntem bucuro\u0219i s\u0103 v\u0103 spunem despre posibilit\u0103\u021bi.   <\/p>\t\t\t\t\t\t\t\t<\/div>\n\t\t\t\t<\/div>\n\t\t\t\t<div class=\"elementor-element elementor-element-870f390 elementor-widget elementor-widget-text-editor\" data-id=\"870f390\" data-element_type=\"widget\" data-e-type=\"widget\" data-widget_type=\"text-editor.default\">\n\t\t\t\t<div class=\"elementor-widget-container\">\n\t\t\t\t\t\t\t\t\t<p><strong>Contacta\u021bi unul dintre consilierii no\u0219tri.<\/strong><\/p>\t\t\t\t\t\t\t\t<\/div>\n\t\t\t\t<\/div>\n\t\t\t\t<div class=\"elementor-element elementor-element-7e81c61 elementor-mobile-align-left elementor-widget elementor-widget-button\" data-id=\"7e81c61\" data-element_type=\"widget\" data-e-type=\"widget\" data-widget_type=\"button.default\">\n\t\t\t\t<div class=\"elementor-widget-container\">\n\t\t\t\t\t\t\t\t\t<div class=\"elementor-button-wrapper\">\n\t\t\t\t\t<a class=\"elementor-button elementor-button-link elementor-size-sm\" href=\"#\">\n\t\t\t\t\t\t<span class=\"elementor-button-content-wrapper\">\n\t\t\t\t\t\t<span class=\"elementor-button-icon\">\n\t\t\t\t<svg aria-hidden=\"true\" class=\"e-font-icon-svg e-fas-phone-alt\" viewBox=\"0 0 512 512\" xmlns=\"http:\/\/www.w3.org\/2000\/svg\"><path d=\"M497.39 361.8l-112-48a24 24 0 0 0-28 6.9l-49.6 60.6A370.66 370.66 0 0 1 130.6 204.11l60.6-49.6a23.94 23.94 0 0 0 6.9-28l-48-112A24.16 24.16 0 0 0 122.6.61l-104 24A24 24 0 0 0 0 48c0 256.5 207.9 464 464 464a24 24 0 0 0 23.4-18.6l24-104a24.29 24.29 0 0 0-14.01-27.6z\"><\/path><\/svg>\t\t\t<\/span>\n\t\t\t\t\t\t\t\t\t<span class=\"elementor-button-text\">085-0716620<\/span>\n\t\t\t\t\t<\/span>\n\t\t\t\t\t<\/a>\n\t\t\t\t<\/div>\n\t\t\t\t\t\t\t\t<\/div>\n\t\t\t\t<\/div>\n\t\t\t\t<div class=\"elementor-element elementor-element-e7152c3 elementor-align-left animated-fast elementor-invisible elementor-widget elementor-widget-button\" data-id=\"e7152c3\" data-element_type=\"widget\" data-e-type=\"widget\" data-settings=\"{&quot;_animation&quot;:&quot;zoomIn&quot;}\" data-widget_type=\"button.default\">\n\t\t\t\t<div class=\"elementor-widget-container\">\n\t\t\t\t\t\t\t\t\t<div class=\"elementor-button-wrapper\">\n\t\t\t\t\t<a class=\"elementor-button elementor-button-link elementor-size-sm\" href=\"https:\/\/www.citycharge.eu\/ro\/contact\/\">\n\t\t\t\t\t\t<span class=\"elementor-button-content-wrapper\">\n\t\t\t\t\t\t\t\t\t<span class=\"elementor-button-text\">Contact<\/span>\n\t\t\t\t\t<\/span>\n\t\t\t\t\t<\/a>\n\t\t\t\t<\/div>\n\t\t\t\t\t\t\t\t<\/div>\n\t\t\t\t<\/div>\n\t\t\t\t<\/div>\n\t\t\t\t\t<\/div>\n\t\t\t\t<\/div>\n\t\t\t\t<\/div>\n\t\t","protected":false},"excerpt":{"rendered":"<p>Municipiul Arnhem Municipiul Arnhem Arnhem va avea aproximativ 150 de noi sta\u021bii de \u00eenc\u0103rcare \u00eencep\u00e2nd cu 2023. Noile cartiere din Arnhem, Schuytgraaf, Stadhouderskwartier \u0219i Blauwe Golven, vor avea sta\u021bii de \u00eenc\u0103rcare standard pentru ma\u0219inile electrice integrate \u00een st\u00e2lpii de iluminat. Licita\u021bia pentru construc\u021bia celor aproximativ 150 de sta\u021bii de \u00eenc\u0103rcare este facilitat\u0103 par\u021bial de un [&hellip;]<\/p>\n","protected":false},"author":1,"featured_media":10687,"comment_status":"closed","ping_status":"open","sticky":false,"template":"elementor_header_footer","format":"standard","meta":{"_acf_changed":false,"footnotes":""},"categories":[69],"tags":[],"class_list":["post-10664","post","type-post","status-publish","format-standard","has-post-thumbnail","hentry","category-cazuri"],"acf":[],"yoast_head":"<!-- This site is optimized with the Yoast SEO plugin v27.4 - https:\/\/yoast.com\/product\/yoast-seo-wordpress\/ -->\n<title>Municipiul Arnhem - CityCharge<\/title>\n<meta name=\"robots\" content=\"index, follow, max-snippet:-1, max-image-preview:large, max-video-preview:-1\" \/>\n<link rel=\"canonical\" href=\"https:\/\/www.citycharge.eu\/ro\/municipiul-arnhem\/\" \/>\n<meta property=\"og:locale\" content=\"ro_RO\" \/>\n<meta property=\"og:type\" content=\"article\" \/>\n<meta property=\"og:title\" content=\"Municipiul Arnhem - CityCharge\" \/>\n<meta property=\"og:description\" content=\"Municipiul Arnhem Municipiul Arnhem Arnhem va avea aproximativ 150 de noi sta\u021bii de \u00eenc\u0103rcare \u00eencep\u00e2nd cu 2023. Noile cartiere din Arnhem, Schuytgraaf, Stadhouderskwartier \u0219i Blauwe Golven, vor avea sta\u021bii de \u00eenc\u0103rcare standard pentru ma\u0219inile electrice integrate \u00een st\u00e2lpii de iluminat. Licita\u021bia pentru construc\u021bia celor aproximativ 150 de sta\u021bii de \u00eenc\u0103rcare este facilitat\u0103 par\u021bial de un [&hellip;]\" \/>\n<meta property=\"og:url\" content=\"https:\/\/www.citycharge.eu\/ro\/municipiul-arnhem\/\" \/>\n<meta property=\"og:site_name\" content=\"CityCharge\" \/>\n<meta property=\"article:published_time\" content=\"2024-12-30T14:22:32+00:00\" \/>\n<meta property=\"article:modified_time\" content=\"2026-03-05T06:17:33+00:00\" \/>\n<meta property=\"og:image\" content=\"https:\/\/www.citycharge.eu\/wp-content\/uploads\/2024\/12\/logo-gemeente-arnhem.jpg\" \/>\n\t<meta property=\"og:image:width\" content=\"740\" \/>\n\t<meta property=\"og:image:height\" content=\"453\" \/>\n\t<meta property=\"og:image:type\" content=\"image\/jpeg\" \/>\n<meta name=\"author\" content=\"admin\" \/>\n<meta name=\"twitter:card\" content=\"summary_large_image\" \/>\n<meta name=\"twitter:label1\" content=\"Scris de\" \/>\n\t<meta name=\"twitter:data1\" content=\"admin\" \/>\n\t<meta name=\"twitter:label2\" content=\"Timp estimat pentru citire\" \/>\n\t<meta name=\"twitter:data2\" content=\"3 minute\" \/>\n<script type=\"application\/ld+json\" class=\"yoast-schema-graph\">{\"@context\":\"https:\\\/\\\/schema.org\",\"@graph\":[{\"@type\":\"Article\",\"@id\":\"https:\\\/\\\/www.citycharge.eu\\\/ro\\\/municipiul-arnhem\\\/#article\",\"isPartOf\":{\"@id\":\"https:\\\/\\\/www.citycharge.eu\\\/ro\\\/municipiul-arnhem\\\/\"},\"author\":{\"name\":\"admin\",\"@id\":\"https:\\\/\\\/www.citycharge.eu\\\/ro\\\/#\\\/schema\\\/person\\\/0a798ff10afa77f3d0c65789b5d62f17\"},\"headline\":\"Municipiul Arnhem\",\"datePublished\":\"2024-12-30T14:22:32+00:00\",\"dateModified\":\"2026-03-05T06:17:33+00:00\",\"mainEntityOfPage\":{\"@id\":\"https:\\\/\\\/www.citycharge.eu\\\/ro\\\/municipiul-arnhem\\\/\"},\"wordCount\":576,\"publisher\":{\"@id\":\"https:\\\/\\\/www.citycharge.eu\\\/ro\\\/#organization\"},\"image\":{\"@id\":\"https:\\\/\\\/www.citycharge.eu\\\/ro\\\/municipiul-arnhem\\\/#primaryimage\"},\"thumbnailUrl\":\"https:\\\/\\\/www.citycharge.eu\\\/wp-content\\\/uploads\\\/2024\\\/12\\\/logo-gemeente-arnhem.jpg\",\"articleSection\":[\"Cazuri\"],\"inLanguage\":\"ro-RO\"},{\"@type\":\"WebPage\",\"@id\":\"https:\\\/\\\/www.citycharge.eu\\\/ro\\\/municipiul-arnhem\\\/\",\"url\":\"https:\\\/\\\/www.citycharge.eu\\\/ro\\\/municipiul-arnhem\\\/\",\"name\":\"Municipiul Arnhem - CityCharge\",\"isPartOf\":{\"@id\":\"https:\\\/\\\/www.citycharge.eu\\\/ro\\\/#website\"},\"primaryImageOfPage\":{\"@id\":\"https:\\\/\\\/www.citycharge.eu\\\/ro\\\/municipiul-arnhem\\\/#primaryimage\"},\"image\":{\"@id\":\"https:\\\/\\\/www.citycharge.eu\\\/ro\\\/municipiul-arnhem\\\/#primaryimage\"},\"thumbnailUrl\":\"https:\\\/\\\/www.citycharge.eu\\\/wp-content\\\/uploads\\\/2024\\\/12\\\/logo-gemeente-arnhem.jpg\",\"datePublished\":\"2024-12-30T14:22:32+00:00\",\"dateModified\":\"2026-03-05T06:17:33+00:00\",\"breadcrumb\":{\"@id\":\"https:\\\/\\\/www.citycharge.eu\\\/ro\\\/municipiul-arnhem\\\/#breadcrumb\"},\"inLanguage\":\"ro-RO\",\"potentialAction\":[{\"@type\":\"ReadAction\",\"target\":[\"https:\\\/\\\/www.citycharge.eu\\\/ro\\\/municipiul-arnhem\\\/\"]}]},{\"@type\":\"ImageObject\",\"inLanguage\":\"ro-RO\",\"@id\":\"https:\\\/\\\/www.citycharge.eu\\\/ro\\\/municipiul-arnhem\\\/#primaryimage\",\"url\":\"https:\\\/\\\/www.citycharge.eu\\\/wp-content\\\/uploads\\\/2024\\\/12\\\/logo-gemeente-arnhem.jpg\",\"contentUrl\":\"https:\\\/\\\/www.citycharge.eu\\\/wp-content\\\/uploads\\\/2024\\\/12\\\/logo-gemeente-arnhem.jpg\",\"width\":740,\"height\":453},{\"@type\":\"BreadcrumbList\",\"@id\":\"https:\\\/\\\/www.citycharge.eu\\\/ro\\\/municipiul-arnhem\\\/#breadcrumb\",\"itemListElement\":[{\"@type\":\"ListItem\",\"position\":1,\"name\":\"Home\",\"item\":\"https:\\\/\\\/www.citycharge.eu\\\/ro\\\/\"},{\"@type\":\"ListItem\",\"position\":2,\"name\":\"Municipiul Arnhem\"}]},{\"@type\":\"WebSite\",\"@id\":\"https:\\\/\\\/www.citycharge.eu\\\/ro\\\/#website\",\"url\":\"https:\\\/\\\/www.citycharge.eu\\\/ro\\\/\",\"name\":\"CityCharge\",\"description\":\"Nieuw licht op laden\",\"publisher\":{\"@id\":\"https:\\\/\\\/www.citycharge.eu\\\/ro\\\/#organization\"},\"potentialAction\":[{\"@type\":\"SearchAction\",\"target\":{\"@type\":\"EntryPoint\",\"urlTemplate\":\"https:\\\/\\\/www.citycharge.eu\\\/ro\\\/?s={search_term_string}\"},\"query-input\":{\"@type\":\"PropertyValueSpecification\",\"valueRequired\":true,\"valueName\":\"search_term_string\"}}],\"inLanguage\":\"ro-RO\"},{\"@type\":\"Organization\",\"@id\":\"https:\\\/\\\/www.citycharge.eu\\\/ro\\\/#organization\",\"name\":\"CityCharge\",\"url\":\"https:\\\/\\\/www.citycharge.eu\\\/ro\\\/\",\"logo\":{\"@type\":\"ImageObject\",\"inLanguage\":\"ro-RO\",\"@id\":\"https:\\\/\\\/www.citycharge.eu\\\/ro\\\/#\\\/schema\\\/logo\\\/image\\\/\",\"url\":\"https:\\\/\\\/www.citycharge.eu\\\/wp-content\\\/uploads\\\/2024\\\/07\\\/Citycharge_payofff_white.svg\",\"contentUrl\":\"https:\\\/\\\/www.citycharge.eu\\\/wp-content\\\/uploads\\\/2024\\\/07\\\/Citycharge_payofff_white.svg\",\"width\":1920,\"height\":530,\"caption\":\"CityCharge\"},\"image\":{\"@id\":\"https:\\\/\\\/www.citycharge.eu\\\/ro\\\/#\\\/schema\\\/logo\\\/image\\\/\"}},{\"@type\":\"Person\",\"@id\":\"https:\\\/\\\/www.citycharge.eu\\\/ro\\\/#\\\/schema\\\/person\\\/0a798ff10afa77f3d0c65789b5d62f17\",\"name\":\"admin\",\"image\":{\"@type\":\"ImageObject\",\"inLanguage\":\"ro-RO\",\"@id\":\"https:\\\/\\\/secure.gravatar.com\\\/avatar\\\/b382f2b0baf85cf8d841621555daa4ae2420c7929b964e5ca4e287310b061056?s=96&d=mm&r=g\",\"url\":\"https:\\\/\\\/secure.gravatar.com\\\/avatar\\\/b382f2b0baf85cf8d841621555daa4ae2420c7929b964e5ca4e287310b061056?s=96&d=mm&r=g\",\"contentUrl\":\"https:\\\/\\\/secure.gravatar.com\\\/avatar\\\/b382f2b0baf85cf8d841621555daa4ae2420c7929b964e5ca4e287310b061056?s=96&d=mm&r=g\",\"caption\":\"admin\"},\"sameAs\":[\"http:\\\/\\\/www.citycharge.eu\"],\"url\":\"https:\\\/\\\/www.citycharge.eu\\\/ro\\\/author\\\/admin\\\/\"}]}<\/script>\n<!-- \/ Yoast SEO plugin. -->","yoast_head_json":{"title":"Municipiul Arnhem - CityCharge","robots":{"index":"index","follow":"follow","max-snippet":"max-snippet:-1","max-image-preview":"max-image-preview:large","max-video-preview":"max-video-preview:-1"},"canonical":"https:\/\/www.citycharge.eu\/ro\/municipiul-arnhem\/","og_locale":"ro_RO","og_type":"article","og_title":"Municipiul Arnhem - CityCharge","og_description":"Municipiul Arnhem Municipiul Arnhem Arnhem va avea aproximativ 150 de noi sta\u021bii de \u00eenc\u0103rcare \u00eencep\u00e2nd cu 2023. Noile cartiere din Arnhem, Schuytgraaf, Stadhouderskwartier \u0219i Blauwe Golven, vor avea sta\u021bii de \u00eenc\u0103rcare standard pentru ma\u0219inile electrice integrate \u00een st\u00e2lpii de iluminat. Licita\u021bia pentru construc\u021bia celor aproximativ 150 de sta\u021bii de \u00eenc\u0103rcare este facilitat\u0103 par\u021bial de un [&hellip;]","og_url":"https:\/\/www.citycharge.eu\/ro\/municipiul-arnhem\/","og_site_name":"CityCharge","article_published_time":"2024-12-30T14:22:32+00:00","article_modified_time":"2026-03-05T06:17:33+00:00","og_image":[{"width":740,"height":453,"url":"https:\/\/www.citycharge.eu\/wp-content\/uploads\/2024\/12\/logo-gemeente-arnhem.jpg","type":"image\/jpeg"}],"author":"admin","twitter_card":"summary_large_image","twitter_misc":{"Scris de":"admin","Timp estimat pentru citire":"3 minute"},"schema":{"@context":"https:\/\/schema.org","@graph":[{"@type":"Article","@id":"https:\/\/www.citycharge.eu\/ro\/municipiul-arnhem\/#article","isPartOf":{"@id":"https:\/\/www.citycharge.eu\/ro\/municipiul-arnhem\/"},"author":{"name":"admin","@id":"https:\/\/www.citycharge.eu\/ro\/#\/schema\/person\/0a798ff10afa77f3d0c65789b5d62f17"},"headline":"Municipiul Arnhem","datePublished":"2024-12-30T14:22:32+00:00","dateModified":"2026-03-05T06:17:33+00:00","mainEntityOfPage":{"@id":"https:\/\/www.citycharge.eu\/ro\/municipiul-arnhem\/"},"wordCount":576,"publisher":{"@id":"https:\/\/www.citycharge.eu\/ro\/#organization"},"image":{"@id":"https:\/\/www.citycharge.eu\/ro\/municipiul-arnhem\/#primaryimage"},"thumbnailUrl":"https:\/\/www.citycharge.eu\/wp-content\/uploads\/2024\/12\/logo-gemeente-arnhem.jpg","articleSection":["Cazuri"],"inLanguage":"ro-RO"},{"@type":"WebPage","@id":"https:\/\/www.citycharge.eu\/ro\/municipiul-arnhem\/","url":"https:\/\/www.citycharge.eu\/ro\/municipiul-arnhem\/","name":"Municipiul Arnhem - CityCharge","isPartOf":{"@id":"https:\/\/www.citycharge.eu\/ro\/#website"},"primaryImageOfPage":{"@id":"https:\/\/www.citycharge.eu\/ro\/municipiul-arnhem\/#primaryimage"},"image":{"@id":"https:\/\/www.citycharge.eu\/ro\/municipiul-arnhem\/#primaryimage"},"thumbnailUrl":"https:\/\/www.citycharge.eu\/wp-content\/uploads\/2024\/12\/logo-gemeente-arnhem.jpg","datePublished":"2024-12-30T14:22:32+00:00","dateModified":"2026-03-05T06:17:33+00:00","breadcrumb":{"@id":"https:\/\/www.citycharge.eu\/ro\/municipiul-arnhem\/#breadcrumb"},"inLanguage":"ro-RO","potentialAction":[{"@type":"ReadAction","target":["https:\/\/www.citycharge.eu\/ro\/municipiul-arnhem\/"]}]},{"@type":"ImageObject","inLanguage":"ro-RO","@id":"https:\/\/www.citycharge.eu\/ro\/municipiul-arnhem\/#primaryimage","url":"https:\/\/www.citycharge.eu\/wp-content\/uploads\/2024\/12\/logo-gemeente-arnhem.jpg","contentUrl":"https:\/\/www.citycharge.eu\/wp-content\/uploads\/2024\/12\/logo-gemeente-arnhem.jpg","width":740,"height":453},{"@type":"BreadcrumbList","@id":"https:\/\/www.citycharge.eu\/ro\/municipiul-arnhem\/#breadcrumb","itemListElement":[{"@type":"ListItem","position":1,"name":"Home","item":"https:\/\/www.citycharge.eu\/ro\/"},{"@type":"ListItem","position":2,"name":"Municipiul Arnhem"}]},{"@type":"WebSite","@id":"https:\/\/www.citycharge.eu\/ro\/#website","url":"https:\/\/www.citycharge.eu\/ro\/","name":"CityCharge","description":"Nieuw licht op laden","publisher":{"@id":"https:\/\/www.citycharge.eu\/ro\/#organization"},"potentialAction":[{"@type":"SearchAction","target":{"@type":"EntryPoint","urlTemplate":"https:\/\/www.citycharge.eu\/ro\/?s={search_term_string}"},"query-input":{"@type":"PropertyValueSpecification","valueRequired":true,"valueName":"search_term_string"}}],"inLanguage":"ro-RO"},{"@type":"Organization","@id":"https:\/\/www.citycharge.eu\/ro\/#organization","name":"CityCharge","url":"https:\/\/www.citycharge.eu\/ro\/","logo":{"@type":"ImageObject","inLanguage":"ro-RO","@id":"https:\/\/www.citycharge.eu\/ro\/#\/schema\/logo\/image\/","url":"https:\/\/www.citycharge.eu\/wp-content\/uploads\/2024\/07\/Citycharge_payofff_white.svg","contentUrl":"https:\/\/www.citycharge.eu\/wp-content\/uploads\/2024\/07\/Citycharge_payofff_white.svg","width":1920,"height":530,"caption":"CityCharge"},"image":{"@id":"https:\/\/www.citycharge.eu\/ro\/#\/schema\/logo\/image\/"}},{"@type":"Person","@id":"https:\/\/www.citycharge.eu\/ro\/#\/schema\/person\/0a798ff10afa77f3d0c65789b5d62f17","name":"admin","image":{"@type":"ImageObject","inLanguage":"ro-RO","@id":"https:\/\/secure.gravatar.com\/avatar\/b382f2b0baf85cf8d841621555daa4ae2420c7929b964e5ca4e287310b061056?s=96&d=mm&r=g","url":"https:\/\/secure.gravatar.com\/avatar\/b382f2b0baf85cf8d841621555daa4ae2420c7929b964e5ca4e287310b061056?s=96&d=mm&r=g","contentUrl":"https:\/\/secure.gravatar.com\/avatar\/b382f2b0baf85cf8d841621555daa4ae2420c7929b964e5ca4e287310b061056?s=96&d=mm&r=g","caption":"admin"},"sameAs":["http:\/\/www.citycharge.eu"],"url":"https:\/\/www.citycharge.eu\/ro\/author\/admin\/"}]}},"_links":{"self":[{"href":"https:\/\/www.citycharge.eu\/ro\/wp-json\/wp\/v2\/posts\/10664","targetHints":{"allow":["GET"]}}],"collection":[{"href":"https:\/\/www.citycharge.eu\/ro\/wp-json\/wp\/v2\/posts"}],"about":[{"href":"https:\/\/www.citycharge.eu\/ro\/wp-json\/wp\/v2\/types\/post"}],"author":[{"embeddable":true,"href":"https:\/\/www.citycharge.eu\/ro\/wp-json\/wp\/v2\/users\/1"}],"replies":[{"embeddable":true,"href":"https:\/\/www.citycharge.eu\/ro\/wp-json\/wp\/v2\/comments?post=10664"}],"version-history":[{"count":2,"href":"https:\/\/www.citycharge.eu\/ro\/wp-json\/wp\/v2\/posts\/10664\/revisions"}],"predecessor-version":[{"id":11504,"href":"https:\/\/www.citycharge.eu\/ro\/wp-json\/wp\/v2\/posts\/10664\/revisions\/11504"}],"wp:featuredmedia":[{"embeddable":true,"href":"https:\/\/www.citycharge.eu\/ro\/wp-json\/wp\/v2\/media\/10687"}],"wp:attachment":[{"href":"https:\/\/www.citycharge.eu\/ro\/wp-json\/wp\/v2\/media?parent=10664"}],"wp:term":[{"taxonomy":"category","embeddable":true,"href":"https:\/\/www.citycharge.eu\/ro\/wp-json\/wp\/v2\/categories?post=10664"},{"taxonomy":"post_tag","embeddable":true,"href":"https:\/\/www.citycharge.eu\/ro\/wp-json\/wp\/v2\/tags?post=10664"}],"curies":[{"name":"wp","href":"https:\/\/api.w.org\/{rel}","templated":true}]}}