{"id":11716,"date":"2026-03-18T14:56:04","date_gmt":"2026-03-18T14:56:04","guid":{"rendered":"https:\/\/www.citycharge.eu\/statie-de-incarcare-in-franta\/"},"modified":"2026-03-18T15:08:07","modified_gmt":"2026-03-18T15:08:07","slug":"statie-de-incarcare-in-franta","status":"publish","type":"post","link":"https:\/\/www.citycharge.eu\/ro\/statie-de-incarcare-in-franta\/","title":{"rendered":"Sta\u021bie de \u00eenc\u0103rcare \u00een Fran\u021ba"},"content":{"rendered":"\t\t<div data-elementor-type=\"wp-post\" data-elementor-id=\"11716\" class=\"elementor elementor-11716 elementor-11668\" data-elementor-post-type=\"post\">\n\t\t\t\t<div class=\"elementor-element elementor-element-8960bec e-flex e-con-boxed e-con e-parent\" data-id=\"8960bec\" data-element_type=\"container\" data-e-type=\"container\" data-settings=\"{&quot;background_background&quot;:&quot;classic&quot;}\">\n\t\t\t\t\t<div class=\"e-con-inner\">\n\t\t\t\t<div class=\"elementor-element elementor-element-1b1513c elementor-widget elementor-widget-heading\" data-id=\"1b1513c\" data-element_type=\"widget\" data-e-type=\"widget\" data-widget_type=\"heading.default\">\n\t\t\t\t<div class=\"elementor-widget-container\">\n\t\t\t\t\t<h1 class=\"elementor-heading-title elementor-size-default\">Sta\u021bie de \u00eenc\u0103rcare \u00een Fran\u021ba<\/h1>\t\t\t\t<\/div>\n\t\t\t\t<\/div>\n\t\t\t\t\t<\/div>\n\t\t\t\t<\/div>\n\t\t<div class=\"elementor-element elementor-element-e98a54e e-flex e-con-boxed e-con e-parent\" data-id=\"e98a54e\" data-element_type=\"container\" data-e-type=\"container\" data-settings=\"{&quot;background_background&quot;:&quot;classic&quot;}\">\n\t\t\t\t\t<div class=\"e-con-inner\">\n\t\t<div class=\"elementor-element elementor-element-4251ba8 e-con-full e-flex e-con e-child\" data-id=\"4251ba8\" data-element_type=\"container\" data-e-type=\"container\">\n\t\t\t\t<div class=\"elementor-element elementor-element-051fab9 elementor-widget elementor-widget-heading\" data-id=\"051fab9\" data-element_type=\"widget\" data-e-type=\"widget\" data-widget_type=\"heading.default\">\n\t\t\t\t<div class=\"elementor-widget-container\">\n\t\t\t\t\t<h2 class=\"elementor-heading-title elementor-size-default\">Prima \u00een Fran\u021ba: CityCharge deschide prima sta\u021bie de \u00eenc\u0103rcare \u00een Beauvais<\/h2>\t\t\t\t<\/div>\n\t\t\t\t<\/div>\n\t\t\t\t<div class=\"elementor-element elementor-element-ec87575 elementor-widget elementor-widget-text-editor\" data-id=\"ec87575\" data-element_type=\"widget\" data-e-type=\"widget\" data-widget_type=\"text-editor.default\">\n\t\t\t\t<div class=\"elementor-widget-container\">\n\t\t\t\t\t\t\t\t\t<div class=\"summary\"><p><strong>CityCharge \u00ee\u0219i extinde prezen\u021ba interna\u021bional\u0103 \u00een Fran\u021ba. \u00cen colaborare cu regiunea Hauts-de-France \u0219i operatorul de re\u021bea SE60, prima sta\u021bie de \u00eenc\u0103rcare inovatoare a fost deschis\u0103 oficial pe 6 martie. Acest proiect deschide calea pentru o implementare la scar\u0103 larg\u0103 \u00een nordul Fran\u021bei.  <\/strong><\/p><\/div>\t\t\t\t\t\t\t\t<\/div>\n\t\t\t\t<\/div>\n\t\t\t\t<div class=\"elementor-element elementor-element-d0dadbd elementor-align-left animated-fast elementor-invisible elementor-widget elementor-widget-button\" data-id=\"d0dadbd\" data-element_type=\"widget\" data-e-type=\"widget\" data-settings=\"{&quot;_animation&quot;:&quot;zoomIn&quot;}\" data-widget_type=\"button.default\">\n\t\t\t\t<div class=\"elementor-widget-container\">\n\t\t\t\t\t\t\t\t\t<div class=\"elementor-button-wrapper\">\n\t\t\t\t\t<a class=\"elementor-button elementor-button-link elementor-size-sm\" href=\"https:\/\/www.citycharge.eu\/ro\/contact\/\">\n\t\t\t\t\t\t<span class=\"elementor-button-content-wrapper\">\n\t\t\t\t\t\t\t\t\t<span class=\"elementor-button-text\">Solicita\u021bi o consulta\u021bie<\/span>\n\t\t\t\t\t<\/span>\n\t\t\t\t\t<\/a>\n\t\t\t\t<\/div>\n\t\t\t\t\t\t\t\t<\/div>\n\t\t\t\t<\/div>\n\t\t\t\t<\/div>\n\t\t\t\t\t<\/div>\n\t\t\t\t<\/div>\n\t\t<div class=\"elementor-element elementor-element-6bd6769 e-flex e-con-boxed e-con e-parent\" data-id=\"6bd6769\" data-element_type=\"container\" data-e-type=\"container\" data-settings=\"{&quot;background_background&quot;:&quot;classic&quot;}\">\n\t\t\t\t\t<div class=\"e-con-inner\">\n\t\t<div class=\"elementor-element elementor-element-c30a178 e-con-full e-flex e-con e-child\" data-id=\"c30a178\" data-element_type=\"container\" data-e-type=\"container\">\n\t\t\t\t<div class=\"elementor-element elementor-element-6c59f4d elementor-widget elementor-widget-heading\" data-id=\"6c59f4d\" data-element_type=\"widget\" data-e-type=\"widget\" data-widget_type=\"heading.default\">\n\t\t\t\t<div class=\"elementor-widget-container\">\n\t\t\t\t\t<h2 class=\"elementor-heading-title elementor-size-default\">Proiectul pe scurt<\/h2>\t\t\t\t<\/div>\n\t\t\t\t<\/div>\n\t\t\t\t<div class=\"elementor-element elementor-element-90c85b2 elementor-widget elementor-widget-text-editor\" data-id=\"90c85b2\" data-element_type=\"widget\" data-e-type=\"widget\" data-widget_type=\"text-editor.default\">\n\t\t\t\t<div class=\"elementor-widget-container\">\n\t\t\t\t\t\t\t\t\t<p data-path-to-node=\"7\">Dup\u0103 o preg\u0103tire intensiv\u0103 de 12 luni cu parteneri precum RVO \u0219i Ambasada Olandei la Paris, ora\u0219ul Beauvais este prima loca\u021bie francez\u0103 care utilizeaz\u0103 tehnologia CityCharge. Inaugurarea a fost oficiat\u0103 de Eric Guerin (pre\u0219edinte SE60) \u0219i Chanez Herbanne (consilier pentru regiunea Hauts-de-France). <\/p>\t\t\t\t\t\t\t\t<\/div>\n\t\t\t\t<\/div>\n\t\t\t\t<div class=\"elementor-element elementor-element-09664a2 elementor-widget elementor-widget-heading\" data-id=\"09664a2\" data-element_type=\"widget\" data-e-type=\"widget\" data-widget_type=\"heading.default\">\n\t\t\t\t<div class=\"elementor-widget-container\">\n\t\t\t\t\t<h2 class=\"elementor-heading-title elementor-size-default\">De ce este unic acest proiect:<\/h2>\t\t\t\t<\/div>\n\t\t\t\t<\/div>\n\t\t\t\t<div class=\"elementor-element elementor-element-49ac6d1 elementor-widget elementor-widget-text-editor\" data-id=\"49ac6d1\" data-element_type=\"widget\" data-e-type=\"widget\" data-widget_type=\"text-editor.default\">\n\t\t\t\t<div class=\"elementor-widget-container\">\n\t\t\t\t\t\t\t\t\t<ul data-path-to-node=\"9\"><li><p data-path-to-node=\"9,0,0\"><b data-path-to-node=\"9,0,0\" data-index-in-node=\"0\">Integrare cu \u201ePassPass\u201d:<\/b> Utilizatorii \u00ee\u0219i pot \u00eenc\u0103rca acum vehiculul electric cu cunoscutul abonament de mobilitate, folosit \u0219i pentru autobuz, tramvai \u0219i metrou \u00een nordul Fran\u021bei.<\/p><\/li><li><p data-path-to-node=\"9,1,0\"><b data-path-to-node=\"9,1,0\" data-index-in-node=\"0\">Utilizarea inteligent\u0103 a spa\u021biului:<\/b> Au fost ale\u0219i st\u00e2lpii de \u00eenc\u0103rcare distinctivi CityCharge, permi\u021b\u00e2nd \u00eembinarea perfect\u0103 a infrastructurii de \u00eenc\u0103rcare \u0219i a iluminatului stradal.<\/p><\/li><li><p data-path-to-node=\"9,2,0\"><b data-path-to-node=\"9,2,0\" data-index-in-node=\"0\">Parteneriat strategic:<\/b> Odat\u0103 cu aceast\u0103 deschidere, CityCharge ac\u021bioneaz\u0103 ca <i data-path-to-node=\"9,2,0\" data-index-in-node=\"66\">furnizor preferat<\/i> pentru peste 6.000 de municipalit\u0103\u021bi din regiune.<\/p><\/li><\/ul><blockquote data-path-to-node=\"10\"><p data-path-to-node=\"10,0\">Acest pas nu numai c\u0103 marcheaz\u0103 intrarea noastr\u0103 pe pia\u021ba francez\u0103, dar dovede\u0219te \u0219i c\u0103 solu\u021biile noastre integrate de \u00eenc\u0103rcare se aliniaz\u0103 perfect cu ambi\u021biile europene pentru mobilitate urban\u0103 inteligent\u0103.<\/p><\/blockquote>\t\t\t\t\t\t\t\t<\/div>\n\t\t\t\t<\/div>\n\t\t<div class=\"elementor-element elementor-element-b9ea699 e-con-full elementor-hidden-desktop elementor-hidden-tablet e-flex e-con e-child\" data-id=\"b9ea699\" data-element_type=\"container\" data-e-type=\"container\" data-settings=\"{&quot;background_background&quot;:&quot;classic&quot;}\">\n\t\t\t\t<\/div>\n\t\t\t\t<\/div>\n\t\t<div class=\"elementor-element elementor-element-60453a9 e-con-full elementor-hidden-tablet elementor-hidden-mobile e-flex e-con e-child\" data-id=\"60453a9\" data-element_type=\"container\" data-e-type=\"container\" data-settings=\"{&quot;background_background&quot;:&quot;classic&quot;}\">\n\t\t\t\t<\/div>\n\t\t\t\t\t<\/div>\n\t\t\t\t<\/div>\n\t\t<div class=\"elementor-element elementor-element-7b9b78c e-flex e-con-boxed e-con e-parent\" data-id=\"7b9b78c\" data-element_type=\"container\" data-e-type=\"container\" data-settings=\"{&quot;background_background&quot;:&quot;classic&quot;}\">\n\t\t\t\t\t<div class=\"e-con-inner\">\n\t\t<div class=\"elementor-element elementor-element-a7032f7 e-con-full e-flex e-con e-child\" data-id=\"a7032f7\" data-element_type=\"container\" data-e-type=\"container\" data-settings=\"{&quot;background_background&quot;:&quot;classic&quot;}\">\n\t\t<div class=\"elementor-element elementor-element-1ddb098 e-flex e-con-boxed e-con e-child\" data-id=\"1ddb098\" data-element_type=\"container\" data-e-type=\"container\">\n\t\t\t\t\t<div class=\"e-con-inner\">\n\t\t<div class=\"elementor-element elementor-element-e51556b e-flex e-con-boxed e-con e-child\" data-id=\"e51556b\" data-element_type=\"container\" data-e-type=\"container\">\n\t\t\t\t\t<div class=\"e-con-inner\">\n\t\t\t\t<div class=\"elementor-element elementor-element-f7d38c1 elementor-widget elementor-widget-heading\" data-id=\"f7d38c1\" data-element_type=\"widget\" data-e-type=\"widget\" data-widget_type=\"heading.default\">\n\t\t\t\t<div class=\"elementor-widget-container\">\n\t\t\t\t\t<p class=\"elementor-heading-title elementor-size-default\">\u201eCu CityCharge, \u00eenc\u0103rcarea este f\u0103r\u0103 efort \u0219i f\u0103r\u0103 griji. A\u0219a ar trebui s\u0103 fie.\u201d<\/p>\t\t\t\t<\/div>\n\t\t\t\t<\/div>\n\t\t\t\t\t<\/div>\n\t\t\t\t<\/div>\n\t\t\t\t\t<\/div>\n\t\t\t\t<\/div>\n\t\t\t\t<\/div>\n\t\t<div class=\"elementor-element elementor-element-e04f1fe e-con-full e-flex e-con e-child\" data-id=\"e04f1fe\" data-element_type=\"container\" data-e-type=\"container\">\n\t\t\t\t<div class=\"elementor-element elementor-element-f238dbc elementor-widget elementor-widget-heading\" data-id=\"f238dbc\" data-element_type=\"widget\" data-e-type=\"widget\" data-widget_type=\"heading.default\">\n\t\t\t\t<div class=\"elementor-widget-container\">\n\t\t\t\t\t<h2 class=\"elementor-heading-title elementor-size-default\">De asemenea, a\u021bi dori s\u0103 \u00eenc\u0103rca\u021bi f\u0103r\u0103 griji?<\/h2>\t\t\t\t<\/div>\n\t\t\t\t<\/div>\n\t\t\t\t<div class=\"elementor-element elementor-element-f22513c elementor-widget elementor-widget-text-editor\" data-id=\"f22513c\" data-element_type=\"widget\" data-e-type=\"widget\" data-widget_type=\"text-editor.default\">\n\t\t\t\t<div class=\"elementor-widget-container\">\n\t\t\t\t\t\t\t\t\t<p>E\u0219ti curios ce poate face CityCharge pentru municipalitatea sau proiectul t\u0103u?\nSuntem bucuro\u0219i s\u0103 v\u0103 spunem despre posibilit\u0103\u021bi.   <\/p>\t\t\t\t\t\t\t\t<\/div>\n\t\t\t\t<\/div>\n\t\t\t\t<div class=\"elementor-element elementor-element-870f390 elementor-widget elementor-widget-text-editor\" data-id=\"870f390\" data-element_type=\"widget\" data-e-type=\"widget\" data-widget_type=\"text-editor.default\">\n\t\t\t\t<div class=\"elementor-widget-container\">\n\t\t\t\t\t\t\t\t\t<p><strong>Contacta\u021bi unul dintre consilierii no\u0219tri.<\/strong><\/p>\t\t\t\t\t\t\t\t<\/div>\n\t\t\t\t<\/div>\n\t\t\t\t<div class=\"elementor-element elementor-element-7e81c61 elementor-mobile-align-left elementor-widget elementor-widget-button\" data-id=\"7e81c61\" data-element_type=\"widget\" data-e-type=\"widget\" data-widget_type=\"button.default\">\n\t\t\t\t<div class=\"elementor-widget-container\">\n\t\t\t\t\t\t\t\t\t<div class=\"elementor-button-wrapper\">\n\t\t\t\t\t<a class=\"elementor-button elementor-button-link elementor-size-sm\" href=\"#\">\n\t\t\t\t\t\t<span class=\"elementor-button-content-wrapper\">\n\t\t\t\t\t\t<span class=\"elementor-button-icon\">\n\t\t\t\t<svg aria-hidden=\"true\" class=\"e-font-icon-svg e-fas-phone-alt\" viewBox=\"0 0 512 512\" xmlns=\"http:\/\/www.w3.org\/2000\/svg\"><path d=\"M497.39 361.8l-112-48a24 24 0 0 0-28 6.9l-49.6 60.6A370.66 370.66 0 0 1 130.6 204.11l60.6-49.6a23.94 23.94 0 0 0 6.9-28l-48-112A24.16 24.16 0 0 0 122.6.61l-104 24A24 24 0 0 0 0 48c0 256.5 207.9 464 464 464a24 24 0 0 0 23.4-18.6l24-104a24.29 24.29 0 0 0-14.01-27.6z\"><\/path><\/svg>\t\t\t<\/span>\n\t\t\t\t\t\t\t\t\t<span class=\"elementor-button-text\">085-0716620<\/span>\n\t\t\t\t\t<\/span>\n\t\t\t\t\t<\/a>\n\t\t\t\t<\/div>\n\t\t\t\t\t\t\t\t<\/div>\n\t\t\t\t<\/div>\n\t\t\t\t<div class=\"elementor-element elementor-element-e7152c3 elementor-align-left animated-fast elementor-invisible elementor-widget elementor-widget-button\" data-id=\"e7152c3\" data-element_type=\"widget\" data-e-type=\"widget\" data-settings=\"{&quot;_animation&quot;:&quot;zoomIn&quot;}\" data-widget_type=\"button.default\">\n\t\t\t\t<div class=\"elementor-widget-container\">\n\t\t\t\t\t\t\t\t\t<div class=\"elementor-button-wrapper\">\n\t\t\t\t\t<a class=\"elementor-button elementor-button-link elementor-size-sm\" href=\"https:\/\/www.citycharge.eu\/ro\/contact\/\">\n\t\t\t\t\t\t<span class=\"elementor-button-content-wrapper\">\n\t\t\t\t\t\t\t\t\t<span class=\"elementor-button-text\">Contact<\/span>\n\t\t\t\t\t<\/span>\n\t\t\t\t\t<\/a>\n\t\t\t\t<\/div>\n\t\t\t\t\t\t\t\t<\/div>\n\t\t\t\t<\/div>\n\t\t\t\t<\/div>\n\t\t\t\t\t<\/div>\n\t\t\t\t<\/div>\n\t\t\t\t<\/div>\n\t\t","protected":false},"excerpt":{"rendered":"<p>Sta\u021bie de \u00eenc\u0103rcare \u00een Fran\u021ba Prima \u00een Fran\u021ba: CityCharge deschide prima sta\u021bie de \u00eenc\u0103rcare \u00een Beauvais CityCharge \u00ee\u0219i extinde prezen\u021ba interna\u021bional\u0103 \u00een Fran\u021ba. \u00cen colaborare cu regiunea Hauts-de-France \u0219i operatorul de re\u021bea SE60, prima sta\u021bie de \u00eenc\u0103rcare inovatoare a fost deschis\u0103 oficial pe 6 martie. Acest proiect deschide calea pentru o implementare la scar\u0103 larg\u0103 [&hellip;]<\/p>\n","protected":false},"author":2,"featured_media":0,"comment_status":"closed","ping_status":"closed","sticky":false,"template":"elementor_header_footer","format":"standard","meta":{"_acf_changed":false,"footnotes":""},"categories":[69],"tags":[],"class_list":["post-11716","post","type-post","status-publish","format-standard","hentry","category-cazuri"],"acf":[],"yoast_head":"<!-- This site is optimized with the Yoast SEO plugin v27.5 - https:\/\/yoast.com\/product\/yoast-seo-wordpress\/ -->\n<title>Sta\u021bie de \u00eenc\u0103rcare \u00een Fran\u021ba - CityCharge<\/title>\n<meta name=\"description\" content=\"\u00cen colaborare cu SE60, CityCharge deschide prima sa sta\u021bie de \u00eenc\u0103rcare din Fran\u021ba. \u00cenc\u0103rcare inteligent\u0103 prin intermediul st\u00e2lpilor de iluminat, acum conectat\u0103 \u0219i la PassPass.\" \/>\n<meta name=\"robots\" content=\"index, follow, max-snippet:-1, max-image-preview:large, max-video-preview:-1\" \/>\n<link rel=\"canonical\" href=\"https:\/\/www.citycharge.eu\/ro\/statie-de-incarcare-in-franta\/\" \/>\n<meta property=\"og:locale\" content=\"ro_RO\" \/>\n<meta property=\"og:type\" content=\"article\" \/>\n<meta property=\"og:title\" content=\"Sta\u021bie de \u00eenc\u0103rcare \u00een Fran\u021ba - CityCharge\" \/>\n<meta property=\"og:description\" content=\"\u00cen colaborare cu SE60, CityCharge deschide prima sa sta\u021bie de \u00eenc\u0103rcare din Fran\u021ba. \u00cenc\u0103rcare inteligent\u0103 prin intermediul st\u00e2lpilor de iluminat, acum conectat\u0103 \u0219i la PassPass.\" \/>\n<meta property=\"og:url\" content=\"https:\/\/www.citycharge.eu\/ro\/statie-de-incarcare-in-franta\/\" \/>\n<meta property=\"og:site_name\" content=\"CityCharge\" \/>\n<meta property=\"article:published_time\" content=\"2026-03-18T14:56:04+00:00\" \/>\n<meta property=\"article:modified_time\" content=\"2026-03-18T15:08:07+00:00\" \/>\n<meta name=\"author\" content=\"Danique\" \/>\n<meta name=\"twitter:card\" content=\"summary_large_image\" \/>\n<meta name=\"twitter:label1\" content=\"Scris de\" \/>\n\t<meta name=\"twitter:data1\" content=\"Danique\" \/>\n\t<meta name=\"twitter:label2\" content=\"Timp estimat pentru citire\" \/>\n\t<meta name=\"twitter:data2\" content=\"2 minute\" \/>\n<script type=\"application\/ld+json\" class=\"yoast-schema-graph\">{\"@context\":\"https:\\\/\\\/schema.org\",\"@graph\":[{\"@type\":\"Article\",\"@id\":\"https:\\\/\\\/www.citycharge.eu\\\/ro\\\/statie-de-incarcare-in-franta\\\/#article\",\"isPartOf\":{\"@id\":\"https:\\\/\\\/www.citycharge.eu\\\/ro\\\/statie-de-incarcare-in-franta\\\/\"},\"author\":{\"name\":\"Danique\",\"@id\":\"https:\\\/\\\/www.citycharge.eu\\\/ro\\\/#\\\/schema\\\/person\\\/139ed150cae75a3610198856265ef602\"},\"headline\":\"Sta\u021bie de \u00eenc\u0103rcare \u00een Fran\u021ba\",\"datePublished\":\"2026-03-18T14:56:04+00:00\",\"dateModified\":\"2026-03-18T15:08:07+00:00\",\"mainEntityOfPage\":{\"@id\":\"https:\\\/\\\/www.citycharge.eu\\\/ro\\\/statie-de-incarcare-in-franta\\\/\"},\"wordCount\":308,\"publisher\":{\"@id\":\"https:\\\/\\\/www.citycharge.eu\\\/ro\\\/#organization\"},\"articleSection\":[\"Cazuri\"],\"inLanguage\":\"ro-RO\"},{\"@type\":\"WebPage\",\"@id\":\"https:\\\/\\\/www.citycharge.eu\\\/ro\\\/statie-de-incarcare-in-franta\\\/\",\"url\":\"https:\\\/\\\/www.citycharge.eu\\\/ro\\\/statie-de-incarcare-in-franta\\\/\",\"name\":\"Sta\u021bie de \u00eenc\u0103rcare \u00een Fran\u021ba - CityCharge\",\"isPartOf\":{\"@id\":\"https:\\\/\\\/www.citycharge.eu\\\/ro\\\/#website\"},\"datePublished\":\"2026-03-18T14:56:04+00:00\",\"dateModified\":\"2026-03-18T15:08:07+00:00\",\"description\":\"\u00cen colaborare cu SE60, CityCharge deschide prima sa sta\u021bie de \u00eenc\u0103rcare din Fran\u021ba. \u00cenc\u0103rcare inteligent\u0103 prin intermediul st\u00e2lpilor de iluminat, acum conectat\u0103 \u0219i la PassPass.\",\"breadcrumb\":{\"@id\":\"https:\\\/\\\/www.citycharge.eu\\\/ro\\\/statie-de-incarcare-in-franta\\\/#breadcrumb\"},\"inLanguage\":\"ro-RO\",\"potentialAction\":[{\"@type\":\"ReadAction\",\"target\":[\"https:\\\/\\\/www.citycharge.eu\\\/ro\\\/statie-de-incarcare-in-franta\\\/\"]}]},{\"@type\":\"BreadcrumbList\",\"@id\":\"https:\\\/\\\/www.citycharge.eu\\\/ro\\\/statie-de-incarcare-in-franta\\\/#breadcrumb\",\"itemListElement\":[{\"@type\":\"ListItem\",\"position\":1,\"name\":\"Home\",\"item\":\"https:\\\/\\\/www.citycharge.eu\\\/ro\\\/\"},{\"@type\":\"ListItem\",\"position\":2,\"name\":\"Sta\u021bie de \u00eenc\u0103rcare \u00een Fran\u021ba\"}]},{\"@type\":\"WebSite\",\"@id\":\"https:\\\/\\\/www.citycharge.eu\\\/ro\\\/#website\",\"url\":\"https:\\\/\\\/www.citycharge.eu\\\/ro\\\/\",\"name\":\"CityCharge\",\"description\":\"Nieuw licht op laden\",\"publisher\":{\"@id\":\"https:\\\/\\\/www.citycharge.eu\\\/ro\\\/#organization\"},\"potentialAction\":[{\"@type\":\"SearchAction\",\"target\":{\"@type\":\"EntryPoint\",\"urlTemplate\":\"https:\\\/\\\/www.citycharge.eu\\\/ro\\\/?s={search_term_string}\"},\"query-input\":{\"@type\":\"PropertyValueSpecification\",\"valueRequired\":true,\"valueName\":\"search_term_string\"}}],\"inLanguage\":\"ro-RO\"},{\"@type\":\"Organization\",\"@id\":\"https:\\\/\\\/www.citycharge.eu\\\/ro\\\/#organization\",\"name\":\"CityCharge\",\"url\":\"https:\\\/\\\/www.citycharge.eu\\\/ro\\\/\",\"logo\":{\"@type\":\"ImageObject\",\"inLanguage\":\"ro-RO\",\"@id\":\"https:\\\/\\\/www.citycharge.eu\\\/ro\\\/#\\\/schema\\\/logo\\\/image\\\/\",\"url\":\"https:\\\/\\\/www.citycharge.eu\\\/wp-content\\\/uploads\\\/2024\\\/07\\\/Citycharge_payofff_white.svg\",\"contentUrl\":\"https:\\\/\\\/www.citycharge.eu\\\/wp-content\\\/uploads\\\/2024\\\/07\\\/Citycharge_payofff_white.svg\",\"width\":1920,\"height\":530,\"caption\":\"CityCharge\"},\"image\":{\"@id\":\"https:\\\/\\\/www.citycharge.eu\\\/ro\\\/#\\\/schema\\\/logo\\\/image\\\/\"}},{\"@type\":\"Person\",\"@id\":\"https:\\\/\\\/www.citycharge.eu\\\/ro\\\/#\\\/schema\\\/person\\\/139ed150cae75a3610198856265ef602\",\"name\":\"Danique\",\"image\":{\"@type\":\"ImageObject\",\"inLanguage\":\"ro-RO\",\"@id\":\"https:\\\/\\\/secure.gravatar.com\\\/avatar\\\/2f3292a2b91653394d5be1d0518dec168aeade35a36c003959a83a0e10a262fb?s=96&d=mm&r=g\",\"url\":\"https:\\\/\\\/secure.gravatar.com\\\/avatar\\\/2f3292a2b91653394d5be1d0518dec168aeade35a36c003959a83a0e10a262fb?s=96&d=mm&r=g\",\"contentUrl\":\"https:\\\/\\\/secure.gravatar.com\\\/avatar\\\/2f3292a2b91653394d5be1d0518dec168aeade35a36c003959a83a0e10a262fb?s=96&d=mm&r=g\",\"caption\":\"Danique\"},\"url\":\"https:\\\/\\\/www.citycharge.eu\\\/ro\\\/author\\\/danique\\\/\"}]}<\/script>\n<!-- \/ Yoast SEO plugin. -->","yoast_head_json":{"title":"Sta\u021bie de \u00eenc\u0103rcare \u00een Fran\u021ba - CityCharge","description":"\u00cen colaborare cu SE60, CityCharge deschide prima sa sta\u021bie de \u00eenc\u0103rcare din Fran\u021ba. \u00cenc\u0103rcare inteligent\u0103 prin intermediul st\u00e2lpilor de iluminat, acum conectat\u0103 \u0219i la PassPass.","robots":{"index":"index","follow":"follow","max-snippet":"max-snippet:-1","max-image-preview":"max-image-preview:large","max-video-preview":"max-video-preview:-1"},"canonical":"https:\/\/www.citycharge.eu\/ro\/statie-de-incarcare-in-franta\/","og_locale":"ro_RO","og_type":"article","og_title":"Sta\u021bie de \u00eenc\u0103rcare \u00een Fran\u021ba - CityCharge","og_description":"\u00cen colaborare cu SE60, CityCharge deschide prima sa sta\u021bie de \u00eenc\u0103rcare din Fran\u021ba. \u00cenc\u0103rcare inteligent\u0103 prin intermediul st\u00e2lpilor de iluminat, acum conectat\u0103 \u0219i la PassPass.","og_url":"https:\/\/www.citycharge.eu\/ro\/statie-de-incarcare-in-franta\/","og_site_name":"CityCharge","article_published_time":"2026-03-18T14:56:04+00:00","article_modified_time":"2026-03-18T15:08:07+00:00","author":"Danique","twitter_card":"summary_large_image","twitter_misc":{"Scris de":"Danique","Timp estimat pentru citire":"2 minute"},"schema":{"@context":"https:\/\/schema.org","@graph":[{"@type":"Article","@id":"https:\/\/www.citycharge.eu\/ro\/statie-de-incarcare-in-franta\/#article","isPartOf":{"@id":"https:\/\/www.citycharge.eu\/ro\/statie-de-incarcare-in-franta\/"},"author":{"name":"Danique","@id":"https:\/\/www.citycharge.eu\/ro\/#\/schema\/person\/139ed150cae75a3610198856265ef602"},"headline":"Sta\u021bie de \u00eenc\u0103rcare \u00een Fran\u021ba","datePublished":"2026-03-18T14:56:04+00:00","dateModified":"2026-03-18T15:08:07+00:00","mainEntityOfPage":{"@id":"https:\/\/www.citycharge.eu\/ro\/statie-de-incarcare-in-franta\/"},"wordCount":308,"publisher":{"@id":"https:\/\/www.citycharge.eu\/ro\/#organization"},"articleSection":["Cazuri"],"inLanguage":"ro-RO"},{"@type":"WebPage","@id":"https:\/\/www.citycharge.eu\/ro\/statie-de-incarcare-in-franta\/","url":"https:\/\/www.citycharge.eu\/ro\/statie-de-incarcare-in-franta\/","name":"Sta\u021bie de \u00eenc\u0103rcare \u00een Fran\u021ba - CityCharge","isPartOf":{"@id":"https:\/\/www.citycharge.eu\/ro\/#website"},"datePublished":"2026-03-18T14:56:04+00:00","dateModified":"2026-03-18T15:08:07+00:00","description":"\u00cen colaborare cu SE60, CityCharge deschide prima sa sta\u021bie de \u00eenc\u0103rcare din Fran\u021ba. \u00cenc\u0103rcare inteligent\u0103 prin intermediul st\u00e2lpilor de iluminat, acum conectat\u0103 \u0219i la PassPass.","breadcrumb":{"@id":"https:\/\/www.citycharge.eu\/ro\/statie-de-incarcare-in-franta\/#breadcrumb"},"inLanguage":"ro-RO","potentialAction":[{"@type":"ReadAction","target":["https:\/\/www.citycharge.eu\/ro\/statie-de-incarcare-in-franta\/"]}]},{"@type":"BreadcrumbList","@id":"https:\/\/www.citycharge.eu\/ro\/statie-de-incarcare-in-franta\/#breadcrumb","itemListElement":[{"@type":"ListItem","position":1,"name":"Home","item":"https:\/\/www.citycharge.eu\/ro\/"},{"@type":"ListItem","position":2,"name":"Sta\u021bie de \u00eenc\u0103rcare \u00een Fran\u021ba"}]},{"@type":"WebSite","@id":"https:\/\/www.citycharge.eu\/ro\/#website","url":"https:\/\/www.citycharge.eu\/ro\/","name":"CityCharge","description":"Nieuw licht op laden","publisher":{"@id":"https:\/\/www.citycharge.eu\/ro\/#organization"},"potentialAction":[{"@type":"SearchAction","target":{"@type":"EntryPoint","urlTemplate":"https:\/\/www.citycharge.eu\/ro\/?s={search_term_string}"},"query-input":{"@type":"PropertyValueSpecification","valueRequired":true,"valueName":"search_term_string"}}],"inLanguage":"ro-RO"},{"@type":"Organization","@id":"https:\/\/www.citycharge.eu\/ro\/#organization","name":"CityCharge","url":"https:\/\/www.citycharge.eu\/ro\/","logo":{"@type":"ImageObject","inLanguage":"ro-RO","@id":"https:\/\/www.citycharge.eu\/ro\/#\/schema\/logo\/image\/","url":"https:\/\/www.citycharge.eu\/wp-content\/uploads\/2024\/07\/Citycharge_payofff_white.svg","contentUrl":"https:\/\/www.citycharge.eu\/wp-content\/uploads\/2024\/07\/Citycharge_payofff_white.svg","width":1920,"height":530,"caption":"CityCharge"},"image":{"@id":"https:\/\/www.citycharge.eu\/ro\/#\/schema\/logo\/image\/"}},{"@type":"Person","@id":"https:\/\/www.citycharge.eu\/ro\/#\/schema\/person\/139ed150cae75a3610198856265ef602","name":"Danique","image":{"@type":"ImageObject","inLanguage":"ro-RO","@id":"https:\/\/secure.gravatar.com\/avatar\/2f3292a2b91653394d5be1d0518dec168aeade35a36c003959a83a0e10a262fb?s=96&d=mm&r=g","url":"https:\/\/secure.gravatar.com\/avatar\/2f3292a2b91653394d5be1d0518dec168aeade35a36c003959a83a0e10a262fb?s=96&d=mm&r=g","contentUrl":"https:\/\/secure.gravatar.com\/avatar\/2f3292a2b91653394d5be1d0518dec168aeade35a36c003959a83a0e10a262fb?s=96&d=mm&r=g","caption":"Danique"},"url":"https:\/\/www.citycharge.eu\/ro\/author\/danique\/"}]}},"_links":{"self":[{"href":"https:\/\/www.citycharge.eu\/ro\/wp-json\/wp\/v2\/posts\/11716","targetHints":{"allow":["GET"]}}],"collection":[{"href":"https:\/\/www.citycharge.eu\/ro\/wp-json\/wp\/v2\/posts"}],"about":[{"href":"https:\/\/www.citycharge.eu\/ro\/wp-json\/wp\/v2\/types\/post"}],"author":[{"embeddable":true,"href":"https:\/\/www.citycharge.eu\/ro\/wp-json\/wp\/v2\/users\/2"}],"replies":[{"embeddable":true,"href":"https:\/\/www.citycharge.eu\/ro\/wp-json\/wp\/v2\/comments?post=11716"}],"version-history":[{"count":1,"href":"https:\/\/www.citycharge.eu\/ro\/wp-json\/wp\/v2\/posts\/11716\/revisions"}],"predecessor-version":[{"id":11717,"href":"https:\/\/www.citycharge.eu\/ro\/wp-json\/wp\/v2\/posts\/11716\/revisions\/11717"}],"wp:attachment":[{"href":"https:\/\/www.citycharge.eu\/ro\/wp-json\/wp\/v2\/media?parent=11716"}],"wp:term":[{"taxonomy":"category","embeddable":true,"href":"https:\/\/www.citycharge.eu\/ro\/wp-json\/wp\/v2\/categories?post=11716"},{"taxonomy":"post_tag","embeddable":true,"href":"https:\/\/www.citycharge.eu\/ro\/wp-json\/wp\/v2\/tags?post=11716"}],"curies":[{"name":"wp","href":"https:\/\/api.w.org\/{rel}","templated":true}]}}