{"id":9380,"date":"2022-07-28T14:04:05","date_gmt":"2022-07-28T14:04:05","guid":{"rendered":"https:\/\/www.citycharge.eu\/stalpul-de-lumina-inteligent-este-acum-si-un-fapt-in-renkum\/"},"modified":"2022-07-28T14:04:05","modified_gmt":"2022-07-28T14:04:05","slug":"stalpul-de-lumina-inteligent-este-acum-si-un-fapt-in-renkum","status":"publish","type":"post","link":"https:\/\/www.citycharge.eu\/ro\/stalpul-de-lumina-inteligent-este-acum-si-un-fapt-in-renkum\/","title":{"rendered":"St\u00e2lpul de lumin\u0103 inteligent este acum \u0219i un fapt \u00een Renkum"},"content":{"rendered":"<div class=\"halfpage-ad-nodepage sticky-container\" data-sticky-container=\"\">\n<div class=\"sticky is-anchored is-at-top\" data-sticky=\"\" data-anchor=\"sticky-parent\" data-margin-top=\"7\" data-resize=\"i78ge7-sticky\" data-mutate=\"i78ge7-sticky\" data-i=\"536yve-i\" data-events=\"resize\">\n<div id=\"dfp-halfpage1\" data-google-query-id=\"CMuj1JP6-PECFZC43godwRcBbA\">\n<div id=\"google_ads_iframe_\/21730500021\/rtl-nieuws\/web\/detail_4__container__\">\n<p><strong><img fetchpriority=\"high\" decoding=\"async\" class=\" wp-image-5550 alignright\" src=\"http:\/\/www.citycharge.eu\/wp-content\/uploads\/2022\/07\/slimme-laadtaarn-renkum-169x300.jpg\" alt=\"\" width=\"202\" height=\"358\">\u00cen Renkum vor fi instalate dou\u0103sprezece felinare speciale. \u0218i cu siguran\u021b\u0103 sunt speciali: sunt singurii st\u00e2lpi de lumin\u0103 multifunc\u021bionali veritabili cu punct de \u00eenc\u0103rcare EV de la CityCharge! Pe l\u00e2ng\u0103 faptul c\u0103 ofer\u0103 lumin\u0103, felinarele func\u021bioneaz\u0103 \u0219i ca sta\u021bii de \u00eenc\u0103rcare pentru ma\u0219inile electrice. \u00cen viitor, ei pot chiar m\u0103sura calitatea aerului \u0219i pot regla fluxurile de trafic. \u00cempreun\u0103 cu operatorul de re\u021bea Liander, lucr\u0103m la un pilot \u00een care test\u0103m dou\u0103 configura\u021bii: mai mul\u021bi st\u00e2lpi de lumin\u0103 conecta\u021bi \u00een spatele unei singure conexiuni la re\u021bea \u0219i un st\u00e2lp de lumin\u0103 de \u00eenc\u0103rcare pentru care am realizat o conexiune \u0219i un contor integrat la re\u021beaua electric\u0103.      <\/strong><\/p>\n<p>Combina\u021bia dintre un st\u00e2lp de lamp\u0103 \u0219i o sta\u021bie de \u00eenc\u0103rcare nu este nou\u0103. Execu\u021bia, pe de alt\u0103 parte, o face. Acolo unde st\u00e2lpii de lumin\u0103 aveau anterior o cutie \u00een apropiere care con\u021binea unele dintre componentele tehnice, acum au fost dezvoltate o conexiune integrat\u0103 \u0219i un contor care se potrive\u0219te exact \u00een st\u00e2lpul de lumin\u0103. Deoarece conexiunea este ascuns\u0103 invizibil \u00een st\u00e2lp, nu este nevoie de spa\u021biu suplimentar nici subteran, nici deasupra solului. Acest lucru previne aglomerarea spa\u021biului public \u0219i asta ne propunem. Cu acest pilot \u00een Renkum, efectu\u0103m cercet\u0103ri pentru a combina func\u021bii multiple \u00eentr-un singur obiect cu dou\u0103 configura\u021bii diferite. Utiliz\u00e2nd inteligent o sta\u021bie de \u00eenc\u0103rcare integrat\u0103 \u00eentr-un st\u00e2lp de lumin\u0103, ne putem desf\u0103\u0219ura munca mai eficient. \u00cen acest fel, este necesar\u0103 o singur\u0103 conexiune la re\u021beaua electric\u0103. Acest lucru \u00eenseamn\u0103 mai pu\u021bin\u0103 munc\u0103 pentru tehnicieni, mai pu\u021bin\u0103 utilizare a materialelor \u0219i mai pu\u021bin spa\u021biu necesar. Mari evolu\u021bii \u00een ceea ce ne prive\u0219te!    <\/p>\n<p><img decoding=\"async\" class=\"alignnone wp-image-6603 size-full\" src=\"http:\/\/www.citycharge.eu\/wp-content\/uploads\/2022\/07\/2ccd4910-f6b2-40e9-85f7-c86e2df436dc.jpeg\" alt=\"\" width=\"296\" height=\"640\" srcset=\"https:\/\/www.citycharge.eu\/wp-content\/uploads\/2022\/07\/2ccd4910-f6b2-40e9-85f7-c86e2df436dc.jpeg 296w, https:\/\/www.citycharge.eu\/wp-content\/uploads\/2022\/07\/2ccd4910-f6b2-40e9-85f7-c86e2df436dc-139x300.jpeg 139w\" sizes=\"(max-width: 296px) 100vw, 296px\" \/><\/p>\n<\/div>\n<p>Citi\u021bi articolul integral <a href=\"https:\/\/www.rijnenveluwe.nl\/lokaal\/overig\/838579\/renkum-heeft-nederlandse-primeur-met-laadlantaarnpaal#:~:text=Gemeente%20Renkum%20heeft%20de%20afgelopen,omdat%20ze%20meerdere%20functies%20hebben.\" target=\"_blank\" rel=\"noopener\">aici<\/a> .<\/p>\n<\/div>\n<\/div>\n<\/div>\n","protected":false},"excerpt":{"rendered":"<p>\u00cen Renkum vor fi instalate dou\u0103sprezece felinare speciale. \u0218i cu siguran\u021b\u0103 sunt speciali: sunt singurii st\u00e2lpi de lumin\u0103 multifunc\u021bionali veritabili cu punct de \u00eenc\u0103rcare EV de la CityCharge! Pe l\u00e2ng\u0103 faptul c\u0103 ofer\u0103 lumin\u0103, felinarele func\u021bioneaz\u0103 \u0219i ca sta\u021bii de \u00eenc\u0103rcare pentru ma\u0219inile electrice. \u00cen viitor, ei pot chiar m\u0103sura calitatea aerului \u0219i pot regla [&hellip;]<\/p>\n","protected":false},"author":1,"featured_media":8195,"comment_status":"closed","ping_status":"closed","sticky":false,"template":"","format":"standard","meta":{"_acf_changed":false,"footnotes":""},"categories":[58],"tags":[],"class_list":["post-9380","post","type-post","status-publish","format-standard","has-post-thumbnail","hentry","category-stiri"],"acf":[],"yoast_head":"<!-- This site is optimized with the Yoast SEO plugin v27.5 - https:\/\/yoast.com\/product\/yoast-seo-wordpress\/ -->\n<title>St\u00e2lpul de lumin\u0103 inteligent este acum \u0219i un fapt \u00een Renkum - CityCharge<\/title>\n<meta name=\"description\" content=\"\u00cen Renkum vor fi instalate dou\u0103sprezece coloane inteligente de iluminat CityCharge. Acestea nu numai c\u0103 ofer\u0103 lumin\u0103, ci func\u021bioneaz\u0103 \u0219i ca sta\u021bie de \u00eenc\u0103rcare pentru ma\u0219inile electrice.\" \/>\n<meta name=\"robots\" content=\"index, follow, max-snippet:-1, max-image-preview:large, max-video-preview:-1\" \/>\n<link rel=\"canonical\" href=\"https:\/\/www.citycharge.eu\/ro\/stalpul-de-lumina-inteligent-este-acum-si-un-fapt-in-renkum\/\" \/>\n<meta property=\"og:locale\" content=\"ro_RO\" \/>\n<meta property=\"og:type\" content=\"article\" \/>\n<meta property=\"og:title\" content=\"St\u00e2lpul de lumin\u0103 inteligent este acum \u0219i un fapt \u00een Renkum - CityCharge\" \/>\n<meta property=\"og:description\" content=\"\u00cen Renkum vor fi instalate dou\u0103sprezece coloane inteligente de iluminat CityCharge. Acestea nu numai c\u0103 ofer\u0103 lumin\u0103, ci func\u021bioneaz\u0103 \u0219i ca sta\u021bie de \u00eenc\u0103rcare pentru ma\u0219inile electrice.\" \/>\n<meta property=\"og:url\" content=\"https:\/\/www.citycharge.eu\/ro\/stalpul-de-lumina-inteligent-este-acum-si-un-fapt-in-renkum\/\" \/>\n<meta property=\"og:site_name\" content=\"CityCharge\" \/>\n<meta property=\"article:published_time\" content=\"2022-07-28T14:04:05+00:00\" \/>\n<meta property=\"og:image\" content=\"https:\/\/www.citycharge.eu\/wp-content\/uploads\/2022\/07\/slimme-lichtmasten-in-renkum-scaled-1.jpg\" \/>\n\t<meta property=\"og:image:width\" content=\"2560\" \/>\n\t<meta property=\"og:image:height\" content=\"1251\" \/>\n\t<meta property=\"og:image:type\" content=\"image\/jpeg\" \/>\n<meta name=\"author\" content=\"admin\" \/>\n<meta name=\"twitter:card\" content=\"summary_large_image\" \/>\n<meta name=\"twitter:label1\" content=\"Scris de\" \/>\n\t<meta name=\"twitter:data1\" content=\"admin\" \/>\n\t<meta name=\"twitter:label2\" content=\"Timp estimat pentru citire\" \/>\n\t<meta name=\"twitter:data2\" content=\"2 minute\" \/>\n<script type=\"application\/ld+json\" class=\"yoast-schema-graph\">{\"@context\":\"https:\\\/\\\/schema.org\",\"@graph\":[{\"@type\":\"Article\",\"@id\":\"https:\\\/\\\/www.citycharge.eu\\\/ro\\\/stalpul-de-lumina-inteligent-este-acum-si-un-fapt-in-renkum\\\/#article\",\"isPartOf\":{\"@id\":\"https:\\\/\\\/www.citycharge.eu\\\/ro\\\/stalpul-de-lumina-inteligent-este-acum-si-un-fapt-in-renkum\\\/\"},\"author\":{\"name\":\"admin\",\"@id\":\"https:\\\/\\\/www.citycharge.eu\\\/ro\\\/#\\\/schema\\\/person\\\/0a798ff10afa77f3d0c65789b5d62f17\"},\"headline\":\"St\u00e2lpul de lumin\u0103 inteligent este acum \u0219i un fapt \u00een Renkum\",\"datePublished\":\"2022-07-28T14:04:05+00:00\",\"mainEntityOfPage\":{\"@id\":\"https:\\\/\\\/www.citycharge.eu\\\/ro\\\/stalpul-de-lumina-inteligent-este-acum-si-un-fapt-in-renkum\\\/\"},\"wordCount\":328,\"publisher\":{\"@id\":\"https:\\\/\\\/www.citycharge.eu\\\/ro\\\/#organization\"},\"image\":{\"@id\":\"https:\\\/\\\/www.citycharge.eu\\\/ro\\\/stalpul-de-lumina-inteligent-este-acum-si-un-fapt-in-renkum\\\/#primaryimage\"},\"thumbnailUrl\":\"https:\\\/\\\/www.citycharge.eu\\\/wp-content\\\/uploads\\\/2022\\\/07\\\/slimme-lichtmasten-in-renkum-scaled-1.jpg\",\"articleSection\":[\"\u015etiri\"],\"inLanguage\":\"ro-RO\"},{\"@type\":\"WebPage\",\"@id\":\"https:\\\/\\\/www.citycharge.eu\\\/ro\\\/stalpul-de-lumina-inteligent-este-acum-si-un-fapt-in-renkum\\\/\",\"url\":\"https:\\\/\\\/www.citycharge.eu\\\/ro\\\/stalpul-de-lumina-inteligent-este-acum-si-un-fapt-in-renkum\\\/\",\"name\":\"St\u00e2lpul de lumin\u0103 inteligent este acum \u0219i un fapt \u00een Renkum - CityCharge\",\"isPartOf\":{\"@id\":\"https:\\\/\\\/www.citycharge.eu\\\/ro\\\/#website\"},\"primaryImageOfPage\":{\"@id\":\"https:\\\/\\\/www.citycharge.eu\\\/ro\\\/stalpul-de-lumina-inteligent-este-acum-si-un-fapt-in-renkum\\\/#primaryimage\"},\"image\":{\"@id\":\"https:\\\/\\\/www.citycharge.eu\\\/ro\\\/stalpul-de-lumina-inteligent-este-acum-si-un-fapt-in-renkum\\\/#primaryimage\"},\"thumbnailUrl\":\"https:\\\/\\\/www.citycharge.eu\\\/wp-content\\\/uploads\\\/2022\\\/07\\\/slimme-lichtmasten-in-renkum-scaled-1.jpg\",\"datePublished\":\"2022-07-28T14:04:05+00:00\",\"description\":\"\u00cen Renkum vor fi instalate dou\u0103sprezece coloane inteligente de iluminat CityCharge. Acestea nu numai c\u0103 ofer\u0103 lumin\u0103, ci func\u021bioneaz\u0103 \u0219i ca sta\u021bie de \u00eenc\u0103rcare pentru ma\u0219inile electrice.\",\"breadcrumb\":{\"@id\":\"https:\\\/\\\/www.citycharge.eu\\\/ro\\\/stalpul-de-lumina-inteligent-este-acum-si-un-fapt-in-renkum\\\/#breadcrumb\"},\"inLanguage\":\"ro-RO\",\"potentialAction\":[{\"@type\":\"ReadAction\",\"target\":[\"https:\\\/\\\/www.citycharge.eu\\\/ro\\\/stalpul-de-lumina-inteligent-este-acum-si-un-fapt-in-renkum\\\/\"]}]},{\"@type\":\"ImageObject\",\"inLanguage\":\"ro-RO\",\"@id\":\"https:\\\/\\\/www.citycharge.eu\\\/ro\\\/stalpul-de-lumina-inteligent-este-acum-si-un-fapt-in-renkum\\\/#primaryimage\",\"url\":\"https:\\\/\\\/www.citycharge.eu\\\/wp-content\\\/uploads\\\/2022\\\/07\\\/slimme-lichtmasten-in-renkum-scaled-1.jpg\",\"contentUrl\":\"https:\\\/\\\/www.citycharge.eu\\\/wp-content\\\/uploads\\\/2022\\\/07\\\/slimme-lichtmasten-in-renkum-scaled-1.jpg\",\"width\":2560,\"height\":1251},{\"@type\":\"BreadcrumbList\",\"@id\":\"https:\\\/\\\/www.citycharge.eu\\\/ro\\\/stalpul-de-lumina-inteligent-este-acum-si-un-fapt-in-renkum\\\/#breadcrumb\",\"itemListElement\":[{\"@type\":\"ListItem\",\"position\":1,\"name\":\"Home\",\"item\":\"https:\\\/\\\/www.citycharge.eu\\\/ro\\\/\"},{\"@type\":\"ListItem\",\"position\":2,\"name\":\"St\u00e2lpul de lumin\u0103 inteligent este acum \u0219i un fapt \u00een Renkum\"}]},{\"@type\":\"WebSite\",\"@id\":\"https:\\\/\\\/www.citycharge.eu\\\/ro\\\/#website\",\"url\":\"https:\\\/\\\/www.citycharge.eu\\\/ro\\\/\",\"name\":\"CityCharge\",\"description\":\"Nieuw licht op laden\",\"publisher\":{\"@id\":\"https:\\\/\\\/www.citycharge.eu\\\/ro\\\/#organization\"},\"potentialAction\":[{\"@type\":\"SearchAction\",\"target\":{\"@type\":\"EntryPoint\",\"urlTemplate\":\"https:\\\/\\\/www.citycharge.eu\\\/ro\\\/?s={search_term_string}\"},\"query-input\":{\"@type\":\"PropertyValueSpecification\",\"valueRequired\":true,\"valueName\":\"search_term_string\"}}],\"inLanguage\":\"ro-RO\"},{\"@type\":\"Organization\",\"@id\":\"https:\\\/\\\/www.citycharge.eu\\\/ro\\\/#organization\",\"name\":\"CityCharge\",\"url\":\"https:\\\/\\\/www.citycharge.eu\\\/ro\\\/\",\"logo\":{\"@type\":\"ImageObject\",\"inLanguage\":\"ro-RO\",\"@id\":\"https:\\\/\\\/www.citycharge.eu\\\/ro\\\/#\\\/schema\\\/logo\\\/image\\\/\",\"url\":\"https:\\\/\\\/www.citycharge.eu\\\/wp-content\\\/uploads\\\/2024\\\/07\\\/Citycharge_payofff_white.svg\",\"contentUrl\":\"https:\\\/\\\/www.citycharge.eu\\\/wp-content\\\/uploads\\\/2024\\\/07\\\/Citycharge_payofff_white.svg\",\"width\":1920,\"height\":530,\"caption\":\"CityCharge\"},\"image\":{\"@id\":\"https:\\\/\\\/www.citycharge.eu\\\/ro\\\/#\\\/schema\\\/logo\\\/image\\\/\"}},{\"@type\":\"Person\",\"@id\":\"https:\\\/\\\/www.citycharge.eu\\\/ro\\\/#\\\/schema\\\/person\\\/0a798ff10afa77f3d0c65789b5d62f17\",\"name\":\"admin\",\"image\":{\"@type\":\"ImageObject\",\"inLanguage\":\"ro-RO\",\"@id\":\"https:\\\/\\\/secure.gravatar.com\\\/avatar\\\/b382f2b0baf85cf8d841621555daa4ae2420c7929b964e5ca4e287310b061056?s=96&d=mm&r=g\",\"url\":\"https:\\\/\\\/secure.gravatar.com\\\/avatar\\\/b382f2b0baf85cf8d841621555daa4ae2420c7929b964e5ca4e287310b061056?s=96&d=mm&r=g\",\"contentUrl\":\"https:\\\/\\\/secure.gravatar.com\\\/avatar\\\/b382f2b0baf85cf8d841621555daa4ae2420c7929b964e5ca4e287310b061056?s=96&d=mm&r=g\",\"caption\":\"admin\"},\"sameAs\":[\"http:\\\/\\\/www.citycharge.eu\"],\"url\":\"https:\\\/\\\/www.citycharge.eu\\\/ro\\\/author\\\/admin\\\/\"}]}<\/script>\n<!-- \/ Yoast SEO plugin. -->","yoast_head_json":{"title":"St\u00e2lpul de lumin\u0103 inteligent este acum \u0219i un fapt \u00een Renkum - CityCharge","description":"\u00cen Renkum vor fi instalate dou\u0103sprezece coloane inteligente de iluminat CityCharge. Acestea nu numai c\u0103 ofer\u0103 lumin\u0103, ci func\u021bioneaz\u0103 \u0219i ca sta\u021bie de \u00eenc\u0103rcare pentru ma\u0219inile electrice.","robots":{"index":"index","follow":"follow","max-snippet":"max-snippet:-1","max-image-preview":"max-image-preview:large","max-video-preview":"max-video-preview:-1"},"canonical":"https:\/\/www.citycharge.eu\/ro\/stalpul-de-lumina-inteligent-este-acum-si-un-fapt-in-renkum\/","og_locale":"ro_RO","og_type":"article","og_title":"St\u00e2lpul de lumin\u0103 inteligent este acum \u0219i un fapt \u00een Renkum - CityCharge","og_description":"\u00cen Renkum vor fi instalate dou\u0103sprezece coloane inteligente de iluminat CityCharge. Acestea nu numai c\u0103 ofer\u0103 lumin\u0103, ci func\u021bioneaz\u0103 \u0219i ca sta\u021bie de \u00eenc\u0103rcare pentru ma\u0219inile electrice.","og_url":"https:\/\/www.citycharge.eu\/ro\/stalpul-de-lumina-inteligent-este-acum-si-un-fapt-in-renkum\/","og_site_name":"CityCharge","article_published_time":"2022-07-28T14:04:05+00:00","og_image":[{"width":2560,"height":1251,"url":"https:\/\/www.citycharge.eu\/wp-content\/uploads\/2022\/07\/slimme-lichtmasten-in-renkum-scaled-1.jpg","type":"image\/jpeg"}],"author":"admin","twitter_card":"summary_large_image","twitter_misc":{"Scris de":"admin","Timp estimat pentru citire":"2 minute"},"schema":{"@context":"https:\/\/schema.org","@graph":[{"@type":"Article","@id":"https:\/\/www.citycharge.eu\/ro\/stalpul-de-lumina-inteligent-este-acum-si-un-fapt-in-renkum\/#article","isPartOf":{"@id":"https:\/\/www.citycharge.eu\/ro\/stalpul-de-lumina-inteligent-este-acum-si-un-fapt-in-renkum\/"},"author":{"name":"admin","@id":"https:\/\/www.citycharge.eu\/ro\/#\/schema\/person\/0a798ff10afa77f3d0c65789b5d62f17"},"headline":"St\u00e2lpul de lumin\u0103 inteligent este acum \u0219i un fapt \u00een Renkum","datePublished":"2022-07-28T14:04:05+00:00","mainEntityOfPage":{"@id":"https:\/\/www.citycharge.eu\/ro\/stalpul-de-lumina-inteligent-este-acum-si-un-fapt-in-renkum\/"},"wordCount":328,"publisher":{"@id":"https:\/\/www.citycharge.eu\/ro\/#organization"},"image":{"@id":"https:\/\/www.citycharge.eu\/ro\/stalpul-de-lumina-inteligent-este-acum-si-un-fapt-in-renkum\/#primaryimage"},"thumbnailUrl":"https:\/\/www.citycharge.eu\/wp-content\/uploads\/2022\/07\/slimme-lichtmasten-in-renkum-scaled-1.jpg","articleSection":["\u015etiri"],"inLanguage":"ro-RO"},{"@type":"WebPage","@id":"https:\/\/www.citycharge.eu\/ro\/stalpul-de-lumina-inteligent-este-acum-si-un-fapt-in-renkum\/","url":"https:\/\/www.citycharge.eu\/ro\/stalpul-de-lumina-inteligent-este-acum-si-un-fapt-in-renkum\/","name":"St\u00e2lpul de lumin\u0103 inteligent este acum \u0219i un fapt \u00een Renkum - CityCharge","isPartOf":{"@id":"https:\/\/www.citycharge.eu\/ro\/#website"},"primaryImageOfPage":{"@id":"https:\/\/www.citycharge.eu\/ro\/stalpul-de-lumina-inteligent-este-acum-si-un-fapt-in-renkum\/#primaryimage"},"image":{"@id":"https:\/\/www.citycharge.eu\/ro\/stalpul-de-lumina-inteligent-este-acum-si-un-fapt-in-renkum\/#primaryimage"},"thumbnailUrl":"https:\/\/www.citycharge.eu\/wp-content\/uploads\/2022\/07\/slimme-lichtmasten-in-renkum-scaled-1.jpg","datePublished":"2022-07-28T14:04:05+00:00","description":"\u00cen Renkum vor fi instalate dou\u0103sprezece coloane inteligente de iluminat CityCharge. Acestea nu numai c\u0103 ofer\u0103 lumin\u0103, ci func\u021bioneaz\u0103 \u0219i ca sta\u021bie de \u00eenc\u0103rcare pentru ma\u0219inile electrice.","breadcrumb":{"@id":"https:\/\/www.citycharge.eu\/ro\/stalpul-de-lumina-inteligent-este-acum-si-un-fapt-in-renkum\/#breadcrumb"},"inLanguage":"ro-RO","potentialAction":[{"@type":"ReadAction","target":["https:\/\/www.citycharge.eu\/ro\/stalpul-de-lumina-inteligent-este-acum-si-un-fapt-in-renkum\/"]}]},{"@type":"ImageObject","inLanguage":"ro-RO","@id":"https:\/\/www.citycharge.eu\/ro\/stalpul-de-lumina-inteligent-este-acum-si-un-fapt-in-renkum\/#primaryimage","url":"https:\/\/www.citycharge.eu\/wp-content\/uploads\/2022\/07\/slimme-lichtmasten-in-renkum-scaled-1.jpg","contentUrl":"https:\/\/www.citycharge.eu\/wp-content\/uploads\/2022\/07\/slimme-lichtmasten-in-renkum-scaled-1.jpg","width":2560,"height":1251},{"@type":"BreadcrumbList","@id":"https:\/\/www.citycharge.eu\/ro\/stalpul-de-lumina-inteligent-este-acum-si-un-fapt-in-renkum\/#breadcrumb","itemListElement":[{"@type":"ListItem","position":1,"name":"Home","item":"https:\/\/www.citycharge.eu\/ro\/"},{"@type":"ListItem","position":2,"name":"St\u00e2lpul de lumin\u0103 inteligent este acum \u0219i un fapt \u00een Renkum"}]},{"@type":"WebSite","@id":"https:\/\/www.citycharge.eu\/ro\/#website","url":"https:\/\/www.citycharge.eu\/ro\/","name":"CityCharge","description":"Nieuw licht op laden","publisher":{"@id":"https:\/\/www.citycharge.eu\/ro\/#organization"},"potentialAction":[{"@type":"SearchAction","target":{"@type":"EntryPoint","urlTemplate":"https:\/\/www.citycharge.eu\/ro\/?s={search_term_string}"},"query-input":{"@type":"PropertyValueSpecification","valueRequired":true,"valueName":"search_term_string"}}],"inLanguage":"ro-RO"},{"@type":"Organization","@id":"https:\/\/www.citycharge.eu\/ro\/#organization","name":"CityCharge","url":"https:\/\/www.citycharge.eu\/ro\/","logo":{"@type":"ImageObject","inLanguage":"ro-RO","@id":"https:\/\/www.citycharge.eu\/ro\/#\/schema\/logo\/image\/","url":"https:\/\/www.citycharge.eu\/wp-content\/uploads\/2024\/07\/Citycharge_payofff_white.svg","contentUrl":"https:\/\/www.citycharge.eu\/wp-content\/uploads\/2024\/07\/Citycharge_payofff_white.svg","width":1920,"height":530,"caption":"CityCharge"},"image":{"@id":"https:\/\/www.citycharge.eu\/ro\/#\/schema\/logo\/image\/"}},{"@type":"Person","@id":"https:\/\/www.citycharge.eu\/ro\/#\/schema\/person\/0a798ff10afa77f3d0c65789b5d62f17","name":"admin","image":{"@type":"ImageObject","inLanguage":"ro-RO","@id":"https:\/\/secure.gravatar.com\/avatar\/b382f2b0baf85cf8d841621555daa4ae2420c7929b964e5ca4e287310b061056?s=96&d=mm&r=g","url":"https:\/\/secure.gravatar.com\/avatar\/b382f2b0baf85cf8d841621555daa4ae2420c7929b964e5ca4e287310b061056?s=96&d=mm&r=g","contentUrl":"https:\/\/secure.gravatar.com\/avatar\/b382f2b0baf85cf8d841621555daa4ae2420c7929b964e5ca4e287310b061056?s=96&d=mm&r=g","caption":"admin"},"sameAs":["http:\/\/www.citycharge.eu"],"url":"https:\/\/www.citycharge.eu\/ro\/author\/admin\/"}]}},"_links":{"self":[{"href":"https:\/\/www.citycharge.eu\/ro\/wp-json\/wp\/v2\/posts\/9380","targetHints":{"allow":["GET"]}}],"collection":[{"href":"https:\/\/www.citycharge.eu\/ro\/wp-json\/wp\/v2\/posts"}],"about":[{"href":"https:\/\/www.citycharge.eu\/ro\/wp-json\/wp\/v2\/types\/post"}],"author":[{"embeddable":true,"href":"https:\/\/www.citycharge.eu\/ro\/wp-json\/wp\/v2\/users\/1"}],"replies":[{"embeddable":true,"href":"https:\/\/www.citycharge.eu\/ro\/wp-json\/wp\/v2\/comments?post=9380"}],"version-history":[{"count":0,"href":"https:\/\/www.citycharge.eu\/ro\/wp-json\/wp\/v2\/posts\/9380\/revisions"}],"wp:featuredmedia":[{"embeddable":true,"href":"https:\/\/www.citycharge.eu\/ro\/wp-json\/wp\/v2\/media\/8195"}],"wp:attachment":[{"href":"https:\/\/www.citycharge.eu\/ro\/wp-json\/wp\/v2\/media?parent=9380"}],"wp:term":[{"taxonomy":"category","embeddable":true,"href":"https:\/\/www.citycharge.eu\/ro\/wp-json\/wp\/v2\/categories?post=9380"},{"taxonomy":"post_tag","embeddable":true,"href":"https:\/\/www.citycharge.eu\/ro\/wp-json\/wp\/v2\/tags?post=9380"}],"curies":[{"name":"wp","href":"https:\/\/api.w.org\/{rel}","templated":true}]}}