{"id":9409,"date":"2024-06-20T19:56:00","date_gmt":"2024-06-20T19:56:00","guid":{"rendered":"https:\/\/www.citycharge.eu\/municipiul-renkum\/"},"modified":"2024-12-24T07:45:36","modified_gmt":"2024-12-24T07:45:36","slug":"municipiul-renkum","status":"publish","type":"post","link":"https:\/\/www.citycharge.eu\/ro\/municipiul-renkum\/","title":{"rendered":"Municipiul Renkum"},"content":{"rendered":"\t\t<div data-elementor-type=\"wp-post\" data-elementor-id=\"9409\" class=\"elementor elementor-9409 elementor-313\" data-elementor-post-type=\"post\">\n\t\t\t\t<div class=\"elementor-element elementor-element-8960bec e-flex e-con-boxed e-con e-parent\" data-id=\"8960bec\" data-element_type=\"container\" data-e-type=\"container\" data-settings=\"{&quot;background_background&quot;:&quot;classic&quot;}\">\n\t\t\t\t\t<div class=\"e-con-inner\">\n\t\t\t\t<div class=\"elementor-element elementor-element-1b1513c elementor-widget elementor-widget-heading\" data-id=\"1b1513c\" data-element_type=\"widget\" data-e-type=\"widget\" data-widget_type=\"heading.default\">\n\t\t\t\t<div class=\"elementor-widget-container\">\n\t\t\t\t\t<h1 class=\"elementor-heading-title elementor-size-default\">Municipiul Renkum<\/h1>\t\t\t\t<\/div>\n\t\t\t\t<\/div>\n\t\t\t\t\t<\/div>\n\t\t\t\t<\/div>\n\t\t<div class=\"elementor-element elementor-element-e98a54e e-flex e-con-boxed e-con e-parent\" data-id=\"e98a54e\" data-element_type=\"container\" data-e-type=\"container\" data-settings=\"{&quot;background_background&quot;:&quot;classic&quot;}\">\n\t\t\t\t\t<div class=\"e-con-inner\">\n\t\t<div class=\"elementor-element elementor-element-8df9310 e-con-full e-flex e-con e-child\" data-id=\"8df9310\" data-element_type=\"container\" data-e-type=\"container\" data-settings=\"{&quot;background_background&quot;:&quot;classic&quot;}\">\n\t\t\t\t<\/div>\n\t\t<div class=\"elementor-element elementor-element-4251ba8 e-con-full e-flex e-con e-child\" data-id=\"4251ba8\" data-element_type=\"container\" data-e-type=\"container\">\n\t\t\t\t<div class=\"elementor-element elementor-element-051fab9 elementor-widget elementor-widget-heading\" data-id=\"051fab9\" data-element_type=\"widget\" data-e-type=\"widget\" data-widget_type=\"heading.default\">\n\t\t\t\t<div class=\"elementor-widget-container\">\n\t\t\t\t\t<h2 class=\"elementor-heading-title elementor-size-default\">Municipiul Renkum<\/h2>\t\t\t\t<\/div>\n\t\t\t\t<\/div>\n\t\t\t\t<div class=\"elementor-element elementor-element-ec87575 elementor-widget elementor-widget-text-editor\" data-id=\"ec87575\" data-element_type=\"widget\" data-e-type=\"widget\" data-widget_type=\"text-editor.default\">\n\t\t\t\t<div class=\"elementor-widget-container\">\n\t\t\t\t\t\t\t\t\t<p>\u00cen 2019, municipalitatea din Renkum a semnat o a\u0219a-numit\u0103 concesiune pe 20 de ani at\u00e2t pentru sustenabilitatea iluminatului public (6.300 de st\u00e2lpi de iluminat), c\u00e2t \u0219i pentru \u201emai inteligent\u201d loca\u021biile sale de iluminat public. Pe baza unei analize externe, a fost \u00eentocmit un plan de lansare pentru 200 de st\u00e2lpi de \u00eenc\u0103rcare CityCharge EV, reprezent\u00e2nd \u00eempreun\u0103 400 de puncte de \u00eenc\u0103rcare pentru ma\u0219ini electrice \u00een cele \u0219ase centre sate care se \u00eencadreaz\u0103 \u00een municipalitatea Renkum (Doorwerth, Heelsum, Heveadorp, Oosterbeek). , Renkum \u0219i Wolfheze).   <\/p>\n\t\t\t\t\t\t\t\t<\/div>\n\t\t\t\t<\/div>\n\t\t\t\t<div class=\"elementor-element elementor-element-50d993d elementor-widget elementor-widget-text-editor\" data-id=\"50d993d\" data-element_type=\"widget\" data-e-type=\"widget\" data-widget_type=\"text-editor.default\">\n\t\t\t\t<div class=\"elementor-widget-container\">\n\t\t\t\t\t\t\t\t\t<h3><strong>Abordare \u00een etape<\/strong><\/h3>\n<p>Lansarea treptat\u0103 a \u00eenceput \u00een 2023 cu 30 de st\u00e2lpi de \u00eenc\u0103rcare CityCharge EV pe an, p\u00e2n\u0103 \u00een 2030. Prin urmare, municipalitatea Renkum nu va participa la licita\u021bia provincial\u0103 GORAL, care nu prevede instalarea de puncte de \u00eenc\u0103rcare pentru vehicule electrice \u00een st\u00e2lpi de lumin\u0103. <\/p>\n\t\t\t\t\t\t\t\t<\/div>\n\t\t\t\t<\/div>\n\t\t\t\t<div class=\"elementor-element elementor-element-f701f3e elementor-widget elementor-widget-text-editor\" data-id=\"f701f3e\" data-element_type=\"widget\" data-e-type=\"widget\" data-widget_type=\"text-editor.default\">\n\t\t\t\t<div class=\"elementor-widget-container\">\n\t\t\t\t\t\t\t\t\t<h3><strong>Lansare proprie<\/strong><\/h3>\n<p>Municipalitatea \u00ee\u0219i faciliteaz\u0103 propria lansare care se \u00eencadreaz\u0103 \u00een politica de reducere a CO\u2082 \u0219i de combatere a dezordinei \u00een spa\u021biul public prin integrarea \u00een obiecte existente \u00een loc s\u0103 instaleze obiecte suplimentare.<\/p>\n\t\t\t\t\t\t\t\t<\/div>\n\t\t\t\t<\/div>\n\t\t\t\t<div class=\"elementor-element elementor-element-d0dadbd elementor-align-left animated-fast elementor-invisible elementor-widget elementor-widget-button\" data-id=\"d0dadbd\" data-element_type=\"widget\" data-e-type=\"widget\" data-settings=\"{&quot;_animation&quot;:&quot;zoomIn&quot;}\" data-widget_type=\"button.default\">\n\t\t\t\t<div class=\"elementor-widget-container\">\n\t\t\t\t\t\t\t\t\t<div class=\"elementor-button-wrapper\">\n\t\t\t\t\t<a class=\"elementor-button elementor-button-link elementor-size-sm\" href=\"https:\/\/www.citycharge.eu\/ro\/contact\/\">\n\t\t\t\t\t\t<span class=\"elementor-button-content-wrapper\">\n\t\t\t\t\t\t\t\t\t<span class=\"elementor-button-text\">Solicita\u021bi o consulta\u021bie<\/span>\n\t\t\t\t\t<\/span>\n\t\t\t\t\t<\/a>\n\t\t\t\t<\/div>\n\t\t\t\t\t\t\t\t<\/div>\n\t\t\t\t<\/div>\n\t\t\t\t<\/div>\n\t\t\t\t\t<\/div>\n\t\t\t\t<\/div>\n\t\t<div class=\"elementor-element elementor-element-7b9b78c e-flex e-con-boxed e-con e-parent\" data-id=\"7b9b78c\" data-element_type=\"container\" data-e-type=\"container\" data-settings=\"{&quot;background_background&quot;:&quot;classic&quot;}\">\n\t\t\t\t\t<div class=\"e-con-inner\">\n\t\t<div class=\"elementor-element elementor-element-a7032f7 e-con-full e-flex e-con e-child\" data-id=\"a7032f7\" data-element_type=\"container\" data-e-type=\"container\" data-settings=\"{&quot;background_background&quot;:&quot;classic&quot;}\">\n\t\t<div class=\"elementor-element elementor-element-1ddb098 e-flex e-con-boxed e-con e-child\" data-id=\"1ddb098\" data-element_type=\"container\" data-e-type=\"container\">\n\t\t\t\t\t<div class=\"e-con-inner\">\n\t\t<div class=\"elementor-element elementor-element-e51556b e-flex e-con-boxed e-con e-child\" data-id=\"e51556b\" data-element_type=\"container\" data-e-type=\"container\">\n\t\t\t\t\t<div class=\"e-con-inner\">\n\t\t\t\t<div class=\"elementor-element elementor-element-f7d38c1 elementor-widget elementor-widget-heading\" data-id=\"f7d38c1\" data-element_type=\"widget\" data-e-type=\"widget\" data-widget_type=\"heading.default\">\n\t\t\t\t<div class=\"elementor-widget-container\">\n\t\t\t\t\t<p class=\"elementor-heading-title elementor-size-default\">\u201eCu CityCharge, \u00eenc\u0103rcarea este f\u0103r\u0103 efort \u0219i f\u0103r\u0103 griji. A\u0219a ar trebui s\u0103 fie.\u201d<\/p>\t\t\t\t<\/div>\n\t\t\t\t<\/div>\n\t\t\t\t\t<\/div>\n\t\t\t\t<\/div>\n\t\t\t\t\t<\/div>\n\t\t\t\t<\/div>\n\t\t\t\t<\/div>\n\t\t<div class=\"elementor-element elementor-element-e04f1fe e-con-full e-flex e-con e-child\" data-id=\"e04f1fe\" data-element_type=\"container\" data-e-type=\"container\">\n\t\t\t\t<div class=\"elementor-element elementor-element-f238dbc elementor-widget elementor-widget-heading\" data-id=\"f238dbc\" data-element_type=\"widget\" data-e-type=\"widget\" data-widget_type=\"heading.default\">\n\t\t\t\t<div class=\"elementor-widget-container\">\n\t\t\t\t\t<h2 class=\"elementor-heading-title elementor-size-default\">De asemenea, a\u021bi dori s\u0103 \u00eenc\u0103rca\u021bi f\u0103r\u0103 griji?<\/h2>\t\t\t\t<\/div>\n\t\t\t\t<\/div>\n\t\t\t\t<div class=\"elementor-element elementor-element-f22513c elementor-widget elementor-widget-text-editor\" data-id=\"f22513c\" data-element_type=\"widget\" data-e-type=\"widget\" data-widget_type=\"text-editor.default\">\n\t\t\t\t<div class=\"elementor-widget-container\">\n\t\t\t\t\t\t\t\t\t<p>E\u0219ti curios ce poate face CityCharge pentru municipalitatea sau proiectul t\u0103u?<br \/>\nSuntem bucuro\u0219i s\u0103 v\u0103 spunem despre posibilit\u0103\u021bi.   <\/p>\n\t\t\t\t\t\t\t\t<\/div>\n\t\t\t\t<\/div>\n\t\t\t\t<div class=\"elementor-element elementor-element-870f390 elementor-widget elementor-widget-text-editor\" data-id=\"870f390\" data-element_type=\"widget\" data-e-type=\"widget\" data-widget_type=\"text-editor.default\">\n\t\t\t\t<div class=\"elementor-widget-container\">\n\t\t\t\t\t\t\t\t\t<p><strong>Contacta\u021bi unul dintre consilierii no\u0219tri.<\/strong><\/p>\n\t\t\t\t\t\t\t\t<\/div>\n\t\t\t\t<\/div>\n\t\t\t\t<div class=\"elementor-element elementor-element-7e81c61 elementor-mobile-align-left elementor-widget elementor-widget-button\" data-id=\"7e81c61\" data-element_type=\"widget\" data-e-type=\"widget\" data-widget_type=\"button.default\">\n\t\t\t\t<div class=\"elementor-widget-container\">\n\t\t\t\t\t\t\t\t\t<div class=\"elementor-button-wrapper\">\n\t\t\t\t\t<a class=\"elementor-button elementor-button-link elementor-size-sm\" href=\"#\">\n\t\t\t\t\t\t<span class=\"elementor-button-content-wrapper\">\n\t\t\t\t\t\t<span class=\"elementor-button-icon\">\n\t\t\t\t<svg aria-hidden=\"true\" class=\"e-font-icon-svg e-fas-phone-alt\" viewBox=\"0 0 512 512\" xmlns=\"http:\/\/www.w3.org\/2000\/svg\"><path d=\"M497.39 361.8l-112-48a24 24 0 0 0-28 6.9l-49.6 60.6A370.66 370.66 0 0 1 130.6 204.11l60.6-49.6a23.94 23.94 0 0 0 6.9-28l-48-112A24.16 24.16 0 0 0 122.6.61l-104 24A24 24 0 0 0 0 48c0 256.5 207.9 464 464 464a24 24 0 0 0 23.4-18.6l24-104a24.29 24.29 0 0 0-14.01-27.6z\"><\/path><\/svg>\t\t\t<\/span>\n\t\t\t\t\t\t\t\t\t<span class=\"elementor-button-text\">085-0716620<\/span>\n\t\t\t\t\t<\/span>\n\t\t\t\t\t<\/a>\n\t\t\t\t<\/div>\n\t\t\t\t\t\t\t\t<\/div>\n\t\t\t\t<\/div>\n\t\t\t\t<div class=\"elementor-element elementor-element-e7152c3 elementor-align-left animated-fast elementor-invisible elementor-widget elementor-widget-button\" data-id=\"e7152c3\" data-element_type=\"widget\" data-e-type=\"widget\" data-settings=\"{&quot;_animation&quot;:&quot;zoomIn&quot;}\" data-widget_type=\"button.default\">\n\t\t\t\t<div class=\"elementor-widget-container\">\n\t\t\t\t\t\t\t\t\t<div class=\"elementor-button-wrapper\">\n\t\t\t\t\t<a class=\"elementor-button elementor-button-link elementor-size-sm\" href=\"https:\/\/www.citycharge.eu\/ro\/contact\/\">\n\t\t\t\t\t\t<span class=\"elementor-button-content-wrapper\">\n\t\t\t\t\t\t\t\t\t<span class=\"elementor-button-text\">Contact<\/span>\n\t\t\t\t\t<\/span>\n\t\t\t\t\t<\/a>\n\t\t\t\t<\/div>\n\t\t\t\t\t\t\t\t<\/div>\n\t\t\t\t<\/div>\n\t\t\t\t<\/div>\n\t\t\t\t\t<\/div>\n\t\t\t\t<\/div>\n\t\t\t\t<\/div>\n\t\t","protected":false},"excerpt":{"rendered":"<p>Municipiul Renkum Municipiul Renkum \u00cen 2019, municipalitatea din Renkum a semnat o a\u0219a-numit\u0103 concesiune pe 20 de ani at\u00e2t pentru sustenabilitatea iluminatului public (6.300 de st\u00e2lpi de iluminat), c\u00e2t \u0219i pentru \u201emai inteligent\u201d loca\u021biile sale de iluminat public. Pe baza unei analize externe, a fost \u00eentocmit un plan de lansare pentru 200 de st\u00e2lpi de [&hellip;]<\/p>\n","protected":false},"author":1,"featured_media":8976,"comment_status":"closed","ping_status":"open","sticky":false,"template":"elementor_header_footer","format":"standard","meta":{"_acf_changed":false,"footnotes":""},"categories":[69],"tags":[],"class_list":["post-9409","post","type-post","status-publish","format-standard","has-post-thumbnail","hentry","category-cazuri"],"acf":[],"yoast_head":"<!-- This site is optimized with the Yoast SEO plugin v27.5 - https:\/\/yoast.com\/product\/yoast-seo-wordpress\/ -->\n<title>Municipiul Renkum - CityCharge<\/title>\n<meta name=\"robots\" content=\"index, follow, max-snippet:-1, max-image-preview:large, max-video-preview:-1\" \/>\n<link rel=\"canonical\" href=\"https:\/\/www.citycharge.eu\/ro\/municipiul-renkum\/\" \/>\n<meta property=\"og:locale\" content=\"ro_RO\" \/>\n<meta property=\"og:type\" content=\"article\" \/>\n<meta property=\"og:title\" content=\"Municipiul Renkum - CityCharge\" \/>\n<meta property=\"og:description\" content=\"Municipiul Renkum Municipiul Renkum \u00cen 2019, municipalitatea din Renkum a semnat o a\u0219a-numit\u0103 concesiune pe 20 de ani at\u00e2t pentru sustenabilitatea iluminatului public (6.300 de st\u00e2lpi de iluminat), c\u00e2t \u0219i pentru \u201emai inteligent\u201d loca\u021biile sale de iluminat public. Pe baza unei analize externe, a fost \u00eentocmit un plan de lansare pentru 200 de st\u00e2lpi de [&hellip;]\" \/>\n<meta property=\"og:url\" content=\"https:\/\/www.citycharge.eu\/ro\/municipiul-renkum\/\" \/>\n<meta property=\"og:site_name\" content=\"CityCharge\" \/>\n<meta property=\"article:published_time\" content=\"2024-06-20T19:56:00+00:00\" \/>\n<meta property=\"article:modified_time\" content=\"2024-12-24T07:45:36+00:00\" \/>\n<meta property=\"og:image\" content=\"https:\/\/www.citycharge.eu\/wp-content\/uploads\/2024\/06\/Gemeente-renkum-logo.jpg\" \/>\n\t<meta property=\"og:image:width\" content=\"740\" \/>\n\t<meta property=\"og:image:height\" content=\"453\" \/>\n\t<meta property=\"og:image:type\" content=\"image\/jpeg\" \/>\n<meta name=\"author\" content=\"admin\" \/>\n<meta name=\"twitter:card\" content=\"summary_large_image\" \/>\n<meta name=\"twitter:label1\" content=\"Scris de\" \/>\n\t<meta name=\"twitter:data1\" content=\"admin\" \/>\n\t<meta name=\"twitter:label2\" content=\"Timp estimat pentru citire\" \/>\n\t<meta name=\"twitter:data2\" content=\"1 minut\" \/>\n<script type=\"application\/ld+json\" class=\"yoast-schema-graph\">{\"@context\":\"https:\\\/\\\/schema.org\",\"@graph\":[{\"@type\":\"Article\",\"@id\":\"https:\\\/\\\/www.citycharge.eu\\\/ro\\\/municipiul-renkum\\\/#article\",\"isPartOf\":{\"@id\":\"https:\\\/\\\/www.citycharge.eu\\\/ro\\\/municipiul-renkum\\\/\"},\"author\":{\"name\":\"admin\",\"@id\":\"https:\\\/\\\/www.citycharge.eu\\\/ro\\\/#\\\/schema\\\/person\\\/0a798ff10afa77f3d0c65789b5d62f17\"},\"headline\":\"Municipiul Renkum\",\"datePublished\":\"2024-06-20T19:56:00+00:00\",\"dateModified\":\"2024-12-24T07:45:36+00:00\",\"mainEntityOfPage\":{\"@id\":\"https:\\\/\\\/www.citycharge.eu\\\/ro\\\/municipiul-renkum\\\/\"},\"wordCount\":246,\"publisher\":{\"@id\":\"https:\\\/\\\/www.citycharge.eu\\\/ro\\\/#organization\"},\"image\":{\"@id\":\"https:\\\/\\\/www.citycharge.eu\\\/ro\\\/municipiul-renkum\\\/#primaryimage\"},\"thumbnailUrl\":\"https:\\\/\\\/www.citycharge.eu\\\/wp-content\\\/uploads\\\/2024\\\/06\\\/Gemeente-renkum-logo.jpg\",\"articleSection\":[\"Cazuri\"],\"inLanguage\":\"ro-RO\"},{\"@type\":\"WebPage\",\"@id\":\"https:\\\/\\\/www.citycharge.eu\\\/ro\\\/municipiul-renkum\\\/\",\"url\":\"https:\\\/\\\/www.citycharge.eu\\\/ro\\\/municipiul-renkum\\\/\",\"name\":\"Municipiul Renkum - CityCharge\",\"isPartOf\":{\"@id\":\"https:\\\/\\\/www.citycharge.eu\\\/ro\\\/#website\"},\"primaryImageOfPage\":{\"@id\":\"https:\\\/\\\/www.citycharge.eu\\\/ro\\\/municipiul-renkum\\\/#primaryimage\"},\"image\":{\"@id\":\"https:\\\/\\\/www.citycharge.eu\\\/ro\\\/municipiul-renkum\\\/#primaryimage\"},\"thumbnailUrl\":\"https:\\\/\\\/www.citycharge.eu\\\/wp-content\\\/uploads\\\/2024\\\/06\\\/Gemeente-renkum-logo.jpg\",\"datePublished\":\"2024-06-20T19:56:00+00:00\",\"dateModified\":\"2024-12-24T07:45:36+00:00\",\"breadcrumb\":{\"@id\":\"https:\\\/\\\/www.citycharge.eu\\\/ro\\\/municipiul-renkum\\\/#breadcrumb\"},\"inLanguage\":\"ro-RO\",\"potentialAction\":[{\"@type\":\"ReadAction\",\"target\":[\"https:\\\/\\\/www.citycharge.eu\\\/ro\\\/municipiul-renkum\\\/\"]}]},{\"@type\":\"ImageObject\",\"inLanguage\":\"ro-RO\",\"@id\":\"https:\\\/\\\/www.citycharge.eu\\\/ro\\\/municipiul-renkum\\\/#primaryimage\",\"url\":\"https:\\\/\\\/www.citycharge.eu\\\/wp-content\\\/uploads\\\/2024\\\/06\\\/Gemeente-renkum-logo.jpg\",\"contentUrl\":\"https:\\\/\\\/www.citycharge.eu\\\/wp-content\\\/uploads\\\/2024\\\/06\\\/Gemeente-renkum-logo.jpg\",\"width\":740,\"height\":453},{\"@type\":\"BreadcrumbList\",\"@id\":\"https:\\\/\\\/www.citycharge.eu\\\/ro\\\/municipiul-renkum\\\/#breadcrumb\",\"itemListElement\":[{\"@type\":\"ListItem\",\"position\":1,\"name\":\"Home\",\"item\":\"https:\\\/\\\/www.citycharge.eu\\\/ro\\\/\"},{\"@type\":\"ListItem\",\"position\":2,\"name\":\"Municipiul Renkum\"}]},{\"@type\":\"WebSite\",\"@id\":\"https:\\\/\\\/www.citycharge.eu\\\/ro\\\/#website\",\"url\":\"https:\\\/\\\/www.citycharge.eu\\\/ro\\\/\",\"name\":\"CityCharge\",\"description\":\"Nieuw licht op laden\",\"publisher\":{\"@id\":\"https:\\\/\\\/www.citycharge.eu\\\/ro\\\/#organization\"},\"potentialAction\":[{\"@type\":\"SearchAction\",\"target\":{\"@type\":\"EntryPoint\",\"urlTemplate\":\"https:\\\/\\\/www.citycharge.eu\\\/ro\\\/?s={search_term_string}\"},\"query-input\":{\"@type\":\"PropertyValueSpecification\",\"valueRequired\":true,\"valueName\":\"search_term_string\"}}],\"inLanguage\":\"ro-RO\"},{\"@type\":\"Organization\",\"@id\":\"https:\\\/\\\/www.citycharge.eu\\\/ro\\\/#organization\",\"name\":\"CityCharge\",\"url\":\"https:\\\/\\\/www.citycharge.eu\\\/ro\\\/\",\"logo\":{\"@type\":\"ImageObject\",\"inLanguage\":\"ro-RO\",\"@id\":\"https:\\\/\\\/www.citycharge.eu\\\/ro\\\/#\\\/schema\\\/logo\\\/image\\\/\",\"url\":\"https:\\\/\\\/www.citycharge.eu\\\/wp-content\\\/uploads\\\/2024\\\/07\\\/Citycharge_payofff_white.svg\",\"contentUrl\":\"https:\\\/\\\/www.citycharge.eu\\\/wp-content\\\/uploads\\\/2024\\\/07\\\/Citycharge_payofff_white.svg\",\"width\":1920,\"height\":530,\"caption\":\"CityCharge\"},\"image\":{\"@id\":\"https:\\\/\\\/www.citycharge.eu\\\/ro\\\/#\\\/schema\\\/logo\\\/image\\\/\"}},{\"@type\":\"Person\",\"@id\":\"https:\\\/\\\/www.citycharge.eu\\\/ro\\\/#\\\/schema\\\/person\\\/0a798ff10afa77f3d0c65789b5d62f17\",\"name\":\"admin\",\"image\":{\"@type\":\"ImageObject\",\"inLanguage\":\"ro-RO\",\"@id\":\"https:\\\/\\\/secure.gravatar.com\\\/avatar\\\/b382f2b0baf85cf8d841621555daa4ae2420c7929b964e5ca4e287310b061056?s=96&d=mm&r=g\",\"url\":\"https:\\\/\\\/secure.gravatar.com\\\/avatar\\\/b382f2b0baf85cf8d841621555daa4ae2420c7929b964e5ca4e287310b061056?s=96&d=mm&r=g\",\"contentUrl\":\"https:\\\/\\\/secure.gravatar.com\\\/avatar\\\/b382f2b0baf85cf8d841621555daa4ae2420c7929b964e5ca4e287310b061056?s=96&d=mm&r=g\",\"caption\":\"admin\"},\"sameAs\":[\"http:\\\/\\\/www.citycharge.eu\"],\"url\":\"https:\\\/\\\/www.citycharge.eu\\\/ro\\\/author\\\/admin\\\/\"}]}<\/script>\n<!-- \/ Yoast SEO plugin. -->","yoast_head_json":{"title":"Municipiul Renkum - CityCharge","robots":{"index":"index","follow":"follow","max-snippet":"max-snippet:-1","max-image-preview":"max-image-preview:large","max-video-preview":"max-video-preview:-1"},"canonical":"https:\/\/www.citycharge.eu\/ro\/municipiul-renkum\/","og_locale":"ro_RO","og_type":"article","og_title":"Municipiul Renkum - CityCharge","og_description":"Municipiul Renkum Municipiul Renkum \u00cen 2019, municipalitatea din Renkum a semnat o a\u0219a-numit\u0103 concesiune pe 20 de ani at\u00e2t pentru sustenabilitatea iluminatului public (6.300 de st\u00e2lpi de iluminat), c\u00e2t \u0219i pentru \u201emai inteligent\u201d loca\u021biile sale de iluminat public. Pe baza unei analize externe, a fost \u00eentocmit un plan de lansare pentru 200 de st\u00e2lpi de [&hellip;]","og_url":"https:\/\/www.citycharge.eu\/ro\/municipiul-renkum\/","og_site_name":"CityCharge","article_published_time":"2024-06-20T19:56:00+00:00","article_modified_time":"2024-12-24T07:45:36+00:00","og_image":[{"width":740,"height":453,"url":"https:\/\/www.citycharge.eu\/wp-content\/uploads\/2024\/06\/Gemeente-renkum-logo.jpg","type":"image\/jpeg"}],"author":"admin","twitter_card":"summary_large_image","twitter_misc":{"Scris de":"admin","Timp estimat pentru citire":"1 minut"},"schema":{"@context":"https:\/\/schema.org","@graph":[{"@type":"Article","@id":"https:\/\/www.citycharge.eu\/ro\/municipiul-renkum\/#article","isPartOf":{"@id":"https:\/\/www.citycharge.eu\/ro\/municipiul-renkum\/"},"author":{"name":"admin","@id":"https:\/\/www.citycharge.eu\/ro\/#\/schema\/person\/0a798ff10afa77f3d0c65789b5d62f17"},"headline":"Municipiul Renkum","datePublished":"2024-06-20T19:56:00+00:00","dateModified":"2024-12-24T07:45:36+00:00","mainEntityOfPage":{"@id":"https:\/\/www.citycharge.eu\/ro\/municipiul-renkum\/"},"wordCount":246,"publisher":{"@id":"https:\/\/www.citycharge.eu\/ro\/#organization"},"image":{"@id":"https:\/\/www.citycharge.eu\/ro\/municipiul-renkum\/#primaryimage"},"thumbnailUrl":"https:\/\/www.citycharge.eu\/wp-content\/uploads\/2024\/06\/Gemeente-renkum-logo.jpg","articleSection":["Cazuri"],"inLanguage":"ro-RO"},{"@type":"WebPage","@id":"https:\/\/www.citycharge.eu\/ro\/municipiul-renkum\/","url":"https:\/\/www.citycharge.eu\/ro\/municipiul-renkum\/","name":"Municipiul Renkum - CityCharge","isPartOf":{"@id":"https:\/\/www.citycharge.eu\/ro\/#website"},"primaryImageOfPage":{"@id":"https:\/\/www.citycharge.eu\/ro\/municipiul-renkum\/#primaryimage"},"image":{"@id":"https:\/\/www.citycharge.eu\/ro\/municipiul-renkum\/#primaryimage"},"thumbnailUrl":"https:\/\/www.citycharge.eu\/wp-content\/uploads\/2024\/06\/Gemeente-renkum-logo.jpg","datePublished":"2024-06-20T19:56:00+00:00","dateModified":"2024-12-24T07:45:36+00:00","breadcrumb":{"@id":"https:\/\/www.citycharge.eu\/ro\/municipiul-renkum\/#breadcrumb"},"inLanguage":"ro-RO","potentialAction":[{"@type":"ReadAction","target":["https:\/\/www.citycharge.eu\/ro\/municipiul-renkum\/"]}]},{"@type":"ImageObject","inLanguage":"ro-RO","@id":"https:\/\/www.citycharge.eu\/ro\/municipiul-renkum\/#primaryimage","url":"https:\/\/www.citycharge.eu\/wp-content\/uploads\/2024\/06\/Gemeente-renkum-logo.jpg","contentUrl":"https:\/\/www.citycharge.eu\/wp-content\/uploads\/2024\/06\/Gemeente-renkum-logo.jpg","width":740,"height":453},{"@type":"BreadcrumbList","@id":"https:\/\/www.citycharge.eu\/ro\/municipiul-renkum\/#breadcrumb","itemListElement":[{"@type":"ListItem","position":1,"name":"Home","item":"https:\/\/www.citycharge.eu\/ro\/"},{"@type":"ListItem","position":2,"name":"Municipiul Renkum"}]},{"@type":"WebSite","@id":"https:\/\/www.citycharge.eu\/ro\/#website","url":"https:\/\/www.citycharge.eu\/ro\/","name":"CityCharge","description":"Nieuw licht op laden","publisher":{"@id":"https:\/\/www.citycharge.eu\/ro\/#organization"},"potentialAction":[{"@type":"SearchAction","target":{"@type":"EntryPoint","urlTemplate":"https:\/\/www.citycharge.eu\/ro\/?s={search_term_string}"},"query-input":{"@type":"PropertyValueSpecification","valueRequired":true,"valueName":"search_term_string"}}],"inLanguage":"ro-RO"},{"@type":"Organization","@id":"https:\/\/www.citycharge.eu\/ro\/#organization","name":"CityCharge","url":"https:\/\/www.citycharge.eu\/ro\/","logo":{"@type":"ImageObject","inLanguage":"ro-RO","@id":"https:\/\/www.citycharge.eu\/ro\/#\/schema\/logo\/image\/","url":"https:\/\/www.citycharge.eu\/wp-content\/uploads\/2024\/07\/Citycharge_payofff_white.svg","contentUrl":"https:\/\/www.citycharge.eu\/wp-content\/uploads\/2024\/07\/Citycharge_payofff_white.svg","width":1920,"height":530,"caption":"CityCharge"},"image":{"@id":"https:\/\/www.citycharge.eu\/ro\/#\/schema\/logo\/image\/"}},{"@type":"Person","@id":"https:\/\/www.citycharge.eu\/ro\/#\/schema\/person\/0a798ff10afa77f3d0c65789b5d62f17","name":"admin","image":{"@type":"ImageObject","inLanguage":"ro-RO","@id":"https:\/\/secure.gravatar.com\/avatar\/b382f2b0baf85cf8d841621555daa4ae2420c7929b964e5ca4e287310b061056?s=96&d=mm&r=g","url":"https:\/\/secure.gravatar.com\/avatar\/b382f2b0baf85cf8d841621555daa4ae2420c7929b964e5ca4e287310b061056?s=96&d=mm&r=g","contentUrl":"https:\/\/secure.gravatar.com\/avatar\/b382f2b0baf85cf8d841621555daa4ae2420c7929b964e5ca4e287310b061056?s=96&d=mm&r=g","caption":"admin"},"sameAs":["http:\/\/www.citycharge.eu"],"url":"https:\/\/www.citycharge.eu\/ro\/author\/admin\/"}]}},"_links":{"self":[{"href":"https:\/\/www.citycharge.eu\/ro\/wp-json\/wp\/v2\/posts\/9409","targetHints":{"allow":["GET"]}}],"collection":[{"href":"https:\/\/www.citycharge.eu\/ro\/wp-json\/wp\/v2\/posts"}],"about":[{"href":"https:\/\/www.citycharge.eu\/ro\/wp-json\/wp\/v2\/types\/post"}],"author":[{"embeddable":true,"href":"https:\/\/www.citycharge.eu\/ro\/wp-json\/wp\/v2\/users\/1"}],"replies":[{"embeddable":true,"href":"https:\/\/www.citycharge.eu\/ro\/wp-json\/wp\/v2\/comments?post=9409"}],"version-history":[{"count":2,"href":"https:\/\/www.citycharge.eu\/ro\/wp-json\/wp\/v2\/posts\/9409\/revisions"}],"predecessor-version":[{"id":9414,"href":"https:\/\/www.citycharge.eu\/ro\/wp-json\/wp\/v2\/posts\/9409\/revisions\/9414"}],"wp:featuredmedia":[{"embeddable":true,"href":"https:\/\/www.citycharge.eu\/ro\/wp-json\/wp\/v2\/media\/8976"}],"wp:attachment":[{"href":"https:\/\/www.citycharge.eu\/ro\/wp-json\/wp\/v2\/media?parent=9409"}],"wp:term":[{"taxonomy":"category","embeddable":true,"href":"https:\/\/www.citycharge.eu\/ro\/wp-json\/wp\/v2\/categories?post=9409"},{"taxonomy":"post_tag","embeddable":true,"href":"https:\/\/www.citycharge.eu\/ro\/wp-json\/wp\/v2\/tags?post=9409"}],"curies":[{"name":"wp","href":"https:\/\/api.w.org\/{rel}","templated":true}]}}