{"id":9829,"date":"2023-01-03T08:26:36","date_gmt":"2023-01-03T08:26:36","guid":{"rendered":"https:\/\/www.citycharge.eu\/o-premiera-pentru-eindhoven-si-a-doua-in-tarile-de-jos-lampa-cu-priza-pentru-incarcarea-masinilor-electrice\/"},"modified":"2023-01-03T08:26:36","modified_gmt":"2023-01-03T08:26:36","slug":"o-premiera-pentru-eindhoven-si-a-doua-in-tarile-de-jos-lampa-cu-priza-pentru-incarcarea-masinilor-electrice","status":"publish","type":"post","link":"https:\/\/www.citycharge.eu\/ro\/o-premiera-pentru-eindhoven-si-a-doua-in-tarile-de-jos-lampa-cu-priza-pentru-incarcarea-masinilor-electrice\/","title":{"rendered":"O premier\u0103 pentru Eindhoven (\u0219i a doua \u00een \u021a\u0103rile de Jos): lamp\u0103 cu priz\u0103 pentru \u00eenc\u0103rcarea ma\u0219inilor electrice"},"content":{"rendered":"<p><img fetchpriority=\"high\" decoding=\"async\" class=\"wp-image-5800 size-large aligncenter\" src=\"http:\/\/www.citycharge.eu\/wp-content\/uploads\/2023\/01\/Wethouder-Rik-Thijs-1024x683.jpeg\" alt=\"\" width=\"1024\" height=\"683\" srcset=\"https:\/\/www.citycharge.eu\/wp-content\/uploads\/2023\/01\/Wethouder-Rik-Thijs-1024x683.jpeg 1024w, https:\/\/www.citycharge.eu\/wp-content\/uploads\/2023\/01\/Wethouder-Rik-Thijs-300x200.jpeg 300w, https:\/\/www.citycharge.eu\/wp-content\/uploads\/2023\/01\/Wethouder-Rik-Thijs-768x512.jpeg 768w, https:\/\/www.citycharge.eu\/wp-content\/uploads\/2023\/01\/Wethouder-Rik-Thijs.jpeg 1350w\" sizes=\"(max-width: 1024px) 100vw, 1024px\" \/><\/p>\n<p>EINDHOVEN &#8211; O sta\u021bie central\u0103 de \u00eenc\u0103rcare ca punct de distribu\u021bie pentru \u0219apte \u0219i \u00een cur\u00e2nd paisprezece ma\u0219ini electrice. Buurtschap Te Veld din Woensel are scoop pentru Eindhoven. Parcarea nou construit\u0103 de la Kwartier din c\u0103tunul Te \u200b\u200bVeld are \u0219apte felinare. De asemenea, func\u021bioneaz\u0103 ca sta\u021bie de \u00eenc\u0103rcare pentru ma\u0219ini electrice. Pentru aceasta, ei primesc energie electric\u0103 de la o sta\u021bie central\u0103 de \u00eenc\u0103rcare. Este prima loca\u021bie din Eindhoven unde a fost instalat\u0103 aceast\u0103 instala\u021bie \u0219i a doua \u00een \u021a\u0103rile de Jos dup\u0103 Renkum, conform lui Michel Versteeg de la compania de instala\u021bii Dutch Charge. Ieri a avut loc prezentarea oficial\u0103, \u00een prezen\u021ba consilierului Rik Thijs (energie). <\/p>\n<h2>\u00cempotriva \u201edezordinei\u201d din scena str\u0103zii<\/h2>\n<p>Potrivit Dutch Charge \u0219i municipalitatea din Eindhoven, aceast\u0103 construc\u021bie are mai multe avantaje. Spa\u021biile de parcare asociate pot fi folosite \u0219i pentru ma\u0219ini alimentate cu combustibil, ceea ce poate cre\u0219te sprijinul \u00een r\u00e2ndul reziden\u021bilor. \u00cen plus, utilizarea st\u00e2lpilor de iluminat previne \u201eaglomera\u021bia\u201d a scenei stradale. Mai mult, instalarea este mai ieftin\u0103 dec\u00e2t sta\u021biile de \u00eenc\u0103rcare tradi\u021bionale. Versteeg este, de asemenea, m\u00e2ndru de ceea ce el nume\u0219te \u201econtrol inteligent\u201d. \u201eC\u00e2nd parcarea se umple \u00eentre orele cinci \u0219i \u0219ase dup\u0103-amiaza \u0219i luminile se aprind peste tot \u00een case, cererea de energie electric\u0103 este mare. Aceast\u0103 sta\u021bie de \u00eenc\u0103rcare ofer\u0103 apoi \u00eentr-un ritm mai lent, deoarece majoritatea ma\u0219inilor sunt folosite din nou abia seara mai t\u00e2rziu sau chiar diminea\u021ba urm\u0103toare.\u201d      <\/p>\n<p><iframe title=\"Eerste &#039;laadlantaarns&#039; in Eindhoven in gebruik genomen\" width=\"800\" height=\"450\" src=\"https:\/\/www.youtube.com\/embed\/-I2thSu_Lzo?feature=oembed\" frameborder=\"0\" allow=\"accelerometer; autoplay; clipboard-write; encrypted-media; gyroscope; picture-in-picture; web-share\" referrerpolicy=\"strict-origin-when-cross-origin\" allowfullscreen><\/iframe><\/p>\n<h2>Card bancar sau telefon<\/h2>\n<p>Cele \u0219apte puncte de \u00eenc\u0103rcare sunt deja \u00een func\u021biune, dar se vor face \u00eembun\u0103t\u0103\u021biri suplimentare \u00een viitorul apropiat. Acest lucru le ofer\u0103 o conexiune suplimentar\u0103, astfel \u00eenc\u00e2t dou\u0103 ma\u0219ini pot fi conectate simultan, la fel ca \u00een cazul altor sta\u021bii de \u00eenc\u0103rcare. Va exista \u0219i un cititor de carduri, astfel \u00eenc\u00e2t utilizatorii s\u0103 poat\u0103 pl\u0103ti cu cardul bancar sau cu telefonul. Thijs este mul\u021bumit de aceast\u0103 inova\u021bie \u0219i a anun\u021bat c\u0103 se fac cercet\u0103ri pentru a stabili dac\u0103 st\u00e2lpii de iluminat existente pot fi transforma\u021bi \u00eentr-un punct de \u00eenc\u0103rcare. Iar c\u00e2nd str\u0103zile sunt reproiectate, noile l\u0103mpi stradale au \u0219i o dubl\u0103 func\u021bie, spune Linda van de Ven, lider de proiect la municipalitatea Eindhoven. Ea men\u021bioneaz\u0103 Boschdijk din inel ca exemplu. O dezvoltare logic\u0103 dup\u0103 Versteeg. \u201ePentru c\u0103 trebuie s\u0103 avem 1,7 milioane de puncte de \u00eenc\u0103rcare \u00een toat\u0103 \u021a\u0103rile de Jos.\u201d Van de Ven spune c\u0103 locuitorii cartierului Te Veld nu au fost implica\u021bi \u00een alegerea instal\u0103rii punctelor de \u00eenc\u0103rcare. Pentru c\u0103 locurile de parcare nu sunt rezervate ma\u0219inilor electrice, probabil toat\u0103 lumea va fi mul\u021bumit\u0103 de el. Thijs \u0219tie c\u0103 alte municipalit\u0103\u021bi iau \u00een considerare sugestiile reziden\u021bilor pentru a u\u0219ura \u00eenc\u0103rcarea, cum ar fi instalarea de canale de cabluri pe trotuar. \u201eNu vom face asta deocamdat\u0103. Opt\u0103m pentru aceast\u0103 solu\u021bie, \u0219i din cauza scenei stradale.\u201d Sursa: <a href=\"https:\/\/www.ed.nl\/eindhoven\/primeur-voor-eindhoven-en-tweede-in-nederland-lantaarnpaal-met-stopcontact-om-elektrische-auto-op-te-laden~ab3d0ce2\/\" target=\"_blank\" rel=\"noopener\">Eindhovens Dagblad<\/a>       <\/p>\n","protected":false},"excerpt":{"rendered":"<p>EINDHOVEN &#8211; O sta\u021bie central\u0103 de \u00eenc\u0103rcare ca punct de distribu\u021bie pentru \u0219apte \u0219i \u00een cur\u00e2nd paisprezece ma\u0219ini electrice. Buurtschap Te Veld din Woensel are scoop pentru Eindhoven. Parcarea nou construit\u0103 de la Kwartier din c\u0103tunul Te \u200b\u200bVeld are \u0219apte felinare. De asemenea, func\u021bioneaz\u0103 ca sta\u021bie de \u00eenc\u0103rcare pentru ma\u0219ini electrice. Pentru aceasta, ei primesc [&hellip;]<\/p>\n","protected":false},"author":1,"featured_media":8338,"comment_status":"closed","ping_status":"closed","sticky":false,"template":"","format":"standard","meta":{"_acf_changed":false,"footnotes":""},"categories":[58],"tags":[],"class_list":["post-9829","post","type-post","status-publish","format-standard","has-post-thumbnail","hentry","category-stiri"],"acf":[],"yoast_head":"<!-- This site is optimized with the Yoast SEO plugin v27.4 - https:\/\/yoast.com\/product\/yoast-seo-wordpress\/ -->\n<title>O premier\u0103 pentru Eindhoven (\u0219i a doua \u00een \u021a\u0103rile de Jos): lamp\u0103 cu priz\u0103 pentru \u00eenc\u0103rcarea ma\u0219inilor electrice - CityCharge<\/title>\n<meta name=\"description\" content=\"O premier\u0103 pentru Eindhoven (\u0219i a doua \u00een \u021a\u0103rile de Jos): lamp\u0103 cu priz\u0103 pentru \u00eenc\u0103rcarea ma\u0219inilor electrice\" \/>\n<meta name=\"robots\" content=\"index, follow, max-snippet:-1, max-image-preview:large, max-video-preview:-1\" \/>\n<link rel=\"canonical\" href=\"https:\/\/www.citycharge.eu\/ro\/o-premiera-pentru-eindhoven-si-a-doua-in-tarile-de-jos-lampa-cu-priza-pentru-incarcarea-masinilor-electrice\/\" \/>\n<meta property=\"og:locale\" content=\"ro_RO\" \/>\n<meta property=\"og:type\" content=\"article\" \/>\n<meta property=\"og:title\" content=\"O premier\u0103 pentru Eindhoven (\u0219i a doua \u00een \u021a\u0103rile de Jos): lamp\u0103 cu priz\u0103 pentru \u00eenc\u0103rcarea ma\u0219inilor electrice - CityCharge\" \/>\n<meta property=\"og:description\" content=\"O premier\u0103 pentru Eindhoven (\u0219i a doua \u00een \u021a\u0103rile de Jos): lamp\u0103 cu priz\u0103 pentru \u00eenc\u0103rcarea ma\u0219inilor electrice\" \/>\n<meta property=\"og:url\" content=\"https:\/\/www.citycharge.eu\/ro\/o-premiera-pentru-eindhoven-si-a-doua-in-tarile-de-jos-lampa-cu-priza-pentru-incarcarea-masinilor-electrice\/\" \/>\n<meta property=\"og:site_name\" content=\"CityCharge\" \/>\n<meta property=\"article:published_time\" content=\"2023-01-03T08:26:36+00:00\" \/>\n<meta property=\"og:image\" content=\"https:\/\/www.citycharge.eu\/wp-content\/uploads\/2023\/01\/Wethouder-Rik-Thijs.jpeg\" \/>\n\t<meta property=\"og:image:width\" content=\"1350\" \/>\n\t<meta property=\"og:image:height\" content=\"900\" \/>\n\t<meta property=\"og:image:type\" content=\"image\/jpeg\" \/>\n<meta name=\"author\" content=\"admin\" \/>\n<meta name=\"twitter:card\" content=\"summary_large_image\" \/>\n<meta name=\"twitter:label1\" content=\"Scris de\" \/>\n\t<meta name=\"twitter:data1\" content=\"admin\" \/>\n\t<meta name=\"twitter:label2\" content=\"Timp estimat pentru citire\" \/>\n\t<meta name=\"twitter:data2\" content=\"3 minute\" \/>\n<script type=\"application\/ld+json\" class=\"yoast-schema-graph\">{\"@context\":\"https:\\\/\\\/schema.org\",\"@graph\":[{\"@type\":\"Article\",\"@id\":\"https:\\\/\\\/www.citycharge.eu\\\/ro\\\/o-premiera-pentru-eindhoven-si-a-doua-in-tarile-de-jos-lampa-cu-priza-pentru-incarcarea-masinilor-electrice\\\/#article\",\"isPartOf\":{\"@id\":\"https:\\\/\\\/www.citycharge.eu\\\/ro\\\/o-premiera-pentru-eindhoven-si-a-doua-in-tarile-de-jos-lampa-cu-priza-pentru-incarcarea-masinilor-electrice\\\/\"},\"author\":{\"name\":\"admin\",\"@id\":\"https:\\\/\\\/www.citycharge.eu\\\/ro\\\/#\\\/schema\\\/person\\\/0a798ff10afa77f3d0c65789b5d62f17\"},\"headline\":\"O premier\u0103 pentru Eindhoven (\u0219i a doua \u00een \u021a\u0103rile de Jos): lamp\u0103 cu priz\u0103 pentru \u00eenc\u0103rcarea ma\u0219inilor electrice\",\"datePublished\":\"2023-01-03T08:26:36+00:00\",\"mainEntityOfPage\":{\"@id\":\"https:\\\/\\\/www.citycharge.eu\\\/ro\\\/o-premiera-pentru-eindhoven-si-a-doua-in-tarile-de-jos-lampa-cu-priza-pentru-incarcarea-masinilor-electrice\\\/\"},\"wordCount\":555,\"publisher\":{\"@id\":\"https:\\\/\\\/www.citycharge.eu\\\/ro\\\/#organization\"},\"image\":{\"@id\":\"https:\\\/\\\/www.citycharge.eu\\\/ro\\\/o-premiera-pentru-eindhoven-si-a-doua-in-tarile-de-jos-lampa-cu-priza-pentru-incarcarea-masinilor-electrice\\\/#primaryimage\"},\"thumbnailUrl\":\"https:\\\/\\\/www.citycharge.eu\\\/wp-content\\\/uploads\\\/2023\\\/01\\\/Wethouder-Rik-Thijs.jpeg\",\"articleSection\":[\"\u015etiri\"],\"inLanguage\":\"ro-RO\"},{\"@type\":\"WebPage\",\"@id\":\"https:\\\/\\\/www.citycharge.eu\\\/ro\\\/o-premiera-pentru-eindhoven-si-a-doua-in-tarile-de-jos-lampa-cu-priza-pentru-incarcarea-masinilor-electrice\\\/\",\"url\":\"https:\\\/\\\/www.citycharge.eu\\\/ro\\\/o-premiera-pentru-eindhoven-si-a-doua-in-tarile-de-jos-lampa-cu-priza-pentru-incarcarea-masinilor-electrice\\\/\",\"name\":\"O premier\u0103 pentru Eindhoven (\u0219i a doua \u00een \u021a\u0103rile de Jos): lamp\u0103 cu priz\u0103 pentru \u00eenc\u0103rcarea ma\u0219inilor electrice - CityCharge\",\"isPartOf\":{\"@id\":\"https:\\\/\\\/www.citycharge.eu\\\/ro\\\/#website\"},\"primaryImageOfPage\":{\"@id\":\"https:\\\/\\\/www.citycharge.eu\\\/ro\\\/o-premiera-pentru-eindhoven-si-a-doua-in-tarile-de-jos-lampa-cu-priza-pentru-incarcarea-masinilor-electrice\\\/#primaryimage\"},\"image\":{\"@id\":\"https:\\\/\\\/www.citycharge.eu\\\/ro\\\/o-premiera-pentru-eindhoven-si-a-doua-in-tarile-de-jos-lampa-cu-priza-pentru-incarcarea-masinilor-electrice\\\/#primaryimage\"},\"thumbnailUrl\":\"https:\\\/\\\/www.citycharge.eu\\\/wp-content\\\/uploads\\\/2023\\\/01\\\/Wethouder-Rik-Thijs.jpeg\",\"datePublished\":\"2023-01-03T08:26:36+00:00\",\"description\":\"O premier\u0103 pentru Eindhoven (\u0219i a doua \u00een \u021a\u0103rile de Jos): lamp\u0103 cu priz\u0103 pentru \u00eenc\u0103rcarea ma\u0219inilor electrice\",\"breadcrumb\":{\"@id\":\"https:\\\/\\\/www.citycharge.eu\\\/ro\\\/o-premiera-pentru-eindhoven-si-a-doua-in-tarile-de-jos-lampa-cu-priza-pentru-incarcarea-masinilor-electrice\\\/#breadcrumb\"},\"inLanguage\":\"ro-RO\",\"potentialAction\":[{\"@type\":\"ReadAction\",\"target\":[\"https:\\\/\\\/www.citycharge.eu\\\/ro\\\/o-premiera-pentru-eindhoven-si-a-doua-in-tarile-de-jos-lampa-cu-priza-pentru-incarcarea-masinilor-electrice\\\/\"]}]},{\"@type\":\"ImageObject\",\"inLanguage\":\"ro-RO\",\"@id\":\"https:\\\/\\\/www.citycharge.eu\\\/ro\\\/o-premiera-pentru-eindhoven-si-a-doua-in-tarile-de-jos-lampa-cu-priza-pentru-incarcarea-masinilor-electrice\\\/#primaryimage\",\"url\":\"https:\\\/\\\/www.citycharge.eu\\\/wp-content\\\/uploads\\\/2023\\\/01\\\/Wethouder-Rik-Thijs.jpeg\",\"contentUrl\":\"https:\\\/\\\/www.citycharge.eu\\\/wp-content\\\/uploads\\\/2023\\\/01\\\/Wethouder-Rik-Thijs.jpeg\",\"width\":1350,\"height\":900},{\"@type\":\"BreadcrumbList\",\"@id\":\"https:\\\/\\\/www.citycharge.eu\\\/ro\\\/o-premiera-pentru-eindhoven-si-a-doua-in-tarile-de-jos-lampa-cu-priza-pentru-incarcarea-masinilor-electrice\\\/#breadcrumb\",\"itemListElement\":[{\"@type\":\"ListItem\",\"position\":1,\"name\":\"Home\",\"item\":\"https:\\\/\\\/www.citycharge.eu\\\/ro\\\/\"},{\"@type\":\"ListItem\",\"position\":2,\"name\":\"O premier\u0103 pentru Eindhoven (\u0219i a doua \u00een \u021a\u0103rile de Jos): lamp\u0103 cu priz\u0103 pentru \u00eenc\u0103rcarea ma\u0219inilor electrice\"}]},{\"@type\":\"WebSite\",\"@id\":\"https:\\\/\\\/www.citycharge.eu\\\/ro\\\/#website\",\"url\":\"https:\\\/\\\/www.citycharge.eu\\\/ro\\\/\",\"name\":\"CityCharge\",\"description\":\"Nieuw licht op laden\",\"publisher\":{\"@id\":\"https:\\\/\\\/www.citycharge.eu\\\/ro\\\/#organization\"},\"potentialAction\":[{\"@type\":\"SearchAction\",\"target\":{\"@type\":\"EntryPoint\",\"urlTemplate\":\"https:\\\/\\\/www.citycharge.eu\\\/ro\\\/?s={search_term_string}\"},\"query-input\":{\"@type\":\"PropertyValueSpecification\",\"valueRequired\":true,\"valueName\":\"search_term_string\"}}],\"inLanguage\":\"ro-RO\"},{\"@type\":\"Organization\",\"@id\":\"https:\\\/\\\/www.citycharge.eu\\\/ro\\\/#organization\",\"name\":\"CityCharge\",\"url\":\"https:\\\/\\\/www.citycharge.eu\\\/ro\\\/\",\"logo\":{\"@type\":\"ImageObject\",\"inLanguage\":\"ro-RO\",\"@id\":\"https:\\\/\\\/www.citycharge.eu\\\/ro\\\/#\\\/schema\\\/logo\\\/image\\\/\",\"url\":\"https:\\\/\\\/www.citycharge.eu\\\/wp-content\\\/uploads\\\/2024\\\/07\\\/Citycharge_payofff_white.svg\",\"contentUrl\":\"https:\\\/\\\/www.citycharge.eu\\\/wp-content\\\/uploads\\\/2024\\\/07\\\/Citycharge_payofff_white.svg\",\"width\":1920,\"height\":530,\"caption\":\"CityCharge\"},\"image\":{\"@id\":\"https:\\\/\\\/www.citycharge.eu\\\/ro\\\/#\\\/schema\\\/logo\\\/image\\\/\"}},{\"@type\":\"Person\",\"@id\":\"https:\\\/\\\/www.citycharge.eu\\\/ro\\\/#\\\/schema\\\/person\\\/0a798ff10afa77f3d0c65789b5d62f17\",\"name\":\"admin\",\"image\":{\"@type\":\"ImageObject\",\"inLanguage\":\"ro-RO\",\"@id\":\"https:\\\/\\\/secure.gravatar.com\\\/avatar\\\/b382f2b0baf85cf8d841621555daa4ae2420c7929b964e5ca4e287310b061056?s=96&d=mm&r=g\",\"url\":\"https:\\\/\\\/secure.gravatar.com\\\/avatar\\\/b382f2b0baf85cf8d841621555daa4ae2420c7929b964e5ca4e287310b061056?s=96&d=mm&r=g\",\"contentUrl\":\"https:\\\/\\\/secure.gravatar.com\\\/avatar\\\/b382f2b0baf85cf8d841621555daa4ae2420c7929b964e5ca4e287310b061056?s=96&d=mm&r=g\",\"caption\":\"admin\"},\"sameAs\":[\"http:\\\/\\\/www.citycharge.eu\"],\"url\":\"https:\\\/\\\/www.citycharge.eu\\\/ro\\\/author\\\/admin\\\/\"}]}<\/script>\n<!-- \/ Yoast SEO plugin. -->","yoast_head_json":{"title":"O premier\u0103 pentru Eindhoven (\u0219i a doua \u00een \u021a\u0103rile de Jos): lamp\u0103 cu priz\u0103 pentru \u00eenc\u0103rcarea ma\u0219inilor electrice - CityCharge","description":"O premier\u0103 pentru Eindhoven (\u0219i a doua \u00een \u021a\u0103rile de Jos): lamp\u0103 cu priz\u0103 pentru \u00eenc\u0103rcarea ma\u0219inilor electrice","robots":{"index":"index","follow":"follow","max-snippet":"max-snippet:-1","max-image-preview":"max-image-preview:large","max-video-preview":"max-video-preview:-1"},"canonical":"https:\/\/www.citycharge.eu\/ro\/o-premiera-pentru-eindhoven-si-a-doua-in-tarile-de-jos-lampa-cu-priza-pentru-incarcarea-masinilor-electrice\/","og_locale":"ro_RO","og_type":"article","og_title":"O premier\u0103 pentru Eindhoven (\u0219i a doua \u00een \u021a\u0103rile de Jos): lamp\u0103 cu priz\u0103 pentru \u00eenc\u0103rcarea ma\u0219inilor electrice - CityCharge","og_description":"O premier\u0103 pentru Eindhoven (\u0219i a doua \u00een \u021a\u0103rile de Jos): lamp\u0103 cu priz\u0103 pentru \u00eenc\u0103rcarea ma\u0219inilor electrice","og_url":"https:\/\/www.citycharge.eu\/ro\/o-premiera-pentru-eindhoven-si-a-doua-in-tarile-de-jos-lampa-cu-priza-pentru-incarcarea-masinilor-electrice\/","og_site_name":"CityCharge","article_published_time":"2023-01-03T08:26:36+00:00","og_image":[{"width":1350,"height":900,"url":"https:\/\/www.citycharge.eu\/wp-content\/uploads\/2023\/01\/Wethouder-Rik-Thijs.jpeg","type":"image\/jpeg"}],"author":"admin","twitter_card":"summary_large_image","twitter_misc":{"Scris de":"admin","Timp estimat pentru citire":"3 minute"},"schema":{"@context":"https:\/\/schema.org","@graph":[{"@type":"Article","@id":"https:\/\/www.citycharge.eu\/ro\/o-premiera-pentru-eindhoven-si-a-doua-in-tarile-de-jos-lampa-cu-priza-pentru-incarcarea-masinilor-electrice\/#article","isPartOf":{"@id":"https:\/\/www.citycharge.eu\/ro\/o-premiera-pentru-eindhoven-si-a-doua-in-tarile-de-jos-lampa-cu-priza-pentru-incarcarea-masinilor-electrice\/"},"author":{"name":"admin","@id":"https:\/\/www.citycharge.eu\/ro\/#\/schema\/person\/0a798ff10afa77f3d0c65789b5d62f17"},"headline":"O premier\u0103 pentru Eindhoven (\u0219i a doua \u00een \u021a\u0103rile de Jos): lamp\u0103 cu priz\u0103 pentru \u00eenc\u0103rcarea ma\u0219inilor electrice","datePublished":"2023-01-03T08:26:36+00:00","mainEntityOfPage":{"@id":"https:\/\/www.citycharge.eu\/ro\/o-premiera-pentru-eindhoven-si-a-doua-in-tarile-de-jos-lampa-cu-priza-pentru-incarcarea-masinilor-electrice\/"},"wordCount":555,"publisher":{"@id":"https:\/\/www.citycharge.eu\/ro\/#organization"},"image":{"@id":"https:\/\/www.citycharge.eu\/ro\/o-premiera-pentru-eindhoven-si-a-doua-in-tarile-de-jos-lampa-cu-priza-pentru-incarcarea-masinilor-electrice\/#primaryimage"},"thumbnailUrl":"https:\/\/www.citycharge.eu\/wp-content\/uploads\/2023\/01\/Wethouder-Rik-Thijs.jpeg","articleSection":["\u015etiri"],"inLanguage":"ro-RO"},{"@type":"WebPage","@id":"https:\/\/www.citycharge.eu\/ro\/o-premiera-pentru-eindhoven-si-a-doua-in-tarile-de-jos-lampa-cu-priza-pentru-incarcarea-masinilor-electrice\/","url":"https:\/\/www.citycharge.eu\/ro\/o-premiera-pentru-eindhoven-si-a-doua-in-tarile-de-jos-lampa-cu-priza-pentru-incarcarea-masinilor-electrice\/","name":"O premier\u0103 pentru Eindhoven (\u0219i a doua \u00een \u021a\u0103rile de Jos): lamp\u0103 cu priz\u0103 pentru \u00eenc\u0103rcarea ma\u0219inilor electrice - CityCharge","isPartOf":{"@id":"https:\/\/www.citycharge.eu\/ro\/#website"},"primaryImageOfPage":{"@id":"https:\/\/www.citycharge.eu\/ro\/o-premiera-pentru-eindhoven-si-a-doua-in-tarile-de-jos-lampa-cu-priza-pentru-incarcarea-masinilor-electrice\/#primaryimage"},"image":{"@id":"https:\/\/www.citycharge.eu\/ro\/o-premiera-pentru-eindhoven-si-a-doua-in-tarile-de-jos-lampa-cu-priza-pentru-incarcarea-masinilor-electrice\/#primaryimage"},"thumbnailUrl":"https:\/\/www.citycharge.eu\/wp-content\/uploads\/2023\/01\/Wethouder-Rik-Thijs.jpeg","datePublished":"2023-01-03T08:26:36+00:00","description":"O premier\u0103 pentru Eindhoven (\u0219i a doua \u00een \u021a\u0103rile de Jos): lamp\u0103 cu priz\u0103 pentru \u00eenc\u0103rcarea ma\u0219inilor electrice","breadcrumb":{"@id":"https:\/\/www.citycharge.eu\/ro\/o-premiera-pentru-eindhoven-si-a-doua-in-tarile-de-jos-lampa-cu-priza-pentru-incarcarea-masinilor-electrice\/#breadcrumb"},"inLanguage":"ro-RO","potentialAction":[{"@type":"ReadAction","target":["https:\/\/www.citycharge.eu\/ro\/o-premiera-pentru-eindhoven-si-a-doua-in-tarile-de-jos-lampa-cu-priza-pentru-incarcarea-masinilor-electrice\/"]}]},{"@type":"ImageObject","inLanguage":"ro-RO","@id":"https:\/\/www.citycharge.eu\/ro\/o-premiera-pentru-eindhoven-si-a-doua-in-tarile-de-jos-lampa-cu-priza-pentru-incarcarea-masinilor-electrice\/#primaryimage","url":"https:\/\/www.citycharge.eu\/wp-content\/uploads\/2023\/01\/Wethouder-Rik-Thijs.jpeg","contentUrl":"https:\/\/www.citycharge.eu\/wp-content\/uploads\/2023\/01\/Wethouder-Rik-Thijs.jpeg","width":1350,"height":900},{"@type":"BreadcrumbList","@id":"https:\/\/www.citycharge.eu\/ro\/o-premiera-pentru-eindhoven-si-a-doua-in-tarile-de-jos-lampa-cu-priza-pentru-incarcarea-masinilor-electrice\/#breadcrumb","itemListElement":[{"@type":"ListItem","position":1,"name":"Home","item":"https:\/\/www.citycharge.eu\/ro\/"},{"@type":"ListItem","position":2,"name":"O premier\u0103 pentru Eindhoven (\u0219i a doua \u00een \u021a\u0103rile de Jos): lamp\u0103 cu priz\u0103 pentru \u00eenc\u0103rcarea ma\u0219inilor electrice"}]},{"@type":"WebSite","@id":"https:\/\/www.citycharge.eu\/ro\/#website","url":"https:\/\/www.citycharge.eu\/ro\/","name":"CityCharge","description":"Nieuw licht op laden","publisher":{"@id":"https:\/\/www.citycharge.eu\/ro\/#organization"},"potentialAction":[{"@type":"SearchAction","target":{"@type":"EntryPoint","urlTemplate":"https:\/\/www.citycharge.eu\/ro\/?s={search_term_string}"},"query-input":{"@type":"PropertyValueSpecification","valueRequired":true,"valueName":"search_term_string"}}],"inLanguage":"ro-RO"},{"@type":"Organization","@id":"https:\/\/www.citycharge.eu\/ro\/#organization","name":"CityCharge","url":"https:\/\/www.citycharge.eu\/ro\/","logo":{"@type":"ImageObject","inLanguage":"ro-RO","@id":"https:\/\/www.citycharge.eu\/ro\/#\/schema\/logo\/image\/","url":"https:\/\/www.citycharge.eu\/wp-content\/uploads\/2024\/07\/Citycharge_payofff_white.svg","contentUrl":"https:\/\/www.citycharge.eu\/wp-content\/uploads\/2024\/07\/Citycharge_payofff_white.svg","width":1920,"height":530,"caption":"CityCharge"},"image":{"@id":"https:\/\/www.citycharge.eu\/ro\/#\/schema\/logo\/image\/"}},{"@type":"Person","@id":"https:\/\/www.citycharge.eu\/ro\/#\/schema\/person\/0a798ff10afa77f3d0c65789b5d62f17","name":"admin","image":{"@type":"ImageObject","inLanguage":"ro-RO","@id":"https:\/\/secure.gravatar.com\/avatar\/b382f2b0baf85cf8d841621555daa4ae2420c7929b964e5ca4e287310b061056?s=96&d=mm&r=g","url":"https:\/\/secure.gravatar.com\/avatar\/b382f2b0baf85cf8d841621555daa4ae2420c7929b964e5ca4e287310b061056?s=96&d=mm&r=g","contentUrl":"https:\/\/secure.gravatar.com\/avatar\/b382f2b0baf85cf8d841621555daa4ae2420c7929b964e5ca4e287310b061056?s=96&d=mm&r=g","caption":"admin"},"sameAs":["http:\/\/www.citycharge.eu"],"url":"https:\/\/www.citycharge.eu\/ro\/author\/admin\/"}]}},"_links":{"self":[{"href":"https:\/\/www.citycharge.eu\/ro\/wp-json\/wp\/v2\/posts\/9829","targetHints":{"allow":["GET"]}}],"collection":[{"href":"https:\/\/www.citycharge.eu\/ro\/wp-json\/wp\/v2\/posts"}],"about":[{"href":"https:\/\/www.citycharge.eu\/ro\/wp-json\/wp\/v2\/types\/post"}],"author":[{"embeddable":true,"href":"https:\/\/www.citycharge.eu\/ro\/wp-json\/wp\/v2\/users\/1"}],"replies":[{"embeddable":true,"href":"https:\/\/www.citycharge.eu\/ro\/wp-json\/wp\/v2\/comments?post=9829"}],"version-history":[{"count":0,"href":"https:\/\/www.citycharge.eu\/ro\/wp-json\/wp\/v2\/posts\/9829\/revisions"}],"wp:featuredmedia":[{"embeddable":true,"href":"https:\/\/www.citycharge.eu\/ro\/wp-json\/wp\/v2\/media\/8338"}],"wp:attachment":[{"href":"https:\/\/www.citycharge.eu\/ro\/wp-json\/wp\/v2\/media?parent=9829"}],"wp:term":[{"taxonomy":"category","embeddable":true,"href":"https:\/\/www.citycharge.eu\/ro\/wp-json\/wp\/v2\/categories?post=9829"},{"taxonomy":"post_tag","embeddable":true,"href":"https:\/\/www.citycharge.eu\/ro\/wp-json\/wp\/v2\/tags?post=9829"}],"curies":[{"name":"wp","href":"https:\/\/api.w.org\/{rel}","templated":true}]}}