{"id":11714,"date":"2026-03-18T14:56:04","date_gmt":"2026-03-18T14:56:04","guid":{"rendered":"https:\/\/www.citycharge.eu\/laddstation-i-frankrike\/"},"modified":"2026-03-18T15:08:07","modified_gmt":"2026-03-18T15:08:07","slug":"laddstation-i-frankrike","status":"publish","type":"post","link":"https:\/\/www.citycharge.eu\/sv\/laddstation-i-frankrike\/","title":{"rendered":"Laddstation i Frankrike"},"content":{"rendered":"\t\t<div data-elementor-type=\"wp-post\" data-elementor-id=\"11714\" class=\"elementor elementor-11714 elementor-11668\" data-elementor-post-type=\"post\">\n\t\t\t\t<div class=\"elementor-element elementor-element-8960bec e-flex e-con-boxed e-con e-parent\" data-id=\"8960bec\" data-element_type=\"container\" data-e-type=\"container\" data-settings=\"{&quot;background_background&quot;:&quot;classic&quot;}\">\n\t\t\t\t\t<div class=\"e-con-inner\">\n\t\t\t\t<div class=\"elementor-element elementor-element-1b1513c elementor-widget elementor-widget-heading\" data-id=\"1b1513c\" data-element_type=\"widget\" data-e-type=\"widget\" data-widget_type=\"heading.default\">\n\t\t\t\t<div class=\"elementor-widget-container\">\n\t\t\t\t\t<h1 class=\"elementor-heading-title elementor-size-default\">Laddstation i Frankrike<\/h1>\t\t\t\t<\/div>\n\t\t\t\t<\/div>\n\t\t\t\t\t<\/div>\n\t\t\t\t<\/div>\n\t\t<div class=\"elementor-element elementor-element-e98a54e e-flex e-con-boxed e-con e-parent\" data-id=\"e98a54e\" data-element_type=\"container\" data-e-type=\"container\" data-settings=\"{&quot;background_background&quot;:&quot;classic&quot;}\">\n\t\t\t\t\t<div class=\"e-con-inner\">\n\t\t<div class=\"elementor-element elementor-element-4251ba8 e-con-full e-flex e-con e-child\" data-id=\"4251ba8\" data-element_type=\"container\" data-e-type=\"container\">\n\t\t\t\t<div class=\"elementor-element elementor-element-051fab9 elementor-widget elementor-widget-heading\" data-id=\"051fab9\" data-element_type=\"widget\" data-e-type=\"widget\" data-widget_type=\"heading.default\">\n\t\t\t\t<div class=\"elementor-widget-container\">\n\t\t\t\t\t<h2 class=\"elementor-heading-title elementor-size-default\">F\u00f6rst i Frankrike: CityCharge \u00f6ppnar sin f\u00f6rsta laddningsstation i Beauvais<\/h2>\t\t\t\t<\/div>\n\t\t\t\t<\/div>\n\t\t\t\t<div class=\"elementor-element elementor-element-ec87575 elementor-widget elementor-widget-text-editor\" data-id=\"ec87575\" data-element_type=\"widget\" data-e-type=\"widget\" data-widget_type=\"text-editor.default\">\n\t\t\t\t<div class=\"elementor-widget-container\">\n\t\t\t\t\t\t\t\t\t<div class=\"summary\"><p><strong>CityCharge expanderar sin internationella n\u00e4rvaro till Frankrike. I samarbete med regionen Hauts-de-France och n\u00e4toperat\u00f6ren SE60 \u00f6ppnades den f\u00f6rsta innovativa laddplatsen officiellt den 6 mars. Detta projekt banar v\u00e4g f\u00f6r en storskalig utrullning i norra Frankrike.  <\/strong><\/p><\/div>\t\t\t\t\t\t\t\t<\/div>\n\t\t\t\t<\/div>\n\t\t\t\t<div class=\"elementor-element elementor-element-d0dadbd elementor-align-left animated-fast elementor-invisible elementor-widget elementor-widget-button\" data-id=\"d0dadbd\" data-element_type=\"widget\" data-e-type=\"widget\" data-settings=\"{&quot;_animation&quot;:&quot;zoomIn&quot;}\" data-widget_type=\"button.default\">\n\t\t\t\t<div class=\"elementor-widget-container\">\n\t\t\t\t\t\t\t\t\t<div class=\"elementor-button-wrapper\">\n\t\t\t\t\t<a class=\"elementor-button elementor-button-link elementor-size-sm\" href=\"https:\/\/www.citycharge.eu\/sv\/kontakta\/\">\n\t\t\t\t\t\t<span class=\"elementor-button-content-wrapper\">\n\t\t\t\t\t\t\t\t\t<span class=\"elementor-button-text\">Beg\u00e4r en konsultation<\/span>\n\t\t\t\t\t<\/span>\n\t\t\t\t\t<\/a>\n\t\t\t\t<\/div>\n\t\t\t\t\t\t\t\t<\/div>\n\t\t\t\t<\/div>\n\t\t\t\t<\/div>\n\t\t\t\t\t<\/div>\n\t\t\t\t<\/div>\n\t\t<div class=\"elementor-element elementor-element-6bd6769 e-flex e-con-boxed e-con e-parent\" data-id=\"6bd6769\" data-element_type=\"container\" data-e-type=\"container\" data-settings=\"{&quot;background_background&quot;:&quot;classic&quot;}\">\n\t\t\t\t\t<div class=\"e-con-inner\">\n\t\t<div class=\"elementor-element elementor-element-c30a178 e-con-full e-flex e-con e-child\" data-id=\"c30a178\" data-element_type=\"container\" data-e-type=\"container\">\n\t\t\t\t<div class=\"elementor-element elementor-element-6c59f4d elementor-widget elementor-widget-heading\" data-id=\"6c59f4d\" data-element_type=\"widget\" data-e-type=\"widget\" data-widget_type=\"heading.default\">\n\t\t\t\t<div class=\"elementor-widget-container\">\n\t\t\t\t\t<h2 class=\"elementor-heading-title elementor-size-default\">Projektet i korthet<\/h2>\t\t\t\t<\/div>\n\t\t\t\t<\/div>\n\t\t\t\t<div class=\"elementor-element elementor-element-90c85b2 elementor-widget elementor-widget-text-editor\" data-id=\"90c85b2\" data-element_type=\"widget\" data-e-type=\"widget\" data-widget_type=\"text-editor.default\">\n\t\t\t\t<div class=\"elementor-widget-container\">\n\t\t\t\t\t\t\t\t\t<p data-path-to-node=\"7\">Efter intensiva f\u00f6rberedelser p\u00e5 12 m\u00e5nader med partners som RVO och den nederl\u00e4ndska ambassaden i Paris \u00e4r staden Beauvais den f\u00f6rsta franska platsen som anv\u00e4nder CityCharge-teknik. Invigningen genomf\u00f6rdes officiellt av Eric Guerin (ordf\u00f6rande SE60) och Chanez Herbanne (fullm\u00e4ktigeledamot f\u00f6r regionen Hauts-de-France). <\/p>\t\t\t\t\t\t\t\t<\/div>\n\t\t\t\t<\/div>\n\t\t\t\t<div class=\"elementor-element elementor-element-09664a2 elementor-widget elementor-widget-heading\" data-id=\"09664a2\" data-element_type=\"widget\" data-e-type=\"widget\" data-widget_type=\"heading.default\">\n\t\t\t\t<div class=\"elementor-widget-container\">\n\t\t\t\t\t<h2 class=\"elementor-heading-title elementor-size-default\">Varf\u00f6r det h\u00e4r projektet \u00e4r unikt:<\/h2>\t\t\t\t<\/div>\n\t\t\t\t<\/div>\n\t\t\t\t<div class=\"elementor-element elementor-element-49ac6d1 elementor-widget elementor-widget-text-editor\" data-id=\"49ac6d1\" data-element_type=\"widget\" data-e-type=\"widget\" data-widget_type=\"text-editor.default\">\n\t\t\t\t<div class=\"elementor-widget-container\">\n\t\t\t\t\t\t\t\t\t<ul data-path-to-node=\"9\"><li><p data-path-to-node=\"9,0,0\"><b data-path-to-node=\"9,0,0\" data-index-in-node=\"0\">Integration med &#8217;PassPass&#8217;:<\/b> Anv\u00e4ndare kan nu ladda sina elbilar med det v\u00e4lk\u00e4nda mobilitetspasset som \u00e4ven anv\u00e4nds f\u00f6r buss, sp\u00e5rvagn och tunnelbana i norra Frankrike.<\/p><\/li><li><p data-path-to-node=\"9,1,0\"><b data-path-to-node=\"9,1,0\" data-index-in-node=\"0\">Smart anv\u00e4ndning av utrymme:<\/b> De distinkta CityCharge-laddstolparna valdes, vilket g\u00f6r att laddinfrastruktur och gatubelysning kan sm\u00e4lta samman s\u00f6ml\u00f6st.<\/p><\/li><li><p data-path-to-node=\"9,2,0\"><b data-path-to-node=\"9,2,0\" data-index-in-node=\"0\">Strategiskt partnerskap:<\/b> Med denna \u00f6ppning agerar CityCharge som en <i data-path-to-node=\"9,2,0\" data-index-in-node=\"66\">prioriterad leverant\u00f6r<\/i> f\u00f6r \u00f6ver 6 000 kommuner i regionen.<\/p><\/li><\/ul><blockquote data-path-to-node=\"10\"><p data-path-to-node=\"10,0\">Detta steg markerar inte bara v\u00e5rt intr\u00e4de p\u00e5 den franska marknaden, utan bevisar ocks\u00e5 att v\u00e5ra integrerade laddningsl\u00f6sningar perfekt \u00f6verensst\u00e4mmer med europeiska ambitioner f\u00f6r smart urban mobilitet.<\/p><\/blockquote>\t\t\t\t\t\t\t\t<\/div>\n\t\t\t\t<\/div>\n\t\t<div class=\"elementor-element elementor-element-b9ea699 e-con-full elementor-hidden-desktop elementor-hidden-tablet e-flex e-con e-child\" data-id=\"b9ea699\" data-element_type=\"container\" data-e-type=\"container\" data-settings=\"{&quot;background_background&quot;:&quot;classic&quot;}\">\n\t\t\t\t<\/div>\n\t\t\t\t<\/div>\n\t\t<div class=\"elementor-element elementor-element-60453a9 e-con-full elementor-hidden-tablet elementor-hidden-mobile e-flex e-con e-child\" data-id=\"60453a9\" data-element_type=\"container\" data-e-type=\"container\" data-settings=\"{&quot;background_background&quot;:&quot;classic&quot;}\">\n\t\t\t\t<\/div>\n\t\t\t\t\t<\/div>\n\t\t\t\t<\/div>\n\t\t<div class=\"elementor-element elementor-element-7b9b78c e-flex e-con-boxed e-con e-parent\" data-id=\"7b9b78c\" data-element_type=\"container\" data-e-type=\"container\" data-settings=\"{&quot;background_background&quot;:&quot;classic&quot;}\">\n\t\t\t\t\t<div class=\"e-con-inner\">\n\t\t<div class=\"elementor-element elementor-element-a7032f7 e-con-full e-flex e-con e-child\" data-id=\"a7032f7\" data-element_type=\"container\" data-e-type=\"container\" data-settings=\"{&quot;background_background&quot;:&quot;classic&quot;}\">\n\t\t<div class=\"elementor-element elementor-element-1ddb098 e-flex e-con-boxed e-con e-child\" data-id=\"1ddb098\" data-element_type=\"container\" data-e-type=\"container\">\n\t\t\t\t\t<div class=\"e-con-inner\">\n\t\t<div class=\"elementor-element elementor-element-e51556b e-flex e-con-boxed e-con e-child\" data-id=\"e51556b\" data-element_type=\"container\" data-e-type=\"container\">\n\t\t\t\t\t<div class=\"e-con-inner\">\n\t\t\t\t<div class=\"elementor-element elementor-element-f7d38c1 elementor-widget elementor-widget-heading\" data-id=\"f7d38c1\" data-element_type=\"widget\" data-e-type=\"widget\" data-widget_type=\"heading.default\">\n\t\t\t\t<div class=\"elementor-widget-container\">\n\t\t\t\t\t<p class=\"elementor-heading-title elementor-size-default\">\"Med CityCharge \u00e4r laddningen enkel och bekymmersfri. Det \u00e4r s\u00e5 det ska vara.\u201d<\/p>\t\t\t\t<\/div>\n\t\t\t\t<\/div>\n\t\t\t\t\t<\/div>\n\t\t\t\t<\/div>\n\t\t\t\t\t<\/div>\n\t\t\t\t<\/div>\n\t\t\t\t<\/div>\n\t\t<div class=\"elementor-element elementor-element-e04f1fe e-con-full e-flex e-con e-child\" data-id=\"e04f1fe\" data-element_type=\"container\" data-e-type=\"container\">\n\t\t\t\t<div class=\"elementor-element elementor-element-f238dbc elementor-widget elementor-widget-heading\" data-id=\"f238dbc\" data-element_type=\"widget\" data-e-type=\"widget\" data-widget_type=\"heading.default\">\n\t\t\t\t<div class=\"elementor-widget-container\">\n\t\t\t\t\t<h2 class=\"elementor-heading-title elementor-size-default\">Vill du ocks\u00e5 ladda bekymmersfritt?<\/h2>\t\t\t\t<\/div>\n\t\t\t\t<\/div>\n\t\t\t\t<div class=\"elementor-element elementor-element-f22513c elementor-widget elementor-widget-text-editor\" data-id=\"f22513c\" data-element_type=\"widget\" data-e-type=\"widget\" data-widget_type=\"text-editor.default\">\n\t\t\t\t<div class=\"elementor-widget-container\">\n\t\t\t\t\t\t\t\t\t<p>\u00c4r du nyfiken p\u00e5 vad CityCharge kan g\u00f6ra f\u00f6r din kommun eller ditt projekt?\nVi ber\u00e4ttar g\u00e4rna om m\u00f6jligheterna.   <\/p>\t\t\t\t\t\t\t\t<\/div>\n\t\t\t\t<\/div>\n\t\t\t\t<div class=\"elementor-element elementor-element-870f390 elementor-widget elementor-widget-text-editor\" data-id=\"870f390\" data-element_type=\"widget\" data-e-type=\"widget\" data-widget_type=\"text-editor.default\">\n\t\t\t\t<div class=\"elementor-widget-container\">\n\t\t\t\t\t\t\t\t\t<p><strong>Kontakta n\u00e5gon av v\u00e5ra r\u00e5dgivare.<\/strong><\/p>\t\t\t\t\t\t\t\t<\/div>\n\t\t\t\t<\/div>\n\t\t\t\t<div class=\"elementor-element elementor-element-7e81c61 elementor-mobile-align-left elementor-widget elementor-widget-button\" data-id=\"7e81c61\" data-element_type=\"widget\" data-e-type=\"widget\" data-widget_type=\"button.default\">\n\t\t\t\t<div class=\"elementor-widget-container\">\n\t\t\t\t\t\t\t\t\t<div class=\"elementor-button-wrapper\">\n\t\t\t\t\t<a class=\"elementor-button elementor-button-link elementor-size-sm\" href=\"#\">\n\t\t\t\t\t\t<span class=\"elementor-button-content-wrapper\">\n\t\t\t\t\t\t<span class=\"elementor-button-icon\">\n\t\t\t\t<svg aria-hidden=\"true\" class=\"e-font-icon-svg e-fas-phone-alt\" viewBox=\"0 0 512 512\" xmlns=\"http:\/\/www.w3.org\/2000\/svg\"><path d=\"M497.39 361.8l-112-48a24 24 0 0 0-28 6.9l-49.6 60.6A370.66 370.66 0 0 1 130.6 204.11l60.6-49.6a23.94 23.94 0 0 0 6.9-28l-48-112A24.16 24.16 0 0 0 122.6.61l-104 24A24 24 0 0 0 0 48c0 256.5 207.9 464 464 464a24 24 0 0 0 23.4-18.6l24-104a24.29 24.29 0 0 0-14.01-27.6z\"><\/path><\/svg>\t\t\t<\/span>\n\t\t\t\t\t\t\t\t\t<span class=\"elementor-button-text\">085-0716620<\/span>\n\t\t\t\t\t<\/span>\n\t\t\t\t\t<\/a>\n\t\t\t\t<\/div>\n\t\t\t\t\t\t\t\t<\/div>\n\t\t\t\t<\/div>\n\t\t\t\t<div class=\"elementor-element elementor-element-e7152c3 elementor-align-left animated-fast elementor-invisible elementor-widget elementor-widget-button\" data-id=\"e7152c3\" data-element_type=\"widget\" data-e-type=\"widget\" data-settings=\"{&quot;_animation&quot;:&quot;zoomIn&quot;}\" data-widget_type=\"button.default\">\n\t\t\t\t<div class=\"elementor-widget-container\">\n\t\t\t\t\t\t\t\t\t<div class=\"elementor-button-wrapper\">\n\t\t\t\t\t<a class=\"elementor-button elementor-button-link elementor-size-sm\" href=\"https:\/\/www.citycharge.eu\/sv\/kontakta\/\">\n\t\t\t\t\t\t<span class=\"elementor-button-content-wrapper\">\n\t\t\t\t\t\t\t\t\t<span class=\"elementor-button-text\">Kontakta<\/span>\n\t\t\t\t\t<\/span>\n\t\t\t\t\t<\/a>\n\t\t\t\t<\/div>\n\t\t\t\t\t\t\t\t<\/div>\n\t\t\t\t<\/div>\n\t\t\t\t<\/div>\n\t\t\t\t\t<\/div>\n\t\t\t\t<\/div>\n\t\t\t\t<\/div>\n\t\t","protected":false},"excerpt":{"rendered":"<p>Laddstation i Frankrike F\u00f6rst i Frankrike: CityCharge \u00f6ppnar sin f\u00f6rsta laddningsstation i Beauvais CityCharge expanderar sin internationella n\u00e4rvaro till Frankrike. I samarbete med regionen Hauts-de-France och n\u00e4toperat\u00f6ren SE60 \u00f6ppnades den f\u00f6rsta innovativa laddplatsen officiellt den 6 mars. Detta projekt banar v\u00e4g f\u00f6r en storskalig utrullning i norra Frankrike. Beg\u00e4r en konsultation Projektet i korthet Efter [&hellip;]<\/p>\n","protected":false},"author":2,"featured_media":0,"comment_status":"closed","ping_status":"closed","sticky":false,"template":"elementor_header_footer","format":"standard","meta":{"_acf_changed":false,"footnotes":""},"categories":[67],"tags":[],"class_list":["post-11714","post","type-post","status-publish","format-standard","hentry","category-fall"],"acf":[],"yoast_head":"<!-- This site is optimized with the Yoast SEO plugin v27.5 - https:\/\/yoast.com\/product\/yoast-seo-wordpress\/ -->\n<title>Laddstation i Frankrike - CityCharge<\/title>\n<meta name=\"description\" content=\"I samarbete med SE60 \u00f6ppnar CityCharge sin f\u00f6rsta franska laddplats. Smart laddning via lyktstolpar, nu \u00e4ven kopplad till PassPass.\" \/>\n<meta name=\"robots\" content=\"index, follow, max-snippet:-1, max-image-preview:large, max-video-preview:-1\" \/>\n<link rel=\"canonical\" href=\"https:\/\/www.citycharge.eu\/sv\/laddstation-i-frankrike\/\" \/>\n<meta property=\"og:locale\" content=\"sv_SE\" \/>\n<meta property=\"og:type\" content=\"article\" \/>\n<meta property=\"og:title\" content=\"Laddstation i Frankrike - CityCharge\" \/>\n<meta property=\"og:description\" content=\"I samarbete med SE60 \u00f6ppnar CityCharge sin f\u00f6rsta franska laddplats. Smart laddning via lyktstolpar, nu \u00e4ven kopplad till PassPass.\" \/>\n<meta property=\"og:url\" content=\"https:\/\/www.citycharge.eu\/sv\/laddstation-i-frankrike\/\" \/>\n<meta property=\"og:site_name\" content=\"CityCharge\" \/>\n<meta property=\"article:published_time\" content=\"2026-03-18T14:56:04+00:00\" \/>\n<meta property=\"article:modified_time\" content=\"2026-03-18T15:08:07+00:00\" \/>\n<meta name=\"author\" content=\"Danique\" \/>\n<meta name=\"twitter:card\" content=\"summary_large_image\" \/>\n<meta name=\"twitter:label1\" content=\"Skriven av\" \/>\n\t<meta name=\"twitter:data1\" content=\"Danique\" \/>\n\t<meta name=\"twitter:label2\" content=\"Ber\u00e4knad l\u00e4stid\" \/>\n\t<meta name=\"twitter:data2\" content=\"1 minut\" \/>\n<script type=\"application\/ld+json\" class=\"yoast-schema-graph\">{\"@context\":\"https:\\\/\\\/schema.org\",\"@graph\":[{\"@type\":\"Article\",\"@id\":\"https:\\\/\\\/www.citycharge.eu\\\/sv\\\/laddstation-i-frankrike\\\/#article\",\"isPartOf\":{\"@id\":\"https:\\\/\\\/www.citycharge.eu\\\/sv\\\/laddstation-i-frankrike\\\/\"},\"author\":{\"name\":\"Danique\",\"@id\":\"https:\\\/\\\/www.citycharge.eu\\\/sv\\\/#\\\/schema\\\/person\\\/139ed150cae75a3610198856265ef602\"},\"headline\":\"Laddstation i Frankrike\",\"datePublished\":\"2026-03-18T14:56:04+00:00\",\"dateModified\":\"2026-03-18T15:08:07+00:00\",\"mainEntityOfPage\":{\"@id\":\"https:\\\/\\\/www.citycharge.eu\\\/sv\\\/laddstation-i-frankrike\\\/\"},\"wordCount\":278,\"publisher\":{\"@id\":\"https:\\\/\\\/www.citycharge.eu\\\/sv\\\/#organization\"},\"articleSection\":[\"Fall\"],\"inLanguage\":\"sv-SE\"},{\"@type\":\"WebPage\",\"@id\":\"https:\\\/\\\/www.citycharge.eu\\\/sv\\\/laddstation-i-frankrike\\\/\",\"url\":\"https:\\\/\\\/www.citycharge.eu\\\/sv\\\/laddstation-i-frankrike\\\/\",\"name\":\"Laddstation i Frankrike - CityCharge\",\"isPartOf\":{\"@id\":\"https:\\\/\\\/www.citycharge.eu\\\/sv\\\/#website\"},\"datePublished\":\"2026-03-18T14:56:04+00:00\",\"dateModified\":\"2026-03-18T15:08:07+00:00\",\"description\":\"I samarbete med SE60 \u00f6ppnar CityCharge sin f\u00f6rsta franska laddplats. Smart laddning via lyktstolpar, nu \u00e4ven kopplad till PassPass.\",\"breadcrumb\":{\"@id\":\"https:\\\/\\\/www.citycharge.eu\\\/sv\\\/laddstation-i-frankrike\\\/#breadcrumb\"},\"inLanguage\":\"sv-SE\",\"potentialAction\":[{\"@type\":\"ReadAction\",\"target\":[\"https:\\\/\\\/www.citycharge.eu\\\/sv\\\/laddstation-i-frankrike\\\/\"]}]},{\"@type\":\"BreadcrumbList\",\"@id\":\"https:\\\/\\\/www.citycharge.eu\\\/sv\\\/laddstation-i-frankrike\\\/#breadcrumb\",\"itemListElement\":[{\"@type\":\"ListItem\",\"position\":1,\"name\":\"Home\",\"item\":\"https:\\\/\\\/www.citycharge.eu\\\/sv\\\/\"},{\"@type\":\"ListItem\",\"position\":2,\"name\":\"Laddstation i Frankrike\"}]},{\"@type\":\"WebSite\",\"@id\":\"https:\\\/\\\/www.citycharge.eu\\\/sv\\\/#website\",\"url\":\"https:\\\/\\\/www.citycharge.eu\\\/sv\\\/\",\"name\":\"CityCharge\",\"description\":\"Nieuw licht op laden\",\"publisher\":{\"@id\":\"https:\\\/\\\/www.citycharge.eu\\\/sv\\\/#organization\"},\"potentialAction\":[{\"@type\":\"SearchAction\",\"target\":{\"@type\":\"EntryPoint\",\"urlTemplate\":\"https:\\\/\\\/www.citycharge.eu\\\/sv\\\/?s={search_term_string}\"},\"query-input\":{\"@type\":\"PropertyValueSpecification\",\"valueRequired\":true,\"valueName\":\"search_term_string\"}}],\"inLanguage\":\"sv-SE\"},{\"@type\":\"Organization\",\"@id\":\"https:\\\/\\\/www.citycharge.eu\\\/sv\\\/#organization\",\"name\":\"CityCharge\",\"url\":\"https:\\\/\\\/www.citycharge.eu\\\/sv\\\/\",\"logo\":{\"@type\":\"ImageObject\",\"inLanguage\":\"sv-SE\",\"@id\":\"https:\\\/\\\/www.citycharge.eu\\\/sv\\\/#\\\/schema\\\/logo\\\/image\\\/\",\"url\":\"https:\\\/\\\/www.citycharge.eu\\\/wp-content\\\/uploads\\\/2024\\\/07\\\/Citycharge_payofff_white.svg\",\"contentUrl\":\"https:\\\/\\\/www.citycharge.eu\\\/wp-content\\\/uploads\\\/2024\\\/07\\\/Citycharge_payofff_white.svg\",\"width\":1920,\"height\":530,\"caption\":\"CityCharge\"},\"image\":{\"@id\":\"https:\\\/\\\/www.citycharge.eu\\\/sv\\\/#\\\/schema\\\/logo\\\/image\\\/\"}},{\"@type\":\"Person\",\"@id\":\"https:\\\/\\\/www.citycharge.eu\\\/sv\\\/#\\\/schema\\\/person\\\/139ed150cae75a3610198856265ef602\",\"name\":\"Danique\",\"image\":{\"@type\":\"ImageObject\",\"inLanguage\":\"sv-SE\",\"@id\":\"https:\\\/\\\/secure.gravatar.com\\\/avatar\\\/2f3292a2b91653394d5be1d0518dec168aeade35a36c003959a83a0e10a262fb?s=96&d=mm&r=g\",\"url\":\"https:\\\/\\\/secure.gravatar.com\\\/avatar\\\/2f3292a2b91653394d5be1d0518dec168aeade35a36c003959a83a0e10a262fb?s=96&d=mm&r=g\",\"contentUrl\":\"https:\\\/\\\/secure.gravatar.com\\\/avatar\\\/2f3292a2b91653394d5be1d0518dec168aeade35a36c003959a83a0e10a262fb?s=96&d=mm&r=g\",\"caption\":\"Danique\"},\"url\":\"https:\\\/\\\/www.citycharge.eu\\\/sv\\\/author\\\/danique\\\/\"}]}<\/script>\n<!-- \/ Yoast SEO plugin. -->","yoast_head_json":{"title":"Laddstation i Frankrike - CityCharge","description":"I samarbete med SE60 \u00f6ppnar CityCharge sin f\u00f6rsta franska laddplats. Smart laddning via lyktstolpar, nu \u00e4ven kopplad till PassPass.","robots":{"index":"index","follow":"follow","max-snippet":"max-snippet:-1","max-image-preview":"max-image-preview:large","max-video-preview":"max-video-preview:-1"},"canonical":"https:\/\/www.citycharge.eu\/sv\/laddstation-i-frankrike\/","og_locale":"sv_SE","og_type":"article","og_title":"Laddstation i Frankrike - CityCharge","og_description":"I samarbete med SE60 \u00f6ppnar CityCharge sin f\u00f6rsta franska laddplats. Smart laddning via lyktstolpar, nu \u00e4ven kopplad till PassPass.","og_url":"https:\/\/www.citycharge.eu\/sv\/laddstation-i-frankrike\/","og_site_name":"CityCharge","article_published_time":"2026-03-18T14:56:04+00:00","article_modified_time":"2026-03-18T15:08:07+00:00","author":"Danique","twitter_card":"summary_large_image","twitter_misc":{"Skriven av":"Danique","Ber\u00e4knad l\u00e4stid":"1 minut"},"schema":{"@context":"https:\/\/schema.org","@graph":[{"@type":"Article","@id":"https:\/\/www.citycharge.eu\/sv\/laddstation-i-frankrike\/#article","isPartOf":{"@id":"https:\/\/www.citycharge.eu\/sv\/laddstation-i-frankrike\/"},"author":{"name":"Danique","@id":"https:\/\/www.citycharge.eu\/sv\/#\/schema\/person\/139ed150cae75a3610198856265ef602"},"headline":"Laddstation i Frankrike","datePublished":"2026-03-18T14:56:04+00:00","dateModified":"2026-03-18T15:08:07+00:00","mainEntityOfPage":{"@id":"https:\/\/www.citycharge.eu\/sv\/laddstation-i-frankrike\/"},"wordCount":278,"publisher":{"@id":"https:\/\/www.citycharge.eu\/sv\/#organization"},"articleSection":["Fall"],"inLanguage":"sv-SE"},{"@type":"WebPage","@id":"https:\/\/www.citycharge.eu\/sv\/laddstation-i-frankrike\/","url":"https:\/\/www.citycharge.eu\/sv\/laddstation-i-frankrike\/","name":"Laddstation i Frankrike - CityCharge","isPartOf":{"@id":"https:\/\/www.citycharge.eu\/sv\/#website"},"datePublished":"2026-03-18T14:56:04+00:00","dateModified":"2026-03-18T15:08:07+00:00","description":"I samarbete med SE60 \u00f6ppnar CityCharge sin f\u00f6rsta franska laddplats. Smart laddning via lyktstolpar, nu \u00e4ven kopplad till PassPass.","breadcrumb":{"@id":"https:\/\/www.citycharge.eu\/sv\/laddstation-i-frankrike\/#breadcrumb"},"inLanguage":"sv-SE","potentialAction":[{"@type":"ReadAction","target":["https:\/\/www.citycharge.eu\/sv\/laddstation-i-frankrike\/"]}]},{"@type":"BreadcrumbList","@id":"https:\/\/www.citycharge.eu\/sv\/laddstation-i-frankrike\/#breadcrumb","itemListElement":[{"@type":"ListItem","position":1,"name":"Home","item":"https:\/\/www.citycharge.eu\/sv\/"},{"@type":"ListItem","position":2,"name":"Laddstation i Frankrike"}]},{"@type":"WebSite","@id":"https:\/\/www.citycharge.eu\/sv\/#website","url":"https:\/\/www.citycharge.eu\/sv\/","name":"CityCharge","description":"Nieuw licht op laden","publisher":{"@id":"https:\/\/www.citycharge.eu\/sv\/#organization"},"potentialAction":[{"@type":"SearchAction","target":{"@type":"EntryPoint","urlTemplate":"https:\/\/www.citycharge.eu\/sv\/?s={search_term_string}"},"query-input":{"@type":"PropertyValueSpecification","valueRequired":true,"valueName":"search_term_string"}}],"inLanguage":"sv-SE"},{"@type":"Organization","@id":"https:\/\/www.citycharge.eu\/sv\/#organization","name":"CityCharge","url":"https:\/\/www.citycharge.eu\/sv\/","logo":{"@type":"ImageObject","inLanguage":"sv-SE","@id":"https:\/\/www.citycharge.eu\/sv\/#\/schema\/logo\/image\/","url":"https:\/\/www.citycharge.eu\/wp-content\/uploads\/2024\/07\/Citycharge_payofff_white.svg","contentUrl":"https:\/\/www.citycharge.eu\/wp-content\/uploads\/2024\/07\/Citycharge_payofff_white.svg","width":1920,"height":530,"caption":"CityCharge"},"image":{"@id":"https:\/\/www.citycharge.eu\/sv\/#\/schema\/logo\/image\/"}},{"@type":"Person","@id":"https:\/\/www.citycharge.eu\/sv\/#\/schema\/person\/139ed150cae75a3610198856265ef602","name":"Danique","image":{"@type":"ImageObject","inLanguage":"sv-SE","@id":"https:\/\/secure.gravatar.com\/avatar\/2f3292a2b91653394d5be1d0518dec168aeade35a36c003959a83a0e10a262fb?s=96&d=mm&r=g","url":"https:\/\/secure.gravatar.com\/avatar\/2f3292a2b91653394d5be1d0518dec168aeade35a36c003959a83a0e10a262fb?s=96&d=mm&r=g","contentUrl":"https:\/\/secure.gravatar.com\/avatar\/2f3292a2b91653394d5be1d0518dec168aeade35a36c003959a83a0e10a262fb?s=96&d=mm&r=g","caption":"Danique"},"url":"https:\/\/www.citycharge.eu\/sv\/author\/danique\/"}]}},"_links":{"self":[{"href":"https:\/\/www.citycharge.eu\/sv\/wp-json\/wp\/v2\/posts\/11714","targetHints":{"allow":["GET"]}}],"collection":[{"href":"https:\/\/www.citycharge.eu\/sv\/wp-json\/wp\/v2\/posts"}],"about":[{"href":"https:\/\/www.citycharge.eu\/sv\/wp-json\/wp\/v2\/types\/post"}],"author":[{"embeddable":true,"href":"https:\/\/www.citycharge.eu\/sv\/wp-json\/wp\/v2\/users\/2"}],"replies":[{"embeddable":true,"href":"https:\/\/www.citycharge.eu\/sv\/wp-json\/wp\/v2\/comments?post=11714"}],"version-history":[{"count":1,"href":"https:\/\/www.citycharge.eu\/sv\/wp-json\/wp\/v2\/posts\/11714\/revisions"}],"predecessor-version":[{"id":11715,"href":"https:\/\/www.citycharge.eu\/sv\/wp-json\/wp\/v2\/posts\/11714\/revisions\/11715"}],"wp:attachment":[{"href":"https:\/\/www.citycharge.eu\/sv\/wp-json\/wp\/v2\/media?parent=11714"}],"wp:term":[{"taxonomy":"category","embeddable":true,"href":"https:\/\/www.citycharge.eu\/sv\/wp-json\/wp\/v2\/categories?post=11714"},{"taxonomy":"post_tag","embeddable":true,"href":"https:\/\/www.citycharge.eu\/sv\/wp-json\/wp\/v2\/tags?post=11714"}],"curies":[{"name":"wp","href":"https:\/\/api.w.org\/{rel}","templated":true}]}}