{"id":9734,"date":"2024-12-19T11:31:03","date_gmt":"2024-12-19T11:31:03","guid":{"rendered":"https:\/\/www.citycharge.eu\/oostnl-investering-for-smarta-laddpunkter-i-lyktstolpar\/"},"modified":"2024-12-19T11:31:03","modified_gmt":"2024-12-19T11:31:03","slug":"oostnl-investering-for-smarta-laddpunkter-i-lyktstolpar","status":"publish","type":"post","link":"https:\/\/www.citycharge.eu\/sv\/oostnl-investering-for-smarta-laddpunkter-i-lyktstolpar\/","title":{"rendered":"OostNL: Investering f\u00f6r smarta laddpunkter i lyktstolpar"},"content":{"rendered":"<p><img fetchpriority=\"high\" decoding=\"async\" class=\"alignnone wp-image-7232 size-full\" src=\"https:\/\/www.citycharge.eu\/wp-content\/uploads\/2024\/12\/Investering-voor-slimme-laadpunten-2.jpg\" alt=\"\" width=\"2240\" height=\"1260\" srcset=\"https:\/\/www.citycharge.eu\/wp-content\/uploads\/2024\/12\/Investering-voor-slimme-laadpunten-2.jpg 2240w, https:\/\/www.citycharge.eu\/wp-content\/uploads\/2024\/12\/Investering-voor-slimme-laadpunten-2-300x169.jpg 300w, https:\/\/www.citycharge.eu\/wp-content\/uploads\/2024\/12\/Investering-voor-slimme-laadpunten-2-1024x576.jpg 1024w, https:\/\/www.citycharge.eu\/wp-content\/uploads\/2024\/12\/Investering-voor-slimme-laadpunten-2-768x432.jpg 768w, https:\/\/www.citycharge.eu\/wp-content\/uploads\/2024\/12\/Investering-voor-slimme-laadpunten-2-1536x864.jpg 1536w, https:\/\/www.citycharge.eu\/wp-content\/uploads\/2024\/12\/Investering-voor-slimme-laadpunten-2-2048x1152.jpg 2048w\" sizes=\"(max-width: 2240px) 100vw, 2240px\" \/><\/p>\n<p class=\"p2\"><i>Mer h\u00e5llbara laddpunkter och mindre st\u00f6k i gatubilden<b><img decoding=\"async\" class=\"alignright wp-image-7238 size-thumbnail\" src=\"https:\/\/www.citycharge.eu\/wp-content\/uploads\/2024\/12\/oost-nl-logo-150x150.png\" alt=\"\" width=\"150\" height=\"150\"><\/b><\/i><\/p>\n<p class=\"p3\"><b>CityCharge producerar sm\u00e5 laddpunkter f\u00f6r elbilar som \u00e4r helt integrerade i lyktstolpar. Med en investering fr\u00e5n finska Purso och innovations- och energifonden Gelderland (IEG) kan f\u00f6retaget v\u00e4xa ytterligare och f\u00f6rb\u00e4ttra sina laddpunkter. IEG \u00e4r en fond i provinsen Gelderland som f\u00f6rvaltas av Oost NL. CityCharge etablerar sig i Arnhem.   <\/b><\/p>\n<p class=\"p3\">Elk\u00f6rning \u00e4r alltmer normen. Detta kr\u00e4ver fler laddpunkter. M\u00e5nga har ingen egen uppfart vilket skapar behov av ytterligare laddplatser p\u00e5 gatan. Detta leder till en \u00f6kning av laddstationer. National Charging Infrastructure Agenda f\u00f6rutsp\u00e5r att det kommer att finnas ett behov av 4,3 miljoner laddpunkter \u00e5r 2050. Det finns nu cirka 450 000 kvar i Nederl\u00e4nderna. Med deras l\u00f6sning skapar CityCharge laddpunkter fr\u00e5n vanliga lyktstolpar. P\u00e5 s\u00e5 s\u00e4tt kan kommuner ut\u00f6ka sitt utbud av laddplatser utan att belamra gatubilden.       <\/p>\n<p class=\"p3\">Heimen Visser, vd f\u00f6r CityCharge: \u201dMed v\u00e5r innovation \u00e4r det m\u00f6jligt att anv\u00e4nda lyktstolpsplatser f\u00f6r en andra funktion, n\u00e4mligen att ladda elbilar, motorcyklar och \u00e4ven elb\u00e5tar fr\u00e5n kanalen. Det finns mer \u00e4n 3,5 miljoner lyktstolpar i Nederl\u00e4nderna, varav mer \u00e4n 400 000 \u00e4r placerade exakt mellan tv\u00e5 parkeringsplatser. Idealisk f\u00f6r att ladda tv\u00e5 bilar samtidigt, i samma hastighet som en vanlig laddstation. Dessutom \u00e4r det en mycket mer h\u00e5llbar l\u00f6sning som ger mer \u00e4n 58 % CO2-besparingar j\u00e4mf\u00f6rt med vanliga laddstationer.\u201d Laddpunkterna utvecklas och tillverkas helt och h\u00e5llet i Nederl\u00e4nderna. <\/p>\n<p class=\"p3\"><span class=\"s1\"><a href=\"https:\/\/www.citycharge.eu\/\">CityCharge<\/a><\/span> samarbetar med olika laddstationsoperat\u00f6rer (laddoperat\u00f6rer) och kommuner<span class=\"Apple-converted-space\">  <\/span>att implementera denna h\u00e5llbara laddningslyktstolpsl\u00f6sning. CityChargeR-laddningslyktstolparna \u00e4r nu installerade i mer \u00e4n 16 kommuner, inklusive Arnhem, Renkum, Zaltbommel, Alkmaar, Haarlemmermeer, Eindhoven och Oosterhout, och f\u00f6retaget f\u00e5r m\u00e5nga f\u00f6rfr\u00e5gningar fr\u00e5n utlandet. <\/p>\n<h2 class=\"p3\"><b>Investering i smarta laddpunkter f\u00f6r fortsatt tillv\u00e4xt<\/b><\/h2>\n<p class=\"p3\">Investeringen g\u00f6r att f\u00f6retaget kan g\u00e5 vidare i sin utveckling. \u201dFinansieringen hj\u00e4lper oss att implementera innovationer snabbare, skala upp v\u00e5r produktion och fokusera mer p\u00e5 att sprida l\u00f6sningen till alla kommuner i Nederl\u00e4nderna. V\u00e5r CityCharge-laddningsprodukt ska kontinuerligt ligga i framkant. Med Purso har vi en strategisk partner ombord. Och en investerare med offentlig karakt\u00e4r som Oost NL erbjuder komfort f\u00f6r potentiella offentliga kunder\u201d, s\u00e4ger Visser om den nya drivkraften f\u00f6r CityCharge. <\/p>\n<p class=\"p3\">Finska Purso, som bland annat tillverkar belysningsstolpar i aluminium, leder investeringsrundan Timo Suuriniemi, CFO p\u00e5 Purso: \u201dTillsammans kan vi p\u00e5skynda utvecklingen av belysningsstolpar och laddpunkter. Vi tittar alltid p\u00e5 hur vi kan f\u00f6rb\u00e4ttra CityChargeR-produkten ytterligare och vi unders\u00f6ker ytterligare m\u00f6jliga innovationer. Det h\u00e4r \u00e4r ett smart s\u00e4tt att m\u00f6ta den v\u00e4xande efterfr\u00e5gan p\u00e5 laddpunkter.\u201d<\/p>\n<p class=\"p3\">Jeroen Gierveld, energiinvesteringschef p\u00e5 Oost NL: &#8221;F\u00f6r en framg\u00e5ngsrik energiomst\u00e4llning m\u00e5ste transporterna bli mer h\u00e5llbara. Fler och fler bilar kommer att drivas eldrift i framtiden. Det beh\u00f6vs infrastruktur f\u00f6r det. CityCharge \u00e4r en <i>m\u00f6jligg\u00f6rare<\/i> som ger m\u00e5nga h\u00e5llbara laddpunkter. Metoden att bygga ut genom laddgator bidrar ocks\u00e5 till att motverka tr\u00e4ngsel p\u00e5 n\u00e4tet. Det \u00e4r fantastiskt att vi kan bidra till detta fr\u00e5n Gelderland Innovation and Energy Fund.\u201d     <\/p>\n<h2 class=\"p3\"><b>Etablering p\u00e5 IPKW och samarbete med regionen<\/b><\/h2>\n<p class=\"p3\">Som en del av investeringen etablerar CityCharge sig i Gelderland i <a href=\"https:\/\/www.ipkw.nl\/\"><span class=\"s1\">Kleefse Waard Industrial Park<\/span><\/a> (Cleantech Arnhem-regionen). Detta g\u00f6r f\u00f6retaget till ett v\u00e4rdefullt tillskott till ekosystemet kring laddinfrastruktur i Arnhem, inklusive f\u00f6retag som ElaadNL, Allego och Milence och de faciliteter som <a href=\"https:\/\/www.connectr.nu\/\"><span class=\"s1\">Connectr<\/span><\/a> erbjuder. <\/p>\n<p><img decoding=\"async\" class=\"alignnone wp-image-7233 size-full\" src=\"https:\/\/www.citycharge.eu\/wp-content\/uploads\/2024\/12\/Investering-voor-slimme-laadpunten.jpg\" alt=\"fr\u00e5n v\u00e4nster till h\u00f6ger Michel Versteeg, Jeroen Gierveld och Heimen Visser\" width=\"2240\" height=\"1260\" srcset=\"https:\/\/www.citycharge.eu\/wp-content\/uploads\/2024\/12\/Investering-voor-slimme-laadpunten.jpg 2240w, https:\/\/www.citycharge.eu\/wp-content\/uploads\/2024\/12\/Investering-voor-slimme-laadpunten-300x169.jpg 300w, https:\/\/www.citycharge.eu\/wp-content\/uploads\/2024\/12\/Investering-voor-slimme-laadpunten-1024x576.jpg 1024w, https:\/\/www.citycharge.eu\/wp-content\/uploads\/2024\/12\/Investering-voor-slimme-laadpunten-768x432.jpg 768w, https:\/\/www.citycharge.eu\/wp-content\/uploads\/2024\/12\/Investering-voor-slimme-laadpunten-1536x864.jpg 1536w, https:\/\/www.citycharge.eu\/wp-content\/uploads\/2024\/12\/Investering-voor-slimme-laadpunten-2048x1152.jpg 2048w\" sizes=\"(max-width: 2240px) 100vw, 2240px\" \/><\/p>\n<p class=\"p4\"><i>Fr\u00e5n v\u00e4nster till h\u00f6ger Michel Versteeg, CTO CityCharge, Jeroen Gierveld, investeringschef Oost NL och Heimen Visser, VD CityCharge<\/i><\/p>\n","protected":false},"excerpt":{"rendered":"<p>Mer h\u00e5llbara laddpunkter och mindre st\u00f6k i gatubilden CityCharge producerar sm\u00e5 laddpunkter f\u00f6r elbilar som \u00e4r helt integrerade i lyktstolpar. Med en investering fr\u00e5n finska Purso och innovations- och energifonden Gelderland (IEG) kan f\u00f6retaget v\u00e4xa ytterligare och f\u00f6rb\u00e4ttra sina laddpunkter. IEG \u00e4r en fond i provinsen Gelderland som f\u00f6rvaltas av Oost NL. CityCharge etablerar sig [&hellip;]<\/p>\n","protected":false},"author":2,"featured_media":9143,"comment_status":"open","ping_status":"open","sticky":false,"template":"","format":"standard","meta":{"_acf_changed":false,"footnotes":""},"categories":[56],"tags":[],"class_list":["post-9734","post","type-post","status-publish","format-standard","has-post-thumbnail","hentry","category-nyheter"],"acf":[],"yoast_head":"<!-- This site is optimized with the Yoast SEO plugin v27.4 - https:\/\/yoast.com\/product\/yoast-seo-wordpress\/ -->\n<title>Investering i smarta laddpunkter - CityCharge<\/title>\n<meta name=\"description\" content=\"En satsning p\u00e5 smarta laddpunkter f\u00f6r elbilar som \u00e4r helt integrerade i lyktstolpar. CityCharge har l\u00f6sningen.\" \/>\n<meta name=\"robots\" content=\"index, follow, max-snippet:-1, max-image-preview:large, max-video-preview:-1\" \/>\n<link rel=\"canonical\" href=\"https:\/\/www.citycharge.eu\/sv\/oostnl-investering-for-smarta-laddpunkter-i-lyktstolpar\/\" \/>\n<meta property=\"og:locale\" content=\"sv_SE\" \/>\n<meta property=\"og:type\" content=\"article\" \/>\n<meta property=\"og:title\" content=\"Investering i smarta laddpunkter - CityCharge\" \/>\n<meta property=\"og:description\" content=\"En satsning p\u00e5 smarta laddpunkter f\u00f6r elbilar som \u00e4r helt integrerade i lyktstolpar. CityCharge har l\u00f6sningen.\" \/>\n<meta property=\"og:url\" content=\"https:\/\/www.citycharge.eu\/sv\/oostnl-investering-for-smarta-laddpunkter-i-lyktstolpar\/\" \/>\n<meta property=\"og:site_name\" content=\"CityCharge\" \/>\n<meta property=\"article:published_time\" content=\"2024-12-19T11:31:03+00:00\" \/>\n<meta property=\"og:image\" content=\"https:\/\/www.citycharge.eu\/wp-content\/uploads\/2024\/12\/Investering-voor-slimme-laadpunten.jpg\" \/>\n\t<meta property=\"og:image:width\" content=\"2240\" \/>\n\t<meta property=\"og:image:height\" content=\"1260\" \/>\n\t<meta property=\"og:image:type\" content=\"image\/jpeg\" \/>\n<meta name=\"author\" content=\"Danique\" \/>\n<meta name=\"twitter:card\" content=\"summary_large_image\" \/>\n<meta name=\"twitter:label1\" content=\"Skriven av\" \/>\n\t<meta name=\"twitter:data1\" content=\"Danique\" \/>\n\t<meta name=\"twitter:label2\" content=\"Ber\u00e4knad l\u00e4stid\" \/>\n\t<meta name=\"twitter:data2\" content=\"3 minuter\" \/>\n<script type=\"application\/ld+json\" class=\"yoast-schema-graph\">{\"@context\":\"https:\\\/\\\/schema.org\",\"@graph\":[{\"@type\":\"Article\",\"@id\":\"https:\\\/\\\/www.citycharge.eu\\\/sv\\\/oostnl-investering-for-smarta-laddpunkter-i-lyktstolpar\\\/#article\",\"isPartOf\":{\"@id\":\"https:\\\/\\\/www.citycharge.eu\\\/sv\\\/oostnl-investering-for-smarta-laddpunkter-i-lyktstolpar\\\/\"},\"author\":{\"name\":\"Danique\",\"@id\":\"https:\\\/\\\/www.citycharge.eu\\\/sv\\\/#\\\/schema\\\/person\\\/139ed150cae75a3610198856265ef602\"},\"headline\":\"OostNL: Investering f\u00f6r smarta laddpunkter i lyktstolpar\",\"datePublished\":\"2024-12-19T11:31:03+00:00\",\"mainEntityOfPage\":{\"@id\":\"https:\\\/\\\/www.citycharge.eu\\\/sv\\\/oostnl-investering-for-smarta-laddpunkter-i-lyktstolpar\\\/\"},\"wordCount\":619,\"commentCount\":0,\"publisher\":{\"@id\":\"https:\\\/\\\/www.citycharge.eu\\\/sv\\\/#organization\"},\"image\":{\"@id\":\"https:\\\/\\\/www.citycharge.eu\\\/sv\\\/oostnl-investering-for-smarta-laddpunkter-i-lyktstolpar\\\/#primaryimage\"},\"thumbnailUrl\":\"https:\\\/\\\/www.citycharge.eu\\\/wp-content\\\/uploads\\\/2024\\\/12\\\/Investering-voor-slimme-laadpunten.jpg\",\"articleSection\":[\"Nyheter\"],\"inLanguage\":\"sv-SE\",\"potentialAction\":[{\"@type\":\"CommentAction\",\"name\":\"Comment\",\"target\":[\"https:\\\/\\\/www.citycharge.eu\\\/sv\\\/oostnl-investering-for-smarta-laddpunkter-i-lyktstolpar\\\/#respond\"]}]},{\"@type\":\"WebPage\",\"@id\":\"https:\\\/\\\/www.citycharge.eu\\\/sv\\\/oostnl-investering-for-smarta-laddpunkter-i-lyktstolpar\\\/\",\"url\":\"https:\\\/\\\/www.citycharge.eu\\\/sv\\\/oostnl-investering-for-smarta-laddpunkter-i-lyktstolpar\\\/\",\"name\":\"Investering i smarta laddpunkter - CityCharge\",\"isPartOf\":{\"@id\":\"https:\\\/\\\/www.citycharge.eu\\\/sv\\\/#website\"},\"primaryImageOfPage\":{\"@id\":\"https:\\\/\\\/www.citycharge.eu\\\/sv\\\/oostnl-investering-for-smarta-laddpunkter-i-lyktstolpar\\\/#primaryimage\"},\"image\":{\"@id\":\"https:\\\/\\\/www.citycharge.eu\\\/sv\\\/oostnl-investering-for-smarta-laddpunkter-i-lyktstolpar\\\/#primaryimage\"},\"thumbnailUrl\":\"https:\\\/\\\/www.citycharge.eu\\\/wp-content\\\/uploads\\\/2024\\\/12\\\/Investering-voor-slimme-laadpunten.jpg\",\"datePublished\":\"2024-12-19T11:31:03+00:00\",\"description\":\"En satsning p\u00e5 smarta laddpunkter f\u00f6r elbilar som \u00e4r helt integrerade i lyktstolpar. CityCharge har l\u00f6sningen.\",\"breadcrumb\":{\"@id\":\"https:\\\/\\\/www.citycharge.eu\\\/sv\\\/oostnl-investering-for-smarta-laddpunkter-i-lyktstolpar\\\/#breadcrumb\"},\"inLanguage\":\"sv-SE\",\"potentialAction\":[{\"@type\":\"ReadAction\",\"target\":[\"https:\\\/\\\/www.citycharge.eu\\\/sv\\\/oostnl-investering-for-smarta-laddpunkter-i-lyktstolpar\\\/\"]}]},{\"@type\":\"ImageObject\",\"inLanguage\":\"sv-SE\",\"@id\":\"https:\\\/\\\/www.citycharge.eu\\\/sv\\\/oostnl-investering-for-smarta-laddpunkter-i-lyktstolpar\\\/#primaryimage\",\"url\":\"https:\\\/\\\/www.citycharge.eu\\\/wp-content\\\/uploads\\\/2024\\\/12\\\/Investering-voor-slimme-laadpunten.jpg\",\"contentUrl\":\"https:\\\/\\\/www.citycharge.eu\\\/wp-content\\\/uploads\\\/2024\\\/12\\\/Investering-voor-slimme-laadpunten.jpg\",\"width\":2240,\"height\":1260},{\"@type\":\"BreadcrumbList\",\"@id\":\"https:\\\/\\\/www.citycharge.eu\\\/sv\\\/oostnl-investering-for-smarta-laddpunkter-i-lyktstolpar\\\/#breadcrumb\",\"itemListElement\":[{\"@type\":\"ListItem\",\"position\":1,\"name\":\"Home\",\"item\":\"https:\\\/\\\/www.citycharge.eu\\\/sv\\\/\"},{\"@type\":\"ListItem\",\"position\":2,\"name\":\"OostNL: Investering f\u00f6r smarta laddpunkter i lyktstolpar\"}]},{\"@type\":\"WebSite\",\"@id\":\"https:\\\/\\\/www.citycharge.eu\\\/sv\\\/#website\",\"url\":\"https:\\\/\\\/www.citycharge.eu\\\/sv\\\/\",\"name\":\"CityCharge\",\"description\":\"Nieuw licht op laden\",\"publisher\":{\"@id\":\"https:\\\/\\\/www.citycharge.eu\\\/sv\\\/#organization\"},\"potentialAction\":[{\"@type\":\"SearchAction\",\"target\":{\"@type\":\"EntryPoint\",\"urlTemplate\":\"https:\\\/\\\/www.citycharge.eu\\\/sv\\\/?s={search_term_string}\"},\"query-input\":{\"@type\":\"PropertyValueSpecification\",\"valueRequired\":true,\"valueName\":\"search_term_string\"}}],\"inLanguage\":\"sv-SE\"},{\"@type\":\"Organization\",\"@id\":\"https:\\\/\\\/www.citycharge.eu\\\/sv\\\/#organization\",\"name\":\"CityCharge\",\"url\":\"https:\\\/\\\/www.citycharge.eu\\\/sv\\\/\",\"logo\":{\"@type\":\"ImageObject\",\"inLanguage\":\"sv-SE\",\"@id\":\"https:\\\/\\\/www.citycharge.eu\\\/sv\\\/#\\\/schema\\\/logo\\\/image\\\/\",\"url\":\"https:\\\/\\\/www.citycharge.eu\\\/wp-content\\\/uploads\\\/2024\\\/07\\\/Citycharge_payofff_white.svg\",\"contentUrl\":\"https:\\\/\\\/www.citycharge.eu\\\/wp-content\\\/uploads\\\/2024\\\/07\\\/Citycharge_payofff_white.svg\",\"width\":1920,\"height\":530,\"caption\":\"CityCharge\"},\"image\":{\"@id\":\"https:\\\/\\\/www.citycharge.eu\\\/sv\\\/#\\\/schema\\\/logo\\\/image\\\/\"}},{\"@type\":\"Person\",\"@id\":\"https:\\\/\\\/www.citycharge.eu\\\/sv\\\/#\\\/schema\\\/person\\\/139ed150cae75a3610198856265ef602\",\"name\":\"Danique\",\"image\":{\"@type\":\"ImageObject\",\"inLanguage\":\"sv-SE\",\"@id\":\"https:\\\/\\\/secure.gravatar.com\\\/avatar\\\/2f3292a2b91653394d5be1d0518dec168aeade35a36c003959a83a0e10a262fb?s=96&d=mm&r=g\",\"url\":\"https:\\\/\\\/secure.gravatar.com\\\/avatar\\\/2f3292a2b91653394d5be1d0518dec168aeade35a36c003959a83a0e10a262fb?s=96&d=mm&r=g\",\"contentUrl\":\"https:\\\/\\\/secure.gravatar.com\\\/avatar\\\/2f3292a2b91653394d5be1d0518dec168aeade35a36c003959a83a0e10a262fb?s=96&d=mm&r=g\",\"caption\":\"Danique\"},\"url\":\"https:\\\/\\\/www.citycharge.eu\\\/sv\\\/author\\\/danique\\\/\"}]}<\/script>\n<!-- \/ Yoast SEO plugin. -->","yoast_head_json":{"title":"Investering i smarta laddpunkter - CityCharge","description":"En satsning p\u00e5 smarta laddpunkter f\u00f6r elbilar som \u00e4r helt integrerade i lyktstolpar. CityCharge har l\u00f6sningen.","robots":{"index":"index","follow":"follow","max-snippet":"max-snippet:-1","max-image-preview":"max-image-preview:large","max-video-preview":"max-video-preview:-1"},"canonical":"https:\/\/www.citycharge.eu\/sv\/oostnl-investering-for-smarta-laddpunkter-i-lyktstolpar\/","og_locale":"sv_SE","og_type":"article","og_title":"Investering i smarta laddpunkter - CityCharge","og_description":"En satsning p\u00e5 smarta laddpunkter f\u00f6r elbilar som \u00e4r helt integrerade i lyktstolpar. CityCharge har l\u00f6sningen.","og_url":"https:\/\/www.citycharge.eu\/sv\/oostnl-investering-for-smarta-laddpunkter-i-lyktstolpar\/","og_site_name":"CityCharge","article_published_time":"2024-12-19T11:31:03+00:00","og_image":[{"width":2240,"height":1260,"url":"https:\/\/www.citycharge.eu\/wp-content\/uploads\/2024\/12\/Investering-voor-slimme-laadpunten.jpg","type":"image\/jpeg"}],"author":"Danique","twitter_card":"summary_large_image","twitter_misc":{"Skriven av":"Danique","Ber\u00e4knad l\u00e4stid":"3 minuter"},"schema":{"@context":"https:\/\/schema.org","@graph":[{"@type":"Article","@id":"https:\/\/www.citycharge.eu\/sv\/oostnl-investering-for-smarta-laddpunkter-i-lyktstolpar\/#article","isPartOf":{"@id":"https:\/\/www.citycharge.eu\/sv\/oostnl-investering-for-smarta-laddpunkter-i-lyktstolpar\/"},"author":{"name":"Danique","@id":"https:\/\/www.citycharge.eu\/sv\/#\/schema\/person\/139ed150cae75a3610198856265ef602"},"headline":"OostNL: Investering f\u00f6r smarta laddpunkter i lyktstolpar","datePublished":"2024-12-19T11:31:03+00:00","mainEntityOfPage":{"@id":"https:\/\/www.citycharge.eu\/sv\/oostnl-investering-for-smarta-laddpunkter-i-lyktstolpar\/"},"wordCount":619,"commentCount":0,"publisher":{"@id":"https:\/\/www.citycharge.eu\/sv\/#organization"},"image":{"@id":"https:\/\/www.citycharge.eu\/sv\/oostnl-investering-for-smarta-laddpunkter-i-lyktstolpar\/#primaryimage"},"thumbnailUrl":"https:\/\/www.citycharge.eu\/wp-content\/uploads\/2024\/12\/Investering-voor-slimme-laadpunten.jpg","articleSection":["Nyheter"],"inLanguage":"sv-SE","potentialAction":[{"@type":"CommentAction","name":"Comment","target":["https:\/\/www.citycharge.eu\/sv\/oostnl-investering-for-smarta-laddpunkter-i-lyktstolpar\/#respond"]}]},{"@type":"WebPage","@id":"https:\/\/www.citycharge.eu\/sv\/oostnl-investering-for-smarta-laddpunkter-i-lyktstolpar\/","url":"https:\/\/www.citycharge.eu\/sv\/oostnl-investering-for-smarta-laddpunkter-i-lyktstolpar\/","name":"Investering i smarta laddpunkter - CityCharge","isPartOf":{"@id":"https:\/\/www.citycharge.eu\/sv\/#website"},"primaryImageOfPage":{"@id":"https:\/\/www.citycharge.eu\/sv\/oostnl-investering-for-smarta-laddpunkter-i-lyktstolpar\/#primaryimage"},"image":{"@id":"https:\/\/www.citycharge.eu\/sv\/oostnl-investering-for-smarta-laddpunkter-i-lyktstolpar\/#primaryimage"},"thumbnailUrl":"https:\/\/www.citycharge.eu\/wp-content\/uploads\/2024\/12\/Investering-voor-slimme-laadpunten.jpg","datePublished":"2024-12-19T11:31:03+00:00","description":"En satsning p\u00e5 smarta laddpunkter f\u00f6r elbilar som \u00e4r helt integrerade i lyktstolpar. CityCharge har l\u00f6sningen.","breadcrumb":{"@id":"https:\/\/www.citycharge.eu\/sv\/oostnl-investering-for-smarta-laddpunkter-i-lyktstolpar\/#breadcrumb"},"inLanguage":"sv-SE","potentialAction":[{"@type":"ReadAction","target":["https:\/\/www.citycharge.eu\/sv\/oostnl-investering-for-smarta-laddpunkter-i-lyktstolpar\/"]}]},{"@type":"ImageObject","inLanguage":"sv-SE","@id":"https:\/\/www.citycharge.eu\/sv\/oostnl-investering-for-smarta-laddpunkter-i-lyktstolpar\/#primaryimage","url":"https:\/\/www.citycharge.eu\/wp-content\/uploads\/2024\/12\/Investering-voor-slimme-laadpunten.jpg","contentUrl":"https:\/\/www.citycharge.eu\/wp-content\/uploads\/2024\/12\/Investering-voor-slimme-laadpunten.jpg","width":2240,"height":1260},{"@type":"BreadcrumbList","@id":"https:\/\/www.citycharge.eu\/sv\/oostnl-investering-for-smarta-laddpunkter-i-lyktstolpar\/#breadcrumb","itemListElement":[{"@type":"ListItem","position":1,"name":"Home","item":"https:\/\/www.citycharge.eu\/sv\/"},{"@type":"ListItem","position":2,"name":"OostNL: Investering f\u00f6r smarta laddpunkter i lyktstolpar"}]},{"@type":"WebSite","@id":"https:\/\/www.citycharge.eu\/sv\/#website","url":"https:\/\/www.citycharge.eu\/sv\/","name":"CityCharge","description":"Nieuw licht op laden","publisher":{"@id":"https:\/\/www.citycharge.eu\/sv\/#organization"},"potentialAction":[{"@type":"SearchAction","target":{"@type":"EntryPoint","urlTemplate":"https:\/\/www.citycharge.eu\/sv\/?s={search_term_string}"},"query-input":{"@type":"PropertyValueSpecification","valueRequired":true,"valueName":"search_term_string"}}],"inLanguage":"sv-SE"},{"@type":"Organization","@id":"https:\/\/www.citycharge.eu\/sv\/#organization","name":"CityCharge","url":"https:\/\/www.citycharge.eu\/sv\/","logo":{"@type":"ImageObject","inLanguage":"sv-SE","@id":"https:\/\/www.citycharge.eu\/sv\/#\/schema\/logo\/image\/","url":"https:\/\/www.citycharge.eu\/wp-content\/uploads\/2024\/07\/Citycharge_payofff_white.svg","contentUrl":"https:\/\/www.citycharge.eu\/wp-content\/uploads\/2024\/07\/Citycharge_payofff_white.svg","width":1920,"height":530,"caption":"CityCharge"},"image":{"@id":"https:\/\/www.citycharge.eu\/sv\/#\/schema\/logo\/image\/"}},{"@type":"Person","@id":"https:\/\/www.citycharge.eu\/sv\/#\/schema\/person\/139ed150cae75a3610198856265ef602","name":"Danique","image":{"@type":"ImageObject","inLanguage":"sv-SE","@id":"https:\/\/secure.gravatar.com\/avatar\/2f3292a2b91653394d5be1d0518dec168aeade35a36c003959a83a0e10a262fb?s=96&d=mm&r=g","url":"https:\/\/secure.gravatar.com\/avatar\/2f3292a2b91653394d5be1d0518dec168aeade35a36c003959a83a0e10a262fb?s=96&d=mm&r=g","contentUrl":"https:\/\/secure.gravatar.com\/avatar\/2f3292a2b91653394d5be1d0518dec168aeade35a36c003959a83a0e10a262fb?s=96&d=mm&r=g","caption":"Danique"},"url":"https:\/\/www.citycharge.eu\/sv\/author\/danique\/"}]}},"_links":{"self":[{"href":"https:\/\/www.citycharge.eu\/sv\/wp-json\/wp\/v2\/posts\/9734","targetHints":{"allow":["GET"]}}],"collection":[{"href":"https:\/\/www.citycharge.eu\/sv\/wp-json\/wp\/v2\/posts"}],"about":[{"href":"https:\/\/www.citycharge.eu\/sv\/wp-json\/wp\/v2\/types\/post"}],"author":[{"embeddable":true,"href":"https:\/\/www.citycharge.eu\/sv\/wp-json\/wp\/v2\/users\/2"}],"replies":[{"embeddable":true,"href":"https:\/\/www.citycharge.eu\/sv\/wp-json\/wp\/v2\/comments?post=9734"}],"version-history":[{"count":0,"href":"https:\/\/www.citycharge.eu\/sv\/wp-json\/wp\/v2\/posts\/9734\/revisions"}],"wp:featuredmedia":[{"embeddable":true,"href":"https:\/\/www.citycharge.eu\/sv\/wp-json\/wp\/v2\/media\/9143"}],"wp:attachment":[{"href":"https:\/\/www.citycharge.eu\/sv\/wp-json\/wp\/v2\/media?parent=9734"}],"wp:term":[{"taxonomy":"category","embeddable":true,"href":"https:\/\/www.citycharge.eu\/sv\/wp-json\/wp\/v2\/categories?post=9734"},{"taxonomy":"post_tag","embeddable":true,"href":"https:\/\/www.citycharge.eu\/sv\/wp-json\/wp\/v2\/tags?post=9734"}],"curies":[{"name":"wp","href":"https:\/\/api.w.org\/{rel}","templated":true}]}}